{"id":17109,"date":"2021-09-24T15:28:00","date_gmt":"2021-09-24T15:28:00","guid":{"rendered":"http:\/\/www.ecoitaliano.com.ar\/?p=17109"},"modified":"2021-09-24T15:28:00","modified_gmt":"2021-09-24T15:28:00","slug":"la-mariozzi-cup-con-la-nazionale-dei-giornalisti-rai","status":"publish","type":"post","link":"https:\/\/www.ecoitaliano.com.ar\/?p=17109","title":{"rendered":"LA \u00abMARIOZZI CUP\u00bb CON LA NAZIONALE DEI GIORNALISTI RAI"},"content":{"rendered":"<p><a href=\"http:\/\/www.ecoitaliano.com.ar\/wp-content\/uploads\/2021\/09\/MEMORIAL-MM7-GIALLO_Layout-1.jpg\"><img decoding=\"async\" class=\"alignnone size-full wp-image-17110\" src=\"http:\/\/www.ecoitaliano.com.ar\/wp-content\/uploads\/2021\/09\/MEMORIAL-MM7-GIALLO_Layout-1.jpg\" alt=\"\" width=\"2338\" height=\"3256\" srcset=\"https:\/\/www.ecoitaliano.com.ar\/wp-content\/uploads\/2021\/09\/MEMORIAL-MM7-GIALLO_Layout-1.jpg 2338w, https:\/\/www.ecoitaliano.com.ar\/wp-content\/uploads\/2021\/09\/MEMORIAL-MM7-GIALLO_Layout-1-215x300.jpg 215w, https:\/\/www.ecoitaliano.com.ar\/wp-content\/uploads\/2021\/09\/MEMORIAL-MM7-GIALLO_Layout-1-768x1070.jpg 768w, https:\/\/www.ecoitaliano.com.ar\/wp-content\/uploads\/2021\/09\/MEMORIAL-MM7-GIALLO_Layout-1-735x1024.jpg 735w, https:\/\/www.ecoitaliano.com.ar\/wp-content\/uploads\/2021\/09\/MEMORIAL-MM7-GIALLO_Layout-1-108x150.jpg 108w\" sizes=\"(max-width: 2338px) 100vw, 2338px\" \/><\/a><\/p>\n<div id='gallery-1' class='gallery galleryid-17109 gallery-columns-3 gallery-size-thumbnail'><figure class='gallery-item'>\n\t\t\t<div class='gallery-icon landscape'>\n\t\t\t\t<a href='https:\/\/www.ecoitaliano.com.ar\/?attachment_id=17111'><img decoding=\"async\" width=\"150\" height=\"150\" src=\"https:\/\/www.ecoitaliano.com.ar\/wp-content\/uploads\/2021\/09\/Una-veduta-del-campo-150x150.jpg\" class=\"attachment-thumbnail size-thumbnail\" alt=\"\" \/><\/a>\n\t\t\t<\/div><\/figure><figure class='gallery-item'>\n\t\t\t<div class='gallery-icon portrait'>\n\t\t\t\t<a href='https:\/\/www.ecoitaliano.com.ar\/?attachment_id=17112'><img decoding=\"async\" width=\"150\" height=\"150\" src=\"https:\/\/www.ecoitaliano.com.ar\/wp-content\/uploads\/2021\/09\/PALLONE-MM7-150x150.jpg\" class=\"attachment-thumbnail size-thumbnail\" alt=\"\" aria-describedby=\"gallery-1-17112\" \/><\/a>\n\t\t\t<\/div>\n\t\t\t\t<figcaption class='wp-caption-text gallery-caption' id='gallery-1-17112'>\n\t\t\t\tExif_JPEG_420\n\t\t\t\t<\/figcaption><\/figure><figure class='gallery-item'>\n\t\t\t<div class='gallery-icon portrait'>\n\t\t\t\t<a href='https:\/\/www.ecoitaliano.com.ar\/?attachment_id=17113'><img decoding=\"async\" width=\"150\" height=\"150\" src=\"https:\/\/www.ecoitaliano.com.ar\/wp-content\/uploads\/2021\/09\/Mario-Mariozzi-a-destra-ripreso-a-Milanello-150x150.jpg\" class=\"attachment-thumbnail size-thumbnail\" alt=\"\" \/><\/a>\n\t\t\t<\/div><\/figure>\n\t\t<\/div>\n\n<p>&nbsp;<\/p>\n<p align=\"justify\">\n<p align=\"justify\"><span style=\"font-family: Georgia, serif;\"><span style=\"font-size: medium;\">Domani il Memorial in omaggio alla grande ala destra, tecnico e ds di diverse squadre laziali<\/span><\/span><\/p>\n<p align=\"justify\"><span style=\"font-family: Georgia, serif;\"><span style=\"font-size: medium;\"><b>LA \u00abMARIOZZI CUP\u00bb CON LA NAZIONALE DEI GIORNALISTI RAI<\/b><\/span><\/span><\/p>\n<p align=\"justify\"><span style=\"font-family: Georgia, serif;\"><span style=\"font-size: medium;\">La manifestazione si svolger\u00e0 al Comunale di Jenne, nel cuore del Parco dei Simbruini. Match in programma alle ore 15. Ad affrontare la squadra della Televisione di Stato sar\u00e0 la formazione Amatori calcio Valle Aniene. Diriger\u00e0 l\u2019arbitro Neglia<\/span><\/span><\/p>\n<p align=\"justify\"><span style=\"font-family: Georgia, serif;\"><span style=\"font-size: medium;\">******<\/span><\/span><\/p>\n<p align=\"justify\"><a name=\"_GoBack\"><\/a> <span style=\"font-family: Georgia, serif;\"><span style=\"font-size: medium;\">Sar\u00e0 l\u2019arbitro Marco Neglia a dirigere la gara tra la Nazionale dei Giornalisti Rai e la formazione Amatori Calcio Valle Aniene valida per la terza edizione della \u00abMario Mariozzi Cup\u00bb, Memorial dedicato alla prestigiosa ala destra, poi tecnico e direttore sportivo di diverse squadre laziali. Gli assistenti saranno Vincenzo Ruocco e Nicholas Stampatore. La terna \u00e8 stata ufficializzata dal designatore dell\u2019Asi, l\u2019ente nazionale di promozione sportiva. L\u2019incontro si svolger\u00e0 domani, alle ore 15, al Comunale in erba naturale di Jenne (paese al confine tra le province di Roma e Frosinone) che gi\u00e0 lo scorso anno ospit\u00f2 la Mario Mariozzi Cup. La Nazionale dei Giornalisti Rai sar\u00e0 presente &#8211; per la prima volta nell\u2019alta Valle Aniene e nella provincia di Frosinone &#8211; per ricordare Mario Mariozzi, calciatore di grande talento, tecnico e direttore sportivo tra i pi\u00f9 apprezzati nel calcio laziale. La compagine della Televisione di Stato, presieduta da Americo Mancini (capo della Redazione economica del Gr1), si presenter\u00e0 con la migliore formazione possibile in questo periodo ed \u00e8 intenzionata a fare bene per conquistare il prestigioso trofeo. La precedente edizione della \u00abMario Mariozzi Cup\u00bb \u00e8 andata alla squadra Nia Roma che, con merito, si \u00e8 aggiudicata la competizione prevalendo in un torneo a otto squadre. A Jenne sar\u00e0 presente il sindaco del comune montano, Giorgio Pacchiarotti, e sono attesi altri amministratori comunali del comprensorio. L\u2019appuntamento di domani segue la seconda edizione del Premio nazionale di calcio \u00abMM7\u00bb che quest\u2019anno \u2013 prima ad Affile, poi al Castello di Trevi nel Lazio \u2013 ha visto la presenza di ospiti illustri e nomi importanti del calcio italiano.<\/span><\/span><\/p>\n<p align=\"justify\">\n<p align=\"justify\">\n<p>&nbsp;<\/p>\n","protected":false},"excerpt":{"rendered":"<p>&nbsp; Domani il Memorial in omaggio alla grande ala destra, tecnico e ds di diverse squadre laziali LA \u00abMARIOZZI CUP\u00bb [&hellip;]<\/p>\n","protected":false},"author":1,"featured_media":0,"comment_status":"open","ping_status":"open","sticky":false,"template":"","format":"standard","meta":{"footnotes":""},"categories":[3,10],"tags":[],"class_list":["post-17109","post","type-post","status-publish","format-standard","hentry","category-deportes","category-italiano"],"_links":{"self":[{"href":"https:\/\/www.ecoitaliano.com.ar\/index.php?rest_route=\/wp\/v2\/posts\/17109","targetHints":{"allow":["GET"]}}],"collection":[{"href":"https:\/\/www.ecoitaliano.com.ar\/index.php?rest_route=\/wp\/v2\/posts"}],"about":[{"href":"https:\/\/www.ecoitaliano.com.ar\/index.php?rest_route=\/wp\/v2\/types\/post"}],"author":[{"embeddable":true,"href":"https:\/\/www.ecoitaliano.com.ar\/index.php?rest_route=\/wp\/v2\/users\/1"}],"replies":[{"embeddable":true,"href":"https:\/\/www.ecoitaliano.com.ar\/index.php?rest_route=%2Fwp%2Fv2%2Fcomments&post=17109"}],"version-history":[{"count":0,"href":"https:\/\/www.ecoitaliano.com.ar\/index.php?rest_route=\/wp\/v2\/posts\/17109\/revisions"}],"wp:attachment":[{"href":"https:\/\/www.ecoitaliano.com.ar\/index.php?rest_route=%2Fwp%2Fv2%2Fmedia&parent=17109"}],"wp:term":[{"taxonomy":"category","embeddable":true,"href":"https:\/\/www.ecoitaliano.com.ar\/index.php?rest_route=%2Fwp%2Fv2%2Fcategories&post=17109"},{"taxonomy":"post_tag","embeddable":true,"href":"https:\/\/www.ecoitaliano.com.ar\/index.php?rest_route=%2Fwp%2Fv2%2Ftags&post=17109"}],"curies":[{"name":"wp","href":"https:\/\/api.w.org\/{rel}","templated":true}]}}