{"id":17130,"date":"2021-09-27T02:31:25","date_gmt":"2021-09-27T02:31:25","guid":{"rendered":"http:\/\/www.ecoitaliano.com.ar\/?p=17130"},"modified":"2021-09-27T02:31:25","modified_gmt":"2021-09-27T02:31:25","slug":"serena-conduce-operaclassica-eco-italiano-987","status":"publish","type":"post","link":"https:\/\/www.ecoitaliano.com.ar\/?p=17130","title":{"rendered":"Serena conduce operaclassica eco italiano."},"content":{"rendered":"<p>AL XXI FESTIVAL VERDI<br \/>\nGLI INCONTRI DI \u201cPAGINE D\u2019OPERA\u201d<br \/>\nCON FABIO LAROVERE, ANDREA FARINI,<br \/>\nROBERTA PEDROTTI, MAURO BALESTRAZZI, IN CONVERSAZIONE CON GIUSEPPE MARTINI<br \/>\nQuattro incontri attorno alla musica, all\u2019opera e ai suoi protagonisti<br \/>\nrealizzati in collaborazione con Scintille Book Club<br \/>\nscandiscono la programmazione XXI edizione del Festival Verdi.<br \/>\nTeatro Regio di Parma, Gran Caff\u00e8 del Teatro,<br \/>\ngioved\u00ec 30 settembre 2021 ore 17.00, Alberto Mattioli<br \/>\nvenerd\u00ec 8 ottobre 2021, ore 17.00, Fabio Larovere, Andrea Farini<br \/>\nmarted\u00ec 12 ottobre 2021, ore 17.00, Roberta Pedrotti<br \/>\ngioved\u00ec 14 ottobre 2021, ore 17.00, Mauro Balestrazzi<br \/>\nIngresso libero con prenotazione.<\/p>\n<p>Protagonista, l\u2019opera lirica in tutte le sue sfaccettature, con i suoi miti, le contraddizioni, le curiosit\u00e0 e i suoi aspetti pi\u00f9 e meno conosciuti, con uno sguardo sulle sue prospettive attuali e il suo attuale rapporto con la contemporaneit\u00e0.<\/p>\n<p>Quattro incontri di Pagine d\u2019opera scandiscono la programmazione del XXI Festival Verdi, per raccontare il mondo della lirica al pubblico degli appassionati, e non solo, attraverso le parole e le pagine di giornalisti e critici musicali, in conversazione con Giuseppe Martini al Gran caff\u00e8 del Teatro Regio di Parma alle ore 17.00 di gioved\u00ec 30 settembre, venerd\u00ec 8 ottobre, marted\u00ec 12 ottobre, gioved\u00ec 14 ottobre.<\/p>\n<p>Gioved\u00ec 30 settembre l\u2019incontro con Alberto Mattioli sulle pagine di Va\u2019 Pensiero e Pazzo per l\u2019opera ci spiegher\u00e0, con leggerezza e ironia, i motivi di quella che per l\u2019autore \u00e8 una passione sconfinata, e del perch\u00e9 l\u2019opera pu\u00f2 continuare ad appassionarci e coinvolgerci ancora oggi.<\/p>\n<p>Si passa alla scoperta di Verdi e Wagner venerd\u00ec 8 ottobre con Fabio Larovere e Andrea Faini, autori di V e W. Perch\u00e9 non possiamo fare a meno di Giuseppe Verdi e Richard Wagner (2021), che propone al lettore, con profondit\u00e0 e leggerezza, l\u2019occasione per conoscere pi\u00f9 da vicino i due giganti del melodramma ottocentesco.<\/p>\n<p>Gioved\u00ec 14 ottobre Roberta Pedrotti ci porta alla scoperta della storia dell\u2019opera e delle sue prospettive attuali con Storia dell\u2019opera lirica. Un immenso orizzonte. Dalle origini ai giorni nostri, indagando le relazioni dell\u2019opera con la politica, la societ\u00e0, l\u2019arte e la tecnologia.<\/p>\n<p>Infine, la conversazione con Mauro Balestrazzi sulle pagine di La tourn\u00e9e del secolo (2020) si concentrer\u00e0 sulla figura di Arturo Toscanini e sulle vicende che hanno portato all\u2019ascesa del Teatro alla Scala e alla nascita della sua Orchestra.<\/p>\n<p>AVVISI AL PUBBLICO<\/p>\n<p>L\u2019accesso in teatro \u00e8 consentito esclusivamente agli spettatori muniti di Green pass, fatti salvi i soggetti di et\u00e0 inferiore ai 12 anni e quelli esenti sulla base di idonea certificazione medica che il personale di sala ha l\u2019obbligo di verificare.<br \/>\nIl pubblico \u00e8 invitato a igienizzare le mani ai distributori presenti in teatro e a indossare correttamente la mascherina per tutta la durata dell\u2019evento.<\/p>\n<p>In ottemperanza alle vigenti normative sulla sicurezza, ciascun biglietto emesso \u00e8 nominativo (non \u00e8 consentita l\u2019intestazione di pi\u00f9 biglietti alla stessa persona) e pu\u00f2 essere ceduto solo comunicando alla Biglietteria la variazione. Al momento dell\u2019acquisto lo spettatore dovr\u00e0 fornire un proprio recapito (telefono o e-mail). Tali dati saranno conservati sino ai 14 giorni successivi lo spettacolo. All\u2019ingresso in teatro, il personale di sala ha l\u2019obbligo di verificare, unitamente alla temperatura corporea, la corrispondenza dello spettatore con l\u2019intestazione del biglietto.<\/p>\n<p>L\u2019ingresso in Teatro avviene secondo le seguenti modalit\u00e0:<br \/>\n&#8211; palchi (ingresso principale) e galleria (ingresso P.le Barezzi) da un\u2019ora prima a 35 minuti prima dell\u2019inizio dello spettacolo<br \/>\n&#8211; platea da 30 a 5 minuti prima dell\u2019inizio dello spettacolo<\/p>\n<p>I palchi possono accogliere pi\u00f9 di due persone, assicurando il distanziamento di un metro come da normative governative. I posti nei palchi sono differenziati per prezzo in relazione alla visibilit\u00e0 che, nei posti di secondo prezzo, non \u00e8 pienamente garantita. Il pubblico \u00e8 invitato a consultare il sito www.festivalverdi.it alla sezione Biglietteria ove saranno tempestivamente riportati eventuali aggiornamenti circa le modalit\u00e0 di accesso al Teatro.<\/p>\n<p>PARTNER E SPONSOR<\/p>\n<p>La Stagione del Teatro Regio di Parma e il Festival Verdi 2021 sono realizzati grazie al contributo di Comune di Parma, Parma Capitale Italiana della Cultura 2021, Ministero della Cultura, Reggio Parma Festival, Regione Emilia-Romagna. Major partner Fondazione Cariparma. Main partners Chiesi, Cr\u00e9dit Agricole. Media partner Mediaset. Main sponsor Iren, Barilla, Parmacotto. Sponsor Opem, Dallara, Unione Parmense degli Industriali. Sostenitori Ares, Dulevo, Mutti, Sicim, Agugiaro&amp;Figna, La Giovane, Parmalat, Grasselli, Glove ICT, Poliambulatori Dalla Rosa Prati, GHC Garofalo Health Care, Sarce, CePIM, Oinoe, Colser Aurora Domus. Legal counselling Villa&amp;Partners. Con il supporto di \u201cParma, io ci sto!\u201d. Advisor AGFM. Hospitality Partner Novotel. Con il contributo di Istituto Nazionale di Studi Verdiani, Opera Europa, Fondazione Monte Parma, Camera di Commercio di Parma, Ascom e Ascom Confcommercio Parma Fondazione. La Stagione Concertistica e AroundVerdi sono realizzati da Societ\u00e0 dei Concerti di Parma, con il sostegno di Chiesi, in collaborazione con Casa della Musica. ParmaDanza \u00e8 realizzata in collaborazione con ATER Associazione Teatrale dell\u2019Emilia-Romagna e Arci Caos. Il Concorso Voci Verdiane \u00e8 realizzato in collaborazione con Comune di Busseto, Concorso Internazionale Voci Verdiane Citt\u00e0 di Busseto, Verdi l\u2019Italiano. Partner istituzionali La Toscanini, Teatro Comunale di Bologna. Partner artistici Coro del Teatro Regio di Parma, Societ\u00e0 dei Concerti di Parma, Conservatorio \u201cArrigo Boito\u201d di Parma, Barezzi Festival. Tour operator partner Parma Incoming. Radio Ufficiale Radio Monte Carlo. Sostenitori tecnici Graphital, Codarini Tuega, Cavalca, IgpDecaux, MacroCoop, Milosped, Andromeda\u2019s, De Simoni, Azzali editori, Doyle. Digital counselling Unsocials. La promozione internazionale del Festival Verdi 2021 \u00e8 realizzata dal Teatro Regio di Parma in collaborazione con Italia \u2013 Italian national tourist board, Istituti italiani di cultura, Destinazione Emilia, Assessorato alla Cultura della Regione Emilia-Romagna, Emilia-Romagna APT Servizi, Assessorato al Turismo e Commercio del Comune di Parma. L\u2019immagine esclusiva del Festival \u00e8 il ritratto di Giuseppe Verdi realizzato a matita da Renato Guttuso negli anni \u201960, donato al Teatro Regio di Parma dall\u2019Archivio storico Bocchi e concesso da Fabio Carapezza Guttuso \u00a9Renato Guttuso by SIAE 2021.<\/p>\n<p>BIGLIETTERIA DEL TEATRO REGIO DI PARMA<\/p>\n<p>Strada Giuseppe Garibaldi, 16\/A 43121 Parma Tel. +39 0521 203999 biglietteria@teatroregioparma.it<br \/>\nORARI DI APERTURA dal marted\u00ec al sabato ore 11.00-13.00 e 17.00-19.00.<br \/>\nIl pagamento presso la Biglietteria del Teatro Regio di Parma pu\u00f2 essere effettuato con denaro contante in Euro, con assegno circolare non trasferibile intestato a Fondazione Teatro Regio di Parma, con PagoBancomat, con carte di credito Visa, Cartasi, Diners, Mastercard, American Express. \u00c8 inoltre possibile utilizzare i voucher di rimborso ricevuti a fronte degli spettacoli annullati per l\u2019emergenza sanitaria.<br \/>\nI biglietti sono disponibili anche su festivalverdi.it. L\u2019acquisto online non comporta alcuna commissione di servizio.<\/p>\n<p>PAGINE D\u2019OPERA<br \/>\nConversazioni attorno alla musica, all&#8217;opera e ai suoi protagonisti.<\/p>\n<p>Gran Caff\u00e8 del Teatro, ingresso libero<br \/>\nModera GIUSEPPE MARTINI<br \/>\ngioved\u00ec 30 settembre 2021, ore 17.00<\/p>\n<p>Incontro con Alberto Mattioli<br \/>\nVa\u2019, pensiero e Pazzo per l\u2019opera<br \/>\nvenerd\u00ec 8 ottobre 2021, ore 17.00<\/p>\n<p>Incontro con Fabio Larovere, Andrea Faini<br \/>\nV e W. Perch\u00e9 non possiamo fare a meno di Giuseppe Verdi e Richard Wagner<br \/>\nmarted\u00ec 12 ottobre 2021, ore 17.00<\/p>\n<p>Incontro con Roberta Pedrotti<br \/>\nStoria dell\u2019Opera Lirica<br \/>\ngioved\u00ec 14 ottobre 2021, ore 17.00<\/p>\n<p>Incontro con Mauro Balestrazzi<br \/>\nRiflessioni sulle pagine de La tourn\u00e9e del secolo<br \/>\nIn collaborazione con Scintille Book Club<\/p>\n<p>Parma, 23 settembre 2021<\/p>\n<p>Paolo Maier<br \/>\nResponsabile Area Comunicazione, Ufficio Stampa, Progetti speciali<br \/>\nTeatro Regio di Parma strada Garibaldi, 16\/A, 43121 Parma &#8211; Italia<br \/>\nTel. +39 0521 203969<br \/>\np.maier@teatroregioparma.it<br \/>\nstampa@teatroregioparma.it<br \/>\nwww.teatroregioparma.it<\/p>\n<p>FESTIVAL VERDI<br \/>\n\u201cSCINTILLE D\u2019OPERA\u201d<br \/>\nParma e Busseto, 24 settembre &#8211; 17 ottobre 2021<\/p>\n<p>XXI Edizione<\/p>\n<p>Teatro Regio di Parma<\/p>\n<p>24 settembre, 1, 8, 15 ottobre 2021<br \/>\nUN BALLO IN MASCHERA<br \/>\n(GUSTAVO III)<\/p>\n<p>9, 16 ottobre 2021<br \/>\nSIMON BOCCANEGRA<br \/>\nIn forma di concerto<\/p>\n<p>2 ottobre 2021<br \/>\nMESSA DA REQUIEM<\/p>\n<p>26 settembre 2021<br \/>\nCONCERTO<br \/>\nSINFONICO CORALE<\/p>\n<p>7 ottobre 2021<br \/>\nIN SALOTTO CON VERDI<\/p>\n<p>10 ottobre 2021<br \/>\nGALA VERDIANO<\/p>\n<p>12 ottobre 2021<br \/>\nFUOCO DI GIOIA<\/p>\n<p>27 settembre 2021<br \/>\nOPERA HORROR<br \/>\nPICTURE SHOW<\/p>\n<p>5 ottobre 2021<br \/>\nLETTERALMENTE<br \/>\nVERDI<\/p>\n<p>13 ottobre 2021<br \/>\nUN RAVE<br \/>\nIN MASCHERA<\/p>\n<p>Busseto, 19 settembre 2021<br \/>\nMontechiarugolo, 25 settembre 2021<br \/>\nParma, 26 settembre 2021<br \/>\nBaganzola, 3 ottobre 2021<br \/>\nCARAVAN VERDIANO<br \/>\nLa traviata<br \/>\nLo spirito di Violetta<\/p>\n<p>Scopri il programma completo su<\/p>\n<p>festivalverdi.it<\/p>\n<p>CALENDARIO FESTIVAL VERDI &#8211; VERDI OFF<\/p>\n<p>SETTEMBRE<\/p>\n<p>Sab 18 9.30 &#8211; 21.00 P.le Dalla Chiesa VERDI GRAFF CONTEST<br \/>\n13.00 Fornici del Teatro Regio CUC\u00d9 VERDIANO<br \/>\n17.00 Piazza Duomo LA CITT\u00c0 CHE DANZA<br \/>\n17.30 Centro storico IL DIAVOLO E IL CANTASTORIE<br \/>\n18.00 Via Olivieri, CONCERTO VERDIANO<br \/>\n18.00, 19.30, 21.00 Centro storico I-VERDI<br \/>\n18.00 Strada S. Margherita, 8 A RITMO DI SWING<br \/>\n18.00 Parco Testoni e centro storico VERDI BAND<br \/>\n18.00 Via Montanara TRA RACCONTI E MUSICA<br \/>\n18.00 Via Spadolini ZUPPA DI SASSO<br \/>\n18.00 Vicofertile, Via Zilioli SPIAZZA LA PIAZZA<br \/>\n18.00 Via Pozzuolo del Friuli RECITAL VERDIANO<\/p>\n<p>Dom 19 13.00 Fornici del Teatro Regio CUC\u00d9 VERDIANO<br \/>\n11.00, 16.00, 21.00 Teatro Regio e Centro storico I-VERDI<br \/>\n9.30 e 15.00 Zibello FAGOTTO SUL PO<br \/>\n10.30 Casa della Musica BICIALLOPERA<br \/>\n12.00 Piazzale della Pace BICIALLOPERA<br \/>\n15.30 Parco Ducale BICIALLOPERA<br \/>\n18.00 Piazzale Picelli BICIALLOPERA<br \/>\n13.00 Parco Ducale BIANCHI ROSSI E VERDI<br \/>\n15.00\u201318.30 Parco Ducale CON VERDI IN CARROZZA<br \/>\n15.30 Pergola della Corale Verdi IL PICCOLO VERDI<br \/>\n18.00 Busseto, Piazza Verdi CARAVAN VERDIANO<br \/>\n19.00 Fontevivo, Parco Abbazia RIGO-LETTO E NARRATO<br \/>\n21.00 Pergola della corale Verdi I GIOVANI PER VERDI<\/p>\n<p>Lun 20 13.00 Fornici del Teatro Regio CUC\u00d9 VERDIANO<br \/>\n18.00 Carignano, Str. Felino in Vigatto, 2 RECITAL IN GIARDINO<br \/>\n20.00 Teatro Regio QUEER NIGHT Un ballo in maschera Prova Antegenerale<\/p>\n<p>Mar 21 13.00 Fornici del Teatro Regio CUC\u00d9 VERDIANO<br \/>\n17.00 Teatro Regio PRIMA CHE SI ALZI IL SIPARIO Un ballo in maschera<br \/>\n18.00 Chiesa di San Tiburzio CONCERTO LIRICO<br \/>\n18.30 Casa Traviata RECITAL IN GIARDINO<\/p>\n<p>Mer 22 11.00 Casa della Musica CURIOSANDO TRA LE PAGINE<br \/>\n13.00 Fornici del Teatro Regio CUC\u00d9 VERDIANO<br \/>\n15.30 Teatro Regio PROVA GENERALE Un ballo in maschera<br \/>\n18.00 Via Traversetolo, 246 RECITAL IN GIARDINO<br \/>\n19.00 Piazza Chaplin NEXT FOR VERDI<\/p>\n<p>Gio 23 17.00 Teatro Regio LA PAROLA AL REGISTA Jacopo Spirei<\/p>\n<p>Ven 24 13.00 Fornici del Teatro Regio CUC\u00d9 VERDIANO<br \/>\n18.15 Cortile di Palazzo Soragna RECITAL VERDIANO<br \/>\n18.30 Via Massimo D\u2019Antona, 76 RECITAL IN GIARDINO<br \/>\n20.00 Teatro Regio UN BALLO IN MASCHERA (GUSTAVO III)<br \/>\n20.00 Piazzale Picelli O MIA PARMA, S\u00cc BELLA E PERDUTA<br \/>\n21.00 P.le Caduti di Superga LEGGENDO E ASCOLTANDO IL MAESTRO<\/p>\n<p>Sab 25 8.30, 10.30, 12.00, 15.30, 17.00 Orto Botanico SULL&#8217;ALI DORATE\u2026<br \/>\n10.00-12.00, 16.00-19.00 Via Cavestro 6 VERDI\u2026 NOTE DI COLORE<br \/>\n10.30 Teatro Regio INCONTRO DEDICATO A GRAHAM VICK<br \/>\n11.00 Museo Glauco Lombardi E SON LE PAROLE O MAGICO RIO<br \/>\n11.00, 12.00, 16.00, 17.00, 18.00 Portici del grano LA CARICA DEI MENESTRELLI<br \/>\n11.20, 12.20, 16.20, 17.20, 18.20 P.zza della Pace LA CARICA DEI MENESTRELLI<br \/>\n11.40, 12.40, 16.40, 17.40, 18.40 P.zza Duomo LA CARICA DEI MENESTRELLI<br \/>\n13.00 Fornici del Teatro Regio CUC\u00d9 VERDIANO<br \/>\n15.00 Centro Storico di Parma LA CITT\u00c0 IN SCENA<br \/>\n17.00 Teatro Regio CORI AL RIDOTTO Coro di voci bianche Parma Musicale<br \/>\n18.00 Corte di Beneceto, 79 RECITAL IN GIARDINO<br \/>\n18.00-20.00 Borgo del Correggio, 9b VIVA VERDI! inaugurazione<br \/>\n18.00 Traversetolo \u2013 Corte Agresti RIGO-LETTO E NARRATO<br \/>\n18.00 Montechiarugolo, Piazza Rivasi CARAVAN VERDIANO<br \/>\n18.30 Parco Testoni PRIMI &#8211; AZIONE TEATRALE<br \/>\n21.00 Parma \u2013 Piazzale Inzani AERCO PER VERDI OFF<\/p>\n<p>Dom 26 10.00 Pergola della Corale Verdi CONCERTO VERDIANO<br \/>\n11.00 Sala Baganza, Giardino della Rocca AERCO PER VERDI OFF<br \/>\n13.00 Fornici del Teatro Regio CUC\u00d9 VERDIANO<br \/>\n16.00 Lostello, Parco della Cittadella BLACK AIDA<br \/>\n16.00-19.00 Via Cavestro 6 VERDI\u2026 NOTE DI COLORE<br \/>\n18.00 Parma, Piazzale Picelli CARAVAN VERDIANO<br \/>\n19.30 Piazzale Inzani \u201cL&#8217;\u2019AURE DOLCI DEL SUOLO NATAL\u201d<br \/>\n20.00 Teatro Regio CONCERTO SINFONICO CORALE<br \/>\n21.00 BDC \u2013 Borgo delle Colonne CORPO LITURGICO<\/p>\n<p>Lun 27 20.30 Teatro Regio OPERA HORROR PICTURE SHOW<\/p>\n<p>Mar 28 10.00-12.00, 16.00-19.00 Via Cavestro 6 VERDI\u2026 NOTE DI COLORE<br \/>\n13.00 Fornici del Teatro Regio CUC\u00d9 VERDIANO<br \/>\n17.00 Teatro Regio PRIMA CHE SI ALZI IL SIPARIO Messa da Requiem<br \/>\n18.00 Chiesa di San Tiburzio CONCERTO LIRICO<\/p>\n<p>Mer 29 10.00-12.00, 16.00-19.00 Via Cavestro 6 VERDI\u2026 NOTE DI COLORE<br \/>\n11.00 INSV, Casa della Musica CURIOSANDO TRA LE PAGINE<br \/>\n13.00 Fornici del Teatro Regio CUC\u00d9 VERDIANO<br \/>\n17.00 Orto Botanico AERCO PER VERDI OFF<\/p>\n<p>Gio 30 10.00-12.00, 16.00-19.00 Via Cavestro 6 VERDI\u2026 NOTE DI COLORE<br \/>\n13.00 Fornici del Teatro Regio CUC\u00d9 VERDIANO<br \/>\n17.00 Gran Caff\u00e8 PAGINE D\u2019OPERA Alberto Mattioli<br \/>\n21.00 Cortile della Casa della Musica SAXOFOLLIA<br \/>\n21.00 Traversetolo, Corte Agresti AERCO PER VERDI OFF<\/p>\n<p>OTTOBRE<\/p>\n<p>Ven 1 10.00-12.00, 16.00-19.00 Via Cavestro 6 VERDI\u2026 NOTE DI COLORE<br \/>\n13.00 Fornici del Teatro Regio CUC\u00d9 VERDIANO<br \/>\n18.00 Unit\u00e0 di strada SEMPREVERDI<br \/>\n20.00 Teatro Regio UN BALLO IN MASCHERA (GUSTAVO III)<\/p>\n<p>Sab 2 10.00-12.00, 16.00-19.00 Via Cavestro 6 VERDI\u2026 NOTE DI COLORE<br \/>\n11.30,16.30,18.00 Mouilettes&amp;Co. FRAGRANZE IN MUSICA<br \/>\n13.00 Fornici del Teatro Regio CUC\u00d9 VERDIANO<br \/>\n18.00 Pubblica Assistenza AERCO PER VERDI OFF<br \/>\n18.00 Traversetolo, Corte Agresti IL GUARDIANO E IL BUFFONE<br \/>\n20.00 Teatro Regio di Parma MESSA DA REQUIEM<\/p>\n<p>Dom 3 10.00 Pergola della Corale Verdi CONCERTO VERDIANO<br \/>\n10.30 Mouilettes&amp;Co. FRAGRANZE IN MUSICA<br \/>\n13.00 Fornici del Teatro Regio CUC\u00d9 VERDIANO<br \/>\n16.00-19.00 Via Cavestro 6 VERDI\u2026 NOTE DI COLORE<br \/>\n16.00 Museo Glauco Lombardi AMORI E PASSIONI<br \/>\n16.00 Parco Testoni BLACK AIDA<br \/>\n16.00 Pergola della Corale Verdi AERCO PER VERDI OFF<br \/>\n17.00 Parco Vezzani TOPO ADELMO, UGOLA D\u2019&#8217;ORO<br \/>\n18.00 Baganzola, Area verde di Via Nabucco CARAVAN VERDIANO<\/p>\n<p>Mar 5 10.00-12.00 Parma &#8211; Via Cavestro 6 VERDI\u2026 NOTE DI COLORE<br \/>\n13.00 Fornici del Teatro Regio CUC\u00d9 VERDIANO<br \/>\n17.00 Teatro Regio PRIMA CHE SI ALZI IL SIPARIO Simon Boccanegra<br \/>\n18.00 Chiesa di San Tiburzio CONCERTO LIRICO<br \/>\n20.30 Teatro Regio LETTERALMENTE VERDI<\/p>\n<p>Mer 6 10.00-12.00, 16.00-19.00 Via Cavestro 6 VERDI\u2026 NOTE DI COLORE<br \/>\n10.00 &#8211; 17.00 Portici del Grano TEMPO AL TEMPO<br \/>\n11.00 Casa della Musica CURIOSANDO TRA LE PAGINE<br \/>\n13.00 Fornici del Teatro Regio CUC\u00d9 VERDIANO<br \/>\n14.00 Teatro Regio PROVA GENERALE Simon Boccanegra<br \/>\n20.30 Casa Madre Saveriani CONCERTO VERDIANO<\/p>\n<p>Gio 7 13.00 Fornici del Teatro Regio CUC\u00d9 VERDIANO<br \/>\n17.00 Teatro Regio CORI AL RIDOTTO Coro di voci bianche Corale Verdi<br \/>\n18.00 Palazzo del Governatore TRIO FISARMONICHE<br \/>\n20.00 Teatro Regio IN SALOTTO CON VERDI<\/p>\n<p>Ven 8 13.00 Fornici del Teatro Regio CUC\u00d9 VERDIANO<br \/>\n17.00 Gran Caff\u00e8 PAGINE D\u2019OPERA Fabio Larovere, Andrea Faini<br \/>\n17.00 Via Spadolini ARTI VERDI<br \/>\n19.00, 21.00 Lostello, Parco della Cittadella OPERA SHOT<br \/>\n20.00 Teatro Regio UN BALLO IN MASCHERA (GUSTAVO III)<br \/>\n21.00 Teatro Convitto Maria Luigia CONCERTO VERDIANO<\/p>\n<p>Sab 9 10.00-13.00, 15.00-19.00 Pal. del Governatore INCOFFESABILE VERDI<br \/>\n13.00 Fornici del Teatro Regio CUC\u00d9 VERDIANO<br \/>\n16.00 Chiesa di San Vitale MUSICA DIVINA<br \/>\n15.00-19.00 PMuseo d\u2019Arte Cinese ed Etnografico STRAORDINARIE<br \/>\n17.00 Collecchio, Piazza Grazia Deledda AERCO PER VERDI OFF<br \/>\n20.00 Teatro Regio SIMON BOCCANEGRA In forma di concerto<\/p>\n<p>Dom 10 10.00-13.00, 15.00-19.00 Pal. del Governatore INCOFFESABILE VERDI<br \/>\n11.30 Monumento a Verdi CERIMONIA IN ONORE DI VERDI<br \/>\n13.00 Fornici del Teatro Regio CUC\u00d9 VERDIANO<br \/>\n15.00-19.00 Museo d\u2019Arte Cinese ed Etnografico STRAORDINARIE<br \/>\n15.00 Piazza della Pace VERDI BAND<br \/>\n17.00 Teatro Regio CORI AL RIDOTTO Coro di voci bianche Ars Canto<br \/>\n17.00 Lostello PISTAFRULLI IN CONCERTO<br \/>\n18.00 Certosa di Parma VERDI SACRO<br \/>\n20.00 Teatro Regio GALA VERDIANO<br \/>\n20.30 Sede della Croce Rossa AERCO PER VERDI OFF<\/p>\n<p>Mar 12 13.00 Fornici del Teatro Regio CUC\u00d9 VERDIANO<br \/>\n17.00 Gran Caff\u00e8 PAGINE D\u2019OPERA Roberta Pedrotti<br \/>\n18.00 Chiesa di San Tiburzio CONCERTO LIRICO<br \/>\n20.00 Teatro Regio FUOCO DI GIOIA<\/p>\n<p>Mer 13 13.00 Fornici del Teatro Regio CUC\u00d9 VERDIANO<br \/>\n20.30 Teatro Regio UN RAVE IN MASCHERA<br \/>\n21.00 Parma \u2013 Casa della Musica VERDI IN BLU<\/p>\n<p>Gio 14 13.00 Fornici del Teatro Regio CUC\u00d9 VERDIANO<br \/>\n17.00 Gran Caff\u00e8 PAGINE D\u2019OPERA Mauro Balestrazzi<br \/>\n18.00 BDC GALA VERDIANO<\/p>\n<p>Ven 15 13.00 Fornici del Teatro Regio CUC\u00d9 VERDIANO<br \/>\n20.00 Teatro Regio UN BALLO IN MASCHERA (GUSTAVO III)<br \/>\n21.00 Corale Verdi GALA VERDIANO<\/p>\n<p>Sab 16 11.00 Museo Glauco Lombardi GALA VERDIANO<br \/>\n13.00 Fornici del Teatro Regio CUC\u00d9 VERDIANO<br \/>\n21.00 Campus Industry FESTA DI CHIUSURA VERDI OFF 2021<br \/>\n20.00 Teatro Regio SIMON BOCCANEGRA In forma di concerto<\/p>\n<p>Dom 17 10.00 Pergola della Corale Verdi CONCERTO VERDIANO<br \/>\n11.00 Basilicanova, Sala Amoretti AERCO PER VERDI OFF<br \/>\n13.00 Fornici del Teatro Regio CUC\u00d9 VERDIANO<br \/>\n15.00 Centro storico di Parma LA CITT\u00c0 IN SCENA<br \/>\n17.00 Teatro Regio CORI AL RIDOTTO Corale \u201cGiuseppe Verdi\u201d<br \/>\n17.30 Felino, Cinema Teatro Comunale AERCO PER VERDI OFF<br \/>\n18.00 Palazzo del Governatore QUARTETTO ENIGMA<br \/>\n18.00 Ospedale Maggiore AERCO PER VERDI OFF<\/p>\n","protected":false},"excerpt":{"rendered":"<p>AL XXI FESTIVAL VERDI GLI INCONTRI DI \u201cPAGINE D\u2019OPERA\u201d CON FABIO LAROVERE, ANDREA FARINI, ROBERTA PEDROTTI, MAURO BALESTRAZZI, IN CONVERSAZIONE [&hellip;]<\/p>\n","protected":false},"author":1,"featured_media":0,"comment_status":"open","ping_status":"open","sticky":false,"template":"","format":"standard","meta":{"footnotes":""},"categories":[1],"tags":[],"class_list":["post-17130","post","type-post","status-publish","format-standard","hentry","category-sin-categoria"],"_links":{"self":[{"href":"https:\/\/www.ecoitaliano.com.ar\/index.php?rest_route=\/wp\/v2\/posts\/17130","targetHints":{"allow":["GET"]}}],"collection":[{"href":"https:\/\/www.ecoitaliano.com.ar\/index.php?rest_route=\/wp\/v2\/posts"}],"about":[{"href":"https:\/\/www.ecoitaliano.com.ar\/index.php?rest_route=\/wp\/v2\/types\/post"}],"author":[{"embeddable":true,"href":"https:\/\/www.ecoitaliano.com.ar\/index.php?rest_route=\/wp\/v2\/users\/1"}],"replies":[{"embeddable":true,"href":"https:\/\/www.ecoitaliano.com.ar\/index.php?rest_route=%2Fwp%2Fv2%2Fcomments&post=17130"}],"version-history":[{"count":0,"href":"https:\/\/www.ecoitaliano.com.ar\/index.php?rest_route=\/wp\/v2\/posts\/17130\/revisions"}],"wp:attachment":[{"href":"https:\/\/www.ecoitaliano.com.ar\/index.php?rest_route=%2Fwp%2Fv2%2Fmedia&parent=17130"}],"wp:term":[{"taxonomy":"category","embeddable":true,"href":"https:\/\/www.ecoitaliano.com.ar\/index.php?rest_route=%2Fwp%2Fv2%2Fcategories&post=17130"},{"taxonomy":"post_tag","embeddable":true,"href":"https:\/\/www.ecoitaliano.com.ar\/index.php?rest_route=%2Fwp%2Fv2%2Ftags&post=17130"}],"curies":[{"name":"wp","href":"https:\/\/api.w.org\/{rel}","templated":true}]}}