{"id":17139,"date":"2021-09-27T21:26:47","date_gmt":"2021-09-27T21:26:47","guid":{"rendered":"http:\/\/www.ecoitaliano.com.ar\/?p=17139"},"modified":"2021-09-27T21:26:47","modified_gmt":"2021-09-27T21:26:47","slug":"rinascimento-terzo-millennio-insieme-per-il-futuro-delleuropa-insieme-con-leuropa-per-il-mondo","status":"publish","type":"post","link":"https:\/\/www.ecoitaliano.com.ar\/?p=17139","title":{"rendered":"Rinascimento Terzo Millennio &#8211; INSIEME PER IL FUTURO DELL&#8217;EUROPA&#8230; INSIEME CON L&#8217;EUROPA PER IL MONDO"},"content":{"rendered":"<div id='gallery-1' class='gallery galleryid-17139 gallery-columns-3 gallery-size-thumbnail'><figure class='gallery-item'>\n\t\t\t<div class='gallery-icon landscape'>\n\t\t\t\t<a href='https:\/\/www.ecoitaliano.com.ar\/?attachment_id=17140'><img decoding=\"async\" width=\"150\" height=\"150\" src=\"https:\/\/www.ecoitaliano.com.ar\/wp-content\/uploads\/2021\/09\/IMG_8007-1-1-150x150.jpg\" class=\"attachment-thumbnail size-thumbnail\" alt=\"\" \/><\/a>\n\t\t\t<\/div><\/figure><figure class='gallery-item'>\n\t\t\t<div class='gallery-icon portrait'>\n\t\t\t\t<a href='https:\/\/www.ecoitaliano.com.ar\/?attachment_id=17141'><img decoding=\"async\" width=\"150\" height=\"150\" src=\"https:\/\/www.ecoitaliano.com.ar\/wp-content\/uploads\/2021\/09\/Dr.-George-Onsy-150x150.jpg\" class=\"attachment-thumbnail size-thumbnail\" alt=\"\" \/><\/a>\n\t\t\t<\/div><\/figure><figure class='gallery-item'>\n\t\t\t<div class='gallery-icon landscape'>\n\t\t\t\t<a href='https:\/\/www.ecoitaliano.com.ar\/?attachment_id=17142'><img decoding=\"async\" width=\"150\" height=\"150\" src=\"https:\/\/www.ecoitaliano.com.ar\/wp-content\/uploads\/2021\/09\/Millennium-Esponenti-nei-continenti-150x150.png\" class=\"attachment-thumbnail size-thumbnail\" alt=\"\" \/><\/a>\n\t\t\t<\/div><\/figure>\n\t\t<\/div>\n\n<p>&nbsp;<\/p>\n<p align=\"center\"><span style=\"color: #000000;\"><span style=\"font-family: Arial Narrow, serif;\"><span style=\"font-size: large;\"><b>Insieme per il futuro dell&#8217;Europa&#8230; Insieme con l&#8217;Europa per il mondo<\/b><\/span><\/span><\/span><\/p>\n<p align=\"center\"><span style=\"color: #000000;\"><span style=\"font-family: Arial Narrow, serif;\"><span style=\"font-size: medium;\"><b>Movimento culturale internazionale RINASCIMENTO-RENAISSANCE MILLENNIUM III <\/b><\/span><\/span><\/span><\/p>\n<p align=\"center\"><span style=\"color: #000000;\"><span style=\"font-family: Arial Narrow, serif;\"><b>by George ONSY *<\/b><\/span><\/span><\/p>\n<p>&nbsp;<\/p>\n<p align=\"justify\"><span style=\"color: #000000;\"><span style=\"font-family: Arial Narrow, serif;\">IL CAIRO &#8211; Da quando \u00e8 nato, pochi mesi fa, il <\/span><\/span><span style=\"color: #000000;\"><span style=\"font-family: Arial Narrow, serif;\"><b>Movimento culturale internazionale<\/b><\/span><\/span><span style=\"color: #000000;\"><span style=\"font-family: Arial Narrow, serif;\"> per la pace <\/span><\/span><span style=\"color: #000000;\"><span style=\"font-family: Arial Narrow, serif;\"><b>RINASCIMENTO-RENAISSANCE Millennium III <\/b><\/span><\/span><span style=\"color: #000000;\"><span style=\"font-family: Arial Narrow, serif;\">non ha mai smesso di portare ogni novit\u00e0 per affrontare le difficili sfide del nostro mondo. Lavorando attraverso un grande corpo direttivo di pensatori, scrittori e persone dei media che stanno collaborando, sia come membri del <\/span><\/span><span style=\"color: #000000;\"><span style=\"font-family: Arial Narrow, serif;\"><b>Consiglio europeo<\/b><\/span><\/span><span style=\"color: #000000;\"><span style=\"font-family: Arial Narrow, serif;\"> che del <\/span><\/span><span style=\"color: #000000;\"><span style=\"font-family: Arial Narrow, serif;\"><b>Comitato consultivo intercontinentale<\/b><\/span><\/span><span style=\"color: #000000;\"><span style=\"font-family: Arial Narrow, serif;\">, questo movimento promettente continua a riecheggiare le voci del risveglio dell&#8217;Europa e di quelle del mondo intero.<\/span><\/span><\/p>\n<p align=\"justify\"><span style=\"color: #000000;\"><span style=\"font-family: Arial Narrow, serif;\">\u00c8 certo che <\/span><\/span><span style=\"color: #000000;\"><span style=\"font-family: Arial Narrow, serif;\"><b>RINASCIMENTO Terzo Millennio | <\/b><\/span><\/span><span style=\"color: #000000;\"><span style=\"font-family: Arial Narrow, serif;\"><b>RINASCIMENTO-RENAISSANCE Millennium III<\/b><\/span><\/span><b> <\/b><span style=\"color: #000000;\"><span style=\"font-family: Arial Narrow, serif;\">lavora per il futuro dell&#8217;<\/span><\/span><span style=\"color: #000000;\"><span style=\"font-family: Arial Narrow, serif;\"><b>Europa<\/b><\/span><\/span><span style=\"color: #000000;\"><span style=\"font-family: Arial Narrow, serif;\">, per far fronte al suo rapido cambiamento demografico che ne sta drammaticamente alterando l&#8217;identit\u00e0 e lavora anche per gestire i conflitti presenti e futuri, sorti a causa dell&#8217;inevitabile scontro tra la laicit\u00e0 dei governi europei e i diversi livelli di conoscenza delle religioni e il modo di viverle dei cittadini. Tuttavia, non dovremmo mai ignorare il fatto che un tale cambiamento accelerato nella struttura dell&#8217;Europa alla fine avr\u00e0 effetti devastanti sul mondo intero. Quindi, mentre accogliere i rifugiati \u00e8 umano, \u00e8 ancora pi\u00f9 umano inserirli all\u2019interno delle societ\u00e0 europee di nazionalit\u00e0 e culture profondamente radicate attraverso un acuto sistema multidimensionale di integrazione.<\/span><\/span><\/p>\n<p align=\"justify\"><span style=\"color: #000000;\"><span style=\"font-family: Arial Narrow, serif;\">Inoltre, non dimentichiamo mai che l&#8217;Europa, presente e futura, dovrebbe assumersi le sue responsabilit\u00e0 e il suo ruolo vitale nell\u2019aiutare i continenti fratelli che hanno sofferto per molti decenni l&#8217;imperialismo europeo, che ha consumato ed esaurito le loro risorse materiali e strutturali. Quindi, deve esserci un giusto riequilibrio tra lusso e prosperit\u00e0 di cui gode oggi l\u2019Europa \u201cdea prediletta di Zeus\u201d, rispetto all&#8217;attuale impoverimento, sia di risorse che di strutture statali, di molti altri Paesi che ieri sono state sue colonie. Ecco perch\u00e9 <\/span><\/span><span style=\"color: #000000;\"><span style=\"font-family: Arial Narrow, serif;\"><b>RINASCIMENTO-RENAISSANCE Millennium III<\/b><\/span><\/span><span style=\"color: #000000;\"><span style=\"font-family: Arial Narrow, serif;\"> afferma con piena responsabilit\u00e0 il suo slogan: <\/span><\/span><span style=\"color: #000000;\"><span style=\"font-family: Arial Narrow, serif;\"><i><b>\u00abInsieme per il futuro dell&#8217;Europa &#8230; Insieme con l&#8217;Europa per il mondo\u00bb.<\/b><\/i><\/span><\/span><\/p>\n<p align=\"justify\"><span style=\"color: #000000;\"><span style=\"font-family: Arial Narrow, serif;\">Intendiamo con la locuzione <\/span><\/span><span style=\"color: #000000;\"><span style=\"font-family: Arial Narrow, serif;\"><i>\u00abper il mondo\u00bb<\/i><\/span><\/span><span style=\"color: #000000;\"><span style=\"font-family: Arial Narrow, serif;\"> non solo la pace mondiale, ma anche la gestione della crisi mondiale e la prosperit\u00e0 attraverso progetti di sviluppo sostenibile. S\u00ec, \u00e8 giunto il momento per l&#8217;Europa di svegliarsi tenendo alta la fiamma di un <\/span><\/span><span style=\"color: #000000;\"><span style=\"font-family: Arial Narrow, serif;\"><b>Nuovo Rinascimento<\/b><\/span><\/span><span style=\"color: #000000;\"><span style=\"font-family: Arial Narrow, serif;\">, restituendo all&#8217;umanit\u00e0 &#8211; come ha fatto il suo Rinascimento dei secoli XV e XVI &#8211; la posizione centrale di tutte le nostre preoccupazioni e aspirazioni, al di sopra di ogni altra visione e pregiudizio, se ci preoccupiamo ancora di un&#8217;esistenza migliore. <\/span><\/span><\/p>\n<p align=\"justify\"><span style=\"color: #000000;\"><span style=\"font-family: Arial Narrow, serif;\">Non giudichiamo in questo contesto l&#8217;Europa per le sue ambizioni passate; al contrario, stiamo solo cercando di leggere ad alta voce le lezioni della storia con l\u2019intento di sostenere la sicurezza presente e futura dell&#8217;Europa. Infatti, aiutare e illuminare gli impoveriti di ieri, che potrebbero essere i terroristi di oggi e di domani in grado di minacciare la sua esistenza, \u00e8 la vera sicurezza che n\u00e8 le fortezze n\u00e8 tutte le armi non portranno mai garantire. S\u00ec, \u00e8 giunto il momento per un&#8217;<\/span><\/span><span style=\"color: #000000;\"><span style=\"font-family: Arial Narrow, serif;\"><b>Europa<\/b><\/span><\/span> <span style=\"color: #000000;\"><span style=\"font-family: Arial Narrow, serif;\"><b>umanistica<\/b><\/span><\/span><span style=\"color: #000000;\"><span style=\"font-family: Arial Narrow, serif;\"> di risorgere per guidare il mondo con amore, portando la fiamma di un <\/span><\/span><span style=\"color: #000000;\"><span style=\"font-family: Arial Narrow, serif;\"><b>nuovo Rinascimento<\/b><\/span><\/span><span style=\"color: #000000;\"><span style=\"font-family: Arial Narrow, serif;\"> capace di ripristinare i valori immortali del suo Rinascimento dei secoli XIV-XVI, sostituendo l&#8217;umanit\u00e0 di nuovo nella sua posizione centrale di tutte le preoccupazioni e aspirazioni al di sopra di opinioni e pregiudizi.<\/span><\/span><\/p>\n<p align=\"justify\"><span style=\"color: #000000;\"><span style=\"font-family: Arial Narrow, serif;\">Ecco perch\u00e9 il logo originale del Rinascimento raffigurante quella Centralit\u00e0 dell&#8217;Uomo, che <\/span><\/span><span style=\"color: #000000;\"><span style=\"font-family: Arial Narrow, serif;\"><b>Leonardo da Vinci<\/b><\/span><\/span><span style=\"color: #000000;\"><span style=\"font-family: Arial Narrow, serif;\"> aveva coniato attraverso il suo \u201c<\/span><\/span><span style=\"color: #000000;\"><span style=\"font-family: Arial Narrow, serif;\"><b>Uomo Vitruviano<\/b><\/span><\/span><span style=\"color: #000000;\"><span style=\"font-family: Arial Narrow, serif;\">\u201d incentrato appunto sull&#8217;uomo, \u00e8 stato da noi ripreso di nuovo, vivo e attivo, con l&#8217;alba del tanto atteso <\/span><\/span><span style=\"color: #000000;\"><span style=\"font-family: Arial Narrow, serif;\"><i>Mind Shift<\/i><\/span><\/span><span style=\"color: #000000;\"><span style=\"font-family: Arial Narrow, serif;\"> e di un Nuovo Ordine Mondiale incentrato sulla Persona umana. Ma come pu\u00f2 il nostro <\/span><\/span><span style=\"color: #000000;\"><span style=\"font-family: Arial Narrow, serif;\"><b>Nuovo Rinascimento<\/b><\/span><\/span><span style=\"color: #000000;\"><span style=\"font-family: Arial Narrow, serif;\"> di questo terzo millennio rendere tutto questo<\/span><\/span><u> <\/u><span style=\"color: #000000;\"><span style=\"font-family: Arial Narrow, serif;\">concreto? La risposta \u00e8 qui esposta in modo semplice: stiamo lavorando attraverso il nostro movimento <\/span><\/span><span style=\"color: #000000;\"><span style=\"font-family: Arial Narrow, serif;\"><b>RINASCIMENTO-RENAISSANCE Millennium III<\/b><\/span><\/span><span style=\"color: #000000;\"><span style=\"font-family: Arial Narrow, serif;\"> su 4 livelli di azione per aiutare il nostro mondo sofferente.<\/span><\/span><\/p>\n<p align=\"justify\"><span style=\"color: #000000;\"><span style=\"font-family: Arial Narrow, serif;\"><b>Primo:<\/b><\/span><\/span><span style=\"color: #000000;\"><span style=\"font-family: Arial Narrow, serif;\"><b> Il nostro \u00e8 un mondo strappato dai conflitti ideologici, in particolare quelli causati dall&#8217;intolleranza religiosa e dal fanatismo.<\/b><\/span><\/span><\/p>\n<p align=\"justify\"><span style=\"color: #000000;\"><span style=\"font-family: Arial Narrow, serif;\"><b>RINASCIMENTO-RENAISSANCE Millennium III<\/b><\/span><\/span><span style=\"color: #000000;\"><span style=\"font-family: Arial Narrow, serif;\"> sta costruendo una Spiritualit\u00e0 Umanistica Universale assunta dal cuore di tutte le religioni del mondo. Ecco perch\u00e9 i credenti delle varie religioni, senza eccezioni, continuano ad apprezzare e comprendere i nostri messaggi spirituali quotidiani, che mirano all&#8217;Unit\u00e0 Umana nell&#8217;Unico Dio, Unica Fonte della nostra esistenza. S\u00ec, aiutiamo le persone, qualunque sia il loro credo religioso, a salire su quella Piramide delle Religioni per avvicinarsi e riunirsi sulla sua cima dove \u00e8 la nostra stessa Fonte spirituale e dove sar\u00e0 per sempre, e a cercare di andare \u201coltre\u201d le differenze dogmatiche e i pregiudizi che ci dividono alla base. Quindi, in un mondo sofferente, i seguaci di religioni e convinzioni diverse non dovrebbero mai emarginarsi, anatemizzarsi e combattersi a vicenda, ma devono essere uniti a tutti i valori comuni che hanno imparato per aiutare l&#8217;umanit\u00e0, la creazione pi\u00f9 preziosa di Dio.<\/span><\/span><\/p>\n<p align=\"justify\"><span style=\"color: #000000;\"><span style=\"font-family: Arial Narrow, serif;\"><b>Secondo:<\/b><\/span><\/span><span style=\"color: #000000;\"><span style=\"font-family: Arial Narrow, serif;\"><b> Il nostro mondo \u00e8 lacerato dal razzismo e dai pregiudizi etnici. <\/b><\/span><\/span><\/p>\n<p align=\"justify\"><span style=\"color: #000000;\"><span style=\"font-family: Arial Narrow, serif;\"><b>RINASCIMENTO-RENAISSANCE Millennium III<\/b><\/span><\/span><span style=\"color: #000000;\"><span style=\"font-family: Arial Narrow, serif;\"> sta per questo motivo costruendo e ampliando ponti di dialogo tra culture, ora segregate dalle distanze geografiche, attraverso messaggi di pace e progettando ovunque una cooperazione multiculturale. Nonch\u00e9 attraverso la dimensione storica, laddove i pensatori del passato Rinascimento possano continuare ad ispirare e guidare i popoli del Terzo millennio. Questo \u00e8 il nostro \u201cConcilio Celeste\u201d, che unisce le radici di un passato intellettualmente ricco alle complesse ramificazioni di un presente disorientato.<\/span><\/span><\/p>\n<p align=\"justify\"><span style=\"color: #000000;\"><span style=\"font-family: Arial Narrow, serif;\"><b>Terzo:<\/b><\/span><\/span><span style=\"color: #000000;\"><span style=\"font-family: Arial Narrow, serif;\"><b> Il nostro mondo \u00e8 soffocato da problemi profondamente radicati e di elevata complessit\u00e0, per cui i politici influenti a livello internazionale stanno ancora utilizzando approcci inefficaci a causa di infiniti dibattiti verbali, diagnosticando, analizzando e prendendo decisioni per le loro soluzioni solo con parole e numeri. <\/b><\/span><\/span><\/p>\n<p align=\"justify\"><span style=\"color: #000000;\"><span style=\"font-family: Arial Narrow, serif;\"><b>RINASCIMENTO-RENAISSANCE Millennium III<\/b><\/span><\/span><span style=\"color: #000000;\"><span style=\"font-family: Arial Narrow, serif;\"> sta applicando un inedito paradigma di Visualizzazione del <\/span><\/span><span style=\"color: #000000;\"><span style=\"font-family: Arial Narrow, serif;\"><i>Problem-solving <\/i><\/span><\/span><span style=\"color: #000000;\"><span style=\"font-family: Arial Narrow, serif;\">per mappare problemi\/crisi, per quanto complessi possano essere, in tutte le fasi necessarie del processo: diagnosi, analisi, soluzione con Processo decisionale, che deve essere incorporato in un piano d&#8217;azione con meccanismi di ricadute coerenti, il tutto potenziato da una campagna mediatica di impatto globale.<\/span><\/span><\/p>\n<p align=\"justify\"><span style=\"color: #000000;\"><span style=\"font-family: Arial Narrow, serif;\"><b>Quarto:<\/b><\/span><\/span><span style=\"color: #000000;\"><span style=\"font-family: Arial Narrow, serif;\"><b> Il nostro mondo abita un pianeta che \u00e8 stato spietatamente inquinato e impoverito, mentre ora \u00e8 arrivato il millennio in cui si pagher\u00e0 il conto pi\u00f9 lungo e pesante di sempre.<\/b><\/span><\/span><\/p>\n<p align=\"justify\"><span style=\"color: #000000;\"><span style=\"font-family: Arial Narrow, serif;\"><b>RINASCIMENTO-RENAISSANCE Millennium III<\/b><\/span><\/span><span style=\"color: #000000;\"><span style=\"font-family: Arial Narrow, serif;\"> sta <\/span><\/span><span style=\"color: #050505;\"><span style=\"font-family: Arial Narrow, serif;\">progettando di aiutare a far nascere e monitorare progetti di sviluppo sostenibile, in modo creativo e multidimensionale. Sono iniziative urgentemente necessarie per esplorare nei cosiddetti poveri la ricchezza nascosta e un potere sconfinato nelle persone erroneamente ritenute \u00abdeboli\u00bb come le donne, a causa della disparit\u00e0 di genere, ed i bambini. Allo stesso modo, RRM3 sta lavorando duramente per rendere consapevoli i ricchi e potenti del loro ruolo umanitario, <\/span><\/span><span style=\"color: #050505;\"><span style=\"font-family: Arial Narrow, serif;\"><b>arricchendo e potenziando<\/b><\/span><\/span><span style=\"color: #050505;\"><span style=\"font-family: Arial Narrow, serif;\"> i meno privilegiati, piuttosto che cercare di diventare essi stessi pi\u00f9 ricchi o pi\u00f9 potenti. Quindi, dovremmo aiutare gli emarginati, le donne e i bambini ad assumere un ruolo di primo piano nella guarigione del nostro mondo.<\/span><\/span><\/p>\n<p align=\"justify\"><span style=\"color: #000000;\"><span style=\"font-family: Arial Narrow, serif;\">Questi 4 Livelli di Azione sono l&#8217;elaborazione continua delle 10 Strategie di <\/span><\/span><span style=\"color: #000000;\"><span style=\"font-family: Arial Narrow, serif;\"><b>RINASCIMENTO-RENAISSANCE Millennium III<\/b><\/span><\/span><span style=\"color: #000000;\"><span style=\"font-family: Arial Narrow, serif;\"> che vanno dal livello pi\u00f9 Spirituale fino al livello pi\u00f9 Pratico:<\/span><\/span><\/p>\n<p align=\"justify\"><span style=\"color: #000000;\"><span style=\"font-family: Arial Narrow, serif;\"><b>Strategia 1<\/b><\/span><\/span><\/p>\n<p align=\"justify\"><span style=\"color: #000000;\"><span style=\"font-family: Arial Narrow, serif;\"><i>Gioisci eternamente!<\/i><\/span><\/span><\/p>\n<p align=\"justify\"><span style=\"color: #000000;\"><span style=\"font-family: Arial Narrow, serif;\">1-A. Sul Divino Amore<\/span><\/span><\/p>\n<p align=\"justify\"><span style=\"color: #000000;\"><span style=\"font-family: Arial Narrow, serif;\">Poesia mistico-intellettuale, arte, musica e presentazioni, un progetto per aiutare a migliorare e sostenere l&#8217;Unit\u00e0 umana, attraverso tutte le credenze religiose, attraverso l&#8217;amore per l&#8217;Unico Creatore.<\/span><\/span><\/p>\n<p align=\"justify\"><span style=\"color: #000000;\"><span style=\"font-family: Arial Narrow, serif;\">1-B. Vivere poeticamente per sempre<\/span><\/span><\/p>\n<p align=\"justify\"><span style=\"color: #000000;\"><span style=\"font-family: Arial Narrow, serif;\">Una serie di workshop mistico-pratici che applicano un approccio psicosomatico multidisciplinare per l&#8217;armonia corpo-spirito-anima e per affrontare tutte le sfide della vita.<\/span><\/span><\/p>\n<p align=\"justify\"><span style=\"color: #000000;\"><span style=\"font-family: Arial Narrow, serif;\"><b>Strategia 2<\/b><\/span><\/span><\/p>\n<p align=\"justify\"><span style=\"color: #000000;\"><span style=\"font-family: Arial Narrow, serif;\"><i>Armonia delle religioni<\/i><\/span><\/span><\/p>\n<p align=\"justify\"><span style=\"color: #000000;\"><span style=\"font-family: Arial Narrow, serif;\">Le religioni del mondo vivano in un dialogo armonioso attraverso opere letterarie, arti e ricerche unificanti, al fine di migliorare e sostenere l&#8217;unit\u00e0 umana pur tra tutte le differenze religiose e dogmatiche.<\/span><\/span><\/p>\n<p align=\"justify\"><span style=\"color: #000000;\"><span style=\"font-family: Arial Narrow, serif;\"><b>Strategia 3<\/b><\/span><\/span><\/p>\n<p align=\"justify\"><span style=\"color: #000000;\"><span style=\"font-family: Arial Narrow, serif;\"><i>Conoscenza e Cultura <\/i><\/span><\/span><\/p>\n<p align=\"justify\"><span style=\"color: #000000;\"><span style=\"font-family: Arial Narrow, serif;\">3-A. La conoscenza interdisciplinare e la nostra anima<\/span><\/span><\/p>\n<p align=\"justify\"><span style=\"color: #000000;\"><span style=\"font-family: Arial Narrow, serif;\">3-B. Tecnologia e tecnocrazia<\/span><\/span><\/p>\n<p align=\"justify\"><span style=\"color: #000000;\"><span style=\"font-family: Arial Narrow, serif;\">Studiare il progresso tecnologico per analizzare la sua influenza sulla nostra vita.<\/span><\/span><\/p>\n<p align=\"justify\"><span style=\"color: #000000;\"><span style=\"font-family: Arial Narrow, serif;\"><b>Strategia 4<\/b><\/span><\/span><\/p>\n<p align=\"justify\"><span style=\"color: #000000;\"><span style=\"font-family: Arial Narrow, serif;\"><i>Dialogo tra Culture<\/i><\/span><\/span><\/p>\n<p align=\"justify\"><span style=\"color: #000000;\"><span style=\"font-family: Arial Narrow, serif;\">Civilt\u00e0\/culture del mondo a confronto, attraverso opere letterarie, arte, musica, saggistica, linguistica e ricerche interculturali.<\/span><\/span><\/p>\n<p align=\"justify\"><span style=\"color: #000000;\"><span style=\"font-family: Arial Narrow, serif;\"><b>Strategia 5<\/b><\/span><\/span><\/p>\n<p align=\"justify\"><span style=\"color: #000000;\"><span style=\"font-family: Arial Narrow, serif;\"><i>Egitto e il mondo<\/i><\/span><\/span><\/p>\n<p align=\"justify\"><span style=\"color: #000000;\"><span style=\"font-family: Arial Narrow, serif;\">&#8211; Il ruolo internazionale dell&#8217;Egitto: concentrarsi sull&#8217;Egitto, \u00abTa-Mri\u00bb o \u00abLa terra dell&#8217;amore\u00bb, come \u00e8 stata chiamata dai suoi grandi fondatori, e il suo ruolo vitale nelle dinamiche politiche e nel processo di pace del mondo.<\/span><\/span><\/p>\n<p align=\"justify\"><span style=\"color: #000000;\"><span style=\"font-family: Arial Narrow, serif;\">&#8211; Religiosit\u00e0 e appartenenza nazionale: come riunire la nostra fede religiosa con la nostra lealt\u00e0 e con la protezione dell\u2019identit\u00e0 nazionale.<\/span><\/span><\/p>\n<p align=\"justify\"><span style=\"color: #000000;\"><span style=\"font-family: Arial Narrow, serif;\"><b>Strategia 6<\/b><\/span><\/span><\/p>\n<p align=\"justify\"><span style=\"color: #000000;\"><span style=\"font-family: Arial Narrow, serif;\"><i>Preoccupazioni umane<\/i><\/span><\/span><\/p>\n<p align=\"justify\"><span style=\"color: #000000;\"><span style=\"font-family: Arial Narrow, serif;\">Rappresentare le sofferenze umane attraverso l&#8217;espressione letteraria e artistica, alla luce delle ricerche e delle iniziative internazionali di cambiamento positivo.<\/span><\/span><\/p>\n<p align=\"justify\"><span style=\"color: #000000;\"><span style=\"font-family: Arial Narrow, serif;\"><b>Strategia 7<\/b><\/span><\/span><\/p>\n<p align=\"justify\"><span style=\"color: #000000;\"><span style=\"font-family: Arial Narrow, serif;\"><i>Leggi e diritti umani<\/i><\/span><\/span><\/p>\n<p align=\"justify\"><span style=\"color: #000000;\"><span style=\"font-family: Arial Narrow, serif;\">Promuovere analisi e studi approfonditi sulle leggi vigenti, teoria e applicazione alla luce dei diritti umani internazionali.<\/span><\/span><\/p>\n<p align=\"justify\"><span style=\"color: #000000;\"><span style=\"font-family: Arial Narrow, serif;\"><b>Strategia 8<\/b><\/span><\/span><\/p>\n<p align=\"justify\"><span style=\"color: #000000;\"><span style=\"font-family: Arial Narrow, serif;\"><i>Analisi dei media e dell&#8217;arte<\/i><\/span><\/span><\/p>\n<p align=\"justify\"><span style=\"color: #000000;\"><span style=\"font-family: Arial Narrow, serif;\">Promuovere un sistema strutturale visualizzato per analizzare i media e valorizzare l\u2019arte popolare, al fine di studiare l\u2019influenza sul mondo di oggi e sviluppare e attivare le produzioni costruttive di media\/arte.<\/span><\/span><\/p>\n<p align=\"justify\"><span style=\"color: #000000;\"><span style=\"font-family: Arial Narrow, serif;\"><b>Strategia 9<\/b><\/span><\/span><\/p>\n<p align=\"justify\"><span style=\"color: #000000;\"><span style=\"font-family: Arial Narrow, serif;\"><i>Visualizzazione del problema<\/i><\/span><\/span><\/p>\n<p align=\"justify\"><span style=\"color: #000000;\"><span style=\"font-family: Arial Narrow, serif;\">Promozione di un innovativo sistema di modellazione geometrica per visualizzare, analizzare e attivare meccanismi di gestione delle crisi, <\/span><\/span><span style=\"color: #000000;\"><span style=\"font-family: Arial Narrow, serif;\"><i>problem solving<\/i><\/span><\/span><span style=\"color: #000000;\"><span style=\"font-family: Arial Narrow, serif;\"> e risoluzione dei conflitti.<\/span><\/span><\/p>\n<p align=\"justify\"><span style=\"color: #000000;\"><span style=\"font-family: Arial Narrow, serif;\"><b>Strategia 10<\/b><\/span><\/span><\/p>\n<p align=\"justify\"><span style=\"color: #000000;\"><span style=\"font-family: Arial Narrow, serif;\"><i>Sviluppo sostenibile<\/i><\/span><\/span><\/p>\n<p align=\"justify\"><span style=\"color: #000000;\"><span style=\"font-family: Arial Narrow, serif;\">Assumere un nuovo sistema di modellazione geometrica per analizzare, attivare e monitorare tutti i progetti vitali di sviluppo sostenibile: generazione di reddito, emancipazione femminile, TOT, sviluppo educativo &#8230; etc. E\u2019 cos\u00ec che andremo avanti, \u00e8 cos\u00ec che procederemo velocemente nel dare il nostro contributo per salvare il mondo sofferente.<\/span><\/span><\/p>\n<p align=\"justify\"><span style=\"color: #000000;\"><span style=\"font-family: Arial Narrow, serif;\">Siamo infine soddisfatti e lieti dell\u2019impegno dei nostri membri attivi, siano essi membri del <\/span><\/span><span style=\"color: #000000;\"><span style=\"font-family: Arial Narrow, serif;\"><b>Board Europeo<\/b><\/span><\/span><span style=\"color: #000000;\"><span style=\"font-family: Arial Narrow, serif;\"> che del <\/span><\/span><span style=\"color: #000000;\"><span style=\"font-family: Arial Narrow, serif;\"><b>Comitato Consultivo Intercontinentale<\/b><\/span><\/span><span style=\"color: #000000;\"><span style=\"font-family: Arial Narrow, serif;\">. Vorremmo, con grande piacere, presentarli tutti qui. Con un ringraziamento speciale all&#8217;Italia, Paese che ha ben 15 membri nel nostro Consiglio Europeo. Sembra che la Storia si ripeta, come nei secoli XV e XVI quando il Rinascimento era stato avviato dai grandi pionieri italiani. Tuttavia speriamo ancora che gli altri Paesi rinascimentali del passato &#8211; Francia, Germania, Russia, Scandinavia e altri ancora \u2013 impegnino sempre pi\u00f9 i loro luminari di oggi per continuare meglio l\u2019opera del nostro Movimento RINASCIMENTO Millennium III, con piena forza per il bene e l\u2019avvenire del nostro mondo.<\/span><\/span><\/p>\n<p align=\"justify\"><img decoding=\"async\" src=\"file:\/\/\/tmp\/lu1618435t28n.tmp\/lu1618435t28v_tmp_88f111c7cd8a067f.jpg\" width=\"224\" height=\"224\" name=\"Immagine 3\" align=\"bottom\" border=\"0\" \/><\/p>\n<p align=\"justify\"><span style=\"color: #000000;\"><span style=\"font-family: Arial Narrow, serif;\"><span lang=\"en-US\"><b>* <\/b><\/span><\/span><\/span><span style=\"color: #000000;\"><span style=\"font-family: Arial Narrow, serif;\"><span lang=\"en-US\">Presidente fondatore di Rinascimento-Renaissance Millennium III, Professore all\u2019Egyptian-Russian University del Cairo, Pensatore, Poeta, Artista, Ricercatore Scienza della Pace, Consulente\/Ambasciatore per diverse Organizzazioni culturali internazionali che lavorano per la pace mondiale e la soluzione di conflitti. <\/span><\/span><\/span><\/p>\n<p align=\"justify\"><span style=\"color: #000000;\"><span style=\"font-family: Arial Narrow, serif;\"><span lang=\"en-US\">dr.george.onsy@gmail.com \u2013 <\/span><\/span><\/span><u><a href=\"https:\/\/www.facebook.com\/onsygeorge\" target=\"_blank\" rel=\"noopener\"><span style=\"color: #000000;\"><span style=\"font-family: Arial Narrow, serif;\"><span lang=\"en-US\"><span style=\"color: #0000ff;\">https:\/\/www.facebook.com\/onsygeorge<\/span><\/span><\/span><\/span><\/a><\/u><\/p>\n<p align=\"center\"><span style=\"color: #000000;\"><span style=\"font-family: Arial Narrow, serif;\"><span lang=\"en-US\"><b>***<\/b><\/span><\/span><\/span><\/p>\n<p align=\"center\"><span style=\"font-family: Arial Narrow, serif;\"><span style=\"font-size: large;\"><span lang=\"en-US\"><b>RINASCIMENTO-RENAISSANCE Millennium III<\/b><\/span><\/span><\/span><\/p>\n<p><span style=\"font-family: Arial Narrow, serif;\"><span lang=\"en-US\"><u>Founder-President:<\/u><\/span><\/span> <span style=\"font-family: Arial Narrow, serif;\"><span lang=\"en-US\"><b>George Onsy &#8211; EGYPT <\/b><\/span><\/span><span style=\"font-family: Arial Narrow, serif;\"><span lang=\"en-US\"><i>(thinker, writer, poet, artist, peace science researcher).<\/i><\/span><\/span><\/p>\n<p><span style=\"font-family: Arial Narrow, serif;\"><span lang=\"en-US\"><u>Associate President:<\/u><\/span><\/span> <span style=\"font-family: Arial Narrow, serif;\"><span lang=\"en-US\"><b>Goffredo Palmerini &#8211; ITALY <\/b><\/span><\/span><span style=\"font-family: Arial Narrow, serif;\"><span lang=\"en-US\"><i>(writer, journalist, cultural operator).<\/i><\/span><\/span><\/p>\n<p><span style=\"font-family: Arial Narrow, serif;\"><span lang=\"en-US\"><u>Vice President &amp; SD Coordinator:<\/u><\/span><\/span> <span style=\"font-family: Arial Narrow, serif;\"><span lang=\"en-US\"><b>Nikki De Pina &#8211; UK <\/b><\/span><\/span><span style=\"font-family: Arial Narrow, serif;\"><span lang=\"en-US\"><i>(founder-president of Global Peace Let Talk-GPLT).<\/i><\/span><\/span><\/p>\n<p><span style=\"font-family: Arial Narrow, serif;\"><span lang=\"en-US\"><u>Academic Coordinator:<\/u><\/span><\/span> <span style=\"font-family: Arial Narrow, serif;\"><span lang=\"en-US\"><b>Franca Colozzo &#8211; ITALY <\/b><\/span><\/span><span style=\"font-family: Arial Narrow, serif;\"><span lang=\"en-US\"><i>(writer, architect, professor, researcher, Human Right activist).<\/i><\/span><\/span><span style=\"font-family: Arial Narrow, serif;\"><span lang=\"en-US\"><b>\u00a0<\/b><\/span><\/span><\/p>\n<p><span style=\"font-family: Arial Narrow, serif;\"><span lang=\"en-US\"><u>Cultures Dialogue Coordinator:<\/u><\/span><\/span> <span style=\"font-family: Arial Narrow, serif;\"><span lang=\"en-US\"><b>Michela Zanarella \u2013 ITALY <\/b><\/span><\/span><span style=\"font-family: Arial Narrow, serif;\"><span lang=\"en-US\"><i>(president of Euro-Mediterranean Dialogue Network, editor-in-chief, poet).<\/i><\/span><\/span><\/p>\n<p align=\"center\"><a name=\"_GoBack\"><\/a><span style=\"font-family: Arial Narrow, serif;\"><span lang=\"en-US\"><b>AREA\u2019S COORDINATORS<\/b><\/span><\/span><\/p>\n<p align=\"justify\"><span style=\"font-family: Arial Narrow, serif;\"><span lang=\"en-US\"><u>Arab &amp; Islamic World-Europe Coordinators:<\/u><\/span><\/span><span style=\"font-family: Arial Narrow, serif;\"><span lang=\"en-US\"> THE NETHERLANDS-EGYPT:\u00a0<\/span><\/span><span style=\"font-family: Arial Narrow, serif;\"><span lang=\"en-US\"><b>Cornelis Hulsman\u00a0<\/b><\/span><\/span><span style=\"font-family: Arial Narrow, serif;\"><span lang=\"en-US\"><i>(editor-in-chief of ARAB-WEST REPORT, writer, publisher)<\/i><\/span><\/span><span style=\"font-family: Arial Narrow, serif;\"><span lang=\"en-US\"> \u2013 EGYPT: <\/span><\/span><span style=\"font-family: Arial Narrow, serif;\"><span lang=\"en-US\"><b>Maram Qabeel<\/b><\/span><\/span> <span style=\"font-family: Arial Narrow, serif;\"><span lang=\"en-US\"><i>(Isalmic and religions\u2019 dialogue researcher, art\/culture institute president) <\/i><\/span><\/span><span style=\"font-family: Arial Narrow, serif;\"><span lang=\"en-US\">&#8211; MOROCCO:\u00a0<\/span><\/span><span style=\"font-family: Arial Narrow, serif;\"><span lang=\"en-US\"><b>Monsif Berual\u00a0<\/b><\/span><\/span><span style=\"font-family: Arial Narrow, serif;\"><span lang=\"en-US\"><i>(peace ambassador, poet).<\/i><\/span><\/span><\/p>\n<p align=\"justify\"><span style=\"font-family: Arial Narrow, serif;\"><span lang=\"en-US\"><u>Africa-Europe Coordinators:<\/u><\/span><\/span><i> <\/i><span style=\"font-family: Arial Narrow, serif;\"><span lang=\"en-US\">NIGERIA:<\/span><\/span><i> <\/i><span style=\"font-family: Arial Narrow, serif;\"><span lang=\"en-US\"><b>Lamina Kamiludeen\u00a0<\/b><\/span><\/span><span style=\"font-family: Arial Narrow, serif;\"><span lang=\"en-US\"><i>(founder-president of WORLD INSTITUTE FOR PEACE-WIP)<\/i><\/span><\/span><span style=\"font-family: Arial Narrow, serif;\"><span lang=\"en-US\"> &#8211; <\/span><\/span><span style=\"font-family: Arial Narrow, serif;\"><span lang=\"en-US\"><b>Lumazio Azubuike <\/b><\/span><\/span><span style=\"font-family: Arial Narrow, serif;\"><span lang=\"en-US\"><i>(UN Peace Ambassador for Human Rights and Youth Education)<\/i><\/span><\/span><span style=\"font-family: Arial Narrow, serif;\"><span lang=\"en-US\"><b> &#8211; Idrees Amao Hadiyutallah <\/b><\/span><\/span><span style=\"font-family: Arial Narrow, serif;\"><span lang=\"en-US\"><i>(Islamic Institute professor, writer).<\/i><\/span><\/span><\/p>\n<p align=\"justify\"><span style=\"font-family: Arial Narrow, serif;\"><span lang=\"en-US\"><u>Asia-Europe Coordinators:<\/u><\/span><\/span><span style=\"font-family: Arial Narrow, serif;\"><span lang=\"en-US\"> CHINA:<\/span><\/span><i> <\/i><span style=\"font-family: Arial Narrow, serif;\"><span lang=\"en-US\"><b>James Tian\u00a0<\/b><\/span><\/span><span style=\"font-family: Arial Narrow, serif;\"><span lang=\"en-US\"><i>(Central Chinese TV, journalist, poet)<\/i><\/span><\/span><span style=\"font-family: Arial Narrow, serif;\"><span lang=\"en-US\"><b>\u00a0<\/b><\/span><\/span><span style=\"font-family: Arial Narrow, serif;\"><span lang=\"en-US\">\u2013 INDIA-UK: <\/span><\/span><span style=\"font-family: Arial Narrow, serif;\"><span lang=\"en-US\"><b>Jyotirmaya Thakur\u00a0<\/b><\/span><\/span><span style=\"font-family: Arial Narrow, serif;\"><span lang=\"en-US\"><i>(thinker, poet, translator, journalist, peace ambassador).<\/i><\/span><\/span><\/p>\n<p align=\"justify\"><span style=\"font-family: Arial Narrow, serif;\"><span lang=\"en-US\"><u>Lt. America-Europe Coordinators:<\/u><\/span><\/span><span style=\"font-family: Arial Narrow, serif;\"><span lang=\"en-US\"> PERU: <\/span><\/span><span style=\"font-family: Arial Narrow, serif;\"><span lang=\"en-US\"><b>Samuel Cavero\u00a0<\/b><\/span><\/span><span style=\"font-family: Arial Narrow, serif;\"><span lang=\"en-US\"><i>(cultural organization founder-president, writer) &#8211; <\/i><\/span><\/span><span style=\"font-family: Arial Narrow, serif;\"><span lang=\"en-US\"><b>Silvia Ortiz<\/b><\/span><\/span> <span style=\"font-family: Arial Narrow, serif;\"><span lang=\"en-US\"><i>(writer, poet, translator)<\/i><\/span><\/span><span style=\"font-family: Arial Narrow, serif;\"><span lang=\"en-US\"> &#8211; JAMAICA: <\/span><\/span><span style=\"font-family: Arial Narrow, serif;\"><span lang=\"en-US\"><b>Tamika William Curator<\/b><\/span><\/span><span style=\"font-family: Arial Narrow, serif;\"><span lang=\"en-US\"><i> (artist, teacher, peace activist) <\/i><\/span><\/span><span style=\"font-family: Arial Narrow, serif;\"><span lang=\"en-US\">&#8211; CUBA:<\/span><\/span><span style=\"font-family: Arial Narrow, serif;\"><span lang=\"en-US\"><b> Delsa Lopez <\/b><\/span><\/span><span style=\"font-family: Arial Narrow, serif;\"><span lang=\"en-US\"><i>(writer, poet)<\/i><\/span><\/span><span style=\"font-family: Arial Narrow, serif;\"><span lang=\"en-US\"><b>.<\/b><\/span><\/span><\/p>\n<p align=\"justify\"><span style=\"font-family: Arial Narrow, serif;\"><span lang=\"en-US\"><u>N. America-Europe Coordinators:<\/u><\/span><\/span><span style=\"font-family: Arial Narrow, serif;\"><span lang=\"en-US\"> Native AMERICA-CANADA:<\/span><\/span><i> <\/i><span style=\"font-family: Arial Narrow, serif;\"><span lang=\"en-US\"><b>Eilie Brown<\/b><\/span><\/span><span style=\"font-family: Arial Narrow, serif;\"><span lang=\"en-US\"><i> (environment advocate, poet) &#8211; <\/i><\/span><\/span><span style=\"font-family: Arial Narrow, serif;\"><span lang=\"en-US\">USA: <\/span><\/span><span style=\"font-family: Arial Narrow, serif;\"><span lang=\"en-US\"><b>Kasey Kathi Lisnek Gloer<\/b><\/span><\/span><span style=\"font-family: Arial Narrow, serif;\"><span lang=\"en-US\"><i> (women advocate, poet) \u2013 <\/i><\/span><\/span><span style=\"font-family: Arial Narrow, serif;\"><span lang=\"en-US\">CANADA:<\/span><\/span><span style=\"font-family: Arial Narrow, serif;\"><span lang=\"en-US\"><b> Ashok K. Bhargava\u00a0<\/b><\/span><\/span><span style=\"font-family: Arial Narrow, serif;\"><span lang=\"en-US\"><i>(writer, poet, founder-president of WRITERS INTERNATIONAL NETWORK-WIN)<\/i><\/span><\/span><span style=\"font-family: Arial Narrow, serif;\"><span lang=\"en-US\"><b>\u00a0<\/b><\/span><\/span><span style=\"font-family: Arial Narrow, serif;\"><span lang=\"en-US\">\u2013 CANADA-FRANCE: <\/span><\/span><span style=\"font-family: Arial Narrow, serif;\"><span lang=\"en-US\"><b>Th\u00e9r\u00e8se Lepage Lachapelle Bhatnagar\u00a0<\/b><\/span><\/span><span style=\"font-family: Arial Narrow, serif;\"><span lang=\"en-US\"><i>(writer, culture-study researcher, ballroom dancer).<\/i><\/span><\/span><\/p>\n<p align=\"justify\"><span style=\"font-family: Arial Narrow, serif;\"><span lang=\"en-US\"><u>Australia-Europe Coordinator:<\/u><\/span><\/span><i> <\/i><span style=\"font-family: Arial Narrow, serif;\"><span lang=\"en-US\"><b>Ade Caparas Manilah<\/b><\/span><\/span><span style=\"font-family: Arial Narrow, serif;\"><span lang=\"en-US\"><i> (founder of POETRY, METAPHYSICS AND SOCIETY, writer, artist, designer).<\/i><\/span><\/span><\/p>\n<p align=\"center\"><span style=\"font-family: Arial Narrow, serif;\"><span lang=\"en-US\"><b>OUR MEDIA &amp; PUBLICATION COMMITTEE<\/b><\/span><\/span><\/p>\n<p align=\"justify\"><span style=\"font-family: Arial Narrow, serif;\"><span lang=\"en-US\"><u><b>EUROPE<\/b><\/u><\/span><\/span><b> <\/b><span style=\"font-family: Arial Narrow, serif;\"><span lang=\"en-US\"><u>ITALY:<\/u><\/span><\/span> <span style=\"font-family: Arial Narrow, serif;\"><span lang=\"en-US\"><b>Maria Miraglia <\/b><\/span><\/span><span style=\"font-family: Arial Narrow, serif;\"><span lang=\"en-US\"><i>(founder of WFP, writer, professor of literature, cultural event organizer)<\/i><\/span><\/span><b> <\/b><span style=\"font-family: Arial Narrow, serif;\"><span lang=\"en-US\">\u2013<\/span><\/span><span style=\"font-family: Arial Narrow, serif;\"><span lang=\"en-US\"><b> Elisa Mascia <\/b><\/span><\/span><span style=\"font-family: Arial Narrow, serif;\"><span lang=\"en-US\"><i>(Editor Alessandria magazine, radio Krysol Internacional, cultural event organizer, poet) <\/i><\/span><\/span><span style=\"font-family: Arial Narrow, serif;\"><span lang=\"en-US\">\u2013<\/span><\/span><span style=\"font-family: Arial Narrow, serif;\"><span lang=\"en-US\"><i>\u00a0<\/i><\/span><\/span><span style=\"font-family: Arial Narrow, serif;\"><span lang=\"en-US\"><b>Massimo Massa (<\/b><\/span><\/span><span style=\"font-family: Arial Narrow, serif;\"><span lang=\"en-US\"><i>writer, cultural event organizer, publisher, poet, artist)<\/i><\/span><\/span><b> <\/b><span style=\"font-family: Arial Narrow, serif;\"><span lang=\"en-US\">\u2013<\/span><\/span><span style=\"font-family: Arial Narrow, serif;\"><span lang=\"en-US\"><b> Maria Teresa Manta <\/b><\/span><\/span><span style=\"font-family: Arial Narrow, serif;\"><span lang=\"en-US\"><i>(radio literary critic professor, writer, poet,) &#8211; <\/i><\/span><\/span><span style=\"font-family: Arial Narrow, serif;\"><span lang=\"en-US\"><b>Regina Resta<\/b><\/span><\/span><span style=\"font-family: Arial Narrow, serif;\"><span lang=\"en-US\"><i> (President Verbumalandiart, cultural event organizer, poet) \u2013 <\/i><\/span><\/span><span style=\"font-family: Arial Narrow, serif;\"><span lang=\"en-US\"><b>Vincenzo de Caro<\/b><\/span><\/span><span style=\"font-family: Arial Narrow, serif;\"><span lang=\"en-US\"><i> (founder of FB cultural groups\u2019 Network, writer) <\/i><\/span><\/span><span style=\"font-family: Arial Narrow, serif;\"><span lang=\"en-US\">\u2013<\/span><\/span><b> <\/b><span style=\"font-family: Arial Narrow, serif;\"><span lang=\"en-US\"><u>IRELAND:<\/u><\/span><\/span><span style=\"font-family: Arial Narrow, serif;\"><span lang=\"en-US\"><b> Marya Berry <\/b><\/span><\/span><span style=\"font-family: Arial Narrow, serif;\"><span lang=\"en-US\"><i>(foreign correspondent, broadcaster, radio critic, writer) <\/i><\/span><\/span><span style=\"font-family: Arial Narrow, serif;\"><span lang=\"en-US\"><b>&#8211; <\/b><\/span><\/span><span style=\"font-family: Arial Narrow, serif;\"><span lang=\"en-US\"><u>SPAIN:<\/u><\/span><\/span> <span style=\"font-family: Arial Narrow, serif;\"><span lang=\"en-US\"><b>Jose Luis Rubio Zarzuela<\/b><\/span><\/span> <span style=\"font-family: Arial Narrow, serif;\"><span lang=\"en-US\"><i>(editor-in-chief of Revista Poetica Azahar, poet) &#8211; <\/i><\/span><\/span><span style=\"font-family: Arial Narrow, serif;\"><span lang=\"en-US\"><b>Jose Carlos Ramos<\/b><\/span><\/span><span style=\"font-family: Arial Narrow, serif;\"><span lang=\"en-US\"><i>\u00a0(founder of Radio Magic, poet) &#8211; <\/i><\/span><\/span><span style=\"font-family: Arial Narrow, serif;\"><span lang=\"en-US\"><b>Victoria Nowak<\/b><\/span><\/span><span style=\"font-family: Arial Narrow, serif;\"><span lang=\"en-US\"><i> (co-founder of Radio Magic,\u00a0writer)<\/i><\/span><\/span><span style=\"font-family: Arial Narrow, serif;\"><span lang=\"en-US\"> &#8211; <\/span><\/span><span style=\"font-family: Arial Narrow, serif;\"><span lang=\"en-US\"><u>GREECE:<\/u><\/span><\/span> <span style=\"font-family: Arial Narrow, serif;\"><span lang=\"en-US\"><b>Roula Pollard<\/b><\/span><\/span> <span style=\"font-family: Arial Narrow, serif;\"><span lang=\"en-US\"><i>(writer, poet, literary promoter)<\/i><\/span><\/span> <span style=\"font-family: Arial Narrow, serif;\"><span lang=\"en-US\">\u2013<\/span><\/span><span style=\"font-family: Arial Narrow, serif;\"><span lang=\"en-US\"><b> Eva Potropoylou Lianoy <\/b><\/span><\/span><span style=\"font-family: Arial Narrow, serif;\"><span lang=\"en-US\"><i>(writer, journalist).<\/i><\/span><\/span><\/p>\n<p align=\"justify\"><span style=\"font-family: Arial Narrow, serif;\"><span lang=\"en-US\"><u><b>LATIN AMERICA<\/b><\/u><\/span><\/span> <span style=\"font-family: Arial Narrow, serif;\"><span lang=\"en-US\"><u>CHILE:<\/u><\/span><\/span> <span style=\"font-family: Arial Narrow, serif;\"><span lang=\"en-US\"><b>Manuel Antonio Rodrigez Retamal (Maktub Azur)\u00a0<\/b><\/span><\/span><span style=\"font-family: Arial Narrow, serif;\"><span lang=\"en-US\"><i>(broadcaster at krysol Internacional, cultural events organizer, writer, poet) &#8211; <\/i><\/span><\/span><span style=\"font-family: Arial Narrow, serif;\"><span lang=\"en-US\"><u>Lt. AMERICA-Italy<\/u><\/span><\/span><span style=\"font-family: Arial Narrow, serif;\"><span lang=\"en-US\"><i>: <\/i><\/span><\/span><span style=\"font-family: Arial Narrow, serif;\"><span lang=\"en-US\"><b>Stefano Capasso\u00a0<\/b><\/span><\/span><span style=\"font-family: Arial Narrow, serif;\"><span lang=\"en-US\"><i>(cultural event organizer, publisher, poet) \u2013 <\/i><\/span><\/span><span style=\"font-family: Arial Narrow, serif;\"><span lang=\"en-US\"><u>MEXICO<\/u><\/span><\/span><span style=\"font-family: Arial Narrow, serif;\"><span lang=\"en-US\"><i>: <\/i><\/span><\/span><span style=\"font-family: Arial Narrow, serif;\"><span lang=\"en-US\"><b>Veronica Valadez <\/b><\/span><\/span><span style=\"font-family: Arial Narrow, serif;\"><span lang=\"en-US\"><i>(Broadcaster journalist, educationalist, poet). <\/i><\/span><\/span><\/p>\n<p align=\"justify\"><span style=\"font-family: Arial Narrow, serif;\"><span lang=\"en-US\"><u><b>ASIA<\/b><\/u><\/span><\/span><b> <\/b><span style=\"font-family: Arial Narrow, serif;\"><span lang=\"en-US\"><u>CHINA:<\/u><\/span><\/span><i> <\/i><span style=\"font-family: Arial Narrow, serif;\"><span lang=\"en-US\"><b>Zhi Zhang <\/b><\/span><\/span><span style=\"font-family: Arial Narrow, serif;\"><span lang=\"en-US\"><i>(poet, critic, translator, publisher)<\/i><\/span><\/span><span style=\"font-family: Arial Narrow, serif;\"><span lang=\"en-US\"><b>\u00a0<\/b><\/span><\/span><span style=\"font-family: Arial Narrow, serif;\"><span lang=\"en-US\"><i>\u2013<\/i><\/span><\/span> <span style=\"font-family: Arial Narrow, serif;\"><span lang=\"en-US\"><u>CHINA-NZ:<\/u><\/span><\/span><span style=\"font-family: Arial Narrow, serif;\"><span lang=\"en-US\"><b> Sue Zhu <\/b><\/span><\/span><span style=\"font-family: Arial Narrow, serif;\"><span lang=\"en-US\"><i>(poetess)<\/i><\/span><\/span><b> <\/b><span style=\"font-family: Arial Narrow, serif;\"><span lang=\"en-US\">\u2013 <\/span><\/span><span style=\"font-family: Arial Narrow, serif;\"><span lang=\"en-US\"><u>INDIA:<\/u><\/span><\/span> <span style=\"font-family: Arial Narrow, serif;\"><span lang=\"en-US\"><b>Jernail Sing Anand <\/b><\/span><\/span><span style=\"font-family: Arial Narrow, serif;\"><span lang=\"en-US\"><i>(thinker, writer, poet, publisher) &#8211;<\/i><\/span><\/span><span style=\"font-family: Arial Narrow, serif;\"><span lang=\"en-US\"><b> Sethi Krishan Chand <\/b><\/span><\/span><span style=\"font-family: Arial Narrow, serif;\"><span lang=\"en-US\"><i>(publisher, writer, poet) <\/i><\/span><\/span><span style=\"font-family: Arial Narrow, serif;\"><span lang=\"en-US\">&#8211;<\/span><\/span><span style=\"font-family: Arial Narrow, serif;\"><span lang=\"en-US\"><b> Priyatosh Das <\/b><\/span><\/span><span style=\"font-family: Arial Narrow, serif;\"><span lang=\"en-US\"><i>(poet, networking) <\/i><\/span><\/span><span style=\"font-family: Arial Narrow, serif;\"><span lang=\"en-US\">\u2013 <\/span><\/span><span style=\"font-family: Arial Narrow, serif;\"><span lang=\"en-US\"><u>PAKISTAN:<\/u><\/span><\/span> <span style=\"font-family: Arial Narrow, serif;\"><span lang=\"en-US\"><b>Ayub Khawar<\/b><\/span><\/span> <span style=\"font-family: Arial Narrow, serif;\"><span lang=\"en-US\"><i>(TV producer-director, playwright, lyricist, poet)<\/i><\/span><\/span><span style=\"font-family: Arial Narrow, serif;\"><span lang=\"en-US\"> &#8211; <\/span><\/span><span style=\"font-family: Arial Narrow, serif;\"><span lang=\"en-US\"><b>Yaqueen Ahmed<\/b><\/span><\/span> <span style=\"font-family: Arial Narrow, serif;\"><span lang=\"en-US\"><i>(writer, poet, journalist, peace ambassador) \u2013 <\/i><\/span><\/span><span style=\"font-family: Arial Narrow, serif;\"><span lang=\"en-US\"><u>PHILIPPINES:<\/u><\/span><\/span><i> <\/i><span style=\"font-family: Arial Narrow, serif;\"><span lang=\"en-US\"><b>Eden Soriano Trinidad <\/b><\/span><\/span><span style=\"font-family: Arial Narrow, serif;\"><span lang=\"en-US\"><i>(cultural event organizer, poet).<\/i><\/span><\/span><\/p>\n<p align=\"justify\"><span style=\"font-family: Arial Narrow, serif;\"><span lang=\"en-US\"><u><b>THE ARAB WORLD<\/b><\/u><\/span><\/span><b> <\/b><span style=\"font-family: Arial Narrow, serif;\"><span lang=\"en-US\"><u>EGYPT:<\/u><\/span><\/span> <span style=\"font-family: Arial Narrow, serif;\"><span lang=\"en-US\"><b>Mamdouh Abdel-Aziz <\/b><\/span><\/span><span style=\"font-family: Arial Narrow, serif;\"><span lang=\"en-US\"><i>(president of LCC News Network, journalist) &#8211;<\/i><\/span><\/span><span style=\"font-family: Arial Narrow, serif;\"><span lang=\"en-US\"><b> Ahmed Aly <\/b><\/span><\/span><span style=\"font-family: Arial Narrow, serif;\"><span lang=\"en-US\"><i>(national campaign media official, journalist, writer)<\/i><\/span><\/span><span style=\"font-family: Arial Narrow, serif;\"><span lang=\"en-US\"><b> \u2013 Kamal Mattar <\/b><\/span><\/span><span style=\"font-family: Arial Narrow, serif;\"><span lang=\"en-US\"><i>(TV producer director) &#8211;<\/i><\/span><\/span><span style=\"font-family: Arial Narrow, serif;\"><span lang=\"en-US\"><b> Alaa Rizk\u00a0<\/b><\/span><\/span><span style=\"font-family: Arial Narrow, serif;\"><span lang=\"en-US\"><i>(strategic center president, journalist).<\/i><\/span><\/span><\/p>\n<p align=\"center\"><span style=\"font-family: Arial Narrow, serif;\"><span lang=\"en-US\"><b>OUR EUROPEAN BOARD<\/b><\/span><\/span><\/p>\n<p align=\"justify\"><span style=\"font-family: Arial Narrow, serif;\"><span lang=\"en-US\"><u><b>ITALY<\/b><\/u><\/span><\/span><span style=\"font-family: Arial Narrow, serif;\"><span lang=\"en-US\"><u>:<\/u><\/span><\/span> <span style=\"font-family: Arial Narrow, serif;\"><span lang=\"en-US\"><b>Marina Pratici <\/b><\/span><\/span><span style=\"font-family: Arial Narrow, serif;\"><span lang=\"en-US\"><i>(cultural event president, writer, literary critic, poet) <\/i><\/span><\/span><span style=\"font-family: Arial Narrow, serif;\"><span lang=\"en-US\">\u2013<\/span><\/span><span style=\"font-family: Arial Narrow, serif;\"><span lang=\"en-US\"><b> Sergio Camellini <\/b><\/span><\/span><span style=\"font-family: Arial Narrow, serif;\"><span lang=\"en-US\"><i>(Italy\u2019s laureate poet, psychologist<\/i><\/span><\/span><span style=\"font-family: Arial Narrow, serif;\"><span lang=\"en-US\">)<\/span><\/span><b> <\/b><span style=\"font-family: Arial Narrow, serif;\"><span lang=\"en-US\">\u2013 <\/span><\/span><span style=\"font-family: Arial Narrow, serif;\"><span lang=\"en-US\"><b>Calogero La Vecchia <\/b><\/span><\/span><span style=\"font-family: Arial Narrow, serif;\"><span lang=\"en-US\"><i>(cultural event organizer, professor, writer)<\/i><\/span><\/span><b> <\/b><span style=\"font-family: Arial Narrow, serif;\"><span lang=\"en-US\">\u2013 <\/span><\/span><span style=\"font-family: Arial Narrow, serif;\"><span lang=\"en-US\"><b>Antonio Granai d\u2019Italia Licari <\/b><\/span><\/span><span style=\"font-family: Arial Narrow, serif;\"><span lang=\"en-US\"><i>(poet, cardiologist <\/i><\/span><\/span><span style=\"font-family: Arial Narrow, serif;\"><span lang=\"en-US\">\u2013<\/span><\/span><span style=\"font-family: Arial Narrow, serif;\"><span lang=\"en-US\"><b> Gaia Grec <\/b><\/span><\/span><span style=\"font-family: Arial Narrow, serif;\"><span lang=\"en-US\"><i>(cultural event organizer, writer)<\/i><\/span><\/span><span style=\"font-family: Arial Narrow, serif;\"><span lang=\"en-US\">&#8211;<\/span><\/span><span style=\"font-family: Arial Narrow, serif;\"><span lang=\"en-US\"><b> Maria D\u2019Ippolito <\/b><\/span><\/span><span style=\"font-family: Arial Narrow, serif;\"><span lang=\"en-US\"><i>(poet, editor)<\/i><\/span><\/span><b> <\/b><span style=\"font-family: Arial Narrow, serif;\"><span lang=\"en-US\">\u2013<\/span><\/span><span style=\"font-family: Arial Narrow, serif;\"><span lang=\"en-US\"><b> Maria Luisa Gasperini <\/b><\/span><\/span><span style=\"font-family: Arial Narrow, serif;\"><span lang=\"en-US\"><i>(history reseacher, medical doctor).<\/i><\/span><\/span><\/p>\n<p align=\"justify\"><span style=\"font-family: Arial Narrow, serif;\"><span lang=\"en-US\"><u><b>FRANCE:<\/b><\/u><\/span><\/span> <span style=\"font-family: Arial Narrow, serif;\"><span lang=\"en-US\"><b>Catherine Boissaye <\/b><\/span><\/span><span style=\"font-family: Arial Narrow, serif;\"><span lang=\"en-US\"><i>(poet, admin of French FB cultural groups)<\/i><\/span><\/span><span style=\"font-family: Arial Narrow, serif;\"><span lang=\"en-US\"> \u2013 <\/span><\/span><span style=\"font-family: Arial Narrow, serif;\"><span lang=\"en-US\"><b>Dominque Brats<\/b><\/span><\/span> <span style=\"font-family: Arial Narrow, serif;\"><span lang=\"en-US\"><i>(Unicef member, FB cultural groups founder, writer)<\/i><\/span><\/span><span style=\"font-family: Arial Narrow, serif;\"><span lang=\"en-US\"> &#8211; <\/span><\/span><span style=\"font-family: Arial Narrow, serif;\"><span lang=\"en-US\"><b>Alain Notteghem<\/b><\/span><\/span> <span style=\"font-family: Arial Narrow, serif;\"><span lang=\"en-US\"><i>(writer).<\/i><\/span><\/span><\/p>\n<p><span style=\"font-family: Arial Narrow, serif;\"><span lang=\"en-US\"><u><b>BELGIUM<\/b><\/u><\/span><\/span> <span style=\"font-family: Arial Narrow, serif;\"><span lang=\"en-US\"><b>Anne-Marie De Cock<\/b><\/span><\/span><span style=\"font-family: Arial Narrow, serif;\"><span lang=\"en-US\"><i> (Educationalist of young generations).<\/i><\/span><\/span><\/p>\n<p><span style=\"font-family: Arial Narrow, serif;\"><span lang=\"en-US\"><u><b>UK<\/b><\/u><\/span><\/span><span style=\"font-family: Arial Narrow, serif;\"><span lang=\"en-US\">: <\/span><\/span><span style=\"font-family: Arial Narrow, serif;\"><span lang=\"en-US\"><b>Keith Barnard <\/b><\/span><\/span><span style=\"font-family: Arial Narrow, serif;\"><span lang=\"en-US\"><i>(poet-composer) <\/i><\/span><\/span><span style=\"font-family: Arial Narrow, serif;\"><span lang=\"en-US\">&#8211; <\/span><\/span><span style=\"font-family: Arial Narrow, serif;\"><span lang=\"en-US\"><b>Kristine Krosi <\/b><\/span><\/span><span style=\"font-family: Arial Narrow, serif;\"><span lang=\"en-US\"><i>(event producer, professional dance instructor) &#8211; <\/i><\/span><\/span><span style=\"font-family: Arial Narrow, serif;\"><span lang=\"en-US\"><b>Clive Norman <\/b><\/span><\/span><span style=\"font-family: Arial Narrow, serif;\"><span lang=\"en-US\"><i>(poet)<\/i><\/span><\/span><b> <\/b><span style=\"font-family: Arial Narrow, serif;\"><span lang=\"en-US\">\u2013<\/span><\/span><span style=\"font-family: Arial Narrow, serif;\"><span lang=\"en-US\"><b> Gerald Weeks <\/b><\/span><\/span><span style=\"font-family: Arial Narrow, serif;\"><span lang=\"en-US\"><i>(poet, painter)<\/i><\/span><\/span><span style=\"font-family: Arial Narrow, serif;\"><span lang=\"en-US\">. <\/span><\/span><\/p>\n<p><span style=\"font-family: Arial Narrow, serif;\"><u><b>SPAIN<\/b><\/u><\/span><span style=\"font-family: Arial Narrow, serif;\">: <\/span><span style=\"font-family: Arial Narrow, serif;\"><b>Ana Maria Lorenzo<\/b><\/span><span style=\"font-family: Arial Narrow, serif;\"><i> (Spain\u2019s laureate poet) <\/i><\/span><span style=\"font-family: Arial Narrow, serif;\">\u2013 <\/span><span style=\"font-family: Arial Narrow, serif;\"><b>Jose Santiago <\/b><\/span><span style=\"font-family: Arial Narrow, serif;\"><i>(poet).<\/i><\/span><\/p>\n<p><span style=\"font-family: Arial Narrow, serif;\"><span lang=\"en-US\"><u><b>PORTUGAL:<\/b><\/u><\/span><\/span> <span style=\"font-family: Arial Narrow, serif;\"><span lang=\"en-US\"><b>Paulacristina<\/b><\/span><\/span><i> <\/i><span style=\"font-family: Arial Narrow, serif;\"><span lang=\"en-US\"><b>Conseicao<\/b><\/span><\/span><span style=\"font-family: Arial Narrow, serif;\"><span lang=\"en-US\"><i> (poet).<\/i><\/span><\/span><\/p>\n<p><span style=\"font-family: Arial Narrow, serif;\"><span lang=\"en-US\"><u><b>GERMANY<\/b><\/u><\/span><\/span><span style=\"font-family: Arial Narrow, serif;\"><span lang=\"en-US\"><b>: Aprilia Zank <\/b><\/span><\/span><span style=\"font-family: Arial Narrow, serif;\"><span lang=\"en-US\"><i>(professor of literature, writer, poet, translator) <\/i><\/span><\/span><span style=\"font-family: Arial Narrow, serif;\"><span lang=\"en-US\">\u2013 <\/span><\/span><span style=\"font-family: Arial Narrow, serif;\"><span lang=\"en-US\"><b>Elisabeth Dietz <\/b><\/span><\/span><span style=\"font-family: Arial Narrow, serif;\"><span lang=\"en-US\"><i>(translator)<\/i><\/span><\/span><b> <\/b><span style=\"font-family: Arial Narrow, serif;\"><span lang=\"en-US\">\u2013 <\/span><\/span><span style=\"font-family: Arial Narrow, serif;\"><span lang=\"en-US\"><b>Christa Werth <\/b><\/span><\/span><span style=\"font-family: Arial Narrow, serif;\"><span lang=\"en-US\"><i>(writer).<\/i><\/span><\/span><\/p>\n<p><span style=\"font-family: Arial Narrow, serif;\"><u><b>AUSTRIA: <\/b><\/u><\/span><span style=\"font-family: Arial Narrow, serif;\"><b>Dariusz Pacak <\/b><\/span><span style=\"font-family: Arial Narrow, serif;\"><i>(professor, poet)<\/i><\/span><span style=\"font-family: Arial Narrow, serif;\">.<\/span><\/p>\n<p><span style=\"font-family: Arial Narrow, serif;\"><span lang=\"en-US\"><u><b>SWEDEN<\/b><\/u><\/span><\/span><span style=\"font-family: Arial Narrow, serif;\"><span lang=\"en-US\">: <\/span><\/span><span style=\"font-family: Arial Narrow, serif;\"><span lang=\"en-US\"><b>Per Josefsson<\/b><\/span><\/span> <span style=\"font-family: Arial Narrow, serif;\"><span lang=\"en-US\"><i>(writer, poet, translator)<\/i><\/span><\/span><span style=\"font-family: Arial Narrow, serif;\"><span lang=\"en-US\"> \u2013 <\/span><\/span><span style=\"font-family: Arial Narrow, serif;\"><span lang=\"en-US\"><b>Joanna Svensson<\/b><\/span><\/span> <span style=\"font-family: Arial Narrow, serif;\"><span lang=\"en-US\"><i>(writer, poet).<\/i><\/span><\/span><\/p>\n<p><span style=\"font-family: Arial Narrow, serif;\"><span lang=\"en-US\"><u><b>RUSSIA<\/b><\/u><\/span><\/span><span style=\"font-family: Arial Narrow, serif;\"><span lang=\"en-US\">: <\/span><\/span><span style=\"font-family: Arial Narrow, serif;\"><span lang=\"en-US\"><b>Anjela Postnikova<\/b><\/span><\/span><span style=\"font-family: Arial Narrow, serif;\"><span lang=\"en-US\">\u00a0<\/span><\/span><span style=\"font-family: Arial Narrow, serif;\"><span lang=\"en-US\"><i>(writer, professor, future researcher) <\/i><\/span><\/span><span style=\"font-family: Arial Narrow, serif;\"><span lang=\"en-US\">&#8211; <\/span><\/span><span style=\"font-family: Arial Narrow, serif;\"><span lang=\"en-US\"><b>Olga Nekludova\u00a0<\/b><\/span><\/span><span style=\"font-family: Arial Narrow, serif;\"><span lang=\"en-US\"><i>(language and literature professor) <\/i><\/span><\/span><span style=\"font-family: Arial Narrow, serif;\"><span lang=\"en-US\"><i><b>\u2013 <\/b><\/i><\/span><\/span><span style=\"font-family: Arial Narrow, serif;\"><span lang=\"en-US\"><b>Elena Guryeva<\/b><\/span><\/span><span style=\"font-family: Arial Narrow, serif;\"><span lang=\"en-US\"><i>\u00a0 professor)<\/i><\/span><\/span><span style=\"font-family: Arial Narrow, serif;\"><span lang=\"en-US\">.<\/span><\/span><\/p>\n<p><span style=\"font-family: Arial Narrow, serif;\"><span lang=\"en-US\"><u><b>GREECE:<\/b><\/u><\/span><\/span> <span style=\"font-family: Arial Narrow, serif;\"><span lang=\"en-US\"><b>Melina Papa <\/b><\/span><\/span><span style=\"font-family: Arial Narrow, serif;\"><span lang=\"en-US\"><i>(writer, translator) &#8211; <\/i><\/span><\/span><span style=\"font-family: Arial Narrow, serif;\"><span lang=\"en-US\"><b>Dimitris P. Kraniotis <\/b><\/span><\/span><span style=\"font-family: Arial Narrow, serif;\"><span lang=\"en-US\"><i>(poet, medical doctor)<\/i><\/span><\/span><span style=\"font-family: Arial Narrow, serif;\"><span lang=\"en-US\"><b>.<\/b><\/span><\/span><\/p>\n<p><span style=\"font-family: Arial Narrow, serif;\"><u><b>ALBANIA:<\/b><\/u><\/span><span style=\"font-family: Arial Narrow, serif;\"><b> Delo Isufi <\/b><\/span><span style=\"font-family: Arial Narrow, serif;\"><i>(lawyer, writer).<\/i><\/span><\/p>\n<p><span style=\"font-family: Arial Narrow, serif;\"><span lang=\"en-US\"><u><b>SERBIA<\/b><\/u><\/span><\/span><span style=\"font-family: Arial Narrow, serif;\"><span lang=\"en-US\">: <\/span><\/span><span style=\"font-family: Arial Narrow, serif;\"><span lang=\"en-US\"><b>Marija Najthefer Popov<\/b><\/span><\/span> <span style=\"font-family: Arial Narrow, serif;\"><span lang=\"en-US\"><i>(cultural event organizer, writer).<\/i><\/span><\/span><\/p>\n<p align=\"center\"><span style=\"font-family: Arial Narrow, serif;\"><span lang=\"en-US\"><b>OUR INTERCONTINENTAL ADVISORY COMMITTEE<\/b><\/span><\/span><\/p>\n<p><span style=\"font-family: Arial Narrow, serif;\"><span lang=\"en-US\"><u><b>USA<\/b><\/u><\/span><\/span><span style=\"font-family: Arial Narrow, serif;\"><span lang=\"en-US\">: <\/span><\/span><span style=\"font-family: Arial Narrow, serif;\"><span lang=\"en-US\"><b>Renee Drummond Brown <\/b><\/span><\/span><span style=\"font-family: Arial Narrow, serif;\"><span lang=\"en-US\"><i>(writer, poet) <\/i><\/span><\/span><span style=\"font-family: Arial Narrow, serif;\"><span lang=\"en-US\">\u2013<\/span><\/span><span style=\"font-family: Arial Narrow, serif;\"><span lang=\"en-US\"><b> Duane Vorhees <\/b><\/span><\/span><span style=\"font-family: Arial Narrow, serif;\"><span lang=\"en-US\"><i>(poetry website founder, poet).<\/i><\/span><\/span><\/p>\n<p><span style=\"font-family: Arial Narrow, serif;\"><u><b>CANADA-Croatia:<\/b><\/u><\/span> <span style=\"font-family: Arial Narrow, serif;\"><b>Ibrahim Honjo <\/b><\/span><span style=\"font-family: Arial Narrow, serif;\"><i>(poet)<\/i><\/span><span style=\"font-family: Arial Narrow, serif;\">.<\/span><\/p>\n<p><span style=\"font-family: Arial Narrow, serif;\"><u><b>LATIN AMERICA:<\/b><\/u><\/span> <span style=\"font-family: Arial Narrow, serif;\"><u>Peru:<\/u><\/span> <span style=\"font-family: Arial Narrow, serif;\"><b>Carlos Garrido Chal\u00e9n <\/b><\/span><span style=\"font-family: Arial Narrow, serif;\"><i>(founder-president of Union Hispanicomondial de los Escritores-UHE, poet)<\/i><\/span><b> <\/b><span style=\"font-family: Arial Narrow, serif;\">\u2013<\/span><span style=\"font-family: Arial Narrow, serif;\"><b> Enrique Linero Serrano <\/b><\/span><span style=\"font-family: Arial Narrow, serif;\"><i>(cultural organization founder-president, economist, poet) <\/i><\/span><span style=\"font-family: Arial Narrow, serif;\">\u2013 <\/span><span style=\"font-family: Arial Narrow, serif;\"><u>Mexico:<\/u><\/span><span style=\"font-family: Arial Narrow, serif;\"><b> Alicia Minjarez Ramirez <\/b><\/span><span style=\"font-family: Arial Narrow, serif;\"><i>(professor, poet)<\/i><\/span><span style=\"font-family: Arial Narrow, serif;\"><b> \u2013 <\/b><\/span><span style=\"font-family: Arial Narrow, serif;\"><u>Argentina:<\/u><\/span><span style=\"font-family: Arial Narrow, serif;\"><b> Griselda Alicia Soriano Chiesa <\/b><\/span><span style=\"font-family: Arial Narrow, serif;\"><i>(writer)<\/i><\/span><span style=\"font-family: Arial Narrow, serif;\"><b> \u2013 Maria Cerminara <\/b><\/span><span style=\"font-family: Arial Narrow, serif;\"><i>(WUP, poet)<\/i><\/span><span style=\"font-family: Arial Narrow, serif;\"><b> &#8211; <\/b><\/span><span style=\"font-family: Arial Narrow, serif;\"><u>Columbia:<\/u><\/span> <span style=\"font-family: Arial Narrow, serif;\"><b>Noe Andres Trujillo <\/b><\/span><span style=\"font-family: Arial Narrow, serif;\"><i>(writer)<\/i><\/span><span style=\"font-family: Arial Narrow, serif;\">.<\/span><\/p>\n<p><span style=\"font-family: Arial Narrow, serif;\"><span lang=\"en-US\"><u><b>AUSTRALIA:<\/b><\/u><\/span><\/span> <span style=\"font-family: Arial Narrow, serif;\"><span lang=\"en-US\"><b>Nancy Deniss <\/b><\/span><\/span><span style=\"font-family: Arial Narrow, serif;\"><span lang=\"en-US\"><i>(poet)<\/i><\/span><\/span><span style=\"font-family: Arial Narrow, serif;\"><span lang=\"en-US\">.<\/span><\/span><\/p>\n<p><span style=\"font-family: Arial Narrow, serif;\"><span lang=\"en-US\"><u><b>AFRICA<\/b><\/u><\/span><\/span> <span style=\"font-family: Arial Narrow, serif;\"><span lang=\"en-US\"><u>Ghana:<\/u><\/span><\/span> <span style=\"font-family: Arial Narrow, serif;\"><span lang=\"en-US\"><b>Akua Withmina\u00a0<\/b><\/span><\/span><span style=\"font-family: Arial Narrow, serif;\"><span lang=\"en-US\"><i>(educational developer, school principle, writer)\u00a0<\/i><\/span><\/span><span style=\"font-family: Arial Narrow, serif;\"><span lang=\"en-US\">\u2013 <\/span><\/span><span style=\"font-family: Arial Narrow, serif;\"><span lang=\"en-US\"><u>Nigeria:<\/u><\/span><\/span><span style=\"font-family: Arial Narrow, serif;\"><span lang=\"en-US\"><b> Prince Guy<\/b><\/span><\/span> <span style=\"font-family: Arial Narrow, serif;\"><span lang=\"en-US\"><i>(Lawyer, youth Ambassador, poet, speaker)<\/i><\/span><\/span><span style=\"font-family: Arial Narrow, serif;\"><span lang=\"en-US\">.<\/span><\/span><\/p>\n<p align=\"justify\"><span style=\"font-family: Arial Narrow, serif;\"><span lang=\"en-US\"><u><b>ASIA<\/b><\/u><\/span><\/span> <span style=\"font-family: Arial Narrow, serif;\"><span lang=\"en-US\"><u>China:<\/u><\/span><\/span><span style=\"font-family: Arial Narrow, serif;\"><span lang=\"en-US\"><b> KC Lee <\/b><\/span><\/span><span style=\"font-family: Arial Narrow, serif;\"><span lang=\"en-US\"><i>(philosophical thinker, poet) \u2013<\/i><\/span><\/span> <span style=\"font-family: Arial Narrow, serif;\"><span lang=\"en-US\"><u>China-NZ:<\/u><\/span><\/span><b> <\/b><span style=\"font-family: Arial Narrow, serif;\"><span lang=\"en-US\">\u2013 <\/span><\/span><span style=\"font-family: Arial Narrow, serif;\"><span lang=\"en-US\"><u>Japan-Paris:<\/u><\/span><\/span><span style=\"font-family: Arial Narrow, serif;\"><span lang=\"en-US\">\u00a0<\/span><\/span><span style=\"font-family: Arial Narrow, serif;\"><span lang=\"en-US\"><b>Toshie Tai <\/b><\/span><\/span><span style=\"font-family: Arial Narrow, serif;\"><span lang=\"en-US\"><i>(lyricist-calligraphic master, poet) <\/i><\/span><\/span><span style=\"font-family: Arial Narrow, serif;\"><span lang=\"en-US\">\u2013 <\/span><\/span><span style=\"font-family: Arial Narrow, serif;\"><span lang=\"en-US\"><u>Korea:<\/u><\/span><\/span> <span style=\"font-family: Arial Narrow, serif;\"><span lang=\"en-US\"><b>Sungrye Han <\/b><\/span><\/span><span style=\"font-family: Arial Narrow, serif;\"><span lang=\"en-US\"><i>(professor-poet)<\/i><\/span><\/span> <span style=\"font-family: Arial Narrow, serif;\"><span lang=\"en-US\"><u>India:<\/u><\/span><\/span> <span style=\"font-family: Arial Narrow, serif;\"><span lang=\"en-US\"><b>Sumana Bhattacharjee <\/b><\/span><\/span><span style=\"font-family: Arial Narrow, serif;\"><span lang=\"en-US\"><i>(poet) <\/i><\/span><\/span><span style=\"font-family: Arial Narrow, serif;\"><span lang=\"en-US\">\u2013 <\/span><\/span><span style=\"font-family: Arial Narrow, serif;\"><span lang=\"en-US\"><u>Pakistan:<\/u><\/span><\/span> <span style=\"font-family: Arial Narrow, serif;\"><span lang=\"en-US\"><b>Muhammed Shanazar <\/b><\/span><\/span><span style=\"font-family: Arial Narrow, serif;\"><span lang=\"en-US\"><i><b>(<\/b><\/i><\/span><\/span><span style=\"font-family: Arial Narrow, serif;\"><span lang=\"en-US\"><i>peace literary organization director, poet<\/i><\/span><\/span><span style=\"font-family: Arial Narrow, serif;\"><span lang=\"en-US\">) &#8211; <\/span><\/span><span style=\"font-family: Arial Narrow, serif;\"><span lang=\"en-US\"><b>Sardar Saif llah Khan Rind<\/b><\/span><\/span> <span style=\"font-family: Arial Narrow, serif;\"><span lang=\"en-US\"><i>(sustainable development promoter)<\/i><\/span><\/span><span style=\"font-family: Arial Narrow, serif;\"><span lang=\"en-US\"> &#8211; <\/span><\/span><span style=\"font-family: Arial Narrow, serif;\"><span lang=\"en-US\"><b>Hania Noor <\/b><\/span><\/span><span style=\"font-family: Arial Narrow, serif;\"><span lang=\"en-US\"><i>(poet, medical doctor) \u2013<\/i><\/span><\/span><span style=\"font-family: Arial Narrow, serif;\"><span lang=\"en-US\">\u00a0<\/span><\/span><span style=\"font-family: Arial Narrow, serif;\"><span lang=\"en-US\"><u>Bangladesh:<\/u><\/span><\/span><span style=\"font-family: Arial Narrow, serif;\"><span lang=\"en-US\">\u00a0<\/span><\/span><span style=\"font-family: Arial Narrow, serif;\"><span lang=\"en-US\"><b>Sadia Arman\u00a0<\/b><\/span><\/span><span style=\"font-family: Arial Narrow, serif;\"><span lang=\"en-US\"><i>(lawyer, poet)<\/i><\/span><\/span><span style=\"font-family: Arial Narrow, serif;\"><span lang=\"en-US\"><b>\u00a0<\/b><\/span><\/span><span style=\"font-family: Arial Narrow, serif;\"><span lang=\"en-US\">\u2013<\/span><\/span><span style=\"font-family: Arial Narrow, serif;\"><span lang=\"en-US\"><b> Monira Sultana Popy\u00a0<\/b><\/span><\/span><span style=\"font-family: Arial Narrow, serif;\"><span lang=\"en-US\"><i>(Human Right activist) \u2013 <\/i><\/span><\/span><span style=\"font-family: Arial Narrow, serif;\"><span lang=\"en-US\"><u>Malesia:<\/u><\/span><\/span><span style=\"font-family: Arial Narrow, serif;\"><span lang=\"en-US\">\u00a0<\/span><\/span><span style=\"font-family: Arial Narrow, serif;\"><span lang=\"en-US\"><b>Alan Liew<\/b><\/span><\/span><span style=\"font-family: Arial Narrow, serif;\"><span lang=\"en-US\">\u00a0<\/span><\/span><span style=\"font-family: Arial Narrow, serif;\"><span lang=\"en-US\"><i>(writer, poet)<\/i><\/span><\/span><span style=\"font-family: Arial Narrow, serif;\"><span lang=\"en-US\">\u00a0\u2013 <\/span><\/span><span style=\"font-family: Arial Narrow, serif;\"><span lang=\"en-US\"><u>Philippines &amp; International:<\/u><\/span><\/span><span style=\"font-family: Arial Narrow, serif;\"><span lang=\"en-US\">\u00a0<\/span><\/span><span style=\"font-family: Arial Narrow, serif;\"><span lang=\"en-US\"><b>Epitacio Tongohan\u00a0<\/b><\/span><\/span><span style=\"font-family: Arial Narrow, serif;\"><span lang=\"en-US\"><i>(founder-president of PENTASI B POETRY,\u00a0writer, father of Visual Poetry)<\/i><\/span><\/span><span style=\"font-family: Arial Narrow, serif;\"><span lang=\"en-US\"><b>\u00a0<\/b><\/span><\/span><span style=\"font-family: Arial Narrow, serif;\"><span lang=\"en-US\">\u2013<\/span><\/span><b> <\/b><span style=\"font-family: Arial Narrow, serif;\"><span lang=\"en-US\"><u>Turkey:<\/u><\/span><\/span><b> <\/b><span style=\"font-family: Arial Narrow, serif;\"><span lang=\"en-US\"><b>G\u00fczin Oralkan <\/b><\/span><\/span><span style=\"font-family: Arial Narrow, serif;\"><span lang=\"en-US\"><i>(writer, poet, pharmacist) &#8211; <\/i><\/span><\/span><span style=\"font-family: Arial Narrow, serif;\"><span lang=\"en-US\"><b>T\u00fcrkan Erg\u00f6r<\/b><\/span><\/span> <span style=\"font-family: Arial Narrow, serif;\"><span lang=\"en-US\"><i>(Sociologist, Writer, Poet).<\/i><\/span><\/span><\/p>\n<p><span style=\"font-family: Arial Narrow, serif;\"><span lang=\"en-US\"><u><b>THE ARAB WORLD<\/b><\/u><\/span><\/span> <span style=\"font-family: Arial Narrow, serif;\"><span lang=\"en-US\"><b>Fawzy Ramadan <\/b><\/span><\/span><span style=\"font-family: Arial Narrow, serif;\"><span lang=\"en-US\"><i>(national campaign president)<\/i><\/span><\/span><b> <\/b><span style=\"font-family: Arial Narrow, serif;\"><span lang=\"en-US\"><i>\u2013\u00a0<\/i><\/span><\/span><span style=\"font-family: Arial Narrow, serif;\"><span lang=\"en-US\"><b>Ahmed El-Sheemy<\/b><\/span><\/span><span style=\"font-family: Arial Narrow, serif;\"><span lang=\"en-US\"><i> (Cultural researcher, professor) &#8211; <\/i><\/span><\/span><span style=\"font-family: Arial Narrow, serif;\"><span lang=\"en-US\"><b>Mandour Saleh Hikel <\/b><\/span><\/span><span style=\"font-family: Arial Narrow, serif;\"><span lang=\"en-US\"><i>poet) &#8211; <\/i><\/span><\/span><span style=\"font-family: Arial Narrow, serif;\"><span lang=\"en-US\"><u>Lebanon-Cairo:<\/u><\/span><\/span> <span style=\"font-family: Arial Narrow, serif;\"><span lang=\"en-US\"><b>Hana Shishiny <\/b><\/span><\/span><span style=\"font-family: Arial Narrow, serif;\"><span lang=\"en-US\"><i>(writer, poet) <\/i><\/span><\/span><span style=\"font-family: Arial Narrow, serif;\"><span lang=\"en-US\">\u2013 <\/span><\/span><span style=\"font-family: Arial Narrow, serif;\"><span lang=\"en-US\"><u>Tunisia: <\/u><\/span><\/span><span style=\"font-family: Arial Narrow, serif;\"><span lang=\"en-US\"><b>Hayet Haj Khalil <\/b><\/span><\/span><span style=\"font-family: Arial Narrow, serif;\"><span lang=\"en-US\"><i>(professor, poetess).<\/i><\/span><\/span><\/p>\n","protected":false},"excerpt":{"rendered":"<p>&nbsp; Insieme per il futuro dell&#8217;Europa&#8230; Insieme con l&#8217;Europa per il mondo Movimento culturale internazionale RINASCIMENTO-RENAISSANCE MILLENNIUM III by George [&hellip;]<\/p>\n","protected":false},"author":1,"featured_media":0,"comment_status":"open","ping_status":"open","sticky":false,"template":"","format":"standard","meta":{"footnotes":""},"categories":[4,10],"tags":[],"class_list":["post-17139","post","type-post","status-publish","format-standard","hentry","category-cultura","category-italiano"],"_links":{"self":[{"href":"https:\/\/www.ecoitaliano.com.ar\/index.php?rest_route=\/wp\/v2\/posts\/17139","targetHints":{"allow":["GET"]}}],"collection":[{"href":"https:\/\/www.ecoitaliano.com.ar\/index.php?rest_route=\/wp\/v2\/posts"}],"about":[{"href":"https:\/\/www.ecoitaliano.com.ar\/index.php?rest_route=\/wp\/v2\/types\/post"}],"author":[{"embeddable":true,"href":"https:\/\/www.ecoitaliano.com.ar\/index.php?rest_route=\/wp\/v2\/users\/1"}],"replies":[{"embeddable":true,"href":"https:\/\/www.ecoitaliano.com.ar\/index.php?rest_route=%2Fwp%2Fv2%2Fcomments&post=17139"}],"version-history":[{"count":0,"href":"https:\/\/www.ecoitaliano.com.ar\/index.php?rest_route=\/wp\/v2\/posts\/17139\/revisions"}],"wp:attachment":[{"href":"https:\/\/www.ecoitaliano.com.ar\/index.php?rest_route=%2Fwp%2Fv2%2Fmedia&parent=17139"}],"wp:term":[{"taxonomy":"category","embeddable":true,"href":"https:\/\/www.ecoitaliano.com.ar\/index.php?rest_route=%2Fwp%2Fv2%2Fcategories&post=17139"},{"taxonomy":"post_tag","embeddable":true,"href":"https:\/\/www.ecoitaliano.com.ar\/index.php?rest_route=%2Fwp%2Fv2%2Ftags&post=17139"}],"curies":[{"name":"wp","href":"https:\/\/api.w.org\/{rel}","templated":true}]}}