{"id":17265,"date":"2021-10-05T23:31:21","date_gmt":"2021-10-05T23:31:21","guid":{"rendered":"http:\/\/www.ecoitaliano.com.ar\/?p=17265"},"modified":"2021-10-05T23:31:21","modified_gmt":"2021-10-05T23:31:21","slug":"serena-conduce-operaclassica-eco-italiano-1002","status":"publish","type":"post","link":"https:\/\/www.ecoitaliano.com.ar\/?p=17265","title":{"rendered":"Serena conduce operaclassica eco italiano."},"content":{"rendered":"<p>Ravello, 05 ottobre 2021<\/p>\n<p>La Fondazione Ravello omaggia Dante<br \/>\nIn Villa Rufolo la guida all\u2019ascolto della Francesca Da Rimini<br \/>\na cura di Eduardo Savarese<\/p>\n<p>Per la programmazione della Fondazione Ravello il 2021 \u00e8 stato ed \u00e8 un anno in cui una sequenza di anniversari ha dato lo spunto e l\u2019opportunit\u00e0 per una serie di eventi. Nel cartellone della 69esima edizione del Ravello Festival sono stati diversi gli appuntamenti in omaggio a figure indelebili della storia. Non poteva mancare l\u2019omaggio a Dante Alighieri nella ricorrenza dei 700 anni dalla morte; dopo lo spettacolo di e con Elena Bucci e Chiara Muti dello scorso luglio, domenica 10 ottobre (ore 11) ci sar\u00e0 l\u2019ascolto guidato dell\u2019opera Francesca da Rimini. Nell\u2019Auditorium di Villa Rufolo sar\u00e0 Eduardo Savarese, magistrato e scrittore napoletano appassionato cultore di musica classica e teatro lirico, ad accompagnarci in un\u2019analisi dei quattro atti del capolavoro di Riccardo Zandonai tratto dalla Divina Commedia.<br \/>\nIl percorso prender\u00e0 l&#8217;avvio dalla rievocazione della figura di Francesca cos\u00ec come la tratteggia Dante nel canto quinto dell&#8217;Inferno. La vicenda \u00e8 quella celeberrima dell\u2019amore impossibile finito in tragedia tra Francesca da Polenta, moglie del signore di Rimini Gianciotto Malatesta, e il fratello di lui, Paolo Malatesta detto il Bello.<br \/>\nLa vicenda di Paolo e Francesca \u00e8 stata occasione di ispirazione di letterati, musicisti e artisti in genere e nel 1901 culmin\u00f2 nel dramma di Gabriele D\u2019Annunzio. Considerata l\u2019opera migliore di Riccardo Zandonai, la tragedia lirica Francesca da Rimini nacque sulla scia dell\u2019entusiasmo suscitato nell\u2019autore dalla recitazione di Eleonora Duse protagonista dello scritto dannunziano ed ebbe una laboriosa genesi. Il testo fu adattato da Tito Ricordi e si avvalse dell\u2019intervento dello stesso D\u2019Annunzio venendo composto in meno di 12 mesi per essere rappresentato la prima volta al Regio di Torino la sera del 9 febbraio 1914 riscuotendo un travolgente ed immediato successo.<br \/>\nL\u2019evento \u00e8 ad ingresso libero su prenotazione fino ad esaurimento dei posti disponibili. Per info e prenotazione tel. 089 858422. www.ravellofestival.com<br \/>\n\u00c8 obbligatorio esibire il Green Pass o certificazione equipollente all\u2019ingresso.<\/p>\n<p><a href=\"http:\/\/www.ecoitaliano.com.ar\/wp-content\/uploads\/2021\/10\/Locandina.jpg\"><img decoding=\"async\" class=\"alignnone size-full wp-image-17266\" src=\"http:\/\/www.ecoitaliano.com.ar\/wp-content\/uploads\/2021\/10\/Locandina.jpg\" alt=\"\" width=\"584\" height=\"827\" srcset=\"https:\/\/www.ecoitaliano.com.ar\/wp-content\/uploads\/2021\/10\/Locandina.jpg 584w, https:\/\/www.ecoitaliano.com.ar\/wp-content\/uploads\/2021\/10\/Locandina-212x300.jpg 212w, https:\/\/www.ecoitaliano.com.ar\/wp-content\/uploads\/2021\/10\/Locandina-106x150.jpg 106w\" sizes=\"(max-width: 584px) 100vw, 584px\" \/><\/a><\/p>\n<p><a href=\"http:\/\/www.ecoitaliano.com.ar\/wp-content\/uploads\/2021\/10\/Eduardo-Savarese-.jpg\"><img decoding=\"async\" class=\"alignnone size-full wp-image-17267\" src=\"http:\/\/www.ecoitaliano.com.ar\/wp-content\/uploads\/2021\/10\/Eduardo-Savarese-.jpg\" alt=\"\" width=\"1920\" height=\"1280\" srcset=\"https:\/\/www.ecoitaliano.com.ar\/wp-content\/uploads\/2021\/10\/Eduardo-Savarese-.jpg 1920w, https:\/\/www.ecoitaliano.com.ar\/wp-content\/uploads\/2021\/10\/Eduardo-Savarese--300x200.jpg 300w, https:\/\/www.ecoitaliano.com.ar\/wp-content\/uploads\/2021\/10\/Eduardo-Savarese--768x512.jpg 768w, https:\/\/www.ecoitaliano.com.ar\/wp-content\/uploads\/2021\/10\/Eduardo-Savarese--1024x683.jpg 1024w, https:\/\/www.ecoitaliano.com.ar\/wp-content\/uploads\/2021\/10\/Eduardo-Savarese--150x100.jpg 150w\" sizes=\"(max-width: 1920px) 100vw, 1920px\" \/><\/a><\/p>\n","protected":false},"excerpt":{"rendered":"<p>Ravello, 05 ottobre 2021 La Fondazione Ravello omaggia Dante In Villa Rufolo la guida all\u2019ascolto della Francesca Da Rimini a [&hellip;]<\/p>\n","protected":false},"author":1,"featured_media":0,"comment_status":"open","ping_status":"open","sticky":false,"template":"","format":"standard","meta":{"footnotes":""},"categories":[1],"tags":[],"class_list":["post-17265","post","type-post","status-publish","format-standard","hentry","category-sin-categoria"],"_links":{"self":[{"href":"https:\/\/www.ecoitaliano.com.ar\/index.php?rest_route=\/wp\/v2\/posts\/17265","targetHints":{"allow":["GET"]}}],"collection":[{"href":"https:\/\/www.ecoitaliano.com.ar\/index.php?rest_route=\/wp\/v2\/posts"}],"about":[{"href":"https:\/\/www.ecoitaliano.com.ar\/index.php?rest_route=\/wp\/v2\/types\/post"}],"author":[{"embeddable":true,"href":"https:\/\/www.ecoitaliano.com.ar\/index.php?rest_route=\/wp\/v2\/users\/1"}],"replies":[{"embeddable":true,"href":"https:\/\/www.ecoitaliano.com.ar\/index.php?rest_route=%2Fwp%2Fv2%2Fcomments&post=17265"}],"version-history":[{"count":0,"href":"https:\/\/www.ecoitaliano.com.ar\/index.php?rest_route=\/wp\/v2\/posts\/17265\/revisions"}],"wp:attachment":[{"href":"https:\/\/www.ecoitaliano.com.ar\/index.php?rest_route=%2Fwp%2Fv2%2Fmedia&parent=17265"}],"wp:term":[{"taxonomy":"category","embeddable":true,"href":"https:\/\/www.ecoitaliano.com.ar\/index.php?rest_route=%2Fwp%2Fv2%2Fcategories&post=17265"},{"taxonomy":"post_tag","embeddable":true,"href":"https:\/\/www.ecoitaliano.com.ar\/index.php?rest_route=%2Fwp%2Fv2%2Ftags&post=17265"}],"curies":[{"name":"wp","href":"https:\/\/api.w.org\/{rel}","templated":true}]}}