{"id":17289,"date":"2021-10-08T10:17:29","date_gmt":"2021-10-08T10:17:29","guid":{"rendered":"http:\/\/www.ecoitaliano.com.ar\/?p=17289"},"modified":"2021-10-08T10:17:29","modified_gmt":"2021-10-08T10:17:29","slug":"il-mondo-di-maria-libro-di-maria-delli-quadri","status":"publish","type":"post","link":"https:\/\/www.ecoitaliano.com.ar\/?p=17289","title":{"rendered":"Il Mondo di Maria \u2013 Libro di Maria Delli Quadri"},"content":{"rendered":"<p><a href=\"http:\/\/www.ecoitaliano.com.ar\/wp-content\/uploads\/2021\/10\/cover.jpg\"><img decoding=\"async\" class=\"alignnone size-full wp-image-17290\" src=\"http:\/\/www.ecoitaliano.com.ar\/wp-content\/uploads\/2021\/10\/cover.jpg\" alt=\"\" width=\"1000\" height=\"1412\" srcset=\"https:\/\/www.ecoitaliano.com.ar\/wp-content\/uploads\/2021\/10\/cover.jpg 1000w, https:\/\/www.ecoitaliano.com.ar\/wp-content\/uploads\/2021\/10\/cover-212x300.jpg 212w, https:\/\/www.ecoitaliano.com.ar\/wp-content\/uploads\/2021\/10\/cover-768x1084.jpg 768w, https:\/\/www.ecoitaliano.com.ar\/wp-content\/uploads\/2021\/10\/cover-725x1024.jpg 725w, https:\/\/www.ecoitaliano.com.ar\/wp-content\/uploads\/2021\/10\/cover-106x150.jpg 106w\" sizes=\"(max-width: 1000px) 100vw, 1000px\" \/><\/a><\/p>\n<p>Il Mondo di Maria \u2013 Libro di Maria Delli Quadri\u00a0Sabato 16 ottobre, alle ore 16.00, a cura del Circolo San Pio di Agnone, presso la loro sede, sar\u00e0 presentato e distribuito, dietro contributo volontario,\u00a0\u00a0il libro\u00a0<strong>Il Mondo di Maria<\/strong>, autrice Maria Delli Quadri, libro che fa parte della Collana\u00a0<strong>I Tesori dell\u2019Altosannio,<\/strong>\u00a0curata da Enzo Carmine Delli QuadriPer chi volesse entrare in possesso del libro, pu\u00f2 acquistarlo sullo Store di <a href=\"http:\/\/youcanprint.it\" data-saferedirecturl=\"https:\/\/www.google.com\/url?q=http:\/\/youcanprint.it&amp;source=gmail&amp;ust=1633774525984000&amp;usg=AFQjCNFWHeFFI4vuD6ZWHZfmLUF9-zBPmQ\">youcanprint.it<\/a> o anche sugli Store delle maggiori case editrici (Mondadori, Feltrinelli, Amazon, IBS, ecc..) o ancora presso 4.500 librerie convenzionate. \u00c8 sufficiente digitare o indicare il titolo del libro o il nome dell\u2019autrice. Pu\u00f2 anche utilizzare direttamente questo link:\u00a0<a href=\"https:\/\/www.youcanprint.it\/il-mondo-di-maria\/b\/0cdb8a06-9ee6-5db4-b502-876dbb5f6430\" data-saferedirecturl=\"https:\/\/www.google.com\/url?q=https:\/\/www.youcanprint.it\/il-mondo-di-maria\/b\/0cdb8a06-9ee6-5db4-b502-876dbb5f6430&amp;source=gmail&amp;ust=1633774525984000&amp;usg=AFQjCNHko_BMWh_Udb84yH1cpME4oxdw1A\">https:\/\/www.youcanprint.it\/il-mondo-di-maria\/b\/0cdb8a06-9ee6-5db4-b502-876dbb5f6430<\/a>\u00a0\u00a0copiandolo e incollandolo su qualsiasi motore di ricerca internet.Il prezzo del libro \u00e8 esorbitante per chi legge poco, giusto per chi ama la lettura; \u00e8 minimo per chi ama il territorio dell\u2019Altosannio. Pu\u00f2 essere un ottimo regalo di Natale.\u00a0<strong>Di cosa parla?<\/strong>Questo libro\u00a0racchiude tutta la produzione di cultura popolare uscita dalla penna di\u00a0<strong>Maria Delli Quadri<\/strong>\u00a0per il Magazine\u00a0<strong>Altosannio,\u00a0<\/strong>una produzione che, con il libro, va consegnata nelle mani di chi vorr\u00e0 conservarla come fervida testimonianza di un\u2019epoca che ha visto una trasformazione smisurata della nostra societ\u00e0: dalla\u00a0<strong><em>vanga,\u00a0<\/em><\/strong>al\u00a0<strong>trattore<\/strong>\u00a0&#8211; dal\u00a0<strong><em>pennino,<\/em><\/strong>\u00a0al\u00a0<strong>computer<\/strong>\u00a0&#8211; dal\u00a0<strong><em>mulo,<\/em><\/strong>\u00a0al\u00a0<strong>camion<\/strong>\u00a0&#8211; dalle sgualcite pagine dei\u00a0<strong><em>quaderni<\/em><\/strong>\u00a0con la copertina nera, alle pagine\u00a0<strong>word<\/strong>\u00a0&#8211; dalla\u00a0<strong><em>comunicazione<\/em><\/strong>\u00a0verbale nei mercati o nei negozi o nei lavatoi, ai\u00a0<strong>social<\/strong>.\u00a0<strong>Perch\u00e9 questo libro?<\/strong>L\u2019Altosannio esiste? Certo che esiste! Per chi ancora fa fatica a comprenderlo, l\u2019<strong>Altosannio<\/strong>\u00a0(oppure\u00a0<strong>Almosava<\/strong>, acronimo di\u00a0<strong>AL-<\/strong>to-<strong>MO-<\/strong>lise-<strong>SA-<\/strong>ngro-<strong>VA-<\/strong>stese), sta a indicare quella terra che, intorno al corso medio-alto del Sangro, con il Verrino e l\u2019Alto Trigno, fu il luogo di origine della nazione sannita che per almeno cinque secoli (VI \u2013 I a.C.) ebbe il suo cuore pulsante tra Castel di Sangro, l&#8217;antica Aufidena, gli altopiani di S. Pietro Avellana, Carovilli e Vastogirardi, Capracotta, Agnone Pescopennataro e Pietrabbondante. In questo territorio venne affermandosi la parola Italia (una moneta dell&#8217;88 a.C. lo dimostra).\u00a0\u00a0\u00a0Quelli che oggi sono territori di confine, per secoli\u00a0\u00a0confini non hanno mai avuto.\u00a0Il Progetto \u201c<strong>Tesori dell\u2019Altosannio\u201d\u00a0<\/strong>si prefigge l&#8217;obiettivo<strong>\u00a0<\/strong>di far conoscere, ai tanti che non lo sanno ancora, l&#8217;esteso patrimonio di tesori materiali e, soprattutto, immateriali quali la Cultura Popolare, i Valori, i Personaggi di questo nostro splendido territorio soggetto, purtroppo, a desertificazione demografica, economica e sociale,.\u00a0L\u2019obiettivo della divulgazione sar\u00e0 perseguito con la produzione di una collana di libri, di cui 5 gi\u00e0 ben definiti (<em>Il Mondo di Maria\u00a0<\/em>(autrice Maria Delli Quadri di Agnone),\u00a0<em>le Novelle di Esther<\/em>\u00a0(autrice Esther Delli Quadri di Agnone),\u00a0\u00a0<em>I Canti e l\u2019espressionismo letterario di Gustavo<\/em>\u00a0(autore Gustavo Tempesta di Pescopennataro),\u00a0<em>Aprendo i Cassetti<\/em>\u00a0(autrice Flora Delli Quadri con altri 25 cultori del nostro territorio),\u00a0<em>Le Voci dell\u2019Altosannio<\/em>\u00a0(14 poeti di tutto il territorio altosannita).Il Progetto sar\u00e0 autofinanziato. Sar\u00e0 anche \u201ceditato\u201d direttamente mentre per la stampa e la distribuzione si avvarr\u00e0 della Societ\u00e0 \u201cYoucanprint\u201d che lo render\u00e0 disponibile sul suo\u00a0<em>store<\/em>\u00a0su quelli di tutti i grandi gruppi editoriali.<strong>\u00a0<\/strong><strong>Maria Delli Quadri<\/strong>Nacque ad Agnone, da lei chiamato \u00abil mio bel paese,\u00bb il 1\u00b0 settembre 1935, terza di 5 figli. Dopo circa un anno dal conseguimento dell&#8217;abilitazione magistrale entr\u00f2 di ruolo come maestra. Si iscrisse, comunque, all&#8217;Universit\u00e0 \u00bb Suor Orsola Benincasa\u00bb di Napoli e consegu\u00ec la laurea in Lettere nel 1961; tramite concorso, pass\u00f2 ad insegnare nelle scuole medie dove rimase fino al 1997. Quarantatr\u00e9 anni di servizio complessivo di cui trentadue a Campobasso. Sposata, con due figli, viveva da dieci anni a Capracotta, il paese natale del marito.\u00a0\u00a0Amava la musica, la lettura e l&#8217;espressione scritta dei suoi sentimenti.<\/p>\n<table>\n<tbody>\n<tr>\n<td colspan=\"3\">\n<table>\n<tbody>\n<tr>\n<td>para bcc: <span data-hovercard-id=\"ecoitaliano@gmail.com\">m\u00ed<\/span><\/td>\n<\/tr>\n<\/tbody>\n<\/table>\n<\/td>\n<\/tr>\n<\/tbody>\n<\/table>\n","protected":false},"excerpt":{"rendered":"<p>Il Mondo di Maria \u2013 Libro di Maria Delli Quadri\u00a0Sabato 16 ottobre, alle ore 16.00, a cura del Circolo San [&hellip;]<\/p>\n","protected":false},"author":1,"featured_media":0,"comment_status":"open","ping_status":"open","sticky":false,"template":"","format":"standard","meta":{"footnotes":""},"categories":[10,22],"tags":[],"class_list":["post-17289","post","type-post","status-publish","format-standard","hentry","category-italiano","category-libros-y-revistas-literatura"],"_links":{"self":[{"href":"https:\/\/www.ecoitaliano.com.ar\/index.php?rest_route=\/wp\/v2\/posts\/17289","targetHints":{"allow":["GET"]}}],"collection":[{"href":"https:\/\/www.ecoitaliano.com.ar\/index.php?rest_route=\/wp\/v2\/posts"}],"about":[{"href":"https:\/\/www.ecoitaliano.com.ar\/index.php?rest_route=\/wp\/v2\/types\/post"}],"author":[{"embeddable":true,"href":"https:\/\/www.ecoitaliano.com.ar\/index.php?rest_route=\/wp\/v2\/users\/1"}],"replies":[{"embeddable":true,"href":"https:\/\/www.ecoitaliano.com.ar\/index.php?rest_route=%2Fwp%2Fv2%2Fcomments&post=17289"}],"version-history":[{"count":0,"href":"https:\/\/www.ecoitaliano.com.ar\/index.php?rest_route=\/wp\/v2\/posts\/17289\/revisions"}],"wp:attachment":[{"href":"https:\/\/www.ecoitaliano.com.ar\/index.php?rest_route=%2Fwp%2Fv2%2Fmedia&parent=17289"}],"wp:term":[{"taxonomy":"category","embeddable":true,"href":"https:\/\/www.ecoitaliano.com.ar\/index.php?rest_route=%2Fwp%2Fv2%2Fcategories&post=17289"},{"taxonomy":"post_tag","embeddable":true,"href":"https:\/\/www.ecoitaliano.com.ar\/index.php?rest_route=%2Fwp%2Fv2%2Ftags&post=17289"}],"curies":[{"name":"wp","href":"https:\/\/api.w.org\/{rel}","templated":true}]}}