{"id":17537,"date":"2021-10-15T00:42:06","date_gmt":"2021-10-15T00:42:06","guid":{"rendered":"http:\/\/www.ecoitaliano.com.ar\/?p=17537"},"modified":"2021-10-15T00:42:06","modified_gmt":"2021-10-15T00:42:06","slug":"serena-conduce-operaclassica-eco-italiano-1021","status":"publish","type":"post","link":"https:\/\/www.ecoitaliano.com.ar\/?p=17537","title":{"rendered":"Serena conduce operaclassica eco italiano."},"content":{"rendered":"<p>Ravello, 14 ottobre 2021<\/p>\n<p>Villa Rufolo torna alla normalit\u00e0:<br \/>\nin occasione delle Giornate FAI d\u2019Autunno riapre la Torre Maggiore<br \/>\nSiglato accordo tra Fondazione Ravello e Museo del Duomo<\/p>\n<p>Il 16 e il 17 ottobre torna la grande festa delle\u00a0Giornate FAI d\u2019Autunno, la pi\u00f9 importante manifestazione dedicata al patrimonio artistico e culturale italiano.<br \/>\nIn questa occasione la Fondazione Ravello riapre al pubblico la Torre Maggiore di Villa Rufolo. Dopo pi\u00f9 di un anno di chiusura forzata imposta dalla pandemia, il simbolo della potenza nobiliare dei Rufolo, gi\u00e0 interessata da un importante intervento di restauro e valorizzazione che ne ha permesso la completa fruizione, \u00e8 quindi nuovamente visitabile.<br \/>\nLa riapertura della Torre \u00e8 stata possibile grazie alle previsioni del Decreto Legge dell\u20198.10.2021 che ha abolito, in zona bianca, il distanziamento interpersonale nei luoghi della cultura. Villa Rufolo torna cos\u00ec alla normalit\u00e0. Resta invariato l\u2019obbligo di esibire il green pass e di indossare la mascherina.<br \/>\nLa Fondazione Ravello, inoltre, in ossequio alla sua mission di tutela e valorizzazione dei beni di interesse artistico e storico situati nell\u2019area del Comune di Ravello, anche al fine di incentivare il turismo in bassa stagione, ha poi sottoscritto un protocollo d\u2019intesa con la Parrocchia Santa Maria Assunta retta da Don Angelo Mansi, che dar\u00e0 la possibilit\u00e0 ai visitatori di Villa Rufolo di accedere gratuitamente, dal 16 ottobre al 15 gennaio 2022, al Museo del Duomo.<br \/>\nIn questo periodo il Museo del Duomo rester\u00e0 aperto tutti i giorni dalle 12 alle 17, con orario continuato.<br \/>\nPer tutte le info www.fondazioneravello.it \u2013 www.villarufolo.com tel. 089 857621.<\/p>\n","protected":false},"excerpt":{"rendered":"<p>Ravello, 14 ottobre 2021 Villa Rufolo torna alla normalit\u00e0: in occasione delle Giornate FAI d\u2019Autunno riapre la Torre Maggiore Siglato [&hellip;]<\/p>\n","protected":false},"author":1,"featured_media":0,"comment_status":"open","ping_status":"open","sticky":false,"template":"","format":"standard","meta":{"footnotes":""},"categories":[1],"tags":[],"class_list":["post-17537","post","type-post","status-publish","format-standard","hentry","category-sin-categoria"],"_links":{"self":[{"href":"https:\/\/www.ecoitaliano.com.ar\/index.php?rest_route=\/wp\/v2\/posts\/17537","targetHints":{"allow":["GET"]}}],"collection":[{"href":"https:\/\/www.ecoitaliano.com.ar\/index.php?rest_route=\/wp\/v2\/posts"}],"about":[{"href":"https:\/\/www.ecoitaliano.com.ar\/index.php?rest_route=\/wp\/v2\/types\/post"}],"author":[{"embeddable":true,"href":"https:\/\/www.ecoitaliano.com.ar\/index.php?rest_route=\/wp\/v2\/users\/1"}],"replies":[{"embeddable":true,"href":"https:\/\/www.ecoitaliano.com.ar\/index.php?rest_route=%2Fwp%2Fv2%2Fcomments&post=17537"}],"version-history":[{"count":0,"href":"https:\/\/www.ecoitaliano.com.ar\/index.php?rest_route=\/wp\/v2\/posts\/17537\/revisions"}],"wp:attachment":[{"href":"https:\/\/www.ecoitaliano.com.ar\/index.php?rest_route=%2Fwp%2Fv2%2Fmedia&parent=17537"}],"wp:term":[{"taxonomy":"category","embeddable":true,"href":"https:\/\/www.ecoitaliano.com.ar\/index.php?rest_route=%2Fwp%2Fv2%2Fcategories&post=17537"},{"taxonomy":"post_tag","embeddable":true,"href":"https:\/\/www.ecoitaliano.com.ar\/index.php?rest_route=%2Fwp%2Fv2%2Ftags&post=17537"}],"curies":[{"name":"wp","href":"https:\/\/api.w.org\/{rel}","templated":true}]}}