{"id":18179,"date":"2021-11-12T17:02:06","date_gmt":"2021-11-12T17:02:06","guid":{"rendered":"http:\/\/www.ecoitaliano.com.ar\/?p=18179"},"modified":"2021-11-12T17:02:06","modified_gmt":"2021-11-12T17:02:06","slug":"serena-conduce-operaclassica-eco-italiano-1080","status":"publish","type":"post","link":"https:\/\/www.ecoitaliano.com.ar\/?p=18179","title":{"rendered":"Serena conduce operaclassica eco italiano."},"content":{"rendered":"<p>\u200bComunicato Stampa<\/p>\n<div dir=\"ltr\">\n<div>\n<div>\n<div><\/div>\n<div>RASSEGNA D&#8217;AUTUNNO &#8211; SECONDO CONCERTO<\/div>\n<\/div>\n<div>Dopo il grande successo della prima serata lo scorso 6 novembre, appuntamento sabato 13 novembre alle 20.30\u00a0con il secondo concerto della mini\u00a0\u200brassegna d&#8217;autunno al Teatro Verdi di Trieste.<\/div>\n<div><\/div>\n<div>In scena il direttore Nikolas N\u00e4gele e il violoncellista\u00a0Mischa Maisky. Il programma prevede Antonin Dvorak, concerto per violoncello e orchestra in si minore op. 104, Richard Strauss, poema sinfonico Tod und Verkl\u00e4rung op. 24, e Alexander von Zemlinsky, Salmo 13 op. 24. Orchestra e Coro della Fondazione Teatro Lirico Giuseppe Verdi. Maestro del Coro Paolo Longo.<\/div>\n<div>Il giovane N\u00e4gele, tedesco, classe 1987, dal 2017 al 2020 alla Deutsche Oper di Berlino ha diretto numerose produzioni, come Carmen, Die Zauberfl\u00f6te, Il barbiere di Siviglia, Die Fledermaus, La traviata e Un ballo in maschera. \u00c8 stato in diverse occasioni assistente musicale di Christian Thielemann, ed \u00e8 stato impegnato anche come pianista e direttore d\u2019orchestra presso l\u2019Accademia del Maggio Musicale Fiorentino Opera di Firenze. Nel 2014 ha debuttato negli Stati Uniti sul podio della Aspen Philharmonic Orchestra. Pi\u00f9 di recente ha lavorato tra festival e teatri in tutta Italia e all\u2019estero.<\/div>\n<div>Maisky \u00e8 l\u2019unico violoncellista al mondo ad aver studiato sia con Mstislav Rostropovich che con Gregor Piatigorsky. Rostropovich in particolare lo ha definito \u201cuno dei talenti pi\u00f9 eccezionali della giovane generazione di violoncellisti. Il suo modo di suonare combina poesia e squisita delicatezza con un grande temperamento e una tecnica brillante\u00bb. Nato in Lettonia e formato in Russia ha raccolto grandi successi a Londra, Parigi, Berlino, Vienna, New York, Tokyo e in tanti altri centri musicali importanti. Ospite fisso nei maggiori festival internazionali, vanta una lunga serie di collaborazioni oltre a tanti riconoscimenti prestigiosi, come la nomina a membro onorario della Royal Academy of Music.<\/div>\n<div><\/div>\n<div>BIGLIETTERIA: i biglietti per i due concerti d\u2019autunno saranno in vendita a partire da venerd\u00ec 15 ottobre, in ogni ordine di posto all\u2019interno del teatro. La biglietteria \u00e8 aperta da marted\u00ec a sabato dalle 9 alle 16. Domenica dalle 9 alle 13:30.<\/div>\n<div><\/div>\n<div><\/div>\n<div><\/div>\n<div>Responsabile ufficio stampa: Micol Brusaferro, 3209718524<\/div>\n<div><a class=\"mailto-link\" href=\"mailto:press@teatroverdi-trieste.com\" target=\"_blank\" rel=\"noopener\">press@teatroverdi-trieste.com<\/a><\/div>\n<div><a href=\"http:\/\/www.teatroverdi-trieste.com\/\" target=\"_blank\" rel=\"noopener\">www.teatroverdi-trieste.com<\/a><\/div>\n<\/div>\n<div><a href=\"http:\/\/www.ecoitaliano.com.ar\/wp-content\/uploads\/2021\/11\/10.jpg\"><img decoding=\"async\" class=\"alignnone size-full wp-image-18180\" src=\"http:\/\/www.ecoitaliano.com.ar\/wp-content\/uploads\/2021\/11\/10.jpg\" alt=\"\" width=\"6000\" height=\"4000\" srcset=\"https:\/\/www.ecoitaliano.com.ar\/wp-content\/uploads\/2021\/11\/10.jpg 6000w, https:\/\/www.ecoitaliano.com.ar\/wp-content\/uploads\/2021\/11\/10-300x200.jpg 300w, https:\/\/www.ecoitaliano.com.ar\/wp-content\/uploads\/2021\/11\/10-768x512.jpg 768w, https:\/\/www.ecoitaliano.com.ar\/wp-content\/uploads\/2021\/11\/10-1024x683.jpg 1024w, https:\/\/www.ecoitaliano.com.ar\/wp-content\/uploads\/2021\/11\/10-150x100.jpg 150w\" sizes=\"(max-width: 6000px) 100vw, 6000px\" \/><\/a> <a href=\"http:\/\/www.ecoitaliano.com.ar\/wp-content\/uploads\/2021\/11\/20.jpg\"><img decoding=\"async\" class=\"alignnone size-full wp-image-18181\" src=\"http:\/\/www.ecoitaliano.com.ar\/wp-content\/uploads\/2021\/11\/20.jpg\" alt=\"\" width=\"6000\" height=\"4000\" srcset=\"https:\/\/www.ecoitaliano.com.ar\/wp-content\/uploads\/2021\/11\/20.jpg 6000w, https:\/\/www.ecoitaliano.com.ar\/wp-content\/uploads\/2021\/11\/20-300x200.jpg 300w, https:\/\/www.ecoitaliano.com.ar\/wp-content\/uploads\/2021\/11\/20-768x512.jpg 768w, https:\/\/www.ecoitaliano.com.ar\/wp-content\/uploads\/2021\/11\/20-1024x683.jpg 1024w, https:\/\/www.ecoitaliano.com.ar\/wp-content\/uploads\/2021\/11\/20-150x100.jpg 150w\" sizes=\"(max-width: 6000px) 100vw, 6000px\" \/><\/a><\/div>\n<div><\/div>\n<\/div>\n","protected":false},"excerpt":{"rendered":"<p>\u200bComunicato Stampa RASSEGNA D&#8217;AUTUNNO &#8211; SECONDO CONCERTO Dopo il grande successo della prima serata lo scorso 6 novembre, appuntamento sabato [&hellip;]<\/p>\n","protected":false},"author":1,"featured_media":0,"comment_status":"open","ping_status":"open","sticky":false,"template":"","format":"standard","meta":{"footnotes":""},"categories":[1],"tags":[],"class_list":["post-18179","post","type-post","status-publish","format-standard","hentry","category-sin-categoria"],"_links":{"self":[{"href":"https:\/\/www.ecoitaliano.com.ar\/index.php?rest_route=\/wp\/v2\/posts\/18179","targetHints":{"allow":["GET"]}}],"collection":[{"href":"https:\/\/www.ecoitaliano.com.ar\/index.php?rest_route=\/wp\/v2\/posts"}],"about":[{"href":"https:\/\/www.ecoitaliano.com.ar\/index.php?rest_route=\/wp\/v2\/types\/post"}],"author":[{"embeddable":true,"href":"https:\/\/www.ecoitaliano.com.ar\/index.php?rest_route=\/wp\/v2\/users\/1"}],"replies":[{"embeddable":true,"href":"https:\/\/www.ecoitaliano.com.ar\/index.php?rest_route=%2Fwp%2Fv2%2Fcomments&post=18179"}],"version-history":[{"count":0,"href":"https:\/\/www.ecoitaliano.com.ar\/index.php?rest_route=\/wp\/v2\/posts\/18179\/revisions"}],"wp:attachment":[{"href":"https:\/\/www.ecoitaliano.com.ar\/index.php?rest_route=%2Fwp%2Fv2%2Fmedia&parent=18179"}],"wp:term":[{"taxonomy":"category","embeddable":true,"href":"https:\/\/www.ecoitaliano.com.ar\/index.php?rest_route=%2Fwp%2Fv2%2Fcategories&post=18179"},{"taxonomy":"post_tag","embeddable":true,"href":"https:\/\/www.ecoitaliano.com.ar\/index.php?rest_route=%2Fwp%2Fv2%2Ftags&post=18179"}],"curies":[{"name":"wp","href":"https:\/\/api.w.org\/{rel}","templated":true}]}}