{"id":18779,"date":"2021-12-04T10:12:35","date_gmt":"2021-12-04T10:12:35","guid":{"rendered":"http:\/\/www.ecoitaliano.com.ar\/?p=18779"},"modified":"2021-12-04T10:12:35","modified_gmt":"2021-12-04T10:12:35","slug":"don-tonino-bello-e-papa-francesco-innamorati-di-maria","status":"publish","type":"post","link":"https:\/\/www.ecoitaliano.com.ar\/?p=18779","title":{"rendered":"Don Tonino Bello e Papa Francesco innamorati di Maria"},"content":{"rendered":"<p><a href=\"http:\/\/www.ecoitaliano.com.ar\/wp-content\/uploads\/2021\/12\/don-Tonino-Bello-e-Papa-Francesco-innamorati-di-Maria.jpg\"><img decoding=\"async\" class=\"alignnone size-full wp-image-18780\" src=\"http:\/\/www.ecoitaliano.com.ar\/wp-content\/uploads\/2021\/12\/don-Tonino-Bello-e-Papa-Francesco-innamorati-di-Maria.jpg\" alt=\"\" width=\"447\" height=\"791\" srcset=\"https:\/\/www.ecoitaliano.com.ar\/wp-content\/uploads\/2021\/12\/don-Tonino-Bello-e-Papa-Francesco-innamorati-di-Maria.jpg 447w, https:\/\/www.ecoitaliano.com.ar\/wp-content\/uploads\/2021\/12\/don-Tonino-Bello-e-Papa-Francesco-innamorati-di-Maria-170x300.jpg 170w, https:\/\/www.ecoitaliano.com.ar\/wp-content\/uploads\/2021\/12\/don-Tonino-Bello-e-Papa-Francesco-innamorati-di-Maria-85x150.jpg 85w\" sizes=\"(max-width: 447px) 100vw, 447px\" \/><\/a><\/p>\n<p>&nbsp;<\/p>\n<p class=\"western\" lang=\"it-IT\" align=\"center\"><span style=\"font-size: large;\"><b>don Tonino Bello e Papa Francesco innamorati di Maria<\/b><\/span><\/p>\n<p lang=\"it-IT\" align=\"justify\"><span style=\"color: #222222;\"><b>MOLFETTA. <\/b><\/span><span style=\"color: #222222;\">Sabato 4 dicembre 2021, alle ore 19,00, l\u2019Associazione Molfettesi nel Mondo doner\u00e0 alla Basilica della Madonna dei Martiri una tavola del maestro Mimmo Camassa per ricordare il 40\u00b0 anniversario della fondazione dell\u2019Associazione.<\/span><\/p>\n<p lang=\"it-IT\" align=\"justify\"><span style=\"color: #222222;\">\u201c<\/span><span style=\"color: #222222;\"><i>Don Tonino Bello e Papa Francesco innamorati di Maria<\/i><\/span><span style=\"color: #222222;\">\u201d \u2013 questo \u00e8 il titolo dell\u2019opera \u2013 \u00e8 stato il tema che il prof. Francesco Lenoci scelse per la sua conversazione d\u2019apertura del 40\u00b0 Convegno dei Molfettesi nel Mondo, il 22 agosto 2021, in omaggio alla proclamazione di Molfetta a\u00a0<\/span><span style=\"color: #222222;\"><i>Civitas Mariae<\/i><\/span><span style=\"color: #222222;\">, avvenuta l\u20198 settembre successivo.<\/span><\/p>\n<p lang=\"it-IT\" align=\"justify\"><span style=\"color: #222222;\">Ispirato dal tema, il maestro Mimmo Camassa realizz\u00f2 su cartoncino un\u2019opera raffigurante la Madonna dei Martiri, come appare nell\u2019antica icona, don Tonino e il Santo Padre in un tutt\u2019uno che racconta quanto il legame mistico si traduca poi in fisicit\u00e0, ispiratore di azioni materiali, di vite impreziosite dalla santit\u00e0.<\/span><\/p>\n<p lang=\"it-IT\" align=\"justify\"><span style=\"color: #222222;\">All\u2019indomani dell\u2019evento, su iniziativa di alcuni soci, \u00e8 stato richiesto al maestro Camassa di realizzare un\u2019opera su tavola da donare alla Basilica in ricordo del 40\u00b0 anniversario dell\u2019Associazione Molfettesi nel mondo.<\/span><\/p>\n<p lang=\"it-IT\" align=\"justify\"><span style=\"color: #222222;\">L\u2019opera, che ricalca il soggetto del primo lavoro ma con spazi pi\u00f9 ampi che ne esaltano la bellezza, \u00e8 arrivata a Molfetta, per una felice coincidenza, proprio nei momenti in cui veniva annunciata la proclamazione a \u201cvenerabile\u201d di don Tonino\u2026 Una circostanza che ha emozionato molto i soci del sodalizio molfettese e che rende ancora pi\u00f9 bella e pi\u00f9 significativa questa immagine.<\/span><\/p>\n<p lang=\"it-IT\" align=\"justify\"><span style=\"color: #222222;\">\u201cIl dono alla Basilica della Madonna dei Martiri\u201d \u2013 spiega Angela Amato, presidente dell\u2019associazione \u2013 \u201cvuol essere il segno di un legame fortissimo, indissolubile e identitario tra i molfettesi sparsi nel mondo e la loro Madre, Regina dei Martiri, dell\u2019affetto per Papa Francesco, anche Lui testimone di storie di emigrazione in terre lontane, e della venerazione per don Tonino Bello, che durante il suo vescovato, si fece formidabile ponte tra la citt\u00e0 di Molfetta e le comunit\u00e0 di molfettesi all\u2019estero, non facendo mai mancare la Sua vicinanza, il Suo sostegno, la Sua solidariet\u00e0, il Suo amore di padre. Per i molfettesi, ovunque essi siano, don Tonino \u00e8 gi\u00e0 Santo\u201d \u2013 conclude \u2013 \u201ce il Suo esempio di vita \u00e8 ispiratore di conversioni al bene e alla bellezza.\u201d<\/span><\/p>\n<p lang=\"it-IT\" align=\"center\"><span style=\"color: #222222;\">* * * * *<\/span><\/p>\n<p lang=\"it-IT\" align=\"justify\"><span style=\"color: #222222;\">Mimmo Camassa\u00a0\u00e8 nato a Bari e risiede a Tricase.<\/span><\/p>\n<p class=\"western\" lang=\"it-IT\" align=\"justify\"><span style=\"color: #222222;\">Diplomato al Liceo Artistico, si \u00e8 specializzato in Arte Sacra e Pittura Orientale. Ha partecipato a numerose mostre personali e collettive, meritando premi e menzioni in tutta Italia. Le sue opere, apprezzate da critici d\u2019arte ed amatori, sono entrate in prestigiose collezioni private in Italia e nel mondo.<\/span><\/p>\n","protected":false},"excerpt":{"rendered":"<p>&nbsp; don Tonino Bello e Papa Francesco innamorati di Maria MOLFETTA. Sabato 4 dicembre 2021, alle ore 19,00, l\u2019Associazione Molfettesi [&hellip;]<\/p>\n","protected":false},"author":1,"featured_media":0,"comment_status":"open","ping_status":"open","sticky":false,"template":"","format":"standard","meta":{"footnotes":""},"categories":[10,42],"tags":[],"class_list":["post-18779","post","type-post","status-publish","format-standard","hentry","category-italiano","category-religion"],"_links":{"self":[{"href":"https:\/\/www.ecoitaliano.com.ar\/index.php?rest_route=\/wp\/v2\/posts\/18779","targetHints":{"allow":["GET"]}}],"collection":[{"href":"https:\/\/www.ecoitaliano.com.ar\/index.php?rest_route=\/wp\/v2\/posts"}],"about":[{"href":"https:\/\/www.ecoitaliano.com.ar\/index.php?rest_route=\/wp\/v2\/types\/post"}],"author":[{"embeddable":true,"href":"https:\/\/www.ecoitaliano.com.ar\/index.php?rest_route=\/wp\/v2\/users\/1"}],"replies":[{"embeddable":true,"href":"https:\/\/www.ecoitaliano.com.ar\/index.php?rest_route=%2Fwp%2Fv2%2Fcomments&post=18779"}],"version-history":[{"count":0,"href":"https:\/\/www.ecoitaliano.com.ar\/index.php?rest_route=\/wp\/v2\/posts\/18779\/revisions"}],"wp:attachment":[{"href":"https:\/\/www.ecoitaliano.com.ar\/index.php?rest_route=%2Fwp%2Fv2%2Fmedia&parent=18779"}],"wp:term":[{"taxonomy":"category","embeddable":true,"href":"https:\/\/www.ecoitaliano.com.ar\/index.php?rest_route=%2Fwp%2Fv2%2Fcategories&post=18779"},{"taxonomy":"post_tag","embeddable":true,"href":"https:\/\/www.ecoitaliano.com.ar\/index.php?rest_route=%2Fwp%2Fv2%2Ftags&post=18779"}],"curies":[{"name":"wp","href":"https:\/\/api.w.org\/{rel}","templated":true}]}}