{"id":19262,"date":"2021-12-22T02:12:12","date_gmt":"2021-12-22T02:12:12","guid":{"rendered":"http:\/\/www.ecoitaliano.com.ar\/?p=19262"},"modified":"2021-12-22T02:12:12","modified_gmt":"2021-12-22T02:12:12","slug":"serena-conduce-operaclassica-eco-italiano-1173","status":"publish","type":"post","link":"https:\/\/www.ecoitaliano.com.ar\/?p=19262","title":{"rendered":"Serena conduce operaclassica eco italiano."},"content":{"rendered":"<p style=\"text-align: center;\"><a href=\"http:\/\/www.ecoitaliano.com.ar\/wp-content\/uploads\/2021\/12\/ghjk-2.jpg\"><img decoding=\"async\" class=\"alignnone size-full wp-image-19216\" src=\"http:\/\/www.ecoitaliano.com.ar\/wp-content\/uploads\/2021\/12\/ghjk-2.jpg\" alt=\"\" width=\"244\" height=\"119\" srcset=\"https:\/\/www.ecoitaliano.com.ar\/wp-content\/uploads\/2021\/12\/ghjk-2.jpg 244w, https:\/\/www.ecoitaliano.com.ar\/wp-content\/uploads\/2021\/12\/ghjk-2-150x73.jpg 150w\" sizes=\"(max-width: 244px) 100vw, 244px\" \/><\/a><\/p>\n<p>Il Teatro di San Carlo inaugura la Stagione di Danza 2021\/2022 con<br \/>\nIl Lago dei cigni di P\u00ebtr Il&#8217;i\u010d \u010cajkovskij<br \/>\nDa marted\u00ec 28 dicembre 2021 a mercoled\u00ec 5 gennaio 2022<\/p>\n<p>Si aprir\u00e0 marted\u00ec 28 dicembre 2021 alle ore 20 la Stagione di Danza 2021\/2022 del Teatro di San Carlo.<br \/>\nIn scena un classico del balletto, Il lago dei cigni di P\u00ebtr Il&#8217;i\u010d \u010cajkovskij ripreso nella versione di Partice Bart, per la prima volta al San Carlo, protagonista il Balletto del Massimo napoletano diretto da Clotilde Vayer.<br \/>\nLe musiche di P\u00ebtr Il&#8217;i\u010d \u010cajkovskij saranno eseguite dall\u2019Orchestra del Teatro di San Carlo diretta per l\u2019occasione da Benjamin Shwartz.<br \/>\nLuisa Spinatelli firma scene e costumi di questo allestimento del Teatro dell\u2019Opera di Roma che sar\u00e0 in cartellone fino al 5 gennaio 2022 per sei recite.<br \/>\nAd interpretare Odette \/ Odile saranno Luisa Ieluzzi (nelle recite del 28 e 30 dicembre e 5 gennaio), Claudia D\u2019Antonio (29 dicembre) e Anna Chiara Amirante (2, 4 gennaio).<br \/>\nA vestire i panni del Principe Sigfried Alessandro Staiano (28, 30 dicembre, 5 gennaio), Salvatore Manzo (29 dicembre) e Danilo Notaro (2, 4 gennaio).<br \/>\nIn programma dal 29 dicembre al 5 gennaio anche 5 matin\u00e9\u00e9 per famiglie, spettacoli in versione ridotta del Lago dei cigni con esecuzione del II atto su musica registrata.<\/p>\n<p>Nella sua versione del capolavoro di P\u00ebtr Il&#8217;i\u010d \u010cajkovskij, Patrice Bart condensa in due atti il balletto originale, composto tra il 1875 e il 1876, costruendo un allestimento dove assumono maggiore rilievo i personaggi della Regina madre e Benno.<br \/>\nClasse1945 Bart \u00e8 indissolubilmente legato al Balletto e alla Scuola di danza dell\u2019Op\u00e9ra di Parigi, dove \u00e8 stato nominato \u00e9toile nel 1972.<br \/>\nAll\u2019Op\u00e9ra di Parigi gi\u00e0 prima del suo addio ufficiale alle scene, nel 1989, ha avviato una carriera parallela prima come assistente di Nureev, poi ma\u00eetre de ballet e, dopo la partenza di Nureev, insieme a Eug\u00e8ne Polyakov, \u00e8 stato direttore ad interim. \u00c8 stato per oltre due decenni responsabile del mantenimento e della continuazione della straordinaria tradizione del Balletto dell\u2019Op\u00e9ra<br \/>\nTra i suoi ultimi progetti come coreografo si ricordano Giselle per il Korean National Ballet a Seul e il Teatro dell\u2019Opera di Roma (2011) e, sempre a Roma, Romeo e Giulietta (2011) e Il lago dei cigni (2013), Giselle \u00e8 stata allo Staatsballett di Berlino, e nel 2021 sempre Giselle al Teatro Massimo di Palermo.<br \/>\nPatrice Bart ha ricevuto varie onorificenze tra cui Commandeur des Arts et des Lettres, Officier de l\u2019Ordre National du M\u00e9rite e Chevalier de la L\u00e9gion d\u2019honneur.<br \/>\n\u201cQuando divenni ballerino \u00e9toile\u00a0dell&#8217;Op\u00e9ra\u00a0di Parigi \u2013 racconta Patrice Bart &#8211;\u00a0ho avuto il piacere d\u2019interpretare numerose volte il ruolo del Principe Siegfried nel Lago, dall\u2019originale di Marius Petipa e nella riproposta di Bourmeister, e poi in versioni differenti e in diversi paesi, senza essere mai pienamente soddisfatto di come era stato concepito questo ruolo. Ho dovuto per\u00f2 attendere di divenire coreografo per poter dar vita alla mia visione del Lago dei cigni, molti anni pi\u00f9 tardi. La vicenda \u2013 continua Bart &#8211; \u00e8 trasportata negli anni 1910, in cui i personaggi al culmine del loro delirio lasciano spazio ai fantasmi. Ho scelto quest\u2019epoca perch\u00e9 nel nostro immaginario rappresenta gli \u201canni folli\u201d, dell\u2019esagerazione. La vita correva gioiosa verso la catastrofe della prima guerra mondiale. Ma nella nostra arte entrano solo le sensazioni, non la Storia\u201d.<br \/>\nIl lago dei cigni, balletto in due atti e quattro scene su libretto di Vladimir Begichev e Vasil Geltzer, \u00e8 il primo dei tre balletti musicati da P\u00ebtr Il\u2019i\u010d \u010cajkovskij. Andato in scena per la prima volta al Teatro Bolshoi di Mosca nel febbraio 1877 con la coreografia di Julius Wenzel Reisinger, lo spettacolo non ebbe il successo sperato. Bisogner\u00e0 aspettare il genio creativo di Marius Petipa che, dopo la morte del compositore, nel 1895 insieme a Lev Ivanov creer\u00e0 una coreografia destinata a tributare al balletto il meritato successo, entrando definitivamente nella storia.<\/p>\n<p>Gioved\u00ec 23 dicembre ore 12 al MeMUS<br \/>\n\u201cAntePrima\u201d<br \/>\nUna serie di incontri con i protagonisti della Stagione del San Carlo<\/p>\n<p>Gioved\u00ec 23 dicembre alle ore 12 si terr\u00e0 presso il museo MeMUS del Teatro di San Carlo il primo di una nuova serie di Incontri con i protagonisti degli spettacoli della Stagione del San Carlo intitolata \u201cAntePrima\u201d a cura del Dipartimento di ricerca editoria e comunicazione. Clotilde Vayer, Direttore del Ballo del Teatro di San Carlo, in dialogo con il musicologo Dinko Fabris, presenter\u00e0 Il lago dei cigni nella versione del coreografo Patrice Bart. Parteciperanno Raffaella Renzi, assistente di Bart e maitre de Ballet ospite e Soimita Lupu maitre de Ballet del San Carlo insieme ad alcuni dei danzatori protagonisti dello spettacolo che andr\u00e0 in scena dal 28 dicembre. Ingresso libero fino a esaurimento posti.<\/p>\n<p>\/Danza<br \/>\nP\u00ebtr Il&#8217;i\u010d \u010cajkovskij<br \/>\nIL LAGO DEI CIGNI<\/p>\n<p>Direttore |\u00a0Benjamin Shwartz\u266d<br \/>\nCoreografia\u00a0|\u00a0Patrice Bart\u266d<br \/>\nScene e Costumi |\u00a0Luisa Spinatelli<br \/>\n\u266ddebutto al Teatro di San Carlo<\/p>\n<p>Interpreti<br \/>\nPrincipessa Odette \/ Odile LUISA IELUZZI (28, 30 dicembre, 5 gennaio), CLAUDIA D\u2019ANTONIO (29 dicembre) ANNA CHIARA AMIRANTE (2, 4 gennaio)<br \/>\nPrincipe Sigfried ALESSANDRO STAIANO (28, 30 dicembre, 5 gennaio), SALVATORE MANZO (29 dicembre) DANILO NOTARO (2, 4 gennaio)<br \/>\nRothbart ERTUGREL GJONI (28, 29, 30 dicembre, 5 gennaio) ALESSANDRO STAIANO (2, 4 gennaio)<br \/>\nMadre ANNALINA NUZZO (28, 30 dicembre, 5 gennaio) ANNA CHIARA AMIRANTE (29 dicembre) LUISA IELUZZI (2, 4 gennaio)<br \/>\nBenno STANISLAO CAPISSI (28, 30 dicembre, 5 gennaio) CARLO DE MARTINO (29 dicembre) SALVATORE MANZO (2, 4 gennaio)<\/p>\n<p>Orchestra e Balletto del Teatro di San Carlo<br \/>\nDirettore del Balletto |\u00a0Clotilde Vayer<\/p>\n<p>Allestimento del Teatro dell\u2019Opera di Roma<\/p>\n<p>Teatro di San Carlo<br \/>\nmarted\u00ec 28 dicembre 2021, ore 20:00<br \/>\nmercoled\u00ec 29 dicembre 2021, ore 18:00<br \/>\ngioved\u00ec 30 dicembre 2021, ore 18:00 &#8211;<br \/>\ndomenica 2 gennaio 2022, ore 17:00<br \/>\nmarted\u00ec 4 gennaio 2022, ore 20:00<br \/>\nmercoled\u00ec 5 gennaio 2022, ore 18:00<\/p>\n<p>SERIE FAMILIES<br \/>\nmercoled\u00ec 29 dicembre 2021, ore 11:30 \u2013 FAMILIES<br \/>\ngioved\u00ec 30 dicembre 2021, ore 11:30 \u2013 FAMILIES<br \/>\nvenerd\u00ec 31 dicembre 2021, ore\u00a011:30 \u2013 FAMILIES<br \/>\nmarted\u00ec 4 gennaio 2022, ore 11:30 \u2013 FAMILIES<br \/>\nmercoled\u00ec 5 gennaio 2022, ore 11:30 \u2013 FAMILIES<\/p>\n<p>Con gentile preghiera di pubblicazione e\/o diffusione<br \/>\nRossana Russo,<br \/>\nResponsabile della comunicazione creativa e strategica e relazioni con la Stampa<br \/>\nr.russo@teatrosancarlo.it<br \/>\ncell 3357431980<\/p>\n<p>Giulia Romito, Comunicazione e Stampa g.romito@teatrosancarlo.it 0817972301<\/p>\n<p>OPERACLASSICA: VIDEO GALLERY DE IL LAGO DEI CIGNI.<\/p>\n<p><iframe loading=\"lazy\" title=\"operaclassica: il lago dei cigni apre la stagione di danza al teatro San Carlo di Napoli.\" width=\"500\" height=\"281\" src=\"https:\/\/www.youtube.com\/embed\/Bdy96xDcilk?feature=oembed\" frameborder=\"0\" allow=\"accelerometer; autoplay; clipboard-write; encrypted-media; gyroscope; picture-in-picture; web-share\" referrerpolicy=\"strict-origin-when-cross-origin\" allowfullscreen><\/iframe><\/p>\n","protected":false},"excerpt":{"rendered":"<p>Il Teatro di San Carlo inaugura la Stagione di Danza 2021\/2022 con Il Lago dei cigni di P\u00ebtr Il&#8217;i\u010d \u010cajkovskij [&hellip;]<\/p>\n","protected":false},"author":1,"featured_media":0,"comment_status":"open","ping_status":"open","sticky":false,"template":"","format":"standard","meta":{"footnotes":""},"categories":[1],"tags":[],"class_list":["post-19262","post","type-post","status-publish","format-standard","hentry","category-sin-categoria"],"_links":{"self":[{"href":"https:\/\/www.ecoitaliano.com.ar\/index.php?rest_route=\/wp\/v2\/posts\/19262","targetHints":{"allow":["GET"]}}],"collection":[{"href":"https:\/\/www.ecoitaliano.com.ar\/index.php?rest_route=\/wp\/v2\/posts"}],"about":[{"href":"https:\/\/www.ecoitaliano.com.ar\/index.php?rest_route=\/wp\/v2\/types\/post"}],"author":[{"embeddable":true,"href":"https:\/\/www.ecoitaliano.com.ar\/index.php?rest_route=\/wp\/v2\/users\/1"}],"replies":[{"embeddable":true,"href":"https:\/\/www.ecoitaliano.com.ar\/index.php?rest_route=%2Fwp%2Fv2%2Fcomments&post=19262"}],"version-history":[{"count":0,"href":"https:\/\/www.ecoitaliano.com.ar\/index.php?rest_route=\/wp\/v2\/posts\/19262\/revisions"}],"wp:attachment":[{"href":"https:\/\/www.ecoitaliano.com.ar\/index.php?rest_route=%2Fwp%2Fv2%2Fmedia&parent=19262"}],"wp:term":[{"taxonomy":"category","embeddable":true,"href":"https:\/\/www.ecoitaliano.com.ar\/index.php?rest_route=%2Fwp%2Fv2%2Fcategories&post=19262"},{"taxonomy":"post_tag","embeddable":true,"href":"https:\/\/www.ecoitaliano.com.ar\/index.php?rest_route=%2Fwp%2Fv2%2Ftags&post=19262"}],"curies":[{"name":"wp","href":"https:\/\/api.w.org\/{rel}","templated":true}]}}