{"id":19286,"date":"2021-12-23T02:55:21","date_gmt":"2021-12-23T02:55:21","guid":{"rendered":"http:\/\/www.ecoitaliano.com.ar\/?p=19286"},"modified":"2021-12-23T02:55:21","modified_gmt":"2021-12-23T02:55:21","slug":"serena-conduce-operaclassica-eco-italiano-1176","status":"publish","type":"post","link":"https:\/\/www.ecoitaliano.com.ar\/?p=19286","title":{"rendered":"Serena conduce operaclassica eco italiano."},"content":{"rendered":"<p>Grande Concerto Benefico a Sorrento con Paolo Olmi e la Young Musicians European Orchestra.<\/p>\n<p style=\"font-weight: 400;\"><strong>ROTARY CLUB SORRENTO \u2013 COMUNE DI SORRENTO \u2013 COMITATO NAZIONALE ITALIANO MUSICA \u2013 YOUNG MUSICIANS EUROPEAN ORCHESTRA \u2013 MINISTERO DELLA CULTURA\u00a0<\/strong><\/p>\n<p style=\"font-weight: 400;\"><strong>\u00a0<\/strong><\/p>\n<p style=\"font-weight: 400;\"><strong>\u00a0<\/strong><\/p>\n<p style=\"font-weight: 400;\"><strong>MARTEDI\u2019\u00a0<u>28 DICEMBRE 2021<\/u>, ORE 20.00<\/strong><\/p>\n<p style=\"font-weight: 400;\"><strong>\u00a0<\/strong><\/p>\n<p style=\"font-weight: 400;\"><strong>HILTON SORRENTO PALACE<\/strong><\/p>\n<p style=\"font-weight: 400;\">\n<p style=\"font-weight: 400;\">\n<p style=\"font-weight: 400;\">\n<p style=\"font-weight: 400;\">Dopo la lunga serie di Concerti Natalizi che hanno visto come protagonisti alcuni fra i migliori giovani solisti italiani, quali Ettore Pagano e Gennaro Cardaropoli, la\u00a0<strong>Young Musicians European Orchestra<\/strong>, diretta dal\u00a0<strong>Maestro Paolo Olmi,<\/strong>\u00a0sar\u00e0 la protagonista del tradizionale\u00a0<strong>\u201cConcerto di Solidariet\u00e0 di Fine Anno\u201d<\/strong>,<em>\u00a0promosso dal Rotary Club di Sorrento, con il Patrocinio del Comune di Sorrento<\/em>, che si terr\u00e0\u00a0<strong><u>marted\u00ec 28 dicembre alle ore 20.00<\/u>\u00a0nella Sala delle Sirene dell\u2019Hilton Sorrento Palace<\/strong>.<\/p>\n<p style=\"font-weight: 400;\">\n<p style=\"font-weight: 400;\">L&#8217;orchestra \u00e8 una startup gestita dai suoi stessi musicisti (et\u00e0 media: 22 anni) ed \u00e8 riconosciuta dal Ministero degli Esteri e dal Ministero della Cultura come uno dei Complessi Giovanili di riferimento del nostro Paese. \u00c8 spesso presente all&#8217;estero in rappresentanza dell&#8217;Italia, soprattutto dove il nostro Paese \u00e8 impegnato nel consolidamento della pace e del dialogo attraverso la Musica e la Cultura.<\/p>\n<p style=\"font-weight: 400;\">\n<p style=\"font-weight: 400;\">Il programma comprender\u00e0 l&#8217;Ouverture da \u201cLe nozze di Figaro\u201d di Mozart, il \u201cNotturno in Re minore per Violoncello e Orchestra\u201d di Tchaikovsky, il \u201cConcerto in Si bemolle maggiore\u201d di Vivaldi per violino, violoncello e archi e il \u201cConcerto n.1 in Re maggiore\u201d di Paganini.<br \/>\nSul palco si alterneranno due giovanissimi solisti: il\u00a0<strong>violoncellista Marco Mauro Moruzzi<\/strong>\u00a0(22 anni) e il\u00a0<strong>violinista Gennaro Cardaropoli<\/strong>\u00a0(24 anni). Moruzzi, cremonese, sta terminando il suo perfezionamento a Salisburgo, mentre Gennaro Cardaropoli, allievo del grande Salvatore Accardo, oltre ad essere stato uno dei pi\u00f9 giovani docenti nella storia dei conservatori italiani (ha ottenuto la cattedra a 21\u00a0anni), gi\u00e0 da lungo tempo ha avviato una luminosa carriera nella quale il repertorio paganiniano ha una grande importanza.<\/p>\n<p style=\"font-weight: 400;\">\n<p style=\"font-weight: 400;\">Il Concerto rientra nel programma \u201cM\u2019Illumino d\u2019Inverno\u201d promosso dal Comune di Sorrento.<br \/>\nL&#8217;iniziativa \u00e8 resa possibile dal Rotary Club Sorrento, dal Comune Di Sorrento, dal Comitato Nazionale Italiano Musica, dalla Young Musicians European Orchestra, dal Ministero della Cultura, da Federalberghi Penisola Sorrentina e dal Ristorante Aurora.<\/p>\n<p style=\"font-weight: 400;\">\n<p style=\"font-weight: 400;\">\u00abIl Concerto di fine anno \u00e8 ormai diventato un appuntamento irrinunciabile nel panorama degli eventi natalizi a Sorrento \u2013 sottolinea il\u00a0<strong>presidente del Rotary club, Claudio D\u2019Isa<\/strong>\u00a0\u2013 Grazie alla sponsorizzazione di privati e al sostegno del pubblico, questa manifestazione continua a coniugare Musica e Solidariet\u00e0 nell\u2019ottica delle finalit\u00e0 benefiche che rappresentano la mission primaria della nostra associazione\u00bb.<\/p>\n<p style=\"font-weight: 400;\">\nA partire dal 1995 sul palco si sono alternati complessi e solisti di fama internazionale, come l\u2019Orchestra della BBC, l\u2019Orchestra della Televisione di Mosca, la pianista Cristina Ortiz, il pianista Francois &#8211; Joel Thiollier, il jazzista Fabrizio Bosso e tanti altri e i proventi hanno finanziato una lunga serie di iniziative umanitarie targate Rotary Club, tra le quali la costruzione di un reparto di ortopedia nel Togo, l\u2019apertura di pozzi d\u2019acqua in Congo e la realizzazione di programmi a sostegno dei bambini e delle giovani madri della Somalia.<\/p>\n<p style=\"font-weight: 400;\">\n<p style=\"font-weight: 400;\">Quest&#8217;anno il Rotary Club di Sorrento destiner\u00e0 il ricavato dell\u2019iniziativa alla Rotary Fundation per l\u2019eradicazione della poliomielite nel mondo e contributi economici saranno donati ai \u201cPoveri Silenziosi\u201d della Penisola con la collaborazione delle Parrocchie, e destinati a Borse di Studio nell\u2019ambito del Progetto Giovani intitolato \u201cla Penisola Nascosta\u201d.<\/p>\n<p style=\"font-weight: 400;\">\n<p style=\"font-weight: 400;\">\u00abPunteremo \u2013 conclude Claudio D\u2019Isa &#8211; ai tre obiettivi principali del nostro club: solidariet\u00e0 verso i deboli, internazionalizzazione degli interventi e presenza sul territorio\u00bb.<\/p>\n<p style=\"font-weight: 400;\">\n<p style=\"font-weight: 400;\">\n<p style=\"font-weight: 400;\"><em>Per informazioni rivolgersi al Rotary di Sorrento ai numeri:\u00a0338-6514249\/333-4807919<\/em><\/p>\n<p style=\"font-weight: 400;\"><em>E-mail:\u00a0<a href=\"mailto:segreteria@emiliaromagnaconcerti.com\">segreteria@emiliaromagnaconcerti.com<\/a>\u00a0<\/em><\/p>\n<p style=\"font-weight: 400;\"><a href=\"http:\/\/www.ecoitaliano.com.ar\/wp-content\/uploads\/2021\/12\/IMG_1008.jpg\"><img decoding=\"async\" class=\"alignnone size-full wp-image-19288\" src=\"http:\/\/www.ecoitaliano.com.ar\/wp-content\/uploads\/2021\/12\/IMG_1008.jpg\" alt=\"\" width=\"640\" height=\"428\" srcset=\"https:\/\/www.ecoitaliano.com.ar\/wp-content\/uploads\/2021\/12\/IMG_1008.jpg 640w, https:\/\/www.ecoitaliano.com.ar\/wp-content\/uploads\/2021\/12\/IMG_1008-300x201.jpg 300w, https:\/\/www.ecoitaliano.com.ar\/wp-content\/uploads\/2021\/12\/IMG_1008-150x100.jpg 150w\" sizes=\"(max-width: 640px) 100vw, 640px\" \/><\/a><\/p>\n<p><a href=\"http:\/\/www.ecoitaliano.com.ar\/wp-content\/uploads\/2021\/12\/yo-1-2.jpg\"><img decoding=\"async\" class=\"alignnone size-full wp-image-19289\" src=\"http:\/\/www.ecoitaliano.com.ar\/wp-content\/uploads\/2021\/12\/yo-1-2.jpg\" alt=\"\" width=\"1229\" height=\"818\" srcset=\"https:\/\/www.ecoitaliano.com.ar\/wp-content\/uploads\/2021\/12\/yo-1-2.jpg 1229w, https:\/\/www.ecoitaliano.com.ar\/wp-content\/uploads\/2021\/12\/yo-1-2-300x200.jpg 300w, https:\/\/www.ecoitaliano.com.ar\/wp-content\/uploads\/2021\/12\/yo-1-2-768x511.jpg 768w, https:\/\/www.ecoitaliano.com.ar\/wp-content\/uploads\/2021\/12\/yo-1-2-1024x682.jpg 1024w, https:\/\/www.ecoitaliano.com.ar\/wp-content\/uploads\/2021\/12\/yo-1-2-150x100.jpg 150w\" sizes=\"(max-width: 1229px) 100vw, 1229px\" \/><\/a><\/p>\n<div dir=\"ltr\"><i><b>&#8211;\u00a0Cooperativa\u00a0Emilia Romagna Concerti\u00a0&#8211;<\/b><\/i><\/div>\n<div><i>\u00a0<\/i><\/div>\n<div>Via Tombesi dall&#8217;Ova 13,<\/div>\n<div>48121 Ravenna (Italia)<\/div>\n<div>Tel.\/Fax: +39 0544 33835<\/div>\n<div>Email:\u00a0<a href=\"mailto:segreteria@emiliaromagnaconcerti.com\" target=\"_blank\" rel=\"noopener\">segreteria@<wbr \/>emiliaromagnaconcerti.com<\/a><\/div>\n<div dir=\"ltr\"><a href=\"https:\/\/emea01.safelinks.protection.outlook.com\/?url=https%3A%2F%2Fwww.emiliaromagnaconcerti.com%2F&amp;data=04%7C01%7C%7Cef8ef8669b8c4acfa97308d9c3d28422%7C84df9e7fe9f640afb435aaaaaaaaaaaa%7C1%7C0%7C637756131396077687%7CUnknown%7CTWFpbGZsb3d8eyJWIjoiMC4wLjAwMDAiLCJQIjoiV2luMzIiLCJBTiI6Ik1haWwiLCJXVCI6Mn0%3D%7C3000&amp;sdata=5U5rssYIaW6M4nls1YNg3MF3ZKp39z2s%2Fw54GlsU8Fs%3D&amp;reserved=0\" target=\"_blank\" rel=\"nofollow noopener noreferrer\" data-saferedirecturl=\"https:\/\/www.google.com\/url?q=https:\/\/emea01.safelinks.protection.outlook.com\/?url%3Dhttps%253A%252F%252Fwww.emiliaromagnaconcerti.com%252F%26data%3D04%257C01%257C%257Cef8ef8669b8c4acfa97308d9c3d28422%257C84df9e7fe9f640afb435aaaaaaaaaaaa%257C1%257C0%257C637756131396077687%257CUnknown%257CTWFpbGZsb3d8eyJWIjoiMC4wLjAwMDAiLCJQIjoiV2luMzIiLCJBTiI6Ik1haWwiLCJXVCI6Mn0%253D%257C3000%26sdata%3D5U5rssYIaW6M4nls1YNg3MF3ZKp39z2s%252Fw54GlsU8Fs%253D%26reserved%3D0&amp;source=gmail&amp;ust=1640314131093000&amp;usg=AOvVaw2k7ZESrz7RyF2TjaPfrFNY\"><b>www.emiliaromagnaconcerti.com<\/b><\/a><\/div>\n","protected":false},"excerpt":{"rendered":"<p>Grande Concerto Benefico a Sorrento con Paolo Olmi e la Young Musicians European Orchestra. ROTARY CLUB SORRENTO \u2013 COMUNE DI [&hellip;]<\/p>\n","protected":false},"author":1,"featured_media":0,"comment_status":"open","ping_status":"open","sticky":false,"template":"","format":"standard","meta":{"footnotes":""},"categories":[1],"tags":[],"class_list":["post-19286","post","type-post","status-publish","format-standard","hentry","category-sin-categoria"],"_links":{"self":[{"href":"https:\/\/www.ecoitaliano.com.ar\/index.php?rest_route=\/wp\/v2\/posts\/19286","targetHints":{"allow":["GET"]}}],"collection":[{"href":"https:\/\/www.ecoitaliano.com.ar\/index.php?rest_route=\/wp\/v2\/posts"}],"about":[{"href":"https:\/\/www.ecoitaliano.com.ar\/index.php?rest_route=\/wp\/v2\/types\/post"}],"author":[{"embeddable":true,"href":"https:\/\/www.ecoitaliano.com.ar\/index.php?rest_route=\/wp\/v2\/users\/1"}],"replies":[{"embeddable":true,"href":"https:\/\/www.ecoitaliano.com.ar\/index.php?rest_route=%2Fwp%2Fv2%2Fcomments&post=19286"}],"version-history":[{"count":0,"href":"https:\/\/www.ecoitaliano.com.ar\/index.php?rest_route=\/wp\/v2\/posts\/19286\/revisions"}],"wp:attachment":[{"href":"https:\/\/www.ecoitaliano.com.ar\/index.php?rest_route=%2Fwp%2Fv2%2Fmedia&parent=19286"}],"wp:term":[{"taxonomy":"category","embeddable":true,"href":"https:\/\/www.ecoitaliano.com.ar\/index.php?rest_route=%2Fwp%2Fv2%2Fcategories&post=19286"},{"taxonomy":"post_tag","embeddable":true,"href":"https:\/\/www.ecoitaliano.com.ar\/index.php?rest_route=%2Fwp%2Fv2%2Ftags&post=19286"}],"curies":[{"name":"wp","href":"https:\/\/api.w.org\/{rel}","templated":true}]}}