{"id":19301,"date":"2021-12-23T03:58:53","date_gmt":"2021-12-23T03:58:53","guid":{"rendered":"http:\/\/www.ecoitaliano.com.ar\/?p=19301"},"modified":"2021-12-23T04:04:25","modified_gmt":"2021-12-23T04:04:25","slug":"serena-conduce-operaclassica-eco-italiano-1178","status":"publish","type":"post","link":"https:\/\/www.ecoitaliano.com.ar\/?p=19301","title":{"rendered":"Serena conduce operaclassica eco italiano."},"content":{"rendered":"<p><a href=\"http:\/\/www.ecoitaliano.com.ar\/wp-content\/uploads\/2021\/12\/image001-1.jpg\"><img decoding=\"async\" class=\"alignnone size-full wp-image-19147\" src=\"http:\/\/www.ecoitaliano.com.ar\/wp-content\/uploads\/2021\/12\/image001-1.jpg\" alt=\"\" width=\"188\" height=\"54\" srcset=\"https:\/\/www.ecoitaliano.com.ar\/wp-content\/uploads\/2021\/12\/image001-1.jpg 188w, https:\/\/www.ecoitaliano.com.ar\/wp-content\/uploads\/2021\/12\/image001-1-150x43.jpg 150w\" sizes=\"(max-width: 188px) 100vw, 188px\" \/><\/a><\/p>\n<p>Ravello, 22 dicembre 2021<\/p>\n<p>Il debutto a Ravello di Lisette Oropesa<br \/>\nchiude il 2021 della Fondazione Ravello<\/p>\n<p>La lunga stagione 2021 della Fondazione Ravello si chiuder\u00e0 all\u2019Auditorium Oscar Niemeyer con l\u2019inedito Concerto di Santo Stefano (domenica 26 dicembre, ore 18.30) che vedr\u00e0 il debutto a Ravello di Lisette Oropesa, uno dei pi\u00f9 importanti soprani di oggi, acclamata sui palcoscenici dei pi\u00f9 grandi teatri del mondo, dal Metropolitan al Covent Garden, dall\u2019Opera di Parigi a quella di Vienna, reduce dal successo al Teatro alla Scala dove, dopo aver cantato nello spettacolo di inaugurazione della stagione 2020-21 e dove si appresta a tornare per i Capuleti e Montecchi, ha interpretato Theodora, la protagonista dell\u2019oratorio di Georg Friedrich H\u00e4ndel.<br \/>\n\u201cInauguriamo quest\u2019anno &#8211; ha detto il presidente Dino Falconio &#8211; una tradizione che diventer\u00e0 un appuntamento fisso della programmazione invernale che far\u00e0 il paio con il Concerto all\u2019alba dell\u201911 di agosto\u00bb.<br \/>\nNell\u2019ottica di collaborazione della Fondazione con le migliori espressioni musicali della Regione, il direttore artistico Alessio Vlad, ha voluto la partecipazione della Nuova Orchestra Scarlatti che sar\u00e0 diretta per l\u2019occasione dalla bacchetta esperta di Fabrizio Maria Carminati. Il programma raffinato e popolare scelto per l\u2019arrivederci al 2021 non abbandona l\u2019idea ispiratrice degli eventi invernali e cio\u00e8 il rapporto tra musica e parola. In scaletta infatti alcune delle arie pi\u00f9 famose di Rossini e Puccini, Gounod, Verdi e Meyerbeer.<br \/>\nI biglietti sono in vendita su: www.ravellofestival.com e www.etes.it.<br \/>\nBoxoffice: tel. 089 858422 \u2013 boxoffice@ravellofestival.com<br \/>\n\u00c8 obbligatorio esibire il Green Pass o certificazione equipollente all\u2019ingresso.<\/p>\n<p>Domenica 26 dicembre, ore 18.30<br \/>\nConcerto di Santo Stefano<br \/>\nLisette Oropesa, soprano<br \/>\nNuova Orchestra Scarlatti<br \/>\nDirettore Fabrizio Maria Carminati<br \/>\nMusiche di Rossini, Puccini, Paisiello, Gounod, Bellini,<br \/>\nVerdi, Donizetti, Meyerbeer, Massenet<br \/>\nPosto unico \u20ac 25<\/p>\n<p>Programma<\/p>\n<p>Gioacchino Rossini<br \/>\nSinfonia dal Barbiere di Siviglia<br \/>\nNon si d\u00e0 follia maggiore da Il Turco in Italia<\/p>\n<p>Giacomo Puccini<br \/>\nQuando m&#8217;en vo da La boh\u00e8me<\/p>\n<p>Giovanni Paisiello<br \/>\nSinfonia d\u2019Opera<\/p>\n<p>Charles Gounod<br \/>\nAh! Je veux vivre da Rom\u00e9o et Juliette<\/p>\n<p>Vincenzo Bellini<br \/>\nOh quante volte da I Capuleti e i Montecchi<br \/>\nSinfonia dalla Norma<\/p>\n<p>Giuseppe Verdi<br \/>\nMerci, jeunes amies da Les v\u00eapres Siciliennes<\/p>\n<p>Gaetano Donizetti<br \/>\nSinfonia dal Don Pasquale<\/p>\n<p>Giacomo Meyerbeer<br \/>\nRobert, toi que j&#8217;aime da Robert le diable<\/p>\n<p>Jules Massenet<br \/>\nJe marche sur tous les chemins da Manon<\/p>\n<p>Biografie<\/p>\n<p>Lisette Oropesa<br \/>\nSoprano. Nata a New Orleans (Louisiana) da genitori cubani, ha suonato il flauto per dieci anni prima di intraprendere lo studio del canto alla Louisiana State University. A 22 anni ha debuttato come Susanna nelle\u00a0Nozze di Figaro\u00a0al Metropolitan.\u00a0Da allora nel teatro newyorkese ha cantato in varie produzioni, interpretandovi\u00a0tra gli altri i ruoli di Gilda\u00a0in\u00a0Rigoletto, Manon nell\u2019omonima opera di Massenet e Violetta nella\u202fTraviata. \u00c8 stata Margherita di Valois negli\u00a0Huguenots\u00a0all&#8217;Opera di Parigi, Lucia nella\u00a0Lucia di Lammermoor\u00a0alla Royal Opera House di Londra e al Teatro Real di Madrid, Violetta all&#8217;Arena di Verona, a Roma, Madrid, Atene e Barcellona, Rodelinda nell&#8217;opera omonima di H\u00e4ndel al Liceu di Barcellona, Gilda a Parigi, Monaco, Roma, Ginevra e Amsterdam, Konstanze in\u00a0Die Entf\u00fchrung aus dem Serail\u00a0a Monaco, Parigi e Vienna, Adina nell&#8217;Elisir d&#8217;amore\u00a0ancora a Parigi, Isabelle in\u00a0Robert le diable\u00a0al Th\u00e9\u00e2tre de La Monnaie di Bruxelles, Oph\u00e9lie in\u00a0Hamlet\u00a0a Losanna e a Washington, Norina nel\u00a0Don Pasquale\u00a0al Festival di Glyndebourne e a Pittsburgh. Alla Scala ha debuttato nel 2019 come Amalia nei\u00a0Masnadieri\u00a0per la regia di David McVicar, produzione ripresa al Festival di Savonlinna. Nel teatro milanese ha anche cantato nello spettacolo\u00a0A riveder le stelle\u00a0che ha inaugurato la Stagione 2020-21.<br \/>\nNella Stagione 2021-22 \u00e8 stata Gilda in Rigoletto nella produzione inaugurale della ROH dove successivamente ha cantato Violetta; ha portato Theodora di H\u00e4ndel in tourn\u00e9e a Vienna, Milano, Parigi, Lussemburgo ed Essen; nel 2022 sar\u00e0 Giulietta nei\u00a0Capuleti e i Montecchi\u00a0alla Scala, Fiorilla nel\u00a0Turco in Italia\u00a0a Monaco, Konstanze e Lucia alla Staatsoper di Vienna. Debutter\u00e0 poi all&#8217;Opera di Zurigo come Lucia e al Teatro di San Carlo di Napoli come Elvira nei\u00a0Puritani; canter\u00e0 ancora\u00a0La traviata\u00a0a Monaco.<br \/>\nHa recentemente tenuto recital a Martina Franca, Catania, Praga e Parma, altri ne terr\u00e0 a Vienna, Madrid, Siviglia e Valencia. Canter\u00e0 nella\u00a0Nona Sinfonia\u00a0di Beethoven diretta da Riccardo Muti a Chicago.<br \/>\nA maggio \u00e8 uscito\u00a0Ombra Compagna,\u00a0il suo primo album con orchestra dedicato ad arie da concerto di Mozart.<\/p>\n<p>Fabrizio Maria Carminati<br \/>\nDiplomatosi in pianoforte sotto la guida di Carlo Pestalozza ha proseguito gli studi di composizione con Vittorio Fellegara. Successivamente consegue il diploma di direzione d\u2019orchestra a pieni voti. Entra giovanissimo al Teatro Regio di Torino dove esordisce come direttore d\u2019orchestra con la Boh\u00e8me nel 1993 e collabora con la Fondazione dirigendo 11 titoli d\u2019Opera e una svariata serie di concerti sinfonici. In seno alla Fondazione torinese nel corso degli anni ricopre i ruoli di responsabile di area artistica per orchestra e coro, assistente alla direzione artistica e alla Sovrintendenza. Dal 2001 al 2006 viene nominato, per indicazione Ministeriale membro del C.d.A. Dal 2000 al 2004 \u00e8 direttore artistico del Teatro Donizetti di Bergamo, dal 2004 al 2007 ricopre il ruolo di direttore artistico della Fondazione Arena di Verona, nel 2008 e fino al 2015 diviene primo direttore ospite dell\u2019opera de Marseille dove conduce molteplici produzioni d\u2019opera e sinfoniche. Nel 2018 la Fondazione Teatro Verdi di Trieste gli riconosce il ruolo di primo direttore ospite che ancora oggi ricopre. Nel 2020 l\u2019Ente lirico Regionale Teatro Bellini di Catania lo incarica della direzione artistica fino al 2023. Regolarmente invitato a dirigere nelle maggiori istituzioni teatrali italiane Europee ed internazionali Fabrizio Maria Carminati ha all\u2019attivo pi\u00f9 di 65 diversi titoli d\u2019opera che lo rendono acclamato interprete di un vasto repertorio, dal belcanto italiano fino al 900. Le Fondazioni italiane pi\u00f9 importanti lo hanno avuto ripetutamente ospite: Opera di Roma (Butterfly, Tosca) Fenice di Venezia (Maria Stuarda, elisir d\u2019amore, Amico Fritz, Sonnambula, recital con Alfredo Kraus), Maggio musicale fiorentino (Campanello, Carmen, barbiere di S\u00ecviglia ,Lucia di Lammermoor, la Traviata, elisir d\u2019amore), Carlo Felice di Genova (la Traviata),Teatro Regio di Torino (la Boheme, elisir d\u2019amore, il campanello\/Gianni Schicchi, Lucia di Lammermoor, don Pasquale, Nabucco, Simon Boccanegra, I Capuleti e I Montecchi, Zaza, Convenienze ed inconvenienze teatrali, la Traviata) Teatro Massimo di Palermo (la Boheme, Carmina Burana, Maria Stuarda, Giselle, Romeo e Giulietta, carmina burana e l\u2019attuale Boheme) Teatro G. Verdi di Trieste(Madama Butterfly, Maria Stuarda, Francesca da Rimini, Amico Fritz, Rigoletto, Aida, Eugene Oneghin),Regio di Parma(i Capuleti e i Montecchi, Anna Bolena, Tosca), Teatro Filarmonico di Verona (don Pasquale, i Capuleti e i Montecchi, Rigoletto),Torre del lago Puccini (Tosca, Butterfly, la Traviata), Teatro Lirico di Cagliari ( Amico Fritz, Elisir d amore, Carmina Burana, la Traviata), Teatro Bellini Di Catania (la Traviata, i Puritani, i Capuleti e i Montecchi, Adelson e Salvini, Norma, incisione del Pirata,l Aio nell imbarazzo). Ospite di numerosi Teatri Europei ed internazionali come L\u2019opera de Marseille, opera de Nice, Opera de Lyon, St Etienne, opera Di Strasbourg, Abao di Bilbao, Las Palmas, la Maestranza di Siviglia (Lucia di Lammermoor con Alfredo Kraus), Opera di Dusseldorf, opera di Budapest, Kansai opera di Osaka, Bunka kaikan di Tokio, Royal opera house d\u2019Oman. Ha all\u2019attivo numerose incisioni discografiche per Ricordi, Prima Classic, Dynamic, Bongiovanni di Maria Stuarda (con il Teatro La Fenice di Venezia e Donizetti di Bergamo) il Telefono, il Campanello, Le Convenienze ed inconvenienze teatrali, I pazzi per progetto, Fedora, il Pirata (con il Bellini di Catania).<\/p>\n<p>NUOVA ORCHESTRA SCARLATTI<\/p>\n<p>Fondatore e Direttore artistico: M.\u00b0 Gaetano Russo. Presidente: Prof. Luigi Greco<br \/>\nLa Nuova Orchestra Scarlatti nasce a seguito dello scioglimento dell\u2019Orchestra Scarlatti RAI, debuttando il 21 marzo 1993 all\u2019Auditorium RAI di Napoli con un concerto diretto da John Neschling, trasmesso sia da Radiotre che in televisione da RAITRE.<br \/>\nA partire dal 1994 la N.O.S. \u00e8 stata presente sul territorio campano con eventi e rassegne periodiche; parallelamente ha tenuto numerosi concerti in Italia e all\u2019estero (Roma, Milano, Belgrado, Ginevra, Lussemburgo, Berlino, Copenaghen, Stoccolma, San Pietroburgo, Beirut, Mosca, Pechino, ecc.).<br \/>\nL\u2019Orchestra ha intessuto collaborazioni con Roberto De Simone e con altri musicisti come Krzysztof Penderecki, Aldo Ciccolini, Lu Jia, Leopold Hager, Yoram David, Yves Abel, Laura De Fusco, Roberto Cominati, Jos\u00e9 Carreras. Ha eseguito prime esecuzioni assolute di brani di compositori contemporanei quali Giacomo Manzoni ed Ennio Morricone, e realizzato escursioni oltre i confini del classico con artisti quali Lucio Dalla, Edoardo Bennato, Franco Battiato, Noa, Andre Bocelli ecc.<br \/>\nL\u2019Orchestra \u00e8 stata ospite di varie edizioni del Festival di Ravello, a partire dai due Concerti all\u2019alba del 2007 e 2008, e poi con originali programmi sinfonici come quelli dedicati alle musiche di Nino Rota (Enchantment \u2013 giugno 2012, con Fabrizio Bosso, tromba solista), Lucio Dalla (Variazioni su Dalla &#8211; giugno 2013) e Pino Daniele (\u2018O mare &#8211; giugno 2015).<br \/>\nTra i pi\u00f9 rilevanti impegni in campo internazionale ricordiamo i due Concerti per la Pace a Gerusalemme e a Ramallah nel 2005, e i concerti per l\u2019inaugurazione dell\u2019anno Italia-Cina, realizzati nel gennaio 2006, sotto l\u2019egida della Fondazione del Teatro di San Carlo di Napoli, a Tianjin (Great Hall of People) e a Pechino (Concert Hall della Citt\u00e0 proibita), appuntamento quest\u2019ultimo ripreso e trasmesso dalla CCTV cinese. Ricordiamo anche ben 5 tourn\u00e9e lirico-sinfoniche in Cina tra il 2017 e il 2019.<br \/>\nL\u2019Orchestra ha inciso per la NHK giapponese, la Nuova Era, la Stradivarius, e registrato numerosi concerti per la RAI.<br \/>\nA partire dall\u2019autunno 2006 la Nuova Orchestra Scarlatti ha svolto la sua attivit\u00e0 concertistica presso sedi quali l\u2019Auditorium della RAI di Napoli, il Museo Diocesano di Napoli, Teatri Augusteo, Mercadante, Politeama, Teatro Mediterraneo della Mostra d\u2019Oltremare.<br \/>\nA partire dal 2014 l\u2019Orchestra ha dato vita alla nuova Comunit\u00e0 delle Orchestre Scarlatti, composta da Nuova Orchestra Scarlatti, Scarlatti Young, Scarlatti per Tutti, Orchestra Scarlatti Junior (attualmente circa 146 ragazze e ragazzi fra gli 11 e i 20 anni di et\u00e0).<\/p>\n<p>&nbsp;<\/p>\n<figure id=\"attachment_19302\" aria-describedby=\"caption-attachment-19302\" style=\"width: 1024px\" class=\"wp-caption alignnone\"><a href=\"http:\/\/www.ecoitaliano.com.ar\/wp-content\/uploads\/2021\/12\/Fabrizio-Maria-Carminati-\u00a9-Simone-Donati-TerraProject-.jpg\"><img decoding=\"async\" class=\"size-full wp-image-19302\" src=\"http:\/\/www.ecoitaliano.com.ar\/wp-content\/uploads\/2021\/12\/Fabrizio-Maria-Carminati-\u00a9-Simone-Donati-TerraProject-.jpg\" alt=\"\" width=\"1024\" height=\"683\" srcset=\"https:\/\/www.ecoitaliano.com.ar\/wp-content\/uploads\/2021\/12\/Fabrizio-Maria-Carminati-\u00a9-Simone-Donati-TerraProject-.jpg 1024w, https:\/\/www.ecoitaliano.com.ar\/wp-content\/uploads\/2021\/12\/Fabrizio-Maria-Carminati-\u00a9-Simone-Donati-TerraProject--300x200.jpg 300w, https:\/\/www.ecoitaliano.com.ar\/wp-content\/uploads\/2021\/12\/Fabrizio-Maria-Carminati-\u00a9-Simone-Donati-TerraProject--768x512.jpg 768w, https:\/\/www.ecoitaliano.com.ar\/wp-content\/uploads\/2021\/12\/Fabrizio-Maria-Carminati-\u00a9-Simone-Donati-TerraProject--150x100.jpg 150w\" sizes=\"(max-width: 1024px) 100vw, 1024px\" \/><\/a><figcaption id=\"caption-attachment-19302\" class=\"wp-caption-text\">Firenze, ottobre 2016. Il concerto all&#8217;Opera di Firenze diretto da Fabrizio Maria Carminati con il soprano Jessica Pratt ed il tenore Shalva Mukeria insieme all&#8217;Orchestra del Maggio Musicale Fiorentino.<br \/>Florence, October 2016. The concert at Opera di Firenze directed by Fabrizio Maria Carminati with soprano Jessica Pratt and tenor Shalva Mukeria with the Orchestra of the Maggio Musicale Fiorentino.<\/figcaption><\/figure>\n<p><a href=\"http:\/\/www.ecoitaliano.com.ar\/wp-content\/uploads\/2021\/12\/JasonHoma_LisetteOropesa_02.jpg\"><img decoding=\"async\" class=\"alignnone size-full wp-image-19303\" src=\"http:\/\/www.ecoitaliano.com.ar\/wp-content\/uploads\/2021\/12\/JasonHoma_LisetteOropesa_02.jpg\" alt=\"\" width=\"1024\" height=\"683\" srcset=\"https:\/\/www.ecoitaliano.com.ar\/wp-content\/uploads\/2021\/12\/JasonHoma_LisetteOropesa_02.jpg 1024w, https:\/\/www.ecoitaliano.com.ar\/wp-content\/uploads\/2021\/12\/JasonHoma_LisetteOropesa_02-300x200.jpg 300w, https:\/\/www.ecoitaliano.com.ar\/wp-content\/uploads\/2021\/12\/JasonHoma_LisetteOropesa_02-768x512.jpg 768w, https:\/\/www.ecoitaliano.com.ar\/wp-content\/uploads\/2021\/12\/JasonHoma_LisetteOropesa_02-150x100.jpg 150w\" sizes=\"(max-width: 1024px) 100vw, 1024px\" \/><\/a><\/p>\n<p><a href=\"http:\/\/www.ecoitaliano.com.ar\/wp-content\/uploads\/2021\/12\/nuova-orchestra-scarlatti-2.jpg\"><img decoding=\"async\" class=\"alignnone size-full wp-image-19305\" src=\"http:\/\/www.ecoitaliano.com.ar\/wp-content\/uploads\/2021\/12\/nuova-orchestra-scarlatti-2.jpg\" alt=\"\" width=\"1024\" height=\"406\" srcset=\"https:\/\/www.ecoitaliano.com.ar\/wp-content\/uploads\/2021\/12\/nuova-orchestra-scarlatti-2.jpg 1024w, https:\/\/www.ecoitaliano.com.ar\/wp-content\/uploads\/2021\/12\/nuova-orchestra-scarlatti-2-300x119.jpg 300w, https:\/\/www.ecoitaliano.com.ar\/wp-content\/uploads\/2021\/12\/nuova-orchestra-scarlatti-2-768x305.jpg 768w, https:\/\/www.ecoitaliano.com.ar\/wp-content\/uploads\/2021\/12\/nuova-orchestra-scarlatti-2-150x59.jpg 150w\" sizes=\"(max-width: 1024px) 100vw, 1024px\" \/><\/a><\/p>\n","protected":false},"excerpt":{"rendered":"<p>Ravello, 22 dicembre 2021 Il debutto a Ravello di Lisette Oropesa chiude il 2021 della Fondazione Ravello La lunga stagione [&hellip;]<\/p>\n","protected":false},"author":1,"featured_media":0,"comment_status":"open","ping_status":"open","sticky":false,"template":"","format":"standard","meta":{"footnotes":""},"categories":[1],"tags":[],"class_list":["post-19301","post","type-post","status-publish","format-standard","hentry","category-sin-categoria"],"_links":{"self":[{"href":"https:\/\/www.ecoitaliano.com.ar\/index.php?rest_route=\/wp\/v2\/posts\/19301","targetHints":{"allow":["GET"]}}],"collection":[{"href":"https:\/\/www.ecoitaliano.com.ar\/index.php?rest_route=\/wp\/v2\/posts"}],"about":[{"href":"https:\/\/www.ecoitaliano.com.ar\/index.php?rest_route=\/wp\/v2\/types\/post"}],"author":[{"embeddable":true,"href":"https:\/\/www.ecoitaliano.com.ar\/index.php?rest_route=\/wp\/v2\/users\/1"}],"replies":[{"embeddable":true,"href":"https:\/\/www.ecoitaliano.com.ar\/index.php?rest_route=%2Fwp%2Fv2%2Fcomments&post=19301"}],"version-history":[{"count":0,"href":"https:\/\/www.ecoitaliano.com.ar\/index.php?rest_route=\/wp\/v2\/posts\/19301\/revisions"}],"wp:attachment":[{"href":"https:\/\/www.ecoitaliano.com.ar\/index.php?rest_route=%2Fwp%2Fv2%2Fmedia&parent=19301"}],"wp:term":[{"taxonomy":"category","embeddable":true,"href":"https:\/\/www.ecoitaliano.com.ar\/index.php?rest_route=%2Fwp%2Fv2%2Fcategories&post=19301"},{"taxonomy":"post_tag","embeddable":true,"href":"https:\/\/www.ecoitaliano.com.ar\/index.php?rest_route=%2Fwp%2Fv2%2Ftags&post=19301"}],"curies":[{"name":"wp","href":"https:\/\/api.w.org\/{rel}","templated":true}]}}