{"id":19319,"date":"2021-12-23T04:27:41","date_gmt":"2021-12-23T04:27:41","guid":{"rendered":"http:\/\/www.ecoitaliano.com.ar\/?p=19319"},"modified":"2021-12-23T04:30:00","modified_gmt":"2021-12-23T04:30:00","slug":"serena-conduce-operaclassica-eco-italiano-1180","status":"publish","type":"post","link":"https:\/\/www.ecoitaliano.com.ar\/?p=19319","title":{"rendered":"Serena conduce operaclassica eco italiano."},"content":{"rendered":"<p style=\"text-align: center;\"><a href=\"http:\/\/www.ecoitaliano.com.ar\/wp-content\/uploads\/2021\/12\/ghjk-4.jpg\"><img decoding=\"async\" class=\"alignnone size-full wp-image-19320\" src=\"http:\/\/www.ecoitaliano.com.ar\/wp-content\/uploads\/2021\/12\/ghjk-4.jpg\" alt=\"\" width=\"244\" height=\"119\" srcset=\"https:\/\/www.ecoitaliano.com.ar\/wp-content\/uploads\/2021\/12\/ghjk-4.jpg 244w, https:\/\/www.ecoitaliano.com.ar\/wp-content\/uploads\/2021\/12\/ghjk-4-150x73.jpg 150w\" sizes=\"(max-width: 244px) 100vw, 244px\" \/><\/a><\/p>\n<p>Teatro di San Carlo<br \/>\nIl Lago dei Cigni in versione for families<br \/>\ndal 29 dicembre al 5 gennaio<br \/>\nCinque recite speciali del capolavoro di P\u00ebtr Il&#8217;i\u010d \u010cajkovskij<br \/>\ndedicate alle famiglie<\/p>\n<p>E dal 2 gennaio torna Canta con Me&#8230;Mus! Christmas Edition<\/p>\n<p>Il Teatro di San Carlo dedica le Feste di Natale ai pi\u00f9 piccoli e alle loro famiglie.<br \/>\nPer celebrare insieme il momento pi\u00f9 magico dell&#8217;anno, sono in programma due appuntamenti speciali.<br \/>\nDal 29 dicembre al 5 gennaio &#8211; con un matin\u00e9e alle 11.30 &#8211;\u00a0sar\u00e0 in scena un&#8217;edizione for families de Il Lago dei Cigni di P\u00ebtr Il&#8217;i\u010d \u010cajkovskij il grande classico del balletto scelto quest&#8217;anno come favola delle Feste e che vedr\u00e0 protagonista il Balletto del Teatro San Carlo diretto da Clotilde Vayer.<br \/>\nDopo gli appuntamenti di dicembre, il 2 gennaio torna, a grande richiesta, con i turni delle 10 e delle 11, Canta con Me\u2026Mus! Christmas Edition, il nostro laboratorio di canto dedicato ai bambini dai 3 ai 12 anni.<br \/>\nPer prendere parte a questi eventi, sono in vendita biglietti singoli (a partire da 5 euro) e la Card Families, una formula di abbonamento molto speciale pensata per andare a teatro con tutta la famiglia: 3 ingressi (di cui almeno 1 per un bambino) a partire da 10\u20ac.<\/p>\n<p>\/Spettacoli per le Famiglie<\/p>\n<p>Dal 29 dicembre 2021 al 5 gennaio 2022<\/p>\n<p>P\u00ebtr Il&#8217;i\u010d \u010cajkovskij<br \/>\nIL LAGO DEI CIGNI \u2013 for families<br \/>\nBalletto in quattro atti su libretto di Vladimir Petrovic Begi\u010dev basato sull&#8217;antica fiaba tedesca, Der geraubte Schleier (Il velo rubato), seguendo il racconto di Jophann Karl August Mus\u00e4us<\/p>\n<p>Coreografia |\u00a0Patrice Bart\u266d<br \/>\nScene e Costumi |\u00a0Luisa Spinatelli<\/p>\n<p>\u266ddebutto al Teatro di San Carlo<\/p>\n<p>Balletto del Teatro di San Carlo<br \/>\nDirettore del balletto |\u00a0Clotilde Vayer<\/p>\n<p>Allestimento del Teatro dell\u2019Opera di Roma<\/p>\n<p>Versione ridotta del balletto<\/p>\n<p>Teatro di San Carlo | SERIE FAMILIES<br \/>\nmercoled\u00ec 29 dicembre 2021, ore 11:30 \u2013 FAMILIES \u2013 XI<br \/>\ngioved\u00ec 30 dicembre 2021, ore 11:30 \u2013 FAMILIES \u2013 XI<br \/>\nvenerd\u00ec 31 dicembre 2021, ore\u00a011:30 \u2013 FAMILIES \u2013 XI<br \/>\nmarted\u00ec 4 gennaio 2022, ore 11:30 \u2013 FAMILIES \u2013 XI<br \/>\nmercoled\u00ec 5 gennaio 2022, ore 11:30 \u2013 FAMILIES \u2013 XI<\/p>\n<p><a href=\"http:\/\/www.ecoitaliano.com.ar\/wp-content\/uploads\/2021\/12\/dffgcvhbj.jpg\"><img decoding=\"async\" class=\"alignnone size-full wp-image-19323\" src=\"http:\/\/www.ecoitaliano.com.ar\/wp-content\/uploads\/2021\/12\/dffgcvhbj.jpg\" alt=\"\" width=\"1228\" height=\"819\" srcset=\"https:\/\/www.ecoitaliano.com.ar\/wp-content\/uploads\/2021\/12\/dffgcvhbj.jpg 1228w, https:\/\/www.ecoitaliano.com.ar\/wp-content\/uploads\/2021\/12\/dffgcvhbj-300x200.jpg 300w, https:\/\/www.ecoitaliano.com.ar\/wp-content\/uploads\/2021\/12\/dffgcvhbj-768x512.jpg 768w, https:\/\/www.ecoitaliano.com.ar\/wp-content\/uploads\/2021\/12\/dffgcvhbj-1024x683.jpg 1024w, https:\/\/www.ecoitaliano.com.ar\/wp-content\/uploads\/2021\/12\/dffgcvhbj-150x100.jpg 150w\" sizes=\"(max-width: 1228px) 100vw, 1228px\" \/><\/a> <a href=\"http:\/\/www.ecoitaliano.com.ar\/wp-content\/uploads\/2021\/12\/xdcfvgbhjkml..jpg\"><img decoding=\"async\" class=\"alignnone size-full wp-image-19324\" src=\"http:\/\/www.ecoitaliano.com.ar\/wp-content\/uploads\/2021\/12\/xdcfvgbhjkml..jpg\" alt=\"\" width=\"1228\" height=\"818\" srcset=\"https:\/\/www.ecoitaliano.com.ar\/wp-content\/uploads\/2021\/12\/xdcfvgbhjkml..jpg 1228w, https:\/\/www.ecoitaliano.com.ar\/wp-content\/uploads\/2021\/12\/xdcfvgbhjkml.-300x200.jpg 300w, https:\/\/www.ecoitaliano.com.ar\/wp-content\/uploads\/2021\/12\/xdcfvgbhjkml.-768x512.jpg 768w, https:\/\/www.ecoitaliano.com.ar\/wp-content\/uploads\/2021\/12\/xdcfvgbhjkml.-1024x682.jpg 1024w, https:\/\/www.ecoitaliano.com.ar\/wp-content\/uploads\/2021\/12\/xdcfvgbhjkml.-150x100.jpg 150w\" sizes=\"(max-width: 1228px) 100vw, 1228px\" \/><\/a><\/p>\n<p class=\"title style-scope ytd-video-primary-info-renderer\"><strong>operaclassica: video gallery, il lago dei cigni apre la stagione di danza al teatro San Carlo di Napoli.<\/strong><\/p>\n<p><iframe loading=\"lazy\" title=\"operaclassica: il lago dei cigni apre la stagione di danza al teatro San Carlo di Napoli.\" width=\"500\" height=\"281\" src=\"https:\/\/www.youtube.com\/embed\/Bdy96xDcilk?feature=oembed\" frameborder=\"0\" allow=\"accelerometer; autoplay; clipboard-write; encrypted-media; gyroscope; picture-in-picture; web-share\" referrerpolicy=\"strict-origin-when-cross-origin\" allowfullscreen><\/iframe><\/p>\n","protected":false},"excerpt":{"rendered":"<p>Teatro di San Carlo Il Lago dei Cigni in versione for families dal 29 dicembre al 5 gennaio Cinque recite [&hellip;]<\/p>\n","protected":false},"author":1,"featured_media":0,"comment_status":"open","ping_status":"open","sticky":false,"template":"","format":"standard","meta":{"footnotes":""},"categories":[1],"tags":[],"class_list":["post-19319","post","type-post","status-publish","format-standard","hentry","category-sin-categoria"],"_links":{"self":[{"href":"https:\/\/www.ecoitaliano.com.ar\/index.php?rest_route=\/wp\/v2\/posts\/19319","targetHints":{"allow":["GET"]}}],"collection":[{"href":"https:\/\/www.ecoitaliano.com.ar\/index.php?rest_route=\/wp\/v2\/posts"}],"about":[{"href":"https:\/\/www.ecoitaliano.com.ar\/index.php?rest_route=\/wp\/v2\/types\/post"}],"author":[{"embeddable":true,"href":"https:\/\/www.ecoitaliano.com.ar\/index.php?rest_route=\/wp\/v2\/users\/1"}],"replies":[{"embeddable":true,"href":"https:\/\/www.ecoitaliano.com.ar\/index.php?rest_route=%2Fwp%2Fv2%2Fcomments&post=19319"}],"version-history":[{"count":0,"href":"https:\/\/www.ecoitaliano.com.ar\/index.php?rest_route=\/wp\/v2\/posts\/19319\/revisions"}],"wp:attachment":[{"href":"https:\/\/www.ecoitaliano.com.ar\/index.php?rest_route=%2Fwp%2Fv2%2Fmedia&parent=19319"}],"wp:term":[{"taxonomy":"category","embeddable":true,"href":"https:\/\/www.ecoitaliano.com.ar\/index.php?rest_route=%2Fwp%2Fv2%2Fcategories&post=19319"},{"taxonomy":"post_tag","embeddable":true,"href":"https:\/\/www.ecoitaliano.com.ar\/index.php?rest_route=%2Fwp%2Fv2%2Ftags&post=19319"}],"curies":[{"name":"wp","href":"https:\/\/api.w.org\/{rel}","templated":true}]}}