{"id":19384,"date":"2021-12-28T03:13:54","date_gmt":"2021-12-28T03:13:54","guid":{"rendered":"http:\/\/www.ecoitaliano.com.ar\/?p=19384"},"modified":"2021-12-28T03:13:54","modified_gmt":"2021-12-28T03:13:54","slug":"serena-conduce-operaclassica-eco-italiano-1187","status":"publish","type":"post","link":"https:\/\/www.ecoitaliano.com.ar\/?p=19384","title":{"rendered":"Serena conduce operaclassica eco italiano."},"content":{"rendered":"<p style=\"text-align: center;\"><a href=\"http:\/\/www.ecoitaliano.com.ar\/wp-content\/uploads\/2021\/10\/image004.png\"><img decoding=\"async\" class=\"alignnone size-full wp-image-17738\" src=\"http:\/\/www.ecoitaliano.com.ar\/wp-content\/uploads\/2021\/10\/image004.png\" alt=\"\" width=\"142\" height=\"89\" \/><\/a> <a href=\"http:\/\/www.ecoitaliano.com.ar\/wp-content\/uploads\/2021\/10\/image002-1.png\"><img decoding=\"async\" class=\"alignnone size-full wp-image-17737\" src=\"http:\/\/www.ecoitaliano.com.ar\/wp-content\/uploads\/2021\/10\/image002-1.png\" alt=\"\" width=\"130\" height=\"95\" \/><\/a><\/p>\n<p>Ufficio Stampa 27\/12\/2021<\/p>\n<p>TUTTO PRONTO AL TEATRO FILARMONICO PER IL<br \/>\nGALA DI SAN SILVESTRO CON JOS\u00c8 CARRERAS<br \/>\nvenerd\u00ec 31 dicembre 2021 &#8211; ore 20.30<br \/>\nTeatro Filarmonico<\/p>\n<p>Prime decorazioni nel foyer del Teatro Filarmonico \u00a9 2021 Foto Ennevi\/Fondazione Arena di Verona<\/p>\n<p>Sono ancora disponibili posti in alcuni settori per l\u2019attesissimo concerto di fine anno: protagonista la stella Jos\u00e8 Carreras a distanza di ventidue anni dalla sua ultima presenza nei cartelloni di Fondazione Arena. Con lui le giovani emergenti Karen Gardeazabal e Federica Vitali e l\u2019esperto direttore David Gim\u00e9nez, alla guida dell\u2019Orchestra e del Coro della Fondazione e del Coro di voci bianche A.Li.Ve.<br \/>\nDopo aver calcato i pi\u00f9 importanti palcoscenici del mondo con i pi\u00f9 grandi registi e direttori di sempre nei panni di Werther, Don Carlo, Ch\u00e9nier, Alvaro, Riccardo, Canio, Don Jos\u00e8, milioni di persone hanno scoperto l\u2019Opera grazie a lui, Luciano Pavarotti e Pl\u00e1cido Domingo, uniti nel nome di Tre Tenori dal 1990 con concerti, album e decine di milioni di copie vendute. All\u2019Arena di Verona \u00e8 stato protagonista di produzioni memorabili di Carmen, Andrea Ch\u00e9nier e concerti di gala colossali fino al 1999: dopo una parentesi lunga ventidue anni, finalmente Jos\u00e9 Carreras torna a Verona per il gi\u00e0 attesissimo Gala di San Silvestro.<br \/>\nIl grande tenore catalano sar\u00e0 al fianco di artisti quali il direttore David Gim\u00e9nez, alla guida dell\u2019Orchestra e del Coro della Fondazione Arena preparato dal nuovo maestro Ulisse Trabacchin, con le due giovani soliste Karen Gardeazabal, soprano messicano gi\u00e0 acclamato in Arena, e Federica Vitali, altro soprano al debutto veronese, e con la partecipazione del Coro di voci bianche A.Li.Ve. diretto da Paolo Facincani.<br \/>\nIl programma \u00e8 ricco e internazionale e alterna brani d\u2019opera, zarzuela e operetta con brani, arie e duetti da Il Pipistrello, La Vedova allegra, Giuditta, Lakm\u00e8, Las Hijas del Zebedeo, passando per musiche da film, emozionanti pagine natalizie della tradizione e celeberrime canzoni napoletane da Grieg, \u0160ostakovi\u010d, Leigh, Valls, Gardel, Valente, Cardillo e tanti altri. La durata del programma musicale, vario e insieme intimo e frizzante, \u00e8 di 80 minuti circa con un intervallo: l\u2019occasione per salutare la fine dell\u2019anno 2021 nel segno della grande musica \u00e8 ghiotta e imperdibile.<br \/>\nSono ancora disponibili biglietti per i diversi settori di platea, palchi, gallerie I e II con prezzi da 18\u20ac a 90\u20ac presso la Biglietteria Centrale e online sul sito arena.it, come sempre con riduzioni speciali per associazioni, under30 e over65. Il giorno dello spettacolo, sar\u00e0 possibile acquistare biglietti anche presso la Biglietteria del teatro in via Mutilati a partire dalle 18:30.<br \/>\nPer legge, l\u2019accesso agli spettacoli \u00e8 consentito esclusivamente agli spettatori muniti di certificazione verde Covid-19 di avvenuta vaccinazione o guarigione, \u201cGreen Pass rafforzato\u201d.\u00a0Inoltre viene introdotto l\u2019obbligo di\u00a0maschera Ffp2\u00a0in cinema, teatri e per eventi sportivi, nonch\u00e9 sui mezzi di trasporto (mezzi pubblici locali compresi). Ulteriori informazioni su https:\/\/www.arena.it\/it\/teatro-filarmonico\/info-covid<\/p>\n<p>Informazioni<br \/>\nUfficio Stampa Fondazione Arena di Verona \u2013 Via Roma 7\/D, 37121 Verona<br \/>\ntel. (+39) 045 805.1861-1905-1891 &#8211; fax (+39) 045 803.1443<br \/>\nufficio.stampa@arenadiverona.it \u2013 www.arena.it<\/p>\n<p>Biglietteria Arena di Verona<br \/>\nVia Dietro Anfiteatro 6\/b, 37121 Verona<br \/>\nTel. 045 596517 &#8211; Fax 045 8013287<br \/>\nCall center 045 8005151 &#8211; Punti di prevendita Ticketone<br \/>\nOrari<br \/>\nda luned\u00ec a venerd\u00ec 10:30-16:00<br \/>\nsabato 09:15-12:45<br \/>\nbiglietteria@arenadiverona.it \u2013 www.arena.it<\/p>\n<p>Biglietteria Teatro Filarmonico<br \/>\nVia dei Mutilati 4\/k, 37121 Verona<br \/>\nTel. 045 8002880 &#8211; Fax 045 8013266<br \/>\nApertura due ore prima dello spettacolo.<\/p>\n<p><a href=\"http:\/\/www.ecoitaliano.com.ar\/wp-content\/uploads\/2021\/12\/3aba2eae0eee047a5235cebfe349388b-2.jpg\"><img decoding=\"async\" class=\"alignnone size-full wp-image-19385\" src=\"http:\/\/www.ecoitaliano.com.ar\/wp-content\/uploads\/2021\/12\/3aba2eae0eee047a5235cebfe349388b-2.jpg\" alt=\"\" width=\"1654\" height=\"2339\" srcset=\"https:\/\/www.ecoitaliano.com.ar\/wp-content\/uploads\/2021\/12\/3aba2eae0eee047a5235cebfe349388b-2.jpg 1654w, https:\/\/www.ecoitaliano.com.ar\/wp-content\/uploads\/2021\/12\/3aba2eae0eee047a5235cebfe349388b-2-212x300.jpg 212w, https:\/\/www.ecoitaliano.com.ar\/wp-content\/uploads\/2021\/12\/3aba2eae0eee047a5235cebfe349388b-2-768x1086.jpg 768w, https:\/\/www.ecoitaliano.com.ar\/wp-content\/uploads\/2021\/12\/3aba2eae0eee047a5235cebfe349388b-2-724x1024.jpg 724w, https:\/\/www.ecoitaliano.com.ar\/wp-content\/uploads\/2021\/12\/3aba2eae0eee047a5235cebfe349388b-2-106x150.jpg 106w\" sizes=\"(max-width: 1654px) 100vw, 1654px\" \/><\/a><\/p>\n<p><a href=\"http:\/\/www.ecoitaliano.com.ar\/wp-content\/uploads\/2021\/12\/yo-3.jpg\"><img decoding=\"async\" class=\"alignnone size-full wp-image-19386\" src=\"http:\/\/www.ecoitaliano.com.ar\/wp-content\/uploads\/2021\/12\/yo-3.jpg\" alt=\"\" width=\"833\" height=\"1212\" srcset=\"https:\/\/www.ecoitaliano.com.ar\/wp-content\/uploads\/2021\/12\/yo-3.jpg 833w, https:\/\/www.ecoitaliano.com.ar\/wp-content\/uploads\/2021\/12\/yo-3-206x300.jpg 206w, https:\/\/www.ecoitaliano.com.ar\/wp-content\/uploads\/2021\/12\/yo-3-768x1117.jpg 768w, https:\/\/www.ecoitaliano.com.ar\/wp-content\/uploads\/2021\/12\/yo-3-704x1024.jpg 704w, https:\/\/www.ecoitaliano.com.ar\/wp-content\/uploads\/2021\/12\/yo-3-103x150.jpg 103w\" sizes=\"(max-width: 833px) 100vw, 833px\" \/><\/a><\/p>\n<p><a href=\"http:\/\/www.ecoitaliano.com.ar\/wp-content\/uploads\/2021\/12\/yoooo.jpg\"><img decoding=\"async\" class=\"alignnone size-full wp-image-19387\" src=\"http:\/\/www.ecoitaliano.com.ar\/wp-content\/uploads\/2021\/12\/yoooo.jpg\" alt=\"\" width=\"819\" height=\"1228\" srcset=\"https:\/\/www.ecoitaliano.com.ar\/wp-content\/uploads\/2021\/12\/yoooo.jpg 819w, https:\/\/www.ecoitaliano.com.ar\/wp-content\/uploads\/2021\/12\/yoooo-200x300.jpg 200w, https:\/\/www.ecoitaliano.com.ar\/wp-content\/uploads\/2021\/12\/yoooo-768x1152.jpg 768w, https:\/\/www.ecoitaliano.com.ar\/wp-content\/uploads\/2021\/12\/yoooo-683x1024.jpg 683w, https:\/\/www.ecoitaliano.com.ar\/wp-content\/uploads\/2021\/12\/yoooo-100x150.jpg 100w\" sizes=\"(max-width: 819px) 100vw, 819px\" \/><\/a> <a href=\"http:\/\/www.ecoitaliano.com.ar\/wp-content\/uploads\/2021\/12\/yoooo-1.jpg\"><img decoding=\"async\" class=\"alignnone size-full wp-image-19388\" src=\"http:\/\/www.ecoitaliano.com.ar\/wp-content\/uploads\/2021\/12\/yoooo-1.jpg\" alt=\"\" width=\"1228\" height=\"819\" srcset=\"https:\/\/www.ecoitaliano.com.ar\/wp-content\/uploads\/2021\/12\/yoooo-1.jpg 1228w, https:\/\/www.ecoitaliano.com.ar\/wp-content\/uploads\/2021\/12\/yoooo-1-300x200.jpg 300w, https:\/\/www.ecoitaliano.com.ar\/wp-content\/uploads\/2021\/12\/yoooo-1-768x512.jpg 768w, https:\/\/www.ecoitaliano.com.ar\/wp-content\/uploads\/2021\/12\/yoooo-1-1024x683.jpg 1024w, https:\/\/www.ecoitaliano.com.ar\/wp-content\/uploads\/2021\/12\/yoooo-1-150x100.jpg 150w\" sizes=\"(max-width: 1228px) 100vw, 1228px\" \/><\/a><\/p>\n","protected":false},"excerpt":{"rendered":"<p>Ufficio Stampa 27\/12\/2021 TUTTO PRONTO AL TEATRO FILARMONICO PER IL GALA DI SAN SILVESTRO CON JOS\u00c8 CARRERAS venerd\u00ec 31 dicembre [&hellip;]<\/p>\n","protected":false},"author":1,"featured_media":0,"comment_status":"open","ping_status":"open","sticky":false,"template":"","format":"standard","meta":{"footnotes":""},"categories":[1],"tags":[],"class_list":["post-19384","post","type-post","status-publish","format-standard","hentry","category-sin-categoria"],"_links":{"self":[{"href":"https:\/\/www.ecoitaliano.com.ar\/index.php?rest_route=\/wp\/v2\/posts\/19384","targetHints":{"allow":["GET"]}}],"collection":[{"href":"https:\/\/www.ecoitaliano.com.ar\/index.php?rest_route=\/wp\/v2\/posts"}],"about":[{"href":"https:\/\/www.ecoitaliano.com.ar\/index.php?rest_route=\/wp\/v2\/types\/post"}],"author":[{"embeddable":true,"href":"https:\/\/www.ecoitaliano.com.ar\/index.php?rest_route=\/wp\/v2\/users\/1"}],"replies":[{"embeddable":true,"href":"https:\/\/www.ecoitaliano.com.ar\/index.php?rest_route=%2Fwp%2Fv2%2Fcomments&post=19384"}],"version-history":[{"count":0,"href":"https:\/\/www.ecoitaliano.com.ar\/index.php?rest_route=\/wp\/v2\/posts\/19384\/revisions"}],"wp:attachment":[{"href":"https:\/\/www.ecoitaliano.com.ar\/index.php?rest_route=%2Fwp%2Fv2%2Fmedia&parent=19384"}],"wp:term":[{"taxonomy":"category","embeddable":true,"href":"https:\/\/www.ecoitaliano.com.ar\/index.php?rest_route=%2Fwp%2Fv2%2Fcategories&post=19384"},{"taxonomy":"post_tag","embeddable":true,"href":"https:\/\/www.ecoitaliano.com.ar\/index.php?rest_route=%2Fwp%2Fv2%2Ftags&post=19384"}],"curies":[{"name":"wp","href":"https:\/\/api.w.org\/{rel}","templated":true}]}}