{"id":19390,"date":"2021-12-28T03:29:14","date_gmt":"2021-12-28T03:29:14","guid":{"rendered":"http:\/\/www.ecoitaliano.com.ar\/?p=19390"},"modified":"2021-12-28T03:29:14","modified_gmt":"2021-12-28T03:29:14","slug":"serena-conduce-operaclassica-eco-italiano-1188","status":"publish","type":"post","link":"https:\/\/www.ecoitaliano.com.ar\/?p=19390","title":{"rendered":"Serena conduce operaclassica eco italiano."},"content":{"rendered":"<p style=\"text-align: center;\"><a href=\"http:\/\/www.ecoitaliano.com.ar\/wp-content\/uploads\/2021\/11\/171f0d23f60b4818b059feb8af35143b.jpg\"><img decoding=\"async\" class=\"alignnone size-full wp-image-18375\" src=\"http:\/\/www.ecoitaliano.com.ar\/wp-content\/uploads\/2021\/11\/171f0d23f60b4818b059feb8af35143b.jpg\" alt=\"\" width=\"300\" height=\"97\" srcset=\"https:\/\/www.ecoitaliano.com.ar\/wp-content\/uploads\/2021\/11\/171f0d23f60b4818b059feb8af35143b.jpg 300w, https:\/\/www.ecoitaliano.com.ar\/wp-content\/uploads\/2021\/11\/171f0d23f60b4818b059feb8af35143b-150x49.jpg 150w\" sizes=\"(max-width: 300px) 100vw, 300px\" \/><\/a><\/p>\n<table class=\"row row-2\" border=\"0\" width=\"100%\" cellspacing=\"0\" cellpadding=\"0\" align=\"center\">\n<tbody>\n<tr>\n<td>\n<table class=\"row-content stack\" border=\"0\" width=\"600\" cellspacing=\"0\" cellpadding=\"0\" align=\"center\">\n<tbody>\n<tr>\n<td class=\"column\" width=\"100%\">\n<table class=\"text_block\" border=\"0\" width=\"100%\" cellspacing=\"0\" cellpadding=\"10\">\n<tbody>\n<tr>\n<td>\n<div>\n<div>\n<p><strong>FRANCESCO GIAMBRONE NUOVO SOVRINTENDENTE<\/strong><\/p>\n<p><strong>DEL TEATRO DELL\u2019OPERA DI ROMA<\/strong><\/p>\n<p>&nbsp;<\/p>\n<p><strong>COMUNICATO STAMPA<\/strong><\/p>\n<p><strong>27 DICEMBRE 2021<\/strong><\/p>\n<p>&nbsp;<\/p>\n<p>Il Ministro della Cultura Dario Franceschini, a seguito dell\u2019indicazione del Consiglio di Indirizzo del Teatro dell\u2019Opera di Roma, presieduto dal Sindaco Roberto Gualtieri, ha ratificato, in data odierna, la nomina di\u00a0<strong>Francesco<\/strong>\u00a0<strong>Giambrone<\/strong>\u00a0come\u00a0<strong>nuovo sovrintendente della Fondazione lirica capitolina<\/strong>.<\/p>\n<p>&nbsp;<\/p>\n<p><em>\u201cRingrazio il Sindaco e Presidente della Fondazione,<\/em><em>\u00a0il Ministro e<\/em><em>\u00a0il\u00a0<\/em><em>Consiglio di Indirizzo\u00a0<\/em><em>per la fiducia accordatami &#8211;\u00a0<\/em>ha dichiarato Francesco Giambrone -.\u00a0<em>\u00a0Gi\u00e0 domani sar\u00f2 in teatro per assistere alla recita di\u00a0<\/em>Schiaccianoci<em>\u00a0in programma. Sento la responsabilit\u00e0 di assumere la direzione di un teatro che negli anni \u00e8 profondamente cambiato e si \u00e8 riposizionato nel panorama nazionale e internazionale grazie alla guida di Carlo Fuortes e al contributo e all\u2019impegno di tutte le sue componenti artistiche, tecniche e amministrative, affrontando le incertezze e le criticit\u00e0 legate alla pandemia in corso con la volont\u00e0 di non fermarsi, con curiosit\u00e0 e spirito innovativo. Si apre adesso una fase di ascolto\u00a0<\/em><em>e dialogo\u00a0<\/em><em>indispensabile per costruire un progetto condiviso da portare avanti nei prossimi anni. Ascolto del teatro e ascolto della citt\u00e0, con l\u2019obiettivo di realizzare insieme un modello di teatro che possa essere sempre di pi\u00f9 attento alla qualit\u00e0 delle proposte culturali e aperto alle esigenze della comunit\u00e0\u201d.<\/em><\/p>\n<p>&nbsp;<\/p>\n<p>&nbsp;<\/p>\n<\/div>\n<\/div>\n<\/td>\n<\/tr>\n<\/tbody>\n<\/table>\n<\/td>\n<\/tr>\n<\/tbody>\n<\/table>\n<\/td>\n<\/tr>\n<\/tbody>\n<\/table>\n<table class=\"row row-3\" border=\"0\" width=\"100%\" cellspacing=\"0\" cellpadding=\"0\" align=\"center\">\n<tbody>\n<tr>\n<td>\n<table class=\"row-content stack\" border=\"0\" width=\"600\" cellspacing=\"0\" cellpadding=\"0\" align=\"center\">\n<tbody>\n<tr>\n<td class=\"column\" width=\"100%\">\n<table class=\"text_block\" border=\"0\" width=\"100%\" cellspacing=\"0\" cellpadding=\"10\">\n<tbody>\n<tr>\n<td>\n<div>\n<div>\n<p><strong>FRANCESCO GIAMBRONE<\/strong><\/p>\n<p><strong>\u00a9 Rosellina Garbo<\/strong><\/p>\n<\/div>\n<\/div>\n<\/td>\n<\/tr>\n<\/tbody>\n<\/table>\n<\/td>\n<\/tr>\n<\/tbody>\n<\/table>\n<p>&nbsp;<\/td>\n<\/tr>\n<\/tbody>\n<\/table>\n<p><a href=\"http:\/\/www.ecoitaliano.com.ar\/wp-content\/uploads\/2021\/12\/jkghdg.jpg\"><img decoding=\"async\" class=\"alignnone size-full wp-image-19393\" src=\"http:\/\/www.ecoitaliano.com.ar\/wp-content\/uploads\/2021\/12\/jkghdg.jpg\" alt=\"\" width=\"1228\" height=\"819\" srcset=\"https:\/\/www.ecoitaliano.com.ar\/wp-content\/uploads\/2021\/12\/jkghdg.jpg 1228w, https:\/\/www.ecoitaliano.com.ar\/wp-content\/uploads\/2021\/12\/jkghdg-300x200.jpg 300w, https:\/\/www.ecoitaliano.com.ar\/wp-content\/uploads\/2021\/12\/jkghdg-768x512.jpg 768w, https:\/\/www.ecoitaliano.com.ar\/wp-content\/uploads\/2021\/12\/jkghdg-1024x683.jpg 1024w, https:\/\/www.ecoitaliano.com.ar\/wp-content\/uploads\/2021\/12\/jkghdg-150x100.jpg 150w\" sizes=\"(max-width: 1228px) 100vw, 1228px\" \/><\/a><\/p>\n<p><a href=\"http:\/\/www.ecoitaliano.com.ar\/wp-content\/uploads\/2021\/12\/51111a50cb0b42a6bcd886505ddbf941.jpg\"><img decoding=\"async\" class=\"alignnone size-full wp-image-19392\" src=\"http:\/\/www.ecoitaliano.com.ar\/wp-content\/uploads\/2021\/12\/51111a50cb0b42a6bcd886505ddbf941.jpg\" alt=\"\" width=\"300\" height=\"147\" srcset=\"https:\/\/www.ecoitaliano.com.ar\/wp-content\/uploads\/2021\/12\/51111a50cb0b42a6bcd886505ddbf941.jpg 300w, https:\/\/www.ecoitaliano.com.ar\/wp-content\/uploads\/2021\/12\/51111a50cb0b42a6bcd886505ddbf941-150x74.jpg 150w\" sizes=\"(max-width: 300px) 100vw, 300px\" \/><\/a><\/p>\n","protected":false},"excerpt":{"rendered":"<p>FRANCESCO GIAMBRONE NUOVO SOVRINTENDENTE DEL TEATRO DELL\u2019OPERA DI ROMA &nbsp; COMUNICATO STAMPA 27 DICEMBRE 2021 &nbsp; Il Ministro della Cultura [&hellip;]<\/p>\n","protected":false},"author":1,"featured_media":0,"comment_status":"open","ping_status":"open","sticky":false,"template":"","format":"standard","meta":{"footnotes":""},"categories":[1],"tags":[],"class_list":["post-19390","post","type-post","status-publish","format-standard","hentry","category-sin-categoria"],"_links":{"self":[{"href":"https:\/\/www.ecoitaliano.com.ar\/index.php?rest_route=\/wp\/v2\/posts\/19390","targetHints":{"allow":["GET"]}}],"collection":[{"href":"https:\/\/www.ecoitaliano.com.ar\/index.php?rest_route=\/wp\/v2\/posts"}],"about":[{"href":"https:\/\/www.ecoitaliano.com.ar\/index.php?rest_route=\/wp\/v2\/types\/post"}],"author":[{"embeddable":true,"href":"https:\/\/www.ecoitaliano.com.ar\/index.php?rest_route=\/wp\/v2\/users\/1"}],"replies":[{"embeddable":true,"href":"https:\/\/www.ecoitaliano.com.ar\/index.php?rest_route=%2Fwp%2Fv2%2Fcomments&post=19390"}],"version-history":[{"count":0,"href":"https:\/\/www.ecoitaliano.com.ar\/index.php?rest_route=\/wp\/v2\/posts\/19390\/revisions"}],"wp:attachment":[{"href":"https:\/\/www.ecoitaliano.com.ar\/index.php?rest_route=%2Fwp%2Fv2%2Fmedia&parent=19390"}],"wp:term":[{"taxonomy":"category","embeddable":true,"href":"https:\/\/www.ecoitaliano.com.ar\/index.php?rest_route=%2Fwp%2Fv2%2Fcategories&post=19390"},{"taxonomy":"post_tag","embeddable":true,"href":"https:\/\/www.ecoitaliano.com.ar\/index.php?rest_route=%2Fwp%2Fv2%2Ftags&post=19390"}],"curies":[{"name":"wp","href":"https:\/\/api.w.org\/{rel}","templated":true}]}}