{"id":19426,"date":"2021-12-28T15:31:37","date_gmt":"2021-12-28T15:31:37","guid":{"rendered":"http:\/\/www.ecoitaliano.com.ar\/?p=19426"},"modified":"2021-12-28T15:31:37","modified_gmt":"2021-12-28T15:31:37","slug":"pierfranco-bruni-mi-sono-innamorato-di-eva-kant-nelle-librerie-un-libro-scritto-da-un-maestro-della-parola-per-i-70-anni-della-pellegrini-editore","status":"publish","type":"post","link":"https:\/\/www.ecoitaliano.com.ar\/?p=19426","title":{"rendered":"PIERFRANCO BRUNI, \u201cMI SONO INNAMORATO DI EVA KANT\u201d, NELLE LIBRERIE &#8211; Un libro scritto da un maestro della parola per i 70 anni della Pellegrini editore"},"content":{"rendered":"<p><a href=\"http:\/\/www.ecoitaliano.com.ar\/wp-content\/uploads\/2021\/12\/cover.jpg\"><img decoding=\"async\" class=\"alignnone size-full wp-image-19427\" src=\"http:\/\/www.ecoitaliano.com.ar\/wp-content\/uploads\/2021\/12\/cover.jpg\" alt=\"\" width=\"905\" height=\"905\" srcset=\"https:\/\/www.ecoitaliano.com.ar\/wp-content\/uploads\/2021\/12\/cover.jpg 905w, https:\/\/www.ecoitaliano.com.ar\/wp-content\/uploads\/2021\/12\/cover-150x150.jpg 150w, https:\/\/www.ecoitaliano.com.ar\/wp-content\/uploads\/2021\/12\/cover-300x300.jpg 300w, https:\/\/www.ecoitaliano.com.ar\/wp-content\/uploads\/2021\/12\/cover-768x768.jpg 768w\" sizes=\"(max-width: 905px) 100vw, 905px\" \/><\/a><\/p>\n<p>&nbsp;<\/p>\n<p align=\"center\"><span style=\"color: #050505;\"><span style=\"font-family: Georgia, serif;\"><b>PIERFRANCO BRUNI, \u201c<\/b><\/span><\/span><span style=\"color: #050505;\"><span style=\"font-family: Georgia, serif;\"><i><b>MI SONO INNAMORATO DI EVA KANT<\/b><\/i><\/span><\/span><span style=\"color: #050505;\"><span style=\"font-family: Georgia, serif;\"><b>\u201d, NELLE LIBRERIE<\/b><\/span><\/span><\/p>\n<p align=\"center\"><span style=\"color: #050505;\"><span style=\"font-family: Georgia, serif;\"><b>Un libro scritto da un maestro della parola per i 70 anni della Pellegrini editore<\/b><\/span><\/span><\/p>\n<p align=\"justify\">\n<p align=\"justify\">\n<p align=\"justify\"><a name=\"_GoBack\"><\/a> <span style=\"color: #050505;\"><span style=\"font-family: Georgia, serif;\"><span style=\"font-size: medium;\"><b>Eva Kant<\/b><\/span><\/span><\/span><span style=\"color: #050505;\"><span style=\"font-family: Georgia, serif;\"><span style=\"font-size: medium;\"> e <\/span><\/span><\/span><span style=\"color: #050505;\"><span style=\"font-family: Georgia, serif;\"><span style=\"font-size: medium;\"><b>Diabolik <\/b><\/span><\/span><\/span><span style=\"color: #050505;\"><span style=\"font-family: Georgia, serif;\"><span style=\"font-size: medium;\">sono personaggi che attraversano generazioni, che hanno vissuto dentro la fantasie e continuano a dare un immaginario singolare. \u00ab<\/span><\/span><\/span><span style=\"color: #050505;\"><span style=\"font-family: Georgia, serif;\"><span style=\"font-size: medium;\"><i>Mi sono innamorato di Eva Kant<\/i><\/span><\/span><\/span><span style=\"color: #050505;\"><span style=\"font-family: Georgia, serif;\"><span style=\"font-size: medium;\">\u00bb \u00e8 il nuovo libro di <\/span><\/span><\/span><span style=\"color: #050505;\"><span style=\"font-family: Georgia, serif;\"><span style=\"font-size: medium;\"><b>Pierfranco Bruni<\/b><\/span><\/span><\/span><span style=\"color: #050505;\"><span style=\"font-family: Georgia, serif;\"><span style=\"font-size: medium;\">, in distribuzione in tutte le catene editoriali da gennaio 2022, per i tipi della casa editrice Pellegrini &#8211; ma presente in tutti gli store italiani ed esteri -, che festeggia proprio nel 2022 i settant&#8217;anni di attivit\u00e0, essendo nata nel 1952. <\/span><\/span><\/span><\/p>\n<p align=\"justify\"><span style=\"color: #050505;\"><span style=\"font-family: Georgia, serif;\"><span style=\"font-size: medium;\">Un romanzo o dei racconti che danno vita ad un romanzo la cui scrittura e gli scenari emozionali sono di un fascino irresistibile che fa sognare ma anche fortemente meditare sui miti e le icone che hanno attraversato tutto il Novecento. \u00c8 chiaramente un libro antivulgata rispetto alla letteratura di questi anni. Scritto da un maestro della parola e del pensiero creativo porta sulla pagina uno spessore estetico che sigla realmente la vera letteratura. <\/span><\/span><\/span><\/p>\n<p align=\"justify\"><span style=\"color: #050505;\"><span style=\"font-family: Georgia, serif;\"><span style=\"font-size: medium;\">Ma cosa \u00e8 questo libro dal titolo: \u00ab<\/span><\/span><\/span><span style=\"color: #050505;\"><span style=\"font-family: Georgia, serif;\"><span style=\"font-size: medium;\"><i>Mi sono innamorato di Eva Kant<\/i><\/span><\/span><\/span><span style=\"color: #050505;\"><span style=\"font-family: Georgia, serif;\"><span style=\"font-size: medium;\">\u00ab? Racconti che formano il romanzo in 176 pagine intense e con una copertina elegante e pregiata fanno compiere un viaggio nel cammino della vita. Mi sono innamorato di Eva Kant. Il titolo \u00e8 un pretesto? Si scorgono le voci e i silenzi di una storia che corre tra i passaggi degli anni\u2026 Appuntamenti che hanno accompagnato <\/span><\/span><\/span><span style=\"color: #050505;\"><span style=\"font-family: Georgia, serif;\"><span style=\"font-size: medium;\"><b>Pierfranco Bruni<\/b><\/span><\/span><\/span><span style=\"color: #050505;\"><span style=\"font-family: Georgia, serif;\"><span style=\"font-size: medium;\"> e hanno fatto di lui uno scrittore tra il tempo e i destini. <\/span><\/span><\/span><\/p>\n<p align=\"justify\"><span style=\"color: #050505;\"><span style=\"font-family: Georgia, serif;\"><span style=\"font-size: medium;\">Si vivono avventure in un narrare che intreccia desideri di verit\u00e0 e sortilegi di finzioni. Bruni innamorandosi di Eva Kant \u00e8 come se sfidasse Diabolik? Le parole sono metafore e il mosaico delle rappresentazioni \u00e8 un incidere nelle ricordanze che vivono di memoria. Un libro di racconti offre sempre una eterogeneit\u00e0 di immagini che creano a loro volta immaginari lungo le rotte della vita. L\u2019ironia \u00e8 un dato centrale e resta tale anche nelle pagine che si sfogliano con un \u201cpatire\u201d malinconico. <\/span><\/span><\/span><\/p>\n<p align=\"justify\"><span style=\"color: #050505;\"><span style=\"font-family: Georgia, serif;\"><span style=\"font-size: medium;\">Di nostalgia il linguaggio \u00e8 ricco. \u00c8 nella salvezza della verit\u00e0. Compaiono personaggi e nomi che sono stati e sono nella scrittura di <\/span><\/span><\/span><span style=\"color: #050505;\"><span style=\"font-family: Georgia, serif;\"><span style=\"font-size: medium;\"><b>Pierfranco Bruni<\/b><\/span><\/span><\/span><span style=\"color: #050505;\"><span style=\"font-family: Georgia, serif;\"><span style=\"font-size: medium;\">. Dallo Sciamano a <\/span><\/span><\/span><span style=\"color: #050505;\"><span style=\"font-family: Georgia, serif;\"><span style=\"font-size: medium;\"><b>Claretta<\/b><\/span><\/span><\/span><span style=\"color: #050505;\"><span style=\"font-family: Georgia, serif;\"><span style=\"font-size: medium;\">, da <\/span><\/span><\/span><span style=\"color: #050505;\"><span style=\"font-family: Georgia, serif;\"><span style=\"font-size: medium;\"><b>Giuda<\/b><\/span><\/span><\/span><span style=\"color: #050505;\"><span style=\"font-family: Georgia, serif;\"><span style=\"font-size: medium;\"> ad <\/span><\/span><\/span><span style=\"color: #050505;\"><span style=\"font-family: Georgia, serif;\"><span style=\"font-size: medium;\"><b>Eleonora<\/b><\/span><\/span><\/span><span style=\"color: #050505;\"><span style=\"font-family: Georgia, serif;\"><span style=\"font-size: medium;\">, da <\/span><\/span><\/span><span style=\"color: #050505;\"><span style=\"font-family: Georgia, serif;\"><span style=\"font-size: medium;\"><b>Zarateo <\/b><\/span><\/span><\/span><span style=\"color: #050505;\"><span style=\"font-family: Georgia, serif;\"><span style=\"font-size: medium;\">a <\/span><\/span><\/span><span style=\"color: #050505;\"><span style=\"font-family: Georgia, serif;\"><span style=\"font-size: medium;\"><b>Maria Maddalena<\/b><\/span><\/span><\/span><span style=\"color: #050505;\"><span style=\"font-family: Georgia, serif;\"><span style=\"font-size: medium;\">, da <\/span><\/span><\/span><span style=\"color: #050505;\"><span style=\"font-family: Georgia, serif;\"><span style=\"font-size: medium;\"><b>Eva <\/b><\/span><\/span><\/span><span style=\"color: #050505;\"><span style=\"font-family: Georgia, serif;\"><span style=\"font-size: medium;\">a <\/span><\/span><\/span><span style=\"color: #050505;\"><span style=\"font-family: Georgia, serif;\"><span style=\"font-size: medium;\"><b>Zakimort<\/b><\/span><\/span><\/span><span style=\"color: #050505;\"><span style=\"font-family: Georgia, serif;\"><span style=\"font-size: medium;\"> e ancora altri. Poi ci sono paesaggi e luoghi: da <\/span><\/span><\/span><span style=\"color: #050505;\"><span style=\"font-family: Georgia, serif;\"><span style=\"font-size: medium;\"><b>Venezia<\/b><\/span><\/span><\/span><span style=\"color: #050505;\"><span style=\"font-family: Georgia, serif;\"><span style=\"font-size: medium;\"> alla <\/span><\/span><\/span><span style=\"color: #050505;\"><span style=\"font-family: Georgia, serif;\"><span style=\"font-size: medium;\"><b>Calabria<\/b><\/span><\/span><\/span><span style=\"color: #050505;\"><span style=\"font-family: Georgia, serif;\"><span style=\"font-size: medium;\">, da <\/span><\/span><\/span><span style=\"color: #050505;\"><span style=\"font-family: Georgia, serif;\"><span style=\"font-size: medium;\"><b>Roma<\/b><\/span><\/span><\/span><span style=\"color: #050505;\"><span style=\"font-family: Georgia, serif;\"><span style=\"font-size: medium;\"> a <\/span><\/span><\/span><span style=\"color: #050505;\"><span style=\"font-family: Georgia, serif;\"><span style=\"font-size: medium;\"><b>Scanno<\/b><\/span><\/span><\/span><span style=\"color: #050505;\"><span style=\"font-family: Georgia, serif;\"><span style=\"font-size: medium;\">. <\/span><\/span><\/span><\/p>\n<p align=\"justify\"><span style=\"color: #050505;\"><span style=\"font-family: Georgia, serif;\"><span style=\"font-size: medium;\">Dunque! <\/span><\/span><\/span><span style=\"color: #050505;\"><span style=\"font-family: Georgia, serif;\"><span style=\"font-size: medium;\"><b>Eva Kant<\/b><\/span><\/span><\/span><span style=\"color: #050505;\"><span style=\"font-family: Georgia, serif;\"><span style=\"font-size: medium;\"> \u00e8 un pretesto? L\u2019autore, rispondendo a questa domanda, ha detto: \u201c\u00c8 un dettaglio!\u201d. \u00c8 il disegno innovativo, nel quale abita lo scrittore e il maestro. I romanzi, in fondo, non sono anche dei racconti? Cosa accadr\u00e0 una volta chiuso il libro? Un d\u00ec si vedr\u00e0. Anzi si sapr\u00e0. Forse!<\/span><\/span><\/span><\/p>\n","protected":false},"excerpt":{"rendered":"<p>&nbsp; PIERFRANCO BRUNI, \u201cMI SONO INNAMORATO DI EVA KANT\u201d, NELLE LIBRERIE Un libro scritto da un maestro della parola per [&hellip;]<\/p>\n","protected":false},"author":1,"featured_media":0,"comment_status":"open","ping_status":"open","sticky":false,"template":"","format":"standard","meta":{"footnotes":""},"categories":[10,22],"tags":[],"class_list":["post-19426","post","type-post","status-publish","format-standard","hentry","category-italiano","category-libros-y-revistas-literatura"],"_links":{"self":[{"href":"https:\/\/www.ecoitaliano.com.ar\/index.php?rest_route=\/wp\/v2\/posts\/19426","targetHints":{"allow":["GET"]}}],"collection":[{"href":"https:\/\/www.ecoitaliano.com.ar\/index.php?rest_route=\/wp\/v2\/posts"}],"about":[{"href":"https:\/\/www.ecoitaliano.com.ar\/index.php?rest_route=\/wp\/v2\/types\/post"}],"author":[{"embeddable":true,"href":"https:\/\/www.ecoitaliano.com.ar\/index.php?rest_route=\/wp\/v2\/users\/1"}],"replies":[{"embeddable":true,"href":"https:\/\/www.ecoitaliano.com.ar\/index.php?rest_route=%2Fwp%2Fv2%2Fcomments&post=19426"}],"version-history":[{"count":0,"href":"https:\/\/www.ecoitaliano.com.ar\/index.php?rest_route=\/wp\/v2\/posts\/19426\/revisions"}],"wp:attachment":[{"href":"https:\/\/www.ecoitaliano.com.ar\/index.php?rest_route=%2Fwp%2Fv2%2Fmedia&parent=19426"}],"wp:term":[{"taxonomy":"category","embeddable":true,"href":"https:\/\/www.ecoitaliano.com.ar\/index.php?rest_route=%2Fwp%2Fv2%2Fcategories&post=19426"},{"taxonomy":"post_tag","embeddable":true,"href":"https:\/\/www.ecoitaliano.com.ar\/index.php?rest_route=%2Fwp%2Fv2%2Ftags&post=19426"}],"curies":[{"name":"wp","href":"https:\/\/api.w.org\/{rel}","templated":true}]}}