{"id":1952,"date":"2017-07-19T14:16:03","date_gmt":"2017-07-19T14:16:03","guid":{"rendered":"http:\/\/www.ecoitaliano.com.ar\/?p=1952"},"modified":"2017-07-19T14:16:03","modified_gmt":"2017-07-19T14:16:03","slug":"premio-alferano-le-otto-mostre-e-la-premiazione-a-castellabate-salerno","status":"publish","type":"post","link":"https:\/\/www.ecoitaliano.com.ar\/?p=1952","title":{"rendered":"Premio Alferano, le otto mostre e la premiazione, a Castellabate (Salerno)"},"content":{"rendered":"<p>&nbsp;<\/p>\n<p align=\"center\"><span style=\"font-size: small;\"><b><a href=\"http:\/\/www.ecoitaliano.com.ar\/wp-content\/uploads\/2017\/07\/imm-neve.jpg\"><img decoding=\"async\" class=\"alignnone size-full wp-image-1953\" src=\"http:\/\/www.ecoitaliano.com.ar\/wp-content\/uploads\/2017\/07\/imm-neve.jpg\" alt=\"imm neve\" width=\"587\" height=\"814\" srcset=\"https:\/\/www.ecoitaliano.com.ar\/wp-content\/uploads\/2017\/07\/imm-neve.jpg 587w, https:\/\/www.ecoitaliano.com.ar\/wp-content\/uploads\/2017\/07\/imm-neve-216x300.jpg 216w\" sizes=\"(max-width: 587px) 100vw, 587px\" \/><\/a>PREMIO PIO ALFERANO 2017<\/b><\/span><\/p>\n<p align=\"center\"><span style=\"font-size: small;\"><i><u><b>22 LUGLIO 2017<\/b><\/u><\/i><\/span><\/p>\n<p align=\"justify\"><span style=\"font-size: small;\"><b>Notte di molte stelle del firmamento dello spettacolo, della cultura e dell\u2019arte per la grande serata del Premio Pio Alferano 2017<\/b><\/span><span style=\"font-size: small;\">, e non mancano, a celebrare questa sesta edizione, giornalisti, politici e imprenditori che si sono distinti particolarmente nei settori dell\u2019arte, della cultura e dell\u2019ambiente e a cui andr\u00e0 il Premio Pio Alferano 2017, rappresentato quest\u2019anno dalla preziosa scultura in ceramica <\/span><span style=\"font-size: small;\">dell&#8217;artista di Caltagirone <\/span><span style=\"font-size: small;\"><b>Nicol\u00f2<\/b><\/span> <span style=\"font-size: small;\"><b>Morales <\/b><\/span><span style=\"font-size: small;\">dal titolo<\/span><span style=\"font-size: small;\"><i> Mediterraneo<\/i><\/span><span style=\"font-size: small;\">.\u00a0<\/span><\/p>\n<p align=\"justify\"><a href=\"http:\/\/www.ecoitaliano.com.ar\/wp-content\/uploads\/2017\/07\/imm-navedoro.jpg\"><img decoding=\"async\" class=\"alignnone size-full wp-image-1954\" src=\"http:\/\/www.ecoitaliano.com.ar\/wp-content\/uploads\/2017\/07\/imm-navedoro.jpg\" alt=\"imm navedoro\" width=\"360\" height=\"1071\" srcset=\"https:\/\/www.ecoitaliano.com.ar\/wp-content\/uploads\/2017\/07\/imm-navedoro.jpg 360w, https:\/\/www.ecoitaliano.com.ar\/wp-content\/uploads\/2017\/07\/imm-navedoro-101x300.jpg 101w, https:\/\/www.ecoitaliano.com.ar\/wp-content\/uploads\/2017\/07\/imm-navedoro-344x1024.jpg 344w\" sizes=\"(max-width: 360px) 100vw, 360px\" \/><\/a><\/p>\n<p align=\"justify\"><a name=\"_GoBack\"><\/a> <span style=\"font-size: small;\">Cos\u00ec, a partire dalle ore 21:00 del prossimo <\/span><span style=\"font-size: small;\"><b>22 luglio<\/b><\/span><span style=\"font-size: small;\"> presso il Castello dell\u2019Abate di <\/span><span style=\"font-size: small;\"><b>Castellabate<\/b><\/span> <span style=\"font-size: small;\"><b>(SA)<\/b><\/span><span style=\"font-size: small;\"> si incontreranno sul palcoscenico, chiamati a dialogare dal giornalista <\/span><span style=\"font-size: small;\"><b>Nicola Porro<\/b><\/span><span style=\"font-size: small;\">, conduttore della serata, l\u2019attrice <\/span><span style=\"font-size: small;\"><b>Diana Del Bufalo<\/b><\/span><span style=\"font-size: small;\">, il regista <\/span><span style=\"font-size: small;\"><b>Pupi Avati<\/b><\/span><span style=\"font-size: small;\">, la giornalista <\/span><span style=\"font-size: small;\"><b>Livia Azzariti<\/b><\/span><span style=\"font-size: small;\">, lo scrittore <\/span><span style=\"font-size: small;\"><b>Paolo Crepet<\/b><\/span><span style=\"font-size: small;\">, l\u2019artista <\/span><span style=\"font-size: small;\"><b>Piero Guccione<\/b><\/span><span style=\"font-size: small;\">, il sindaco di Firenze <\/span><span style=\"font-size: small;\"><b>Dario Nardella<\/b><\/span><span style=\"font-size: small;\">, il generale dei Carabinieri <\/span><span style=\"font-size: small;\"><b>Giovanni Nistri<\/b><\/span><span style=\"font-size: small;\">, il presidente di FareAmbiente <\/span><span style=\"font-size: small;\"><b>Vincenzo Pepe<\/b><\/span><span style=\"font-size: small;\">, l\u2019editore <\/span><span style=\"font-size: small;\"><b>Franco Maria Ricci<\/b><\/span><span style=\"font-size: small;\">, gli imprenditori <\/span><span style=\"font-size: small;\"><b>Antonio Longo<\/b><\/span><span style=\"font-size: small;\"> e <\/span><span style=\"font-size: small;\"><b>Corrado Del Verme<\/b><\/span><span style=\"font-size: small;\">, l\u2019attore <\/span><span style=\"font-size: small;\"><b>Ricki Tognazzi<\/b><\/span><span style=\"font-size: small;\">, l\u2019attrice <\/span><span style=\"font-size: small;\"><b>Simona Izzo <\/b><\/span><span style=\"font-size: small;\">e lo chef <\/span><span style=\"font-size: small;\"><b>Gianfranco Vissani.<\/b><\/span><span style=\"font-size: small;\"> Un Premio speciale del Comune di Castellabate sar\u00e0 consegnato a <\/span><span style=\"font-size: small;\"><b>Sergio Pirozzi, <\/b><\/span><span style=\"font-size: small;\">sindaco di Amatrice. Eseguir\u00e0 un piccolo repertorio di canzoni della tradizione cilentana la cantante <\/span><span style=\"font-size: small;\"><b>Piera Lombardi<\/b><\/span><span style=\"font-size: small;\">.\u00a0<\/span><\/p>\n<p align=\"justify\"><a href=\"http:\/\/www.ecoitaliano.com.ar\/wp-content\/uploads\/2017\/07\/imm-morales.jpg\"><img decoding=\"async\" class=\"alignnone size-full wp-image-1955\" src=\"http:\/\/www.ecoitaliano.com.ar\/wp-content\/uploads\/2017\/07\/imm-morales.jpg\" alt=\"imm morales\" width=\"808\" height=\"538\" srcset=\"https:\/\/www.ecoitaliano.com.ar\/wp-content\/uploads\/2017\/07\/imm-morales.jpg 808w, https:\/\/www.ecoitaliano.com.ar\/wp-content\/uploads\/2017\/07\/imm-morales-300x200.jpg 300w, https:\/\/www.ecoitaliano.com.ar\/wp-content\/uploads\/2017\/07\/imm-morales-768x511.jpg 768w, https:\/\/www.ecoitaliano.com.ar\/wp-content\/uploads\/2017\/07\/imm-morales-624x415.jpg 624w\" sizes=\"(max-width: 808px) 100vw, 808px\" \/><\/a><\/p>\n<p align=\"justify\"><span style=\"font-size: small;\">Protagonista della serata \u00e8 il critico d\u2019arte <\/span><span style=\"font-size: small;\"><b>Vittorio Sgarbi<\/b><\/span><span style=\"font-size: small;\">, Direttore Artistico della <\/span><span style=\"font-size: small;\"><b>Fondazione Pio Alferano e Virginia Ippolito<\/b><\/span><span style=\"font-size: small;\">, promotrice del Premio, dell\u2019evento e di tutte le iniziative collaterali che fanno del Premio uno degli appuntamenti culturali pi\u00f9 attesi dell\u2019estate italiana.\u00a0<\/span><\/p>\n<p align=\"justify\"><a href=\"http:\/\/www.ecoitaliano.com.ar\/wp-content\/uploads\/2017\/07\/imm-iannelli.jpg\"><img decoding=\"async\" class=\"alignnone size-full wp-image-1956\" src=\"http:\/\/www.ecoitaliano.com.ar\/wp-content\/uploads\/2017\/07\/imm-iannelli.jpg\" alt=\"imm iannelli\" width=\"452\" height=\"799\" srcset=\"https:\/\/www.ecoitaliano.com.ar\/wp-content\/uploads\/2017\/07\/imm-iannelli.jpg 452w, https:\/\/www.ecoitaliano.com.ar\/wp-content\/uploads\/2017\/07\/imm-iannelli-170x300.jpg 170w\" sizes=\"(max-width: 452px) 100vw, 452px\" \/><\/a><\/p>\n<p align=\"justify\">\n<p align=\"justify\"><span style=\"font-size: small;\">Al termine delle premiazioni si aprir\u00e0 una vera e maratona dell\u2019arte, otto inaugurazioni per otto mostre allestite a Castellabate per questa edizione del Premio. La piccola citt\u00e0 si trasforma in un museo a cielo aperto e ospita, nell\u2019ordine, la mostra di <\/span><span style=\"font-size: small;\"><b>Piero Guccione<\/b><\/span><span style=\"font-size: small;\"> \u201c<\/span><span style=\"font-size: small;\"><i>L\u2019armonia dell\u2019invisibile\u201d <\/i><\/span><span style=\"font-size: small;\">a cura di <\/span><span style=\"font-size: small;\"><b>Giuseppe Iannaccone<\/b><\/span><span style=\"font-size: small;\">; la mostra di <\/span><span style=\"font-size: small;\"><b>Carlo Guarienti \u201c<\/b><\/span><span style=\"font-size: small;\"><i>Finzione ambigua\u201d <\/i><\/span><span style=\"font-size: small;\">a cura di <\/span><span style=\"font-size: small;\"><b>Giuseppe Iannaccone<\/b><\/span><span style=\"font-size: small;\">; la mostra di <\/span><span style=\"font-size: small;\"><b>Pino Navedoro<\/b><\/span><span style=\"font-size: small;\"> \u201c<\/span><span style=\"font-size: small;\"><i>Di-segno e destino\u201d a cura di <\/i><\/span><span style=\"font-size: small;\"><b>Cristina Mazzantini<\/b><\/span><span style=\"font-size: small;\">; la mostra di <\/span><span style=\"font-size: small;\"><b>Rocco Iannelli \u201c<\/b><\/span><span style=\"font-size: small;\"><i>Paesaggi cifrati\u201d <\/i><\/span><span style=\"font-size: small;\">a cura di <\/span><span style=\"font-size: small;\"><b>Michele Ainis;<\/b><\/span><span style=\"font-size: small;\"> la mostra di <\/span><span style=\"font-size: small;\"><b>Nicol\u00f2 Morales \u201c<\/b><\/span><span style=\"font-size: small;\"><i>Mediterraneo\u201d a <\/i><\/span><span style=\"font-size: small;\">cura di <\/span><span style=\"font-size: small;\"><b>Giampaolo Cagnin<\/b><\/span><span style=\"font-size: small;\">; la mostra di <\/span><span style=\"font-size: small;\"><b>Grazia Cucco \u201c<\/b><\/span><span style=\"font-size: small;\"><i>Il paradiso ritrovato\u201d a <\/i><\/span><span style=\"font-size: small;\">cura di <\/span><span style=\"font-size: small;\"><b>Sabrina Colle<\/b><\/span><span style=\"font-size: small;\">; il grande murale dello street-artist <\/span><span style=\"font-size: small;\"><b>Neve <\/b><\/span><span style=\"font-size: small;\">dal titolo<\/span><span style=\"font-size: small;\"><b> \u201c<\/b><\/span><span style=\"font-size: small;\"><i>Leucosia\u201d a cura <\/i><\/span><span style=\"font-size: small;\">di <\/span><span style=\"font-size: small;\"><b>Simona Capodimonti<\/b><\/span><span style=\"font-size: small;\"> e la mostra \u201c<\/span><span style=\"font-size: small;\"><i>I Novantiani<\/i><\/span><span style=\"font-size: small;\">. Giovinezza della pittura. Censimento primo\u201d a cura di <\/span><span style=\"font-size: small;\"><b>Camillo Langone.\u00a0<\/b><\/span><\/p>\n<p align=\"justify\"><a href=\"http:\/\/www.ecoitaliano.com.ar\/wp-content\/uploads\/2017\/07\/imm-guarienti.jpg\"><img decoding=\"async\" class=\"alignnone size-full wp-image-1957\" src=\"http:\/\/www.ecoitaliano.com.ar\/wp-content\/uploads\/2017\/07\/imm-guarienti.jpg\" alt=\"imm guarienti\" width=\"640\" height=\"769\" srcset=\"https:\/\/www.ecoitaliano.com.ar\/wp-content\/uploads\/2017\/07\/imm-guarienti.jpg 640w, https:\/\/www.ecoitaliano.com.ar\/wp-content\/uploads\/2017\/07\/imm-guarienti-250x300.jpg 250w, https:\/\/www.ecoitaliano.com.ar\/wp-content\/uploads\/2017\/07\/imm-guarienti-624x750.jpg 624w\" sizes=\"(max-width: 640px) 100vw, 640px\" \/><\/a><\/p>\n<p align=\"justify\"><span style=\"font-size: small;\">Il Premio Pio Alferano, della Fondazione Pio Alferano e Virginia Ippolito, \u00e8 nato per onorare la memoria del Generale Alferano, che negli anni Settanta ebbe un ruolo determinante al Comando del Nucleo Tutela Patrimonio Culturale dei Carabinieri, quando sotto la sua guida e grazie alla sua abilit\u00e0 investigativa furono ritrovate opere d\u2019arte illecitamente sottratte e dal valore inestimabile.\u00a0<\/span><\/p>\n<p align=\"justify\"><a href=\"http:\/\/www.ecoitaliano.com.ar\/wp-content\/uploads\/2017\/07\/imm-cucco.jpg\"><img decoding=\"async\" class=\"alignnone size-full wp-image-1958\" src=\"http:\/\/www.ecoitaliano.com.ar\/wp-content\/uploads\/2017\/07\/imm-cucco.jpg\" alt=\"imm cucco\" width=\"932\" height=\"506\" srcset=\"https:\/\/www.ecoitaliano.com.ar\/wp-content\/uploads\/2017\/07\/imm-cucco.jpg 932w, https:\/\/www.ecoitaliano.com.ar\/wp-content\/uploads\/2017\/07\/imm-cucco-300x163.jpg 300w, https:\/\/www.ecoitaliano.com.ar\/wp-content\/uploads\/2017\/07\/imm-cucco-768x417.jpg 768w, https:\/\/www.ecoitaliano.com.ar\/wp-content\/uploads\/2017\/07\/imm-cucco-624x339.jpg 624w\" sizes=\"(max-width: 932px) 100vw, 932px\" \/><\/a><\/p>\n<p align=\"justify\">\n<p align=\"justify\"><span style=\"font-size: small;\">Come dichiarato da <\/span><span style=\"font-size: small;\"><b>Santino Carta<\/b><\/span><span style=\"font-size: small;\">, Presidente della Fondazione e ideatore del Premio: \u201c<\/span><span style=\"font-size: small;\"><i>Il Premio oggi rappresenta l\u2019impegno costante di portare all\u2019attenzione del pubblico quei valori imprescindibili di tutela e valorizzazione del patrimonio storico-artistico, di cui l\u2019Italia \u00e8 senz\u2019altro il paese pi\u00f9 ricco al mondo. Fra i premiati di questa edizione vi \u00e8 il sindaco di Firenze, Dario Nardella. Questa menzione \u00e8 nata per elogiare il primo cittadino del capoluogo toscano che ha voluto un significativo progetto per la gestione e risoluzione dei tanti e gravosi problemi ambientali e culturali provocati dall\u2019ingente flusso di visitatori che gravitano in una capitale mondiale del turismo quale \u00e8 Firenze. L\u2019esempio di Firenze, che pone al centro la tutela del patrimonio e il benessere dei cittadini, ci auguriamo divenga un vero e proprio modello. Come per tutte le edizioni abbiamo molti premiati illustri e abbiamo creato un considerevole circuito espositivo, il nostro Premio vuole essere sinonimo di arte e di cultura, di ambiente e di tutela, ci\u00f2 per cui \u00e8 nato<\/i><\/span><span style=\"font-size: small;\">\u201d. <\/span><\/p>\n<figure id=\"attachment_1959\" aria-describedby=\"caption-attachment-1959\" style=\"width: 875px\" class=\"wp-caption alignnone\"><a href=\"http:\/\/www.ecoitaliano.com.ar\/wp-content\/uploads\/2017\/07\/imm-.jpg\"><img decoding=\"async\" class=\"size-full wp-image-1959\" src=\"http:\/\/www.ecoitaliano.com.ar\/wp-content\/uploads\/2017\/07\/imm-.jpg\" alt=\"1985-1987OLIO SU TELAcm. 84x108 - CON CORNICE cm. 105x130x7FOTO PAOLO VANDRASCH\" width=\"875\" height=\"680\" srcset=\"https:\/\/www.ecoitaliano.com.ar\/wp-content\/uploads\/2017\/07\/imm-.jpg 875w, https:\/\/www.ecoitaliano.com.ar\/wp-content\/uploads\/2017\/07\/imm--300x233.jpg 300w, https:\/\/www.ecoitaliano.com.ar\/wp-content\/uploads\/2017\/07\/imm--768x597.jpg 768w, https:\/\/www.ecoitaliano.com.ar\/wp-content\/uploads\/2017\/07\/imm--624x485.jpg 624w\" sizes=\"(max-width: 875px) 100vw, 875px\" \/><\/a><figcaption id=\"caption-attachment-1959\" class=\"wp-caption-text\">1985-1987OLIO SU TELAcm. 84&#215;108 &#8211; CON CORNICE cm. 105x130x7FOTO PAOLO VANDRASCH<\/figcaption><\/figure>\n<p align=\"justify\"><span style=\"font-size: small;\">Ufficio Stampa: Rosi Fontana Press &amp; Public Relations &#8211; <\/span><a style=\"font-size: small;\" href=\"mailto:info@rosifontana.it\">info@rosifontana.it<\/a><span style=\"font-size: small;\"> &#8211; +39 335 5623246<\/span><\/p>\n","protected":false},"excerpt":{"rendered":"<p>&nbsp; PREMIO PIO ALFERANO 2017 22 LUGLIO 2017 Notte di molte stelle del firmamento dello spettacolo, della cultura e dell\u2019arte [&hellip;]<\/p>\n","protected":false},"author":1,"featured_media":0,"comment_status":"open","ping_status":"open","sticky":false,"template":"","format":"standard","meta":{"footnotes":""},"categories":[4,10],"tags":[],"class_list":["post-1952","post","type-post","status-publish","format-standard","hentry","category-cultura","category-italiano"],"_links":{"self":[{"href":"https:\/\/www.ecoitaliano.com.ar\/index.php?rest_route=\/wp\/v2\/posts\/1952","targetHints":{"allow":["GET"]}}],"collection":[{"href":"https:\/\/www.ecoitaliano.com.ar\/index.php?rest_route=\/wp\/v2\/posts"}],"about":[{"href":"https:\/\/www.ecoitaliano.com.ar\/index.php?rest_route=\/wp\/v2\/types\/post"}],"author":[{"embeddable":true,"href":"https:\/\/www.ecoitaliano.com.ar\/index.php?rest_route=\/wp\/v2\/users\/1"}],"replies":[{"embeddable":true,"href":"https:\/\/www.ecoitaliano.com.ar\/index.php?rest_route=%2Fwp%2Fv2%2Fcomments&post=1952"}],"version-history":[{"count":0,"href":"https:\/\/www.ecoitaliano.com.ar\/index.php?rest_route=\/wp\/v2\/posts\/1952\/revisions"}],"wp:attachment":[{"href":"https:\/\/www.ecoitaliano.com.ar\/index.php?rest_route=%2Fwp%2Fv2%2Fmedia&parent=1952"}],"wp:term":[{"taxonomy":"category","embeddable":true,"href":"https:\/\/www.ecoitaliano.com.ar\/index.php?rest_route=%2Fwp%2Fv2%2Fcategories&post=1952"},{"taxonomy":"post_tag","embeddable":true,"href":"https:\/\/www.ecoitaliano.com.ar\/index.php?rest_route=%2Fwp%2Fv2%2Ftags&post=1952"}],"curies":[{"name":"wp","href":"https:\/\/api.w.org\/{rel}","templated":true}]}}