{"id":19538,"date":"2022-01-02T22:11:30","date_gmt":"2022-01-02T22:11:30","guid":{"rendered":"http:\/\/www.ecoitaliano.com.ar\/?p=19538"},"modified":"2022-01-02T22:12:05","modified_gmt":"2022-01-02T22:12:05","slug":"il-conservatorio-g-rossini-di-pesaro-per-saperne-di-piu-chiacchierata-con-il-presidente-emerito-giorgio-girelli-di-paola-cecchini-giorgio-girelli-e-il-maestro-jose-carreras-pes","status":"publish","type":"post","link":"https:\/\/www.ecoitaliano.com.ar\/?p=19538","title":{"rendered":"Intervista sul conservatorio Rossini"},"content":{"rendered":"<p align=\"center\"><span style=\"font-family: Merriweather, serif;\"><span style=\"font-size: xx-large;\"><b><span style=\"color: #000000;\">Il Conservatorio \u2018G.Rossini\u2019<\/span><\/b><\/span><\/span><\/p>\n<p align=\"center\"><span style=\"font-family: Merriweather, serif;\"><span style=\"font-size: xx-large;\"><b><span style=\"color: #000000;\">di Pesaro: per saperne di pi\u00f9. <\/span><\/b><\/span><\/span><span style=\"font-family: Merriweather, serif;\"><span style=\"font-size: xx-large;\"><i><b><span style=\"color: #000000;\">Chiacchierata con il presidente emerito<\/span><\/b><\/i><\/span><\/span><\/p>\n<p align=\"center\"><span style=\"font-family: Merriweather, serif;\"><span style=\"font-size: x-large;\"><i><b><span style=\"color: #000000;\">Giorgio Girelli<\/span><\/b><\/i><\/span><\/span><\/p>\n<p align=\"center\"><span style=\"font-family: Merriweather, serif;\"><span style=\"font-size: medium;\"><b><span style=\"color: #000000;\">di Paola Cecchini<\/span><\/b><\/span><\/span><\/p>\n<p align=\"center\"><a href=\"https:\/\/www.corrierenazionale.net\/il-conservatorio-g-rossini-di-pesaro-per-saperne-di-piu-chiacchierata-con-il-presidente-emerito-giorgio-girelli\/\"> <img decoding=\"async\" src=\"file:\/\/\/tmp\/lu29445xt4zku.tmp\/lu29445xt4zl2_tmp_39144b860a653128.jpg\" width=\"523\" height=\"391\" name=\"Immagine 4\" align=\"bottom\" border=\"0\" \/> <\/a><\/p>\n<p align=\"center\"><span style=\"color: #000000;\"><span style=\"font-family: Libre Franklin, serif;\"><i>Giorgio Girelli e il maestro Jos\u00e9 Carreras<\/i><\/span><\/span><\/p>\n<p><span style=\"color: #000000;\"><span style=\"font-family: Libre Franklin, serif;\"><span style=\"font-size: medium;\">PESARO. Intervenire sul Conservatorio musicale pesarese \u2013 considerato uno dei pi\u00f9 antichi e prestigiosi d\u2019 Italia \u2013 significa innanzitutto ricordare che \u00e8 stato istituito per precisa volont\u00e0 testamentaria di Gioachino Rossini (1858) che qui nacque il 29 febbraio 1792. <\/span><\/span><\/span><span style=\"color: #000000;\"><span style=\"font-family: Merriweather, serif;\">Ne parlo con l\u2019ambasciatore Giorgio Girelli, Presidente emerito dello stesso Istituto, da tempo\u00a0 Capo missione\u00a0 della Repubblica di San Marino presso la Repubblica di Turchia.<\/span><\/span><\/p>\n<p><span style=\"color: #000000;\"><span style=\"font-family: Libre Franklin, serif;\"><span style=\"font-size: medium;\"><b>D<\/b><\/span><\/span><\/span><span style=\"color: #000000;\"><span style=\"font-family: Libre Franklin, serif;\"><span style=\"font-size: medium;\"> \u00a0\u00a0\u00a0\u00a0\u00a0 <\/span><\/span><\/span><span style=\"color: #000000;\"><span style=\"font-family: Libre Franklin, serif;\"><span style=\"font-size: medium;\"><i>Quando il Liceo musicale- come allora era denominato l\u2019Istituto musicale comunale-\u00a0 avvi\u00f2 i primi corsi musicali?<\/i><\/span><\/span><\/span><\/p>\n<p><span style=\"color: #000000;\"><span style=\"font-family: Libre Franklin, serif;\"><span style=\"font-size: medium;\">R\u00a0\u00a0\u00a0\u00a0\u00a0\u00a0 Nel 1882.<\/span><\/span><\/span><\/p>\n<p><span style=\"color: #000000;\"><span style=\"font-family: Libre Franklin, serif;\"><span style=\"font-size: medium;\"><b>D <\/b><\/span><\/span><\/span><span style=\"color: #000000;\"><span style=\"font-family: Libre Franklin, serif;\"><span style=\"font-size: medium;\">\u00a0\u00a0\u00a0\u00a0\u00a0 <\/span><\/span><\/span><span style=\"color: #000000;\"><span style=\"font-family: Libre Franklin, serif;\"><span style=\"font-size: medium;\"><i>Sappiamo<\/i><\/span><\/span><\/span> <span style=\"color: #000000;\"><span style=\"font-family: Libre Franklin, serif;\"><span style=\"font-size: medium;\"><i>che fin dal principio il livello artistico del Liceo \u00e8 stato garantito anche dalla presenza, in qualit\u00e0 di direttori, di alcuni tra i pi\u00f9 grandi compositori dell\u2019epoca\u2026<\/i><\/span><\/span><\/span><\/p>\n<p><span style=\"color: #000000;\"><span style=\"font-family: Libre Franklin, serif;\"><span style=\"font-size: medium;\">R\u00a0\u00a0\u00a0\u00a0\u00a0\u00a0 Certamente! Il primo fu\u00a0<\/span><\/span><\/span><span style=\"font-family: Libre Franklin, serif;\"><span style=\"font-size: medium;\"><b><span style=\"color: #000000;\">Carlo Pedrotti (<\/span><\/b><\/span><\/span><span style=\"color: #000000;\"><span style=\"font-family: Libre Franklin, serif;\"><span style=\"font-size: medium;\">1882 \u2013 1893), operista veronese che \u2013 per assumere questo incarico \u2013 lasci\u00f2 la direzione dell\u2019Orchestra del Teatro Regio di Torino, portando con s\u00e9 a Pesaro docenti di primissimo livello.<\/span><\/span><\/span><\/p>\n<p><span style=\"color: #000000;\"><span style=\"font-family: Libre Franklin, serif;\"><span style=\"font-size: medium;\"><b>D\u00a0<\/b><\/span><\/span><\/span><span style=\"color: #000000;\"><span style=\"font-family: Libre Franklin, serif;\"><span style=\"font-size: medium;\">\u00a0<\/span><\/span><\/span><span style=\"color: #000000;\"><span style=\"font-family: Libre Franklin, serif;\"><span style=\"font-size: medium;\"><i>\u00a0\u00a0\u00a0\u00a0 Poi, dopo Arturo Vanbianchi (1893-1895), fu la volta del compositore\u00a0<\/i><\/span><\/span><\/span><span style=\"font-family: Libre Franklin, serif;\"><span style=\"font-size: medium;\"><i><b><span style=\"color: #000000;\">Pietro Mascagni<\/span><\/b><\/i><\/span><\/span><span style=\"color: #000000;\"><span style=\"font-family: Libre Franklin, serif;\"><span style=\"font-size: medium;\"><i>\u00a0 che qui arriv\u00f2 nel 1895 (restandoci fino al 1902). Sette anni intensi dopo aver composto \u2018Cavalleria Rusticana\u2019, una delle mie opere preferite<\/i><\/span><\/span><\/span><span style=\"color: #000000;\"><span style=\"font-family: Libre Franklin, serif;\"><span style=\"font-size: medium;\">!<\/span><\/span><\/span><\/p>\n<p><span style=\"color: #000000;\"><span style=\"font-family: Libre Franklin, serif;\"><span style=\"font-size: medium;\">R\u00a0\u00a0\u00a0\u00a0\u00a0\u00a0 A Mascagni si deve il \u201clancio\u201d europeo dell\u2019Istituto. Pesaro non brill\u00f2 nella conclusione turbolenta del suo mandato: tra gli altri ne ha parlato in maniera molto documentata\u00a0 il compianto Nivio Sanchini nel volume \u201cViva Mascagni! Abbasso Mascagni!\u201d edito nel 2008. Seguirono il compositore ed organista faentino <\/span><\/span><\/span><span style=\"color: #000000;\"><span style=\"font-family: Libre Franklin, serif;\"><span style=\"font-size: medium;\"><b>Antonio Cicognani <\/b><\/span><\/span><\/span><span style=\"color: #000000;\"><span style=\"font-family: Libre Franklin, serif;\"><span style=\"font-size: medium;\">(1902-1905), il\u00a0 pianista e direttore d\u2019orchestra\u00a0<\/span><\/span><\/span><span style=\"font-family: Libre Franklin, serif;\"><span style=\"font-size: medium;\"><b><span style=\"color: #000000;\">Amilcare Zanella<\/span><\/b><\/span><\/span><span style=\"color: #000000;\"><span style=\"font-family: Libre Franklin, serif;\"><span style=\"font-size: medium;\">\u00a0(1905-1940), il musicista trentino\u00a0<\/span><\/span><\/span><span style=\"font-family: Libre Franklin, serif;\"><span style=\"font-size: medium;\"><b><span style=\"color: #000000;\">Riccardo Zandonai<\/span><\/b><\/span><\/span><span style=\"color: #000000;\"><span style=\"font-family: Libre Franklin, serif;\"><span style=\"font-size: medium;\">\u00a0(1940-44)\u2026<\/span><\/span><\/span><\/p>\n<p><span style=\"color: #000000;\"><span style=\"font-family: Libre Franklin, serif;\"><span style=\"font-size: medium;\"><b>D\u00a0<\/b><\/span><\/span><\/span><span style=\"color: #000000;\"><span style=\"font-family: Libre Franklin, serif;\"><span style=\"font-size: medium;\">\u00a0\u00a0\u00a0\u00a0\u00a0 <\/span><\/span><\/span><span style=\"color: #000000;\"><span style=\"font-family: Libre Franklin, serif;\"><span style=\"font-size: medium;\"><i>E nel 1947 il compositore napoletano <\/i><\/span><\/span><\/span><span style=\"color: #000000;\"><span style=\"font-family: Libre Franklin, serif;\"><span style=\"font-size: medium;\"><i><b>Franco Alfano<\/b><\/i><\/span><\/span><\/span><span style=\"color: #000000;\"><span style=\"font-family: Libre Franklin, serif;\"><span style=\"font-size: medium;\"><i>\u2026<\/i><\/span><\/span><\/span><\/p>\n<p><span style=\"color: #000000;\"><span style=\"font-family: Libre Franklin, serif;\"><span style=\"font-size: medium;\">R\u00a0\u00a0\u00a0\u00a0\u00a0\u00a0 \u2026che pu\u00f2 essere considerato come uno degli ultimi rappresentanti della scuola verista italiana. Ebbe i suoi maggiori successi in campo teatrale dove attenu\u00f2 progressivamente l\u2019enfasi verista.\u00a0 Dopo di lui giunse <\/span><\/span><\/span><span style=\"color: #000000;\"><span style=\"font-family: Libre Franklin, serif;\"><span style=\"font-size: medium;\"><b>Lino Liviabella,<\/b><\/span><\/span><\/span><span style=\"color: #000000;\"><span style=\"font-family: Libre Franklin, serif;\"><span style=\"font-size: medium;\"> preceduto da Veretti e Cerasa\u2026<\/span><\/span><\/span><\/p>\n<p><span style=\"color: #000000;\"><span style=\"font-family: Libre Franklin, serif;\"><span style=\"font-size: medium;\"><b>D\u00a0\u00a0<\/b><\/span><\/span><\/span><span style=\"color: #000000;\"><span style=\"font-family: Libre Franklin, serif;\"><span style=\"font-size: medium;\">\u00a0\u00a0\u00a0\u00a0 <\/span><\/span><\/span><span style=\"color: #000000;\"><span style=\"font-family: Libre Franklin, serif;\"><span style=\"font-size: medium;\"><i>Come scrisse il critico e musicologo Paolo Isotta, \u2018<\/i><\/span><\/span><\/span><span style=\"font-family: Libre Franklin, serif;\"><span style=\"font-size: medium;\"><i><span style=\"color: #000000;\">La musica del Novecento non si conosce per intero se si ignora la vera attivit\u00e0 di Alfano!\u2019<\/span><\/i><\/span><\/span><\/p>\n<p><span style=\"color: #000000;\"><span style=\"font-family: Libre Franklin, serif;\"><span style=\"font-size: medium;\">R\u00a0\u00a0\u00a0\u00a0\u00a0\u00a0 La sua opera di maggior successo \u00e8 \u2018<\/span><\/span><\/span><span style=\"font-family: Libre Franklin, serif;\"><span style=\"font-size: medium;\"><i><span style=\"color: #000000;\">Resurrezione\u2019,<\/span><\/i><\/span><\/span><span style=\"color: #000000;\"><span style=\"font-family: Libre Franklin, serif;\"><span style=\"font-size: medium;\">\u00a0rappresentata per la prima volta nel 1904 al teatro Vittorio Emanuele di Torino, \u00a0che prende spunto dall\u2019omonimo romanzo di Lev Tolstoj\u2026.<\/span><\/span><\/span><\/p>\n<p><span style=\"color: #000000;\"><span style=\"font-family: Libre Franklin, serif;\"><span style=\"font-size: medium;\"><b>D\u00a0\u00a0<\/b><\/span><\/span><\/span><span style=\"color: #000000;\"><span style=\"font-family: Libre Franklin, serif;\"><span style=\"font-size: medium;\">\u00a0\u00a0\u00a0\u00a0 \u2026<\/span><\/span><\/span><span style=\"color: #000000;\"><span style=\"font-family: Libre Franklin, serif;\"><span style=\"font-size: medium;\"><i>il suo nome \u00e8 anche legato al completamento, nel 1925-1926, dell\u2019opera \u2018<\/i><\/span><\/span><\/span><span style=\"font-family: Libre Franklin, serif;\"><span style=\"font-size: medium;\"><i><span style=\"color: #000000;\">Turandot<\/span><\/i><\/span><\/span><span style=\"color: #000000;\"><span style=\"font-family: Libre Franklin, serif;\"><span style=\"font-size: medium;\"><i>\u2019, rimasta incompiuta alla morte di Puccini.<\/i><\/span><\/span><\/span><\/p>\n<p><span style=\"color: #000000;\"><span style=\"font-family: Libre Franklin, serif;\"><span style=\"font-size: medium;\">R\u00a0\u00a0\u00a0\u00a0\u00a0\u00a0 Ognuno di questi direttori si circond\u00f2 di valentissimi musicisti, come i violinisti Remy Principe e Attilio Crepax: quest\u2019ultimo fu il maestro di <\/span><\/span><\/span><span style=\"color: #000000;\"><span style=\"font-family: Libre Franklin, serif;\"><span style=\"font-size: medium;\"><b>Gioconda De Vito<\/b><\/span><\/span><\/span><span style=\"color: #000000;\"><span style=\"font-family: Libre Franklin, serif;\"><span style=\"font-size: medium;\"> che si diplom\u00f2 presso l\u2019istituzione pesarese nel 1921 a soli 14 anni!<\/span><\/span><\/span><\/p>\n<p><span style=\"color: #000000;\"><span style=\"font-family: Libre Franklin, serif;\"><span style=\"font-size: medium;\"><b>D\u00a0<\/b><\/span><\/span><\/span><span style=\"color: #000000;\"><span style=\"font-family: Libre Franklin, serif;\"><span style=\"font-size: medium;\">\u00a0\u00a0\u00a0\u00a0\u00a0 <\/span><\/span><\/span><span style=\"color: #000000;\"><span style=\"font-family: Libre Franklin, serif;\"><span style=\"font-size: medium;\"><i>Donna del profondo Sud (era nata a Martina Franca, nel tarantino) \u00e8 considerata una delle pi\u00f9 grandi violiniste\u00a0del\u00a0panorama internazionale\u00a0del\u00a0Novecento\u2026<\/i><\/span><\/span><\/span><\/p>\n<p><span style=\"color: #000000;\"><span style=\"font-family: Libre Franklin, serif;\"><span style=\"font-size: medium;\">R\u00a0\u00a0\u00a0\u00a0\u00a0\u00a0 E\u2019 indubbiamente riuscita ad arrivare ai vertici\u00a0del\u00a0concertismo internazionale in un\u2019epoca in cui essere donne non era affatto semplice! Ma i musicisti che insegnarono al \u2018Rossini\u2019 sono tanti\u2026i violinisti Giovanni Chiti e Riccardo Brengola, i pianisti Adriano Ariani e Sergio Lorenzi, i violoncellisti Nerio Brunelli e Lino Filippini, il cornista Domenico Ceccarossi, i cantanti Arturo Melocchi ( che \u2018ripristin\u00f2\u2019 la voce di Del Monaco), Carmen Melis\u2026 Rilevante anche l\u2019apporto di Franco Scala che, dopo aver svolto un\u2019intensa attivit\u00e0 concertistica, sia in Italia che all\u2019estero, si \u00e8 dedicato all\u2019insegnamento. Per 30 anni \u00e8 stato docente presso il Conservatorio\u00a0 \u201cRossini\u201d, dove si \u00e8 distinto per le caratteristiche innovative della sua didattica tesa ad affrontare le opere monografiche del repertorio pianistico. Ha anche fondato l\u2019Accademia Internazionale di Imola. L\u2019operato di questi artisti di grande caratura ha creato nel tempo un autentico patrimonio culturale che ha poi alimentato una tradizione didattica e artistica per la quale il Conservatorio statale Rossini \u00e8 molto rinomato!<\/span><\/span><\/span><\/p>\n<p><span style=\"color: #000000;\"><span style=\"font-family: Libre Franklin, serif;\"><span style=\"font-size: medium;\"><b>D\u00a0 \u00a0<\/b><\/span><\/span><\/span><span style=\"color: #000000;\"><span style=\"font-family: Libre Franklin, serif;\"><span style=\"font-size: medium;\">\u00a0\u00a0\u00a0 <\/span><\/span><\/span><span style=\"color: #000000;\"><span style=\"font-family: Libre Franklin, serif;\"><span style=\"font-size: medium;\"><i>Il Conservatorio vanta anche \u00a0allievi famosi nel mondo\u2026<\/i><\/span><\/span><\/span><\/p>\n<p><span style=\"color: #000000;\"><span style=\"font-family: Libre Franklin, serif;\"><span style=\"font-size: medium;\">R\u00a0\u00a0\u00a0\u00a0\u00a0\u00a0 Il soprano\u00a0<\/span><\/span><\/span><span style=\"font-family: Libre Franklin, serif;\"><span style=\"font-size: medium;\"><b><span style=\"color: #000000;\">Renata Tebaldi<\/span><\/b><\/span><\/span><span style=\"color: #000000;\"><span style=\"font-family: Libre Franklin, serif;\"><span style=\"font-size: medium;\">, pesarese come il compositore\u00a0<\/span><\/span><\/span><span style=\"font-family: Libre Franklin, serif;\"><span style=\"font-size: medium;\"><b><span style=\"color: #000000;\">Riz Ortolani<\/span><\/b><\/span><\/span><span style=\"color: #000000;\"><span style=\"font-family: Libre Franklin, serif;\"><span style=\"font-size: medium;\">, \u00a0assieme al tenore\u00a0<\/span><\/span><\/span><span style=\"font-family: Libre Franklin, serif;\"><span style=\"font-size: medium;\"><b><span style=\"color: #000000;\">Mario Del Monaco<\/span><\/b><\/span><\/span><span style=\"color: #000000;\"><span style=\"font-family: Libre Franklin, serif;\"><span style=\"font-size: medium;\">\u00a0sono alcuni degli allievi le cui straordinarie carriere internazionali hanno nel tempo dato lustro alla loro scuola di provenienza. \u00a0Pi\u00f9 di recente, si sono diplomati a Pesaro il direttore d\u2019orchestra Michele Mariotti ed il basso Mirco Palazzi, da tempo affermati nel mondo. Da segnalare anche Enrico Pace, pianista attivo sulla scena internazionale,\u00a0 e Gabriele Geminiani, primo violoncellista dell\u2019orchestra dell\u2019Accademia Nazionale di Santa Cecilia. Non va poi trascurato l\u2019apporto alla musica elettronica che \u00a0ha visto nel compianto Eugenio Giordani un grande maestro della \u201cnuova musica\u201d.\u00a0\u00a0\u00a0\u00a0<\/span><\/span><\/span><\/p>\n<p><span style=\"color: #000000;\"><span style=\"font-family: Libre Franklin, serif;\"><span style=\"font-size: medium;\"><b>D <\/b><\/span><\/span><\/span> <span style=\"color: #000000;\"><span style=\"font-family: Libre Franklin, serif;\"><span style=\"font-size: medium;\"><i>Pur essendo fiorentino, Del Monaco \u2013 morto a Mestre-\u00a0 ha voluto essere sepolto a Pesaro e riposa sulla sinistra della Cappella del Cimitero centrale. Le sue spoglie sono\u00a0 avvolte nelle vesti di Otello da lui stesso disegnate (nella cui interpretazione non ha avuto rivali) mentre il monumento sepolcrale \u00e8 opera dello scultore Gi\u00f2 Pomodoro.<\/i><\/span><\/span><\/span><i><b> <\/b><\/i><span style=\"color: #000000;\"><span style=\"font-family: Libre Franklin, serif;\"><span style=\"font-size: medium;\"><i> Parliamo ora della sede del Conservatorio, anche questa\u00a0 prestigiosa, in pieno centro storico\u2026<\/i><\/span><\/span><\/span><\/p>\n<p><span style=\"color: #000000;\"><span style=\"font-family: Libre Franklin, serif;\"><span style=\"font-size: medium;\">R<\/span><\/span><\/span><span style=\"font-family: Libre Franklin, serif;\"><span style=\"font-size: medium;\"><b><span style=\"color: #000000;\">\u00a0\u00a0\u00a0\u00a0\u00a0\u00a0\u00a0<\/span><\/b><\/span><\/span><span style=\"color: #000000;\"><span style=\"font-family: Libre Franklin, serif;\"><span style=\"font-size: medium;\">Si, ma prima ricordiamo che anche Riz Ortolani riposa nello stesso luogo, insieme ad un\u2019altra fiorentina, Katyna Ranieri, sua consorte che\u00a0 ha voluto restare insieme a lui anche nell\u2019eterno riposo. Ed accanto ad essi una originale ed apprezzata scultura in cristallo, opera dell\u2019architetto Simonetta Fabbri, onora le spoglie di Alberto \u00a0Zedda, sempre vicino al Conservatorio ed autore nel corso della sua lunga vita di un enorme lavoro sull\u2019opera di Rossini e del melodramma italiano. Dunque, il Palazzo Olivieri: fu<\/span><\/span><\/span><span style=\"font-family: Libre Franklin, serif;\"><span style=\"font-size: medium;\"><b><span style=\"color: #000000;\">\u00a0\u00a0<\/span><\/b><\/span><\/span><span style=\"color: #000000;\"><span style=\"font-family: Libre Franklin, serif;\"><span style=\"font-size: medium;\">edificato nel 1749 su progetto dell\u2019architetto e pittore pesarese Giannandrea Lazzarini, su commissione dell\u2019intellettuale Annibale Olivieri che lo destin\u00f2 a sede della Biblioteca e dei Musei da lui costituiti e donati alla citt\u00e0.<\/span><\/span><\/span><span style=\"font-family: Libre Franklin, serif;\"><span style=\"font-size: medium;\"><b><span style=\"color: #000000;\">\u00a0<\/span><\/b><\/span><\/span><\/p>\n<p><span style=\"color: #000000;\"><span style=\"font-family: Libre Franklin, serif;\"><span style=\"font-size: medium;\"><b>D\u00a0<\/b><\/span><\/span><\/span><span style=\"color: #000000;\"><span style=\"font-family: Libre Franklin, serif;\"><span style=\"font-size: medium;\">\u00a0\u00a0\u00a0\u00a0\u00a0 Allorch\u00e9 fu scelto come sede del Liceo musicale fu sicuramente ristrutturato per l\u2019adattamento alle nuove funzioni\u2026<\/span><\/span><\/span><\/p>\n<p><span style=\"color: #000000;\"><span style=\"font-family: Libre Franklin, serif;\"><span style=\"font-size: medium;\">R\u00a0\u00a0\u00a0\u00a0\u00a0\u00a0 Certo! Ad integrazione della struttura, nel 1892 fu portata a compimento l\u2019edificazione di un\u2019imponente sala da concerti, l\u2019Auditorium Pedrotti. E da allora il Palazzo\u00a0 ha due grandi portoni identici ma la differenza tra essi \u00e8 di quasi un secolo e mezzo, e la differenza si avverte nelle criticit\u00e0 dell\u2019entrata principale.<\/span><\/span><\/span><\/p>\n<p><span style=\"color: #000000;\"><span style=\"font-family: Libre Franklin, serif;\"><span style=\"font-size: medium;\"><b>D\u00a0\u00a0<\/b><\/span><\/span><\/span><span style=\"color: #000000;\"><span style=\"font-family: Libre Franklin, serif;\"><span style=\"font-size: medium;\"><i>\u00a0\u00a0\u00a0\u00a0 Il nome \u00a0dell\u2019Auditorium \u00e8 quello dell\u2019allora direttore del Liceo<\/i><\/span><\/span><\/span><span style=\"color: #000000;\"><span style=\"font-family: Libre Franklin, serif;\"><span style=\"font-size: medium;\">\u2026<\/span><\/span><\/span><\/p>\n<p><span style=\"color: #000000;\"><span style=\"font-family: Libre Franklin, serif;\"><span style=\"font-size: medium;\">R E\u2019 un onore che gli \u00e8 dovuto: volle \u00a0fortemente il \u201cSalone\u201d in quanto non concepiva un conservatorio privo di un auditorium. Venne inaugurato nel 1892 dieci anni dopo l\u2019inizio dei corsi musicali. E\u2019 assai rinomato per l\u2019acustica eccezionale e ritenuto credo \u00a0alla pari del \u00a0<\/span><\/span><\/span><span style=\"font-family: Libre Franklin, serif;\"><span style=\"font-size: medium;\"><i><span style=\"color: #000000;\">Musikverein<\/span><\/i><\/span><\/span><span style=\"color: #000000;\"><span style=\"font-family: Libre Franklin, serif;\"><span style=\"font-size: medium;\">\u00a0di Vienna.<\/span><\/span><\/span><\/p>\n<p><span style=\"color: #000000;\"><span style=\"font-family: Libre Franklin, serif;\"><span style=\"font-size: medium;\"><b>D\u00a0\u00a0<\/b><\/span><\/span><\/span><span style=\"color: #000000;\"><span style=\"font-family: Libre Franklin, serif;\"><span style=\"font-size: medium;\">\u00a0\u00a0\u00a0\u00a0 <\/span><\/span><\/span><span style=\"color: #000000;\"><span style=\"font-family: Libre Franklin, serif;\"><span style=\"font-size: medium;\"><i>Quando venne istallato il grande organo elettrico? A 3000 canne, mi pare<\/i><\/span><\/span><\/span><span style=\"color: #000000;\"><span style=\"font-family: Libre Franklin, serif;\"><span style=\"font-size: medium;\">\u2026<\/span><\/span><\/span><\/p>\n<p><span style=\"color: #000000;\"><span style=\"font-family: Libre Franklin, serif;\"><span style=\"font-size: medium;\">R\u00a0\u00a0\u00a0\u00a0\u00a0\u00a0 Nel 1907, sostituito poi nel 1974 con uno nuovo realizzato dalla famosa ditta Tamburini di Crema.<\/span><\/span><\/span><\/p>\n<p><span style=\"color: #000000;\"><span style=\"font-family: Libre Franklin, serif;\"><span style=\"font-size: medium;\"><b>D\u00a0<\/b><\/span><\/span><\/span><span style=\"color: #000000;\"><span style=\"font-family: Libre Franklin, serif;\"><span style=\"font-size: medium;\">\u00a0\u00a0\u00a0\u00a0\u00a0 Ovvero \u2018<\/span><\/span><\/span><span style=\"font-family: Libre Franklin, serif;\"><span style=\"font-size: medium;\"><i><span style=\"color: #000000;\">La Pontificia Fabbrica d\u2019Organi Comm. Giovanni Tamburini\u2019<\/span><\/i><\/span><\/span><span style=\"color: #000000;\"><span style=\"font-family: Libre Franklin, serif;\"><span style=\"font-size: medium;\">, una delle pi\u00f9 rinomate ditte organarie italiane.<\/span><\/span><\/span><\/p>\n<p><span style=\"color: #000000;\"><span style=\"font-family: Libre Franklin, serif;\"><span style=\"font-size: medium;\">R\u00a0\u00a0\u00a0\u00a0\u00a0\u00a0 Oper\u00f2 per quasi un secolo, dal 1893 al 1996.<\/span><\/span><\/span><\/p>\n<p><span style=\"color: #000000;\"><span style=\"font-family: Libre Franklin, serif;\"><span style=\"font-size: medium;\"><b>D\u00a0\u00a0<\/b><\/span><\/span><\/span><span style=\"color: #000000;\"><span style=\"font-family: Libre Franklin, serif;\"><span style=\"font-size: medium;\">\u00a0\u00a0\u00a0\u00a0 Mi piace molto la struttura dell\u2019ambiente che presenta il caratteristico assetto delle sale da concerto del XIX secolo: pianta rettangolare, balconata sostenuta da sottili pilastri in ghisa sui lati lunghi e su quello d\u2019ingresso, palcoscenico di ridotte dimensioni con grande organo posto a fare da fondale, soffitto piano per una perfetta diffusione del suono. Un po\u2019 demod\u00e9 ma molto affascinante ai miei occhi\u2026<\/span><\/span><\/span><\/p>\n<p><span style=\"color: #000000;\"><span style=\"font-family: Libre Franklin, serif;\"><span style=\"font-size: medium;\">R\u00a0\u00a0\u00a0\u00a0\u00a0\u00a0 Ha\u00a0 una capienza di circa 650 posti :\u00a0 ospita tutto l\u2019anno spettacoli ed eventi \u00a0non solo del Conservatorio ed \u00e8 anche una delle sedi del Rossini Opera Festival.<\/span><\/span><\/span><\/p>\n<p><span style=\"color: #000000;\"><span style=\"font-family: Libre Franklin, serif;\"><span style=\"font-size: medium;\"><b>D\u00a0\u00a0\u00a0<\/b><\/span><\/span><\/span><span style=\"color: #000000;\"><span style=\"font-family: Libre Franklin, serif;\"><span style=\"font-size: medium;\">\u00a0\u00a0\u00a0 Altre sale corredano la struttura \u2026<\/span><\/span><\/span><\/p>\n<p><span style=\"color: #000000;\"><span style=\"font-family: Libre Franklin, serif;\"><span style=\"font-size: medium;\">R\u00a0\u00a0\u00a0\u00a0\u00a0\u00a0 La \u201cSala del Consiglio\u201d che ospita la\u00a0<\/span><\/span><\/span><span style=\"font-family: Libre Franklin, serif;\"><span style=\"font-size: medium;\"><i><span style=\"color: #000000;\">Galleria degli uomini e donne illustri pesaresi<\/span><\/i><\/span><\/span><span style=\"color: #000000;\"><span style=\"font-family: Libre Franklin, serif;\"><span style=\"font-size: medium;\">\u00a0(1763) e la\u00a0<\/span><\/span><\/span><span style=\"font-family: Libre Franklin, serif;\"><span style=\"font-size: medium;\"><i><span style=\"color: #000000;\">Sala dei Marmi<\/span><\/i><\/span><\/span><span style=\"color: #000000;\"><span style=\"font-family: Libre Franklin, serif;\"><span style=\"font-size: medium;\">\u00a0(1772) che racchiude un ciclo di affreschi raffiguranti la fondazione di Pesaro, nonch\u00e9 la sala denominata\u00a0<\/span><\/span><\/span><span style=\"font-family: Libre Franklin, serif;\"><span style=\"font-size: medium;\"><i><span style=\"color: #000000;\">Tempietto Rossiniano<\/span><\/i><\/span><\/span><span style=\"color: #000000;\"><span style=\"font-family: Libre Franklin, serif;\"><span style=\"font-size: medium;\">, il cui soffitto \u00e8 decorato con motivi pompeiani tipicamente neoclassici. Racchiude preziosi cimeli, lettere e autografi musicali di Gioachino Rossini.\u00a0\u00a0<\/span><\/span><\/span><span style=\"font-family: Libre Franklin, serif;\"><span style=\"font-size: medium;\"><b><span style=\"color: #000000;\">\u00a0<\/span><\/b><\/span><\/span><\/p>\n<p><span style=\"font-family: Libre Franklin, serif;\"><span style=\"font-size: medium;\"><b><span style=\"color: #000000;\">D\u00a0\u00a0\u00a0\u00a0\u00a0\u00a0\u00a0<\/span><\/b><\/span><\/span><span style=\"color: #000000;\"><span style=\"font-family: Libre Franklin, serif;\"><span style=\"font-size: medium;\">Attualmente il Conservatorio \u00e8 un Istituto Superiore di Studi Musicali, inquadrato nell\u2019area dell\u2019Alta Formazione Artistica e Musicale (AFAM) del Ministero dell\u2019Universit\u00e0 e della Ricerca. Quanti studenti\u00a0 vi studiano?\u00a0<\/span><\/span><\/span><\/p>\n<p><span style=\"color: #000000;\"><span style=\"font-family: Libre Franklin, serif;\"><span style=\"font-size: medium;\">R\u00a0\u00a0\u00a0\u00a0\u00a0\u00a0 All\u2019anno accademico 2020-2021, da poco concluso, si sono iscritti 718 allievi.<\/span><\/span><\/span><\/p>\n<p><span style=\"color: #000000;\"><span style=\"font-family: Libre Franklin, serif;\"><span style=\"font-size: medium;\"><b>D<\/b><\/span><\/span><\/span><span style=\"color: #000000;\"><span style=\"font-family: Libre Franklin, serif;\"><span style=\"font-size: medium;\">\u00a0\u00a0\u00a0\u00a0\u00a0\u00a0 Da dove vengono?<\/span><\/span><\/span><\/p>\n<p><span style=\"color: #000000;\"><span style=\"font-family: Libre Franklin, serif;\"><span style=\"font-size: medium;\">R\u00a0\u00a0\u00a0\u00a0\u00a0\u00a0 Oltre agli italiani, 31 dalla Cina, 16 dalla Russia, 6 dalla Georgia, 5 dal Kazakhstan, 4 dalla Romania, 3 dalla Corea del Sud, dall\u2019Ucraina e dalla Moldavia, 2 da San Marino, dalla Nigeria e dalla Polonia ed infine 1 dai seguenti paesi: Belgio, Bulgaria, Kosovo, Marocco, Messico, Per\u00f9, Spagna, Germania, Turchia e Venezuela. Una piccola ONU !<\/span><\/span><\/span><\/p>\n<p><span style=\"color: #000000;\"><span style=\"font-family: Libre Franklin, serif;\"><span style=\"font-size: medium;\"><b>D<\/b><\/span><\/span><\/span><span style=\"color: #000000;\"><span style=\"font-family: Libre Franklin, serif;\"><span style=\"font-size: medium;\">\u00a0\u00a0\u00a0\u00a0\u00a0\u00a0 Importante \u00e8 \u2013 come per tutte le scuole \u2013 la capacit\u00e0 di attrarre gli studenti\u2026<\/span><\/span><\/span><\/p>\n<p align=\"justify\"><span style=\"color: #000000;\"><span style=\"font-family: Libre Franklin, serif;\"><span style=\"font-size: medium;\">R\u00a0\u00a0\u00a0\u00a0\u00a0\u00a0 Nel corso della storia un valido apporto alla crescita dell\u2019Istituto \u00e8 stato conferito dai suoi\u00a0 presidenti, dei quali si \u00e8 sempre parlato troppo poco. Tra gli altri: Giuseppe Vaccai, Ettore Mancini, Augusto Guidi Carnevali, Ugo Tombesi, Cesare Albani Castelbarco. Nel dopoguerra particolarmente significative le figure dell\u2019onorevole Giuseppe Filippini e del commediografo Antonio Conti.\u00a0 Va da s\u00e9, comunque, che la molla fondamentale dell\u2019afflusso \u00e8 la levatura dei docenti,\u00a0 come pi\u00f9 sopra abbiamo rilevato. Pensi che\u00a0 abbiamo anche attratto, con non poche difficolt\u00e0 diplomatiche, dodici studenti di fisarmonica della Corea del Nord con tanto di cerimonia con l\u2019ambasciatore in Italia di quel paese. Merito del famoso fisarmonicista Sergio Scappini, titolare della cattedra di questo strumento a Pesaro. Concorrono poi all\u2019approfondimento della conoscenza delle caratteristiche dell\u2019Istituto anche eventi locali come gli \u00a0\u2018<\/span><\/span><\/span><span style=\"font-family: Libre Franklin, serif;\"><span style=\"font-size: medium;\"><i><span style=\"color: #000000;\">Open Day\u2019<\/span><\/i><\/span><\/span><span style=\"color: #000000;\"><span style=\"font-family: Libre Franklin, serif;\"><span style=\"font-size: medium;\">\u00a0 gi\u00e0 magistralmente organizzati dalla professoressa Giulia Benelli, ora a riposo.<\/span><\/span><\/span><\/p>\n<p align=\"center\"><img decoding=\"async\" src=\"file:\/\/\/tmp\/lu29445xt4zku.tmp\/lu29445xt4zl2_tmp_db85fcab4d8da738.jpg\" width=\"311\" height=\"360\" name=\"Immagine 5\" align=\"bottom\" border=\"0\" \/><\/p>\n<p align=\"center\"><span style=\"color: #000000;\"><span style=\"font-family: Libre Franklin, serif;\"><span style=\"font-size: small;\"><i>Paola Cecchini e Giorgio Girelli, <\/i><\/span><\/span><\/span><\/p>\n<p align=\"center\"><span style=\"color: #000000;\"><span style=\"font-family: Libre Franklin, serif;\"><span style=\"font-size: small;\"><i>presidente emerito del Conservatorio Rossini.<\/i><\/span><\/span><\/span><\/p>\n<p><span style=\"color: #000000;\"><span style=\"font-family: Libre Franklin, serif;\"><span style=\"font-size: medium;\">Nel\u00a0 maggio scorso l\u2019 Istituto ha fatto coincidere l\u2019<\/span><\/span><\/span><span style=\"font-family: Libre Franklin, serif;\"><span style=\"font-size: medium;\"><i><span style=\"color: #000000;\">Open Day \u00a0<\/span><\/i><\/span><\/span><span style=\"color: #000000;\"><span style=\"font-family: Libre Franklin, serif;\"><span style=\"font-size: medium;\">con una giornata dedicata alla rinascita post-pandemia. \u00a0Il Centro Arti Visive Pescheria (il pi\u00f9 importante polo per \u00a0l\u2019arte contemporanea\u00a0 della regione adriatica)\u00a0 ha dato alloggio al jazz; il Palazzo Mazzolari Mosca (sede dei Musei civici) ha ospitato gruppi di fiati;\u00a0 nella ex Chiesa dell\u2019 Annunziata si sono alternati concerti di musica da camera e canto lirico, mentre lo stesso androne del Conservatorio \u00e8 diventato uno spazio autogestito da studenti che l\u2019hanno impegnato\u00a0 con libert\u00e0 di regia ed espressione\u2026<\/span><\/span><\/span><\/p>\n<p><span style=\"color: #000000;\"><span style=\"font-family: Libre Franklin, serif;\"><span style=\"font-size: medium;\"><b>D<\/b><\/span><\/span><\/span><span style=\"color: #000000;\"><span style=\"font-family: Libre Franklin, serif;\"><span style=\"font-size: medium;\">\u00a0\u00a0\u00a0\u00a0\u00a0\u00a0 Non dimentichiamo i quintetti di sassofono\u2026<\/span><\/span><\/span><\/p>\n<p><span style=\"color: #000000;\"><span style=\"font-family: Libre Franklin, serif;\"><span style=\"font-size: medium;\">R\u00a0\u00a0\u00a0\u00a0\u00a0\u00a0 No di certo. I nostri sassofonisti, diretti dal prof. Stefano Venturi, hanno suonato anche in Cina nel quadro di una missione guidata dal Direttore Ludovico Bramanti. Numerosi sono i concerti \u00a0eseguiti nella citt\u00e0 offrendo\u00a0 agli aspiranti musicisti la possibilit\u00e0 di esplorare le potenzialit\u00e0 dei corsi musicali di primo e secondo\u00a0 livello. Un sassofonista richiesto ed apprezzato \u00e8 il professor Federico Mondelci sui cui concerti sono spesso positivamente commentati dai media.<\/span><\/span><\/span><\/p>\n<p><span style=\"color: #000000;\"><span style=\"font-family: Libre Franklin, serif;\"><span style=\"font-size: medium;\"><b>D<\/b><\/span><\/span><\/span><span style=\"color: #000000;\"><span style=\"font-family: Libre Franklin, serif;\"><span style=\"font-size: medium;\">\u00a0\u00a0\u00a0\u00a0\u00a0\u00a0 Per chi ha frequentato l\u2019Open Day l\u2019impressione \u00e8 stata straordinaria: una citt\u00e0 pervasa dall\u2019armonia \u2018<\/span><\/span><\/span><span style=\"font-family: Libre Franklin, serif;\"><span style=\"font-size: medium;\"><i><span style=\"color: #000000;\">ha massaggiato\u2019<\/span><\/i><\/span><\/span><span style=\"color: #000000;\"><span style=\"font-family: Libre Franklin, serif;\"><span style=\"font-size: medium;\">\u00a0gli animi ammaccati da un anno e mezzo di Covid.<\/span><\/span><\/span><\/p>\n<p><span style=\"color: #000000;\"><span style=\"font-family: Libre Franklin, serif;\"><span style=\"font-size: medium;\">R\u00a0\u00a0\u00a0\u00a0\u00a0\u00a0 Credo che tutti abbiano notato come il Conservatorio sia uscito dal Palazzo \u00a0in continuit\u00e0 con una linea che attraverso eventi ricorrenti e tipizzati ha da anni collegato l\u2019Istituto alla Citt\u00e0 ed alle sue Istituzioni.<\/span><\/span><\/span><span style=\"font-family: Libre Franklin, serif;\"><span style=\"font-size: medium;\"><b><span style=\"color: #000000;\">\u00a0<\/span><\/b><\/span><\/span><\/p>\n<p><span style=\"color: #000000;\"><span style=\"font-family: Libre Franklin, serif;\"><span style=\"font-size: medium;\"><b>D<\/b><\/span><\/span><\/span><span style=\"font-family: Libre Franklin, serif;\"><span style=\"font-size: medium;\"><b><span style=\"color: #000000;\">\u00a0\u00a0\u00a0\u00a0\u00a0\u00a0\u00a0<\/span><\/b><\/span><\/span><span style=\"color: #000000;\"><span style=\"font-family: Libre Franklin, serif;\"><span style=\"font-size: medium;\">Quest\u2019anno il Conservatorio ha ospitato per la sesta volta la\u00a0 Masterclass Internazionale di Canto Lirico tenuta dal <\/span><\/span><\/span><span style=\"color: #000000;\"><span style=\"font-family: Libre Franklin, serif;\"><span style=\"font-size: medium;\"><b>M\u00b0 Jos\u00e9 Carreras\u2026<\/b><\/span><\/span><\/span><\/p>\n<p><span style=\"color: #000000;\"><span style=\"font-family: Libre Franklin, serif;\"><span style=\"font-size: medium;\">R<\/span><\/span><\/span><span style=\"font-family: Libre Franklin, serif;\"><span style=\"font-size: medium;\"><b><span style=\"color: #000000;\">\u00a0\u00a0\u00a0\u00a0\u00a0\u00a0\u00a0<\/span><\/b><\/span><\/span><span style=\"color: #000000;\"><span style=\"font-family: Libre Franklin, serif;\"><span style=\"font-size: medium;\">Il <\/span><\/span><\/span><span style=\"color: #000000;\"><span style=\"font-family: Libre Franklin, serif;\"><span style=\"font-size: medium;\"><b>M\u00b0 Carreras<\/b><\/span><\/span><\/span><span style=\"color: #000000;\"><span style=\"font-family: Libre Franklin, serif;\"><span style=\"font-size: medium;\"> ha un rapporto privilegiato con la citt\u00e0 di Pesaro e con il nostro\u00a0 Conservatorio. Questa presenza\u00a0 ci onora,\u00a0 tanto pi\u00f9 che <\/span><\/span><\/span><span style=\"color: #000000;\"><span style=\"font-family: Libre Franklin, serif;\"><span style=\"font-size: medium;\"><b>Carreras <\/b><\/span><\/span><\/span><span style=\"color: #000000;\"><span style=\"font-family: Libre Franklin, serif;\"><span style=\"font-size: medium;\">ha scelto Pesaro come sede unica per la sua masterclass di canto. Lo si deve soprattutto al sodalizio del cantante catalano con\u00a0Lorenzo Bavaj, pesarese, da oltre 20 anni pianista personale del tenore\u00a0e apprezzato docente di pianoforte al Conservatorio.<\/span><\/span><\/span><\/p>\n<p><span style=\"color: #000000;\"><span style=\"font-family: Libre Franklin, serif;\"><span style=\"font-size: medium;\"><b>D\u00a0\u00a0<\/b><\/span><\/span><\/span><span style=\"color: #000000;\"><span style=\"font-family: Libre Franklin, serif;\"><span style=\"font-size: medium;\">\u00a0\u00a0\u00a0\u00a0 Questa \u00a0presenza conferma l\u2019apertura internazionale della nostra realt\u00e0 musicale che, in questo caso, non solo accoglie un tenore appartenente all\u2019Olimpo degli artisti lirici, ma lo ospita nella veste di didatta. Quindi \u00e8 notevole il peso che in questo ruolo il <\/span><\/span><\/span><span style=\"color: #000000;\"><span style=\"font-family: Libre Franklin, serif;\"><span style=\"font-size: medium;\"><b>M\u00b0 Carreras<\/b><\/span><\/span><\/span><span style=\"color: #000000;\"><span style=\"font-family: Libre Franklin, serif;\"><span style=\"font-size: medium;\"> pu\u00f2 esercitare su giovani talenti\u2026<\/span><\/span><\/span><\/p>\n<p><span style=\"color: #000000;\"><span style=\"font-family: Libre Franklin, serif;\"><span style=\"font-size: medium;\">R\u00a0\u00a0\u00a0\u00a0\u00a0\u00a0 E proprio per questo i suoi insegnamenti soni ricercati da studenti di molte nazionalit\u00e0.<\/span><\/span><\/span><\/p>\n<p><span style=\"color: #000000;\"><span style=\"font-family: Libre Franklin, serif;\"><span style=\"font-size: medium;\"><b>D\u00a0<\/b><\/span><\/span><\/span><span style=\"color: #000000;\"><span style=\"font-family: Libre Franklin, serif;\"><span style=\"font-size: medium;\">\u00a0\u00a0\u00a0\u00a0 Non dimentichiamo che la citt\u00e0 \u00e8 stata per molti anni il \u2018<\/span><\/span><\/span><span style=\"font-family: Libre Franklin, serif;\"><span style=\"font-size: medium;\"><i><span style=\"color: #000000;\">buen retiro\u2019<\/span><\/i><\/span><\/span><span style=\"color: #000000;\"><span style=\"font-family: Libre Franklin, serif;\"><span style=\"font-size: medium;\">\u00a0di Luciano Pavarotti che qui trascorreva le sue estati e che con<\/span><\/span><\/span><span style=\"color: #000000;\"><span style=\"font-family: Libre Franklin, serif;\"><span style=\"font-size: medium;\"><b> Carreras<\/b><\/span><\/span><\/span><span style=\"color: #000000;\"><span style=\"font-family: Libre Franklin, serif;\"><span style=\"font-size: medium;\"> \u00a0faceva parte del trio\u00a0<\/span><\/span><\/span><span style=\"font-family: Libre Franklin, serif;\"><span style=\"font-size: medium;\"><i><span style=\"color: #000000;\">\u2018I Tre Tenori\u2019<\/span><\/i><\/span><\/span><span style=\"color: #000000;\"><span style=\"font-family: Libre Franklin, serif;\"><span style=\"font-size: medium;\">, attivo tra il\u00a01990 e il 2007.<\/span><\/span><\/span><\/p>\n<p><span style=\"color: #000000;\"><span style=\"font-family: Libre Franklin, serif;\"><span style=\"font-size: medium;\">R\u00a0\u00a0\u00a0\u00a0\u00a0\u00a0 Dal 31 ottobre 2017 Pesaro \u00e8, per deliberazione dell\u2019UNESCO, \u00a0Citt\u00e0 Creativa della Musica. Un risultato \u00e8 stato ottenuto grazie al Rossini Opera Festival\u00a0 ma anche al Conservatorio Rossini quale sede didattica e promotrice di eventi musicali durante tutto l\u2019anno, requisito essenziale richiesto dall\u2019UNESCO. C\u2019\u00e8 poi da rilevare il ruolo delle tante e qualificate entit\u00e0 musicali\u00a0 che\u00a0 esprimono il\u00a0<\/span><\/span><\/span><span style=\"font-family: Libre Franklin, serif;\"><span style=\"font-size: medium;\"><i><span style=\"color: #000000;\">genius loci<\/span><\/i><\/span><\/span><span style=\"color: #000000;\"><span style=\"font-family: Libre Franklin, serif;\"><span style=\"font-size: medium;\">\u00a0pesarese.<\/span><\/span><\/span><\/p>\n<p><span style=\"color: #000000;\"><span style=\"font-family: Libre Franklin, serif;\"><span style=\"font-size: medium;\"><b>D\u00a0<\/b><\/span><\/span><\/span><span style=\"color: #000000;\"><span style=\"font-family: Libre Franklin, serif;\"><span style=\"font-size: medium;\">\u00a0\u00a0 Il Conservatorio Statale \u2018Rossini\u2019 \u00e8 anche molto attento a problematiche sociali della comunit\u00e0\u2026<\/span><\/span><\/span><\/p>\n<p><span style=\"color: #000000;\"><span style=\"font-family: Libre Franklin, serif;\"><span style=\"font-size: medium;\">R\u00a0\u00a0 In effetti l\u2019Istituto ogni anno svolge in Piazza del Popolo a Pesaro un concerto\u00a0 il primo maggio per celebrare\u00a0 la \u2018<\/span><\/span><\/span><span style=\"font-family: Libre Franklin, serif;\"><span style=\"font-size: medium;\"><i><span style=\"color: #000000;\">Festa del Lavoro\u2019<\/span><\/i><\/span><\/span><span style=\"color: #000000;\"><span style=\"font-family: Libre Franklin, serif;\"><span style=\"font-size: medium;\">. E\u2019 da tempo a fianco della\u00a0 LILT (Lega Italiana per la Lotta conto i Tumori) collaborando, con concerti dei suoi docenti ed allievi, alla sua campagna di informazione e\u00a0 sensibilizzazione. Dal mio esordio, molti anni fa, ho promosso un concerto all\u2019Ospedale \u2018<\/span><\/span><\/span><span style=\"font-family: Libre Franklin, serif;\"><span style=\"font-size: medium;\"><i><span style=\"color: #000000;\">San Salvatore\u2019<\/span><\/i><\/span><\/span><span style=\"color: #000000;\"><span style=\"font-family: Libre Franklin, serif;\"><span style=\"font-size: medium;\">\u00a0nel giorno di Ferragosto, quando\u00a0 l\u2019attenzione \u00e8 rivolta a bagni, sole, gite e pranzi. E ci\u00f2 in spirito di solidariet\u00e0 con i malati e con chi di essi si prende cura. Nella mia gestione ho operato con molta attenzione per queste manifestazioni\u00a0 perch\u00e9 sono occasione anche per gli studenti di riflessione, di maturit\u00e0 e crescita sociale, obiettivi che una scuola deve sempre affiancare all\u2019insegnamento che impartisce.<\/span><\/span><\/span><\/p>\n<p><span style=\"color: #000000;\"><span style=\"font-family: Libre Franklin, serif;\"><span style=\"font-size: medium;\"><b>D\u00a0<\/b><\/span><\/span><\/span><span style=\"color: #000000;\"><span style=\"font-family: Libre Franklin, serif;\"><span style=\"font-size: medium;\">\u00a0\u00a0\u00a0\u00a0\u00a0 E\u2019 commovente vedere i malati affacciati alle finestre ed ai balconi del nosocomio, allietati dalle arie di musicisti famosi e non. D\u2019altra parte\u2026<\/span><\/span><\/span><span style=\"font-family: Libre Franklin, serif;\"><span style=\"font-size: medium;\"><i><span style=\"color: #000000;\">\u2019la musica\u00a0 \u00e8 per l\u2019anima quello che la ginnastica \u00e8 per il corpo\u2019<\/span><\/i><\/span><\/span><span style=\"color: #000000;\"><span style=\"font-family: Libre Franklin, serif;\"><span style=\"font-size: medium;\">. Platone <\/span><\/span><\/span><span style=\"color: #000000;\"><span style=\"font-family: Libre Franklin, serif;\"><span style=\"font-size: medium;\"><i>docet<\/i><\/span><\/span><\/span><span style=\"color: #000000;\"><span style=\"font-family: Libre Franklin, serif;\"><span style=\"font-size: medium;\">. Non ce lo dimentichiamo!<\/span><\/span><\/span><\/p>\n<p><span style=\"color: #000000;\"><span style=\"font-family: Libre Franklin, serif;\"><span style=\"font-size: medium;\">R\u00a0\u00a0\u00a0\u00a0\u00a0\u00a0\u00a0 Proprio cos\u00ec\u2026\u00a0<\/span><\/span><\/span><\/p>\n<p align=\"center\"><span style=\"color: #000000;\"><span style=\"font-family: Libre Franklin, serif;\"><span style=\"font-size: medium;\">______________________________<\/span><\/span><\/span><\/p>\n","protected":false},"excerpt":{"rendered":"<p>Il Conservatorio \u2018G.Rossini\u2019 di Pesaro: per saperne di pi\u00f9. Chiacchierata con il presidente emerito Giorgio Girelli di Paola Cecchini Giorgio [&hellip;]<\/p>\n","protected":false},"author":1,"featured_media":0,"comment_status":"open","ping_status":"open","sticky":false,"template":"","format":"standard","meta":{"footnotes":""},"categories":[4,10],"tags":[],"class_list":["post-19538","post","type-post","status-publish","format-standard","hentry","category-cultura","category-italiano"],"_links":{"self":[{"href":"https:\/\/www.ecoitaliano.com.ar\/index.php?rest_route=\/wp\/v2\/posts\/19538","targetHints":{"allow":["GET"]}}],"collection":[{"href":"https:\/\/www.ecoitaliano.com.ar\/index.php?rest_route=\/wp\/v2\/posts"}],"about":[{"href":"https:\/\/www.ecoitaliano.com.ar\/index.php?rest_route=\/wp\/v2\/types\/post"}],"author":[{"embeddable":true,"href":"https:\/\/www.ecoitaliano.com.ar\/index.php?rest_route=\/wp\/v2\/users\/1"}],"replies":[{"embeddable":true,"href":"https:\/\/www.ecoitaliano.com.ar\/index.php?rest_route=%2Fwp%2Fv2%2Fcomments&post=19538"}],"version-history":[{"count":0,"href":"https:\/\/www.ecoitaliano.com.ar\/index.php?rest_route=\/wp\/v2\/posts\/19538\/revisions"}],"wp:attachment":[{"href":"https:\/\/www.ecoitaliano.com.ar\/index.php?rest_route=%2Fwp%2Fv2%2Fmedia&parent=19538"}],"wp:term":[{"taxonomy":"category","embeddable":true,"href":"https:\/\/www.ecoitaliano.com.ar\/index.php?rest_route=%2Fwp%2Fv2%2Fcategories&post=19538"},{"taxonomy":"post_tag","embeddable":true,"href":"https:\/\/www.ecoitaliano.com.ar\/index.php?rest_route=%2Fwp%2Fv2%2Ftags&post=19538"}],"curies":[{"name":"wp","href":"https:\/\/api.w.org\/{rel}","templated":true}]}}