{"id":19669,"date":"2022-01-12T02:48:23","date_gmt":"2022-01-12T02:48:23","guid":{"rendered":"http:\/\/www.ecoitaliano.com.ar\/?p=19669"},"modified":"2022-01-12T04:06:07","modified_gmt":"2022-01-12T04:06:07","slug":"serena-conduce-operaclassica-eco-italiano-1209","status":"publish","type":"post","link":"https:\/\/www.ecoitaliano.com.ar\/?p=19669","title":{"rendered":"Serena conduce operaclassica eco italiano."},"content":{"rendered":"<p><a href=\"http:\/\/www.ecoitaliano.com.ar\/wp-content\/uploads\/2022\/01\/Part_6.gif\"><img decoding=\"async\" class=\"alignnone size-full wp-image-19670\" src=\"http:\/\/www.ecoitaliano.com.ar\/wp-content\/uploads\/2022\/01\/Part_6.gif\" alt=\"\" width=\"116\" height=\"71\" \/><\/a><\/p>\n<p>Comunicato stampa<\/p>\n<p>OKSANA LYNIV DEBUTTA COME DIRETTRICE MUSICALE DEL TEATRO COMUNALE DI BOLOGNA<\/p>\n<p>Il 14 e 15 gennaio interpreta il primo atto della\u00a0Valchiria\u00a0di Wagner e\u00a0Morte e trasfigurazione\u00a0di Strauss<\/p>\n<p>Segna il debutto di Oksana Lyniv nella sua nuova veste di Direttrice musicale del Teatro Comunale di Bologna il concerto che anticipa l\u2019apertura della Stagione 2022, in programma all\u2019Auditorium Manzoni venerd\u00ec 14 gennaio alle 20.30 e in replica sabato 15 gennaio alla stessa ora. Per l\u2019occasione, la prima donna chiamata a dirigere al Festival di Bayreuth, dove Lyniv ha debuttato lo scorso luglio, sceglie una grandiosa pagina wagneriana: il primo atto dall\u2019opera\u00a0Die Walk\u00fcre\u00a0(La Valchiria), secondo capitolo della Tetralogia\u00a0Der Ring des Nibelungen\u00a0(L\u2019anello del Nibelungo), proposta in forma di concerto, con le voci di Elisabet Strid (Sieglinde), Stuart Skelton (Siegmund) e Georg Zeppenfeld (Hunding).<\/p>\n<p>La composizione dell\u2019opera inizi\u00f2 alla fine di luglio del 1854 a Zurigo, dove il primo atto venne ultimato entro agosto. Poco dopo Wagner conobbe\u00a0Il mondo come volont\u00e0 e rappresentazione\u00a0di Schopenhauer. A tal proposito scrisse nel libro \u201cLa mia vita\u201d: \u00abCome sempre avverr\u00e0 ad ogni persona appassionatamente interessata al senso della vita umana, anch\u2019io cercai prima di tutto le conclusioni del sistema di Schopenhauer: me ne soddisfece completamente l\u2019aspetto estetico e mi sorprese specialmente l\u2019importanza attribuita alla musica; tuttavia mi spavent\u00f2, come accade ad ognuno che si trovi nel mio stato d\u2019animo d\u2019allora, la conclusione morale dell\u2019opera, perch\u00e9 la morte della volont\u00e0, la totale rinuncia vi viene indicata come unica vera e definitiva liberazione dai vincoli della limitazione individuale\u00bb.<br \/>\nDie Walk\u00fcre\u00a0fu rappresentata per la prima volta isolata dal\u00a0Ring\u00a0il 26 giugno 1870 a Monaco, per volont\u00e0 di re Ludwig II di Baviera. And\u00f2 poi in scena all\u2019interno dell\u2019intera Tetralogia per la prima volta il 14 agosto 1876 al Festival di Bayreuth.<\/p>\n<p>Il primo atto, particolarmente adatto a essere estrapolato dall\u2019opera e a essere eseguito in forma di concerto per la compattezza del suo arco narrativo e la presenza di soli tre personaggi, narra l\u2019incontro incestuoso dei due gemelli Siegmund e Sieglinde, osteggiato dal marito di lei Hunding. Quando Siegmund, arrivato stremato dalla tempesta nella casa della coppia, narra le proprie vicende, si scopre acerrimo nemico di Hunding. All\u2019ospite verr\u00e0 garantito di restare per la notte, ma la mattina seguente dovr\u00e0 combattere un duello mortale. Sieglinde, innamorata dello straniero che non sa essere suo fratello, d\u00e0 del sonnifero al marito. Siegmund libera la spada imprigionata in un albero da un misterioso viandante e la donna si abbandona a lui nell\u2019estasi dell\u2019amore, da cui nascer\u00e0 l\u2019eroe Siegfried.<\/p>\n<p>Completa il programma della serata il poema sinfonico di Richard Strauss\u00a0Tod und Verkl\u00e4rung\u00a0(Morte e trasfigurazione), che illustra dettagliatamente i temi dell\u2019agonia umana e della salvezza ultraterrena, muovendosi abilmente tra l\u2019esasperazione materialistica di stampo decadente e l\u2019eterna aspirazione romantica. Strauss lo scrisse tra il 1888 e il 1890, anno in cui diresse\u00a0Tristan und Isolde\u00a0di Wagner, opera successiva alla\u00a0Valchiria\u00a0e anch\u2019essa fortemente influenzata dal\u00a0Mondo come volont\u00e0 e rappresentazione. Strauss concepisce dunque il suo mondo in piena sintonia con la sensibilit\u00e0 del suo tempo, fortemente determinata da personalit\u00e0 come Schopenhauer e Wagner.<\/p>\n<p>Oksana Lyniv, riconosciuta interprete del repertorio tardo-romantico, \u00e8 nata a Brody in Ucraina. Vincitrice degli Opera! Awards 2020 (Germania) \u00e8 stata nominata agli International Opera Awards 2020 (UK) nella categoria \u201cBest Conductor\u201d. Da sempre molto attiva nel suo paese d\u2019origine, ha ricoperto dapprima la carica di Direttrice musicale del Lviv National Academic Opera and Ballet Theater, poi quella di Direttrice ospite stabile della Leopolis Chamber Symphony Orchestra e di Vicedirettrice dell\u2019Odessa National Academic Opera and Ballet Theater. Ha fondato a Leopoli il LvivMozArt International Festival e l\u2019Orchestra giovanile dell\u2019Ucraina. Nel 2004 ha attirato su di s\u00e9 l\u2019attenzione del mondo musicale vincendo il terzo premio al prestigioso Gustav Mahler-Dirigentenwettbewerb dei Bamberger Symphoniker. Terminato il master alla Musikhochschule di Dresda, per quattro anni \u00e8 stata assistente di Kirill Petrenko alla Bayerische Staatsoper di Monaco, e successivamente ha diretto nei principali teatri e sale da concerto del mondo. Nella primavera 2021 ha debuttato in Italia dirigendo in concerto Mozart e Schumann al Teatro Comunale di Bologna (tornando poi all\u2019Auditorium Manzoni di Bologna con un programma wagneriano) e Wagner e \u010cajkovskij all\u2019Opera di Roma.<br \/>\nRecentemente nominata Direttrice musicale del TCBO, nel corso della Stagione 2022 diriger\u00e0 due opere,\u00a0Iolanta\u00a0di P\u00ebtr Il\u2019i\u010d \u010cajkovskij, in forma di concerto, e\u00a0Andrea Ch\u00e9nier\u00a0di Umberto Giordano \u2013 titolo che affronter\u00e0 per la prima volta \u2013 e tre concerti sinfonici.<\/p>\n<p>Dopo le due serate di anteprima, la Stagione 2022 del Comunale inaugurer\u00e0\u00a0con\u00a0Tosca\u00a0di Giacomo Puccini, una nuova produzione del TCBO con la direzione di Daniel Oren e la regia di Hugo De Ana, in scena dal 29 gennaio.<\/p>\n<p>Presenting partner dell\u2019Anteprima della Stagione 2022 del Teatro Comunale di Bologna \u00e8 Alfasigma.<\/p>\n<p>I biglietti\u00a0per i concerti del 14 e 15 gennaio \u2013 da 15 a 65 euro \u2013 sono in vendita online tramite Vivaticket e presso la biglietteria del Comunale, aperta dal marted\u00ec al venerd\u00ec dalle 12 alle 18 e il sabato dalle 11 alle 15 (Ingresso Piazza Verdi); il giorno del concerto presso l\u2019Auditorium Manzoni da 1 ora prima fino a 15 minuti dopo l\u2019inizio dell\u2019evento.<br \/>\nGli abbonati della Stagione 2022 di Opera e Sinfonica potranno acquistare i biglietti dello spettacolo con il 20% di sconto.<\/p>\n<p>Info:\u00a0www.tcbo.it\u00a0\/\u00a0https:\/\/www.tcbo.it\/eventi\/die-walkure\/<br \/>\n11.01.2022<\/p>\n<p>Ufficio Stampa &#8211; Skill &amp; Music<br \/>\nCarla Monni<br \/>\nFondazione Teatro Comunale di Bologna<br \/>\nLargo Respighi, 1 &#8211; 40126\u00a0Bologna<br \/>\ntel: +39 051.529947<br \/>\ne-mail:\u00a0ufficiostampa@comunalebologna.it<br \/>\nwww.tcbo.it<\/p>\n<p>ANTEPRIMA STAGIONE 2022 DEL TEATRO COMUNALE DI BOLOGNA<br \/>\nVenerd\u00ec 14 gennaio e sabato 15 gennaio alle 20.30<br \/>\nAuditorium Manzoni<\/p>\n<p>Oksana Lyniv\u00a0Direttrice d\u2019orchestra<br \/>\nElisabet Strid\u00a0soprano<br \/>\nStuart Skelton\u00a0tenore<br \/>\nGeorg Zeppenfeld\u00a0basso<\/p>\n<p>Orchestra del Teatro Comunale di Bologna<\/p>\n<p>Richard Strauss<br \/>\nTod und Verkl\u00e4rung\u00a0op. 24 (Morte e trasfigurazione)<\/p>\n<p>Richard Wagner<br \/>\nDie Walk\u00fcre\u00a0(La Valchiria)<br \/>\nAtto Primo &#8211; Esecuzione in forma di concerto.<\/p>\n<div style=\"width: 1400px;\" class=\"wp-video\"><!--[if lt IE 9]><script>document.createElement('video');<\/script><![endif]-->\n<video class=\"wp-video-shortcode\" id=\"video-19669-1\" width=\"1400\" height=\"1960\" preload=\"metadata\" controls=\"controls\"><source type=\"video\/mp4\" src=\"http:\/\/www.ecoitaliano.com.ar\/wp-content\/uploads\/2022\/01\/valchiria-1.mp4?_=1\" \/><a href=\"http:\/\/www.ecoitaliano.com.ar\/wp-content\/uploads\/2022\/01\/valchiria-1.mp4\">http:\/\/www.ecoitaliano.com.ar\/wp-content\/uploads\/2022\/01\/valchiria-1.mp4<\/a><\/video><\/div>\n<p><a href=\"http:\/\/www.ecoitaliano.com.ar\/wp-content\/uploads\/2022\/01\/oksana-e1641955500704.jpg\"><img decoding=\"async\" class=\"alignnone size-full wp-image-19677\" src=\"http:\/\/www.ecoitaliano.com.ar\/wp-content\/uploads\/2022\/01\/oksana-e1641955500704.jpg\" alt=\"\" width=\"1100\" height=\"825\" \/><\/a> <a href=\"http:\/\/www.ecoitaliano.com.ar\/wp-content\/uploads\/2022\/01\/oksana-2.jpg\"><img decoding=\"async\" class=\"alignnone size-full wp-image-19678\" src=\"http:\/\/www.ecoitaliano.com.ar\/wp-content\/uploads\/2022\/01\/oksana-2.jpg\" alt=\"\" width=\"1170\" height=\"877\" srcset=\"https:\/\/www.ecoitaliano.com.ar\/wp-content\/uploads\/2022\/01\/oksana-2.jpg 1170w, https:\/\/www.ecoitaliano.com.ar\/wp-content\/uploads\/2022\/01\/oksana-2-300x225.jpg 300w, https:\/\/www.ecoitaliano.com.ar\/wp-content\/uploads\/2022\/01\/oksana-2-768x576.jpg 768w, https:\/\/www.ecoitaliano.com.ar\/wp-content\/uploads\/2022\/01\/oksana-2-1024x768.jpg 1024w, https:\/\/www.ecoitaliano.com.ar\/wp-content\/uploads\/2022\/01\/oksana-2-150x112.jpg 150w\" sizes=\"(max-width: 1170px) 100vw, 1170px\" \/><\/a> <a href=\"http:\/\/www.ecoitaliano.com.ar\/wp-content\/uploads\/2022\/01\/oksana-3.jpg\"><img decoding=\"async\" class=\"alignnone size-full wp-image-19679\" src=\"http:\/\/www.ecoitaliano.com.ar\/wp-content\/uploads\/2022\/01\/oksana-3.jpg\" alt=\"\" width=\"1170\" height=\"877\" srcset=\"https:\/\/www.ecoitaliano.com.ar\/wp-content\/uploads\/2022\/01\/oksana-3.jpg 1170w, https:\/\/www.ecoitaliano.com.ar\/wp-content\/uploads\/2022\/01\/oksana-3-300x225.jpg 300w, https:\/\/www.ecoitaliano.com.ar\/wp-content\/uploads\/2022\/01\/oksana-3-768x576.jpg 768w, https:\/\/www.ecoitaliano.com.ar\/wp-content\/uploads\/2022\/01\/oksana-3-1024x768.jpg 1024w, https:\/\/www.ecoitaliano.com.ar\/wp-content\/uploads\/2022\/01\/oksana-3-150x112.jpg 150w\" sizes=\"(max-width: 1170px) 100vw, 1170px\" \/><\/a><\/p>\n<p><a href=\"http:\/\/www.ecoitaliano.com.ar\/wp-content\/uploads\/2022\/01\/Elisabet-Strid_@Emelie-Kroon.jpg\"><img decoding=\"async\" class=\"alignnone size-full wp-image-19682\" src=\"http:\/\/www.ecoitaliano.com.ar\/wp-content\/uploads\/2022\/01\/Elisabet-Strid_@Emelie-Kroon.jpg\" alt=\"\" width=\"847\" height=\"1285\" srcset=\"https:\/\/www.ecoitaliano.com.ar\/wp-content\/uploads\/2022\/01\/Elisabet-Strid_@Emelie-Kroon.jpg 847w, https:\/\/www.ecoitaliano.com.ar\/wp-content\/uploads\/2022\/01\/Elisabet-Strid_@Emelie-Kroon-198x300.jpg 198w, https:\/\/www.ecoitaliano.com.ar\/wp-content\/uploads\/2022\/01\/Elisabet-Strid_@Emelie-Kroon-768x1165.jpg 768w, https:\/\/www.ecoitaliano.com.ar\/wp-content\/uploads\/2022\/01\/Elisabet-Strid_@Emelie-Kroon-675x1024.jpg 675w, https:\/\/www.ecoitaliano.com.ar\/wp-content\/uploads\/2022\/01\/Elisabet-Strid_@Emelie-Kroon-99x150.jpg 99w\" sizes=\"(max-width: 847px) 100vw, 847px\" \/><\/a><\/p>\n<p><a href=\"http:\/\/www.ecoitaliano.com.ar\/wp-content\/uploads\/2022\/01\/yo-1.jpg\"><img decoding=\"async\" class=\"alignnone size-full wp-image-19685\" src=\"http:\/\/www.ecoitaliano.com.ar\/wp-content\/uploads\/2022\/01\/yo-1.jpg\" alt=\"\" width=\"827\" height=\"1219\" srcset=\"https:\/\/www.ecoitaliano.com.ar\/wp-content\/uploads\/2022\/01\/yo-1.jpg 827w, https:\/\/www.ecoitaliano.com.ar\/wp-content\/uploads\/2022\/01\/yo-1-204x300.jpg 204w, https:\/\/www.ecoitaliano.com.ar\/wp-content\/uploads\/2022\/01\/yo-1-768x1132.jpg 768w, https:\/\/www.ecoitaliano.com.ar\/wp-content\/uploads\/2022\/01\/yo-1-695x1024.jpg 695w, https:\/\/www.ecoitaliano.com.ar\/wp-content\/uploads\/2022\/01\/yo-1-102x150.jpg 102w\" sizes=\"(max-width: 827px) 100vw, 827px\" \/><\/a> <a href=\"http:\/\/www.ecoitaliano.com.ar\/wp-content\/uploads\/2022\/01\/yoooo-1.jpg\"><img decoding=\"async\" class=\"alignnone size-full wp-image-19686\" src=\"http:\/\/www.ecoitaliano.com.ar\/wp-content\/uploads\/2022\/01\/yoooo-1.jpg\" alt=\"\" width=\"818\" height=\"1228\" srcset=\"https:\/\/www.ecoitaliano.com.ar\/wp-content\/uploads\/2022\/01\/yoooo-1.jpg 818w, https:\/\/www.ecoitaliano.com.ar\/wp-content\/uploads\/2022\/01\/yoooo-1-200x300.jpg 200w, https:\/\/www.ecoitaliano.com.ar\/wp-content\/uploads\/2022\/01\/yoooo-1-768x1153.jpg 768w, https:\/\/www.ecoitaliano.com.ar\/wp-content\/uploads\/2022\/01\/yoooo-1-682x1024.jpg 682w, https:\/\/www.ecoitaliano.com.ar\/wp-content\/uploads\/2022\/01\/yoooo-1-100x150.jpg 100w\" sizes=\"(max-width: 818px) 100vw, 818px\" \/><\/a><\/p>\n<p><iframe loading=\"lazy\" title=\"operaclassica: OKSANA LYNIV DEBUTTA COME DIRETTRICE MUSICALE DEL TEATRO COMUNALE DI BOLOGNA.\" width=\"500\" height=\"281\" src=\"https:\/\/www.youtube.com\/embed\/fky-F4pBgRY?feature=oembed\" frameborder=\"0\" allow=\"accelerometer; autoplay; clipboard-write; encrypted-media; gyroscope; picture-in-picture; web-share\" referrerpolicy=\"strict-origin-when-cross-origin\" allowfullscreen><\/iframe><\/p>\n<p>&nbsp;<\/p>\n","protected":false},"excerpt":{"rendered":"<p>Comunicato stampa OKSANA LYNIV DEBUTTA COME DIRETTRICE MUSICALE DEL TEATRO COMUNALE DI BOLOGNA Il 14 e 15 gennaio interpreta il [&hellip;]<\/p>\n","protected":false},"author":1,"featured_media":0,"comment_status":"open","ping_status":"open","sticky":false,"template":"","format":"standard","meta":{"footnotes":""},"categories":[1],"tags":[],"class_list":["post-19669","post","type-post","status-publish","format-standard","hentry","category-sin-categoria"],"_links":{"self":[{"href":"https:\/\/www.ecoitaliano.com.ar\/index.php?rest_route=\/wp\/v2\/posts\/19669","targetHints":{"allow":["GET"]}}],"collection":[{"href":"https:\/\/www.ecoitaliano.com.ar\/index.php?rest_route=\/wp\/v2\/posts"}],"about":[{"href":"https:\/\/www.ecoitaliano.com.ar\/index.php?rest_route=\/wp\/v2\/types\/post"}],"author":[{"embeddable":true,"href":"https:\/\/www.ecoitaliano.com.ar\/index.php?rest_route=\/wp\/v2\/users\/1"}],"replies":[{"embeddable":true,"href":"https:\/\/www.ecoitaliano.com.ar\/index.php?rest_route=%2Fwp%2Fv2%2Fcomments&post=19669"}],"version-history":[{"count":0,"href":"https:\/\/www.ecoitaliano.com.ar\/index.php?rest_route=\/wp\/v2\/posts\/19669\/revisions"}],"wp:attachment":[{"href":"https:\/\/www.ecoitaliano.com.ar\/index.php?rest_route=%2Fwp%2Fv2%2Fmedia&parent=19669"}],"wp:term":[{"taxonomy":"category","embeddable":true,"href":"https:\/\/www.ecoitaliano.com.ar\/index.php?rest_route=%2Fwp%2Fv2%2Fcategories&post=19669"},{"taxonomy":"post_tag","embeddable":true,"href":"https:\/\/www.ecoitaliano.com.ar\/index.php?rest_route=%2Fwp%2Fv2%2Ftags&post=19669"}],"curies":[{"name":"wp","href":"https:\/\/api.w.org\/{rel}","templated":true}]}}