{"id":19692,"date":"2022-01-13T14:58:41","date_gmt":"2022-01-13T14:58:41","guid":{"rendered":"http:\/\/www.ecoitaliano.com.ar\/?p=19692"},"modified":"2022-01-13T14:58:41","modified_gmt":"2022-01-13T14:58:41","slug":"al-policlinico-gemelli-rischia-la-chiusura-lambulatorio-isi-istituto-scientifico-internazionale-paolo-vi-di-ricerca-sulla-fertilita-e-infertilita-umana","status":"publish","type":"post","link":"https:\/\/www.ecoitaliano.com.ar\/?p=19692","title":{"rendered":"Al Policlinico Gemelli rischia la chiusura l\u2019ambulatorio ISI \u2013 Istituto Scientifico Internazionale \u201cPaolo VI\u201d di ricerca sulla fertilit\u00e0 e infertilit\u00e0 umana"},"content":{"rendered":"<p>&nbsp;<\/p>\n<div id='gallery-1' class='gallery galleryid-19692 gallery-columns-3 gallery-size-thumbnail'><figure class='gallery-item'>\n\t\t\t<div class='gallery-icon landscape'>\n\t\t\t\t<a href='https:\/\/www.ecoitaliano.com.ar\/?attachment_id=19697'><img decoding=\"async\" width=\"143\" height=\"143\" src=\"https:\/\/www.ecoitaliano.com.ar\/wp-content\/uploads\/2022\/01\/Tavola-disegno-1.png\" class=\"attachment-thumbnail size-thumbnail\" alt=\"\" \/><\/a>\n\t\t\t<\/div><\/figure><figure class='gallery-item'>\n\t\t\t<div class='gallery-icon portrait'>\n\t\t\t\t<a href='https:\/\/www.ecoitaliano.com.ar\/?attachment_id=19698'><img decoding=\"async\" width=\"150\" height=\"150\" src=\"https:\/\/www.ecoitaliano.com.ar\/wp-content\/uploads\/2022\/01\/IMG-20220112-WA0009_opt-150x150.jpg\" class=\"attachment-thumbnail size-thumbnail\" alt=\"\" \/><\/a>\n\t\t\t<\/div><\/figure><figure class='gallery-item'>\n\t\t\t<div class='gallery-icon landscape'>\n\t\t\t\t<a href='https:\/\/www.ecoitaliano.com.ar\/?attachment_id=19695'><img decoding=\"async\" width=\"150\" height=\"150\" src=\"https:\/\/www.ecoitaliano.com.ar\/wp-content\/uploads\/2022\/01\/IMG-20220112-WA0010_opt1-150x150.jpg\" class=\"attachment-thumbnail size-thumbnail\" alt=\"\" \/><\/a>\n\t\t\t<\/div><\/figure>\n\t\t<\/div>\n\n<p>&nbsp;<\/p>\n<p align=\"center\"><span style=\"font-family: ArialMT, serif;\">COMUNICATO STAMPA<\/span><\/p>\n<p align=\"center\"><span style=\"font-family: ArialMT, serif;\"><span style=\"font-size: medium;\"><b>Al Policlinico Gemelli rischia la chiusura l\u2019ambulatorio ISI \u2013 Istituto Scientifico Internazionale \u201cPaolo VI\u201d di ricerca sulla fertilit\u00e0 e infertilit\u00e0 umana<\/b><\/span><\/span><\/p>\n<p align=\"center\"><span style=\"font-family: ArialMT, serif;\"><span style=\"font-size: medium;\">A denunciarlo l\u2019Associazione di coppie \u201cSorrISI fertilit\u00e0 ritrovata\u201d<\/span><\/span><\/p>\n<p align=\"justify\"><span style=\"font-family: ArialMT, serif;\">Dopo anni di incessante attivit\u00e0 e all\u2019apice dei risultati conseguiti per aver permesso a coppie multietniche di coronare il sogno di un figlio, l\u2019ambulatorio ISI \u2013 Istituto Scientifico Internazionale, nato presso il <\/span><span style=\"font-family: ArialMT, serif;\"><b>Policlinico Gemelli<\/b><\/span><span style=\"font-family: ArialMT, serif;\"> per volont\u00e0 di <\/span><span style=\"font-family: ArialMT, serif;\"><b>San Giovanni Paolo II<\/b><\/span><span style=\"font-family: ArialMT, serif;\"> nell\u2019anno giubilare 2000 rischia una severa chiusura. <\/span><\/p>\n<p align=\"justify\"><span style=\"font-family: ArialMT, serif;\">A sollevare il grido d\u2019allarme \u00e8 <\/span><span style=\"font-family: ArialMT, serif;\">l\u2019<\/span><span style=\"font-family: ArialMT, serif;\"><b>Associazione ONLUS \u201cSorrISI Fertilit\u00e0 Ritrovata<\/b><\/span><span style=\"font-family: ArialMT, serif;\">\u201d, fondata da oltre 70 coppie nel Luglio 2019 a Roma con la fervida volont\u00e0 di testimoniare e far conoscere alle numerose coppie con problemi di infertilit\u00e0 l\u2019attivit\u00e0 clinica, il percorso diagnostico-terapeutico proposto <\/span><span style=\"font-family: ArialMT, serif;\">dall\u2019<\/span><span style=\"font-family: ArialMT, serif;\"><b>I.S.I.<\/b><\/span><span style=\"font-family: ArialMT, serif;\"> in alternativa alle tecniche di fecondazione assistita. <\/span><\/p>\n<p align=\"justify\">\u201c<span style=\"font-family: ArialMT, serif;\">La storia dell\u2019<\/span><span style=\"font-family: ArialMT, serif;\"><b>I.S.I.<\/b><\/span><span style=\"font-family: ArialMT, serif;\"> ha dell\u2019incredibile. Pur essendo una realt\u00e0 di grande prestigio e con all\u2019attivo dati di nascite incontrovertibili, negli ultimi anni la struttura sta subendo un processo di depauperamento delle fondamentali risorse umane \u2013 denuncia con grande preoccupazione la <\/span><span style=\"font-family: ArialMT, serif;\"><b>presidente <\/b><\/span><span style=\"font-family: ArialMT, serif;\">dell\u2019Associazione SorrISI<\/span><span style=\"font-family: ArialMT, serif;\"><b> Luisa Maria Rand\u00f2<\/b><\/span><span style=\"font-family: ArialMT, serif;\"> &#8211; situazione che desta in noi preoccupazione perch\u00e9 sta gradualmente portando l\u2019ambulatorio al collasso\u201d.<\/span><\/p>\n<p align=\"justify\"><span style=\"font-family: ArialMT, serif;\">In un momento come questo in cui il tasso di natalit\u00e0 \u00e8 tra i pi\u00f9 esigui, soprattutto in Italia, e si registra un forte avvicinamento dei giovani ai problemi dell\u2019ambiente e ai sistemi naturalistici, mantenere integra l\u2019offerta di un\u2019assistenza medica multispecialistica che propone una soluzione naturale ai problemi dell\u2019infertilit\u00e0, non con la semplice impartizione di una metodologia di conoscenza della fertilit\u00e0, ma attraverso la diagnosi e la cura della coppia alla luce della ricerca sui processi generativi umani, dovrebbe rappresentare qualcosa di veramente innovativo. <\/span><\/p>\n<p align=\"justify\"><span style=\"font-family: ArialMT, serif;\">Non si comprende, quindi, come un <\/span><span style=\"font-family: ArialMT, serif;\"><b>Policlinico<\/b><\/span><span style=\"font-family: ArialMT, serif;\"> all\u2019avanguardia quale \u00e8 il <\/span><span style=\"font-family: ArialMT, serif;\"><b>Gemelli<\/b><\/span><span style=\"font-family: ArialMT, serif;\"> non ponga la realt\u00e0 dell\u2019I.S.I. come fiore all\u2019occhiello. La responsabilit\u00e0 va poi anche agli Enti fondatori dell\u2019Istituto stesso: <\/span><span style=\"font-family: ArialMT, serif;\">l\u2019<\/span><span style=\"font-family: ArialMT, serif;\"><b>Istituto Giuseppe Toniolo di Studi Superiori,<\/b><\/span><span style=\"font-family: ArialMT, serif;\"> l\u2019<\/span><span style=\"font-family: ArialMT, serif;\"><b>Universit\u00e0 Cattolica del Sacro Cuore e <\/b><\/span><span style=\"font-family: ArialMT, serif;\">la<\/span><span style=\"font-family: ArialMT, serif;\"><b> Fondazione Vaticana Paolo VI<\/b><\/span><span style=\"font-family: ArialMT, serif;\"> per la cultura cattolica in Italia. <\/span><\/p>\n<p align=\"justify\"><span style=\"font-family: ArialMT, serif;\">L\u2019Associazione vuole essere essa stessa volano di rilancio e strumento di diffusione tanto da prendere nome proprio <\/span><span style=\"font-family: ArialMT, serif;\">dall\u2019<\/span><span style=\"font-family: ArialMT, serif;\"><b>acronimo<\/b><\/span><span style=\"font-family: ArialMT, serif;\"> dell\u2019Istituto Scientifico diventato \u201cSorr<\/span><span style=\"font-family: ArialMT, serif;\"><b>ISI<\/b><\/span><span style=\"font-family: ArialMT, serif;\">\u201d, espressione di tante coppie che hanno concepito (la maggioranza) ma anche di quelle che si sono aperte all\u2019esperienza dell\u2019adozione o di chi ha fondato una casa famiglia per l\u2019assistenza di minori abbandonati. Questo a testimoniare la soddisfazione dell\u2019approccio interdisciplinare e interculturale seguito dall\u2019<\/span><span style=\"font-family: ArialMT, serif;\"><b>ISI<\/b><\/span><span style=\"font-family: ArialMT, serif;\">.<\/span><\/p>\n<p align=\"justify\"><span style=\"font-family: Helvetica, serif;\"><span style=\"font-size: small;\">Medici di elevato spessore umano e professionale, seppur tra tante difficolt\u00e0, continuano a garantire la loro opera alle numerose coppie che vi si rivolgono. Il centro <\/span><\/span><span style=\"font-family: Helvetica, serif;\"><span style=\"font-size: small;\"><b>ISI <\/b><\/span><\/span><span style=\"font-family: Helvetica, serif;\"><span style=\"font-size: small;\">va potenziato, non indebolito. Esistono altrove tante proposte per procreare in modo artificiale, mentre <\/span><\/span><span style=\"font-family: Helvetica, serif;\"><span style=\"font-size: small;\">l\u2019<\/span><\/span><span style=\"font-family: Helvetica, serif;\"><span style=\"font-size: small;\"><b>ISI<\/b><\/span><\/span><span style=\"font-family: Helvetica, serif;\"><span style=\"font-size: small;\"> \u00e8 <\/span><\/span><span style=\"font-family: Helvetica, serif;\"><span style=\"font-size: small;\"><b>l\u2019unica struttura in Italia<\/b><\/span><\/span><span style=\"font-family: Helvetica, serif;\"><span style=\"font-size: small;\"> che garantisce alle coppie che lo desiderano, la possibilit\u00e0 di seguire un percorso del tutto naturale. Ci si augura che al <\/span><\/span><span style=\"font-family: Helvetica, serif;\"><span style=\"font-size: small;\"><b>Policlinico Gemelli<\/b><\/span><\/span><span style=\"font-family: Helvetica, serif;\"><span style=\"font-size: small;\"> possa rimanere viva questa opportunit\u00e0 alternativa per chi vuole portare avanti un progetto di vita. <\/span><\/span><\/p>\n<p><a name=\"_GoBack\"><\/a><span style=\"font-family: Helvetica, serif;\"><span style=\"font-size: small;\">Associazione ONLUS <\/span><\/span><span style=\"font-family: ArialMT, serif;\">\u201cSorrISI Fertilit\u00e0 Ritrovata\u201d<\/span><span style=\"font-family: Helvetica, serif;\"><span style=\"font-size: small;\">\u00a0<\/span><\/span><a href=\"http:\/\/sorrisifertilitaritrovata.it\/\"><span style=\"color: #0000ff;\"><span style=\"font-family: Helvetica, serif;\"><span style=\"font-size: small;\"><u>sorrisifertilitaritrovata.it<\/u><\/span><\/span><\/span><\/a><span style=\"font-family: Helvetica, serif;\"><span style=\"font-size: small;\">. \u2013 <\/span><\/span><span style=\"font-family: ArialMT, serif;\"><b>Luisa Maria Rand\u00f2<\/b><\/span><span style=\"font-family: ArialMT, serif;\"> \u2013 cell. 338.1692878 mail luisarando@tiscali.it<\/span><\/p>\n","protected":false},"excerpt":{"rendered":"<p>&nbsp; &nbsp; COMUNICATO STAMPA Al Policlinico Gemelli rischia la chiusura l\u2019ambulatorio ISI \u2013 Istituto Scientifico Internazionale \u201cPaolo VI\u201d di ricerca [&hellip;]<\/p>\n","protected":false},"author":1,"featured_media":0,"comment_status":"open","ping_status":"open","sticky":false,"template":"","format":"standard","meta":{"footnotes":""},"categories":[10,53],"tags":[],"class_list":["post-19692","post","type-post","status-publish","format-standard","hentry","category-italiano","category-medicina"],"_links":{"self":[{"href":"https:\/\/www.ecoitaliano.com.ar\/index.php?rest_route=\/wp\/v2\/posts\/19692","targetHints":{"allow":["GET"]}}],"collection":[{"href":"https:\/\/www.ecoitaliano.com.ar\/index.php?rest_route=\/wp\/v2\/posts"}],"about":[{"href":"https:\/\/www.ecoitaliano.com.ar\/index.php?rest_route=\/wp\/v2\/types\/post"}],"author":[{"embeddable":true,"href":"https:\/\/www.ecoitaliano.com.ar\/index.php?rest_route=\/wp\/v2\/users\/1"}],"replies":[{"embeddable":true,"href":"https:\/\/www.ecoitaliano.com.ar\/index.php?rest_route=%2Fwp%2Fv2%2Fcomments&post=19692"}],"version-history":[{"count":0,"href":"https:\/\/www.ecoitaliano.com.ar\/index.php?rest_route=\/wp\/v2\/posts\/19692\/revisions"}],"wp:attachment":[{"href":"https:\/\/www.ecoitaliano.com.ar\/index.php?rest_route=%2Fwp%2Fv2%2Fmedia&parent=19692"}],"wp:term":[{"taxonomy":"category","embeddable":true,"href":"https:\/\/www.ecoitaliano.com.ar\/index.php?rest_route=%2Fwp%2Fv2%2Fcategories&post=19692"},{"taxonomy":"post_tag","embeddable":true,"href":"https:\/\/www.ecoitaliano.com.ar\/index.php?rest_route=%2Fwp%2Fv2%2Ftags&post=19692"}],"curies":[{"name":"wp","href":"https:\/\/api.w.org\/{rel}","templated":true}]}}