{"id":19930,"date":"2022-01-24T02:54:06","date_gmt":"2022-01-24T02:54:06","guid":{"rendered":"http:\/\/www.ecoitaliano.com.ar\/?p=19930"},"modified":"2022-01-25T18:46:26","modified_gmt":"2022-01-25T18:46:26","slug":"serena-conduce-operaclassica-eco-italiano-1235","status":"publish","type":"post","link":"https:\/\/www.ecoitaliano.com.ar\/?p=19930","title":{"rendered":"Serena conduce operaclassica eco italiano."},"content":{"rendered":"<p style=\"text-align: center;\"><a href=\"http:\/\/www.ecoitaliano.com.ar\/wp-content\/uploads\/2022\/01\/image004-1.png\"><img decoding=\"async\" class=\"alignnone size-full wp-image-19931\" src=\"http:\/\/www.ecoitaliano.com.ar\/wp-content\/uploads\/2022\/01\/image004-1.png\" alt=\"\" width=\"143\" height=\"89\" \/><\/a><\/p>\n<p>Ufficio stampa 21\/01\/2022<\/p>\n<p>FONDAZIONE ARENA DI VERONA HA APERTO CON GRANDE SUCCESSO LA STAGIONE DELLA ROYAL OPERA HOUSE MUSCAT CON RIGOLETTO<br \/>\nNEL 10\u00b0 ANNIVERSARIO DEL TEATRO D\u2019OPERA DELL\u2019OMAN DOPO DUE ANNI DI PESANTE SILENZIO PANDEMICO.<br \/>\nLa Fondazione Arena di Verona \u00e8 stata nuovamente protagonista di un grande evento culturale nel Sultanato dell\u2019Oman grazie alla fortunata riapertura, dopo due anni di silenzio pandemico, della Royal Opera House di Muscat nella sua decima stagione dalla fondazione del Teatro. La prestigiosa coproduzione, che vede tra i partner anche il Lithuanian National Opera and Ballet Theatre e la Fondazione Zeffirelli di Firenze, ha per protagonista l\u2019iconica figura internazionale di Franco Zeffirelli, che pens\u00f2 e lavor\u00f2 a lungo a questo Rigoletto, presentandolo personalmente nel 2018 all\u2019et\u00e0 di 95 anni e ieri, 20 gennaio, finalmente giunto alla sua prima mondiale.<\/p>\n<p>I complessi artistici e tecnici areniani sono protagonisti in Oman per tre grandi serate: dopo la prima mondiale di ieri, con un Teatro esaurito e alla presenza delle massime autorit\u00e0, Rigoletto va in scena anche stasera venerd\u00ec 21 e domani sabato 22 gennaio. La produzione andr\u00e0 in onda in prima serata su Rai 5 venerd\u00ec 28 gennaio. Domenica 23, a conclusione della prestigiosa trasferta, si terr\u00e0 inoltre il concerto Verdi Masterpieces con brani corali e orchestrali tratti dalle pi\u00f9 celebri opere del compositore di Busseto.<br \/>\n\u00c8 un rapporto consolidato quello tra Fondazione Arena e la Royal Opera House Muscat, iniziato con il memorabile successo di Turandot nella messa in scena di Franco Zeffirelli nel 2011, per l\u2019Inaugurazione del Teatro, e riproposta nel 2015, poi nel 2014 con I Capuleti e i Montecchi di Bellini per la regia di Arnaud Bernard, nuovamente nel 2018 prima con La Sonnambula di Bellini nell\u2019allestimento di Hugo de Ana e poi con lo spettacolo Fuego e il gala dedicato alla Zarzuela con protagonista Pl\u00e1cido Domingo.<br \/>\n\u00abUna tourn\u00e9e che conferma il prestigio di Fondazione Arena e dei suoi artisti, un&#8217;eccellenza che tiene alto il nome di Verona nel mondo \u2013 afferma il sindaco di Verona e Presidente della Fondazione Federico Sboarina. \u2013 Siamo orgogliosi di aver dato vita a questa collaborazione internazionale che onora Franco Zeffirelli, portando per la prima volta sulla scena la sua ultima creazione, un allestimento che, a causa della pandemia e della scomparsa del Maestro, non era ancora stato visto su un palcoscenico. Un\u2019eredit\u00e0 importante di cui questa prima mondiale ha esaltato il valore artistico e culturale. Un\u2019attestazione anche del grande lavoro fatto in questi ultimi due anni per far s\u00ec che Fondazione Arena continuasse nonostante l&#8217;emergenza sanitaria a essere un faro per la cultura nazionale. Obiettivo che abbiamo raggiunto grazie a un grande lavoro di squadra, lo stesso che ci ha permesso di riportare in Oman la nostra musica, l\u2019arte per la quale Verona \u00e8 nota in tutto il mondo. La sinergia creata con Royal Opera House Muscat, Lithuanian National Opera and Ballet Theatre e Fondazione Franco Zeffirelli testimonia la reputazione e l\u2019apprezzamento di cui oggi, finalmente, la nostra Fondazione gode a livello internazionale\u00bb.<br \/>\nIl Sovrintendente e Direttore Artistico Cecilia Gasdia, felice di questa ennesima occasione non persa dalla Fondazione Arena nonostante le difficili condizioni della pandemia, racconta: \u00abIl rapporto di Fondazione Arena con l\u2019Oman \u00e8 un tesoro che abbiamo voluto fortemente rafforzare e salvare, nonostante la non facile situazione dell\u2019ultimo biennio, sempre nell\u2019ottica di traghettare l\u2019Arena, le sue maestranze e l\u2019indotto cittadino oltre le nebbie degli ultimi due anni con un patrimonio di credibilit\u00e0 internazionale rafforzato, per nulla sminuito dalle difficolt\u00e0 pandemiche. La centralit\u00e0 della figura di Zeffirelli in questo progetto \u00e8 stata poi un incentivo anche maggiore a non perdere la speranza di condurre la nave in porto e oggi sono felicissima del risultato: devo per questo ringraziare tutte le maestranze areniane e tutto il team di lavoro perch\u00e9 in queste condizioni hanno veramente lanciato il cuore oltre una marea di ostacoli per raggiungere questo bellissimo e poetico risultato che ci inorgoglisce. E devo anche ringraziare il Maestro Fanni, la Royal Opera House di Muscat e il Sultano Haytham bin Tariq Al Sa&#8217;id per non aver smesso di credere insieme a noi che la pi\u00f9 grande trasferta artistica del mondo dal 2019 ad oggi fosse, nonostante tutto, possibile e anzi doverosa\u00bb.<br \/>\nQuesta nuova produzione, in prima mondiale proprio a Muscat, conferma il legame del Maestro Zeffirelli con il Teatro omanita sin dalla sua inaugurazione con Turandot nel 2011, quando Sua Maest\u00e0 Sultan Qaboos bin Said Al Said confer\u00ec al Maestro Zeffirelli \u201cThe Order of Oman, First Class\u201d (la pi\u00f9 alta onorificenza del Sultanato, in riconoscimento del suo eccezionale contributo al lancio del nuovo teatro).<br \/>\nLa fedele messa in opera del dettato originale del grande regista e scenografo, scomparso nel 2019, \u00e8 stata possibile grazie alla preziosa collaborazione della Fondazione Zeffirelli di Firenze e del suo Presidente Pippo Zeffirelli, a Stefano Trespidi, regista e Vice Direttore Artistico di Fondazione Arena, amico personale e per decenni fidato collaboratore del Maestro, grazie alla profondissima conoscenza della cifra stilistica zeffirelliana. Trespidi \u00e8 stato affiancato in questo delicato lavoro dallo scenografo Carlo Centolavigna e dal pluripremiato costumista Maurizio Millenotti, entrambi da tempo insostituibili cooperatori nelle produzioni di Franco Zeffirelli.<br \/>\n\u00c8 particolarmente orgoglioso Pippo Zeffirelli: \u00ab\u00c8 significativo continuare a celebrare il nome di Zeffirelli proprio qui, alla Royal Opera House di Mascate, il Teatro inaugurato nel 2011 per volere del Sultano Qaboos bin Said Al Said con una felicissima messa in scena della Turandot di Giacomo Puccini, e con i complessi artistici e tecnici della Fondazione Arena di Verona. Sono particolarmente emozionato che la ricca eredit\u00e0 artistica del Maestro, sostenuta da collaboratori di grande spessore artistico italiano riesca, ancora oggi, a rafforzare legami culturali tra varie nazioni\u00bb.<br \/>\nStefano Trespidi dichiara: \u00abQuesto Rigoletto \u00e8 l\u2019ultimo spettacolo straordinario di un artista inarrivabile: Franco Zeffirelli che, grazie alla sua conoscenza profonda ed il suo amore sempre vivo per l\u2019Opera e le diverse arti, \u00e8 stato ed \u00e8 uno dei massimi rappresentanti della migliore tradizione estetica italiana. Ho lavorato a lungo su questo progetto con il Maestro ed ora che il suo Rigoletto vede finalmente la luce lo sentiamo vicino, ad osservarci e guidarci con lo spirito che abbiamo conosciuto in oltre vent\u2019anni di collaborazione. Si tratta di un appuntamento storico, con la prima tourn\u00e9e di Fondazione Arena da anni: una scommessa coraggiosa in un periodo che sappiamo essere difficile per tutti ma soprattutto una promessa mantenuta: non potevamo perdere quest\u2019occasione di incontro tra culture nel segno della musica e della Bellezza\u00bb.<br \/>\nRigoletto rappresenta il frutto di un pensiero portato avanti dal Maestro Zeffirelli nell\u2019arco di molti anni, un progetto iniziato, poi interrotto e ripreso poco prima della sua scomparsa per arrivare ad un definitivo compimento grazie alla volont\u00e0 del Consiglio di Amministrazione della Royal Opera House Muscat e del suo Direttore Generale e Artistico Umberto Fanni, i quali ne hanno intuito il valore e oggi ne ereditano l\u2019onore e la responsabilit\u00e0 finale della messa in scena. In tal senso le prime impressioni a caldo di Umberto Fanni, dopo aver finalmente visto la realizzazione di un progetto cos\u00ec lungamente cullato: \u00abLa Royal Opera House Muscat \u00e8 orgogliosa di mettere in scena la prima mondiale di Rigoletto di Giuseppe Verdi con la regia di Franco Zeffirelli. Nel compiere un decennio di attivit\u00e0, ricco di strepitosi successi di pubblico e critica \u2013 a partire dell\u2019inaugurazione dell\u2019Ottobre 2011 con la splendida produzione di Turandot di Giacomo Puccini, sempre a firma di Zeffirelli \u2013 l\u2019evento di apertura della stagione 2022 celebra uno dei pi\u00f9 importanti registi d\u2019opera che il mondo ha avuto il privilegio di apprezzare. Un Artista che, di diritto, appartiene al mondo dell\u2019Arte e della Cultura tout-court. Tra i pochissimi che possono incarnare e contribuire a rafforzare quella creazione di ponti culturali di cui la Royal Opera House Muscat \u00e8 stata artefice sin dalla sua nascita. La scelta di produrre e mettere in scena quella che viene considerata l\u2019ultima creazione del Maestro, segna l\u2019inizio di un nuovo decennio della Royal Opera House Muscat, nel segno della grande Musica, consolidando il marchio di eccellenza che la contraddistingue e con il quale si presenta al pubblico di tutto il mondo\u00bb.<br \/>\nL\u2019Ambasciatore d\u2019Italia a Mascate, Federica Favi, sottolinea inoltre come \u00abquesta storica produzione riaffermi una lunga amicizia tra i due Paesi e il fascino per la cultura italiana da parte delle istituzioni e della popolazione omanita. Lo spettacolo porta in Oman il meglio dell\u2019estro e delle professionalit\u00e0 teatrali italiane in un evento di portata storica, che grazie ad una collaborazione promossa dall\u2019Ambasciata tra la Rai e la Royal Opera House Muscat potr\u00e0 essere ammirato anche dal pubblico italiano su Rai5. Ci\u00f2 alimenta un legame culturale con l\u2019Italia che ha radici profonde e che va da una consolidata cooperazione in campo archeologico e della conservazione del patrimonio culturale omanita fino alle pi\u00f9 recenti collaborazioni accademiche e alle prospettive per una sempre maggiore diffusione dell\u2019insegnamento della lingua italiana. Grazie a grandi iniziative culturali come questa, oltre a flussi turistici in crescita e opportunit\u00e0 di affari e investimenti, il rapporto con l\u2019Oman si sta rafforzando sempre pi\u00f9\u00bb.<br \/>\nL\u2019opera \u00e8 stata diretta dal Maestro Jan Latham-Koenig con la partecipazione dell\u2019Orchestra e del Coro della Fondazione Arena di Verona preparato da Vito Lombardi. Una nota di orgoglio per la Royal Opera House Muscat \u00e8 rappresentata dalla partecipazione di un gruppo di coristi della Royal Guard di Muscat, che hanno integrato l\u2019organico degli artisti del Coro di Fondazione Arena. Nel ruolo del titolo Ambrogio Maestri, Dmitry Korchak ha vestito i panni del Duca di Mantova, come Gilda Giuliana Gianfaldoni, Riccardo Zanellato ha dato voce al personaggio di Sparafucile, mentre come Maddalena si \u00e8 esibita Yulia Mazurova.<br \/>\nHanno completato il cast Agostina Smimmero come Giovanna, Kristinn Sigmundsson nel Conte di Monterone, Christian Peregrino come Marullo, Dave Monaco come Matteo Borsa, Kurt Rydl nel ruolo del Conte di Ceprano, Clarissa Leonardi in quello della Contessa di Ceprano, Omar Kamata come Usciere di corte, ed infine Barbara Massaro come Paggio della Duchessa.<br \/>\nPer la replica di questa sera, venerd\u00ec 21 gennaio, un cambio di voci nei ruoli principali: Vladislav Sulimski vestir\u00e0 i panni di Rigoletto, Ivan Magri sar\u00e0 Il Duca di Mantova, Gilda sar\u00e0 interpretata da Enkeleda Kamani, Sparafucile da Antonio Di Matteo, per finire con Maddalena di Maria Barakova.<br \/>\nUn aspetto importante legato a questa produzione di Rigoletto \u00e8 l\u2019originalit\u00e0 delle varie componenti con una partecipazione \u201ccorale\u201d di musicisti, cantanti, tecnici e professionisti del settore provenienti da tutto il mondo, mantenendo sempre una forte identit\u00e0 italiana. L\u2019esecuzione musicale \u00e8 stata arricchita dalla presenza dell\u2019Ensemble d\u2019Archi del celebre complesso de \u201cI Solisti Veneti\u201d, che ha eseguito le danze del Perigordino, affidate alla compagnia Il Leoncello \u2013 Scuola e Gruppo di Danza Storica diretto da Alessandro Pontremoli.<br \/>\nNel rispetto della grande tradizione dell\u2019arte italiana, che ha sempre contraddistinto la produzione di Franco Zeffirelli, le scene sono state costruite presso i laboratori di scenografia della Fondazione Arena di Verona e Tecnoscena di Tivoli per la parte in vetroresina. I costumi sono stati realizzati presso la Sartoria Farani di Roma e rappresentano uno dei momenti pi\u00f9 alti dell\u2019artigianato italiano sempre attento alla valorizzazione dei dettagli, con altissima qualit\u00e0 e coerenza nei cromatismi e nel pieno rispetto della ricostruzione storica.<\/p>\n<p>Ufficio Stampa Fondazione Arena di Verona<br \/>\nVia Roma 7\/D, 37121 Verona<br \/>\ntel. (+39) 045 805.1861-1905-1891-1939-1847<br \/>\nufficio.stampa@arenadiverona.it &#8211; www.arena.it<\/p>\n<p>RIGOLETTO<br \/>\nOpera in tre atti. Libretto di Francesco Maria Piave<br \/>\nMusica di Giuseppe Verdi<\/p>\n<p>Direttore \u200bJan Latham-Koenig<br \/>\nRegia e scene Franco Zeffirelli<br \/>\nRegista collaboratore Stefano Trespidi<br \/>\nScenografo collaboratore Carlo Centolavigna<br \/>\nCostumi Maurizio Millenotti<br \/>\nLighting Designer Paolo Mazzon<\/p>\n<p>Personaggi e interpreti<\/p>\n<p>Il Duca di Mantova Dmitry Korchak (20, 22\/01)<br \/>\nIvan Magr\u00ec (21\/01)<br \/>\nRigoletto Ambrogio Maestri (20, 22\/01)<br \/>\nVladislav Sulimski (21\/01)<br \/>\nGilda Giuliana Gianfaldoni (20, 22\/01)<br \/>\nEnkeleda Kamani (21\/01)<br \/>\nSparafucile Riccardo Zanellato (20, 22\/01)<br \/>\nAntonio Di Matteo (21\/01)<br \/>\nMaddalena Yulia Mazurova (20, 22\/01)<br \/>\n\u200b Maria Barakova (21\/01)<br \/>\nGiovanna Agostina Smimmero<br \/>\nIl Conte di Monterone Kristinn Sigmundsson<br \/>\nMarullo \u200bChristian Peregrino<br \/>\nMatteo Borsa Dave Monaco<br \/>\nIl Conte di Ceprano Kurt Rydl<br \/>\nLa Contessa di Ceprano Clarissa Leonardi<br \/>\nUsciere di corte Omar Kamata<br \/>\nPaggio della Duchessa Barbara Massaro<\/p>\n<p>ORCHESTRA E CORO DELLA FONDAZIONE ARENA DI VERONA<br \/>\ncon la cortese partecipazione del MUSCAT OPERA CHOIR GROUP<br \/>\nMaestro del Coro Vito Lombardi<\/p>\n<p>ENSEMBLE D\u2019ARCHI DE \u201cI SOLISTI VENETI\u201d<\/p>\n<p>COMPAGNIA \u201cIL LEONCELLO\u201d \u2013 SCUOLA E GRUPPO DI DANZA STORICA<br \/>\ndiretto da Alessandro Pontr.<\/p>\n<p><iframe loading=\"lazy\" title=\"Rigoletto alla royal opera house di Muscat.\" width=\"500\" height=\"281\" src=\"https:\/\/www.youtube.com\/embed\/8VPcv8U13Sg?feature=oembed\" frameborder=\"0\" allow=\"accelerometer; autoplay; clipboard-write; encrypted-media; gyroscope; picture-in-picture; web-share\" referrerpolicy=\"strict-origin-when-cross-origin\" allowfullscreen><\/iframe><\/p>\n<h6 class=\"title style-scope ytd-video-primary-info-renderer\"><strong>operaclassica: Rigoletto alla royal opera house di Muscat, highlights.<\/strong><\/h6>\n<p><iframe loading=\"lazy\" title=\"operaclassica: Rigoletto alla royal opera house di Muscat, highlights.\" width=\"500\" height=\"281\" src=\"https:\/\/www.youtube.com\/embed\/DD3G20tStKM?feature=oembed\" frameborder=\"0\" allow=\"accelerometer; autoplay; clipboard-write; encrypted-media; gyroscope; picture-in-picture; web-share\" referrerpolicy=\"strict-origin-when-cross-origin\" allowfullscreen><\/iframe><\/p>\n","protected":false},"excerpt":{"rendered":"<p>Ufficio stampa 21\/01\/2022 FONDAZIONE ARENA DI VERONA HA APERTO CON GRANDE SUCCESSO LA STAGIONE DELLA ROYAL OPERA HOUSE MUSCAT CON [&hellip;]<\/p>\n","protected":false},"author":1,"featured_media":0,"comment_status":"open","ping_status":"open","sticky":false,"template":"","format":"standard","meta":{"footnotes":""},"categories":[1],"tags":[],"class_list":["post-19930","post","type-post","status-publish","format-standard","hentry","category-sin-categoria"],"_links":{"self":[{"href":"https:\/\/www.ecoitaliano.com.ar\/index.php?rest_route=\/wp\/v2\/posts\/19930","targetHints":{"allow":["GET"]}}],"collection":[{"href":"https:\/\/www.ecoitaliano.com.ar\/index.php?rest_route=\/wp\/v2\/posts"}],"about":[{"href":"https:\/\/www.ecoitaliano.com.ar\/index.php?rest_route=\/wp\/v2\/types\/post"}],"author":[{"embeddable":true,"href":"https:\/\/www.ecoitaliano.com.ar\/index.php?rest_route=\/wp\/v2\/users\/1"}],"replies":[{"embeddable":true,"href":"https:\/\/www.ecoitaliano.com.ar\/index.php?rest_route=%2Fwp%2Fv2%2Fcomments&post=19930"}],"version-history":[{"count":0,"href":"https:\/\/www.ecoitaliano.com.ar\/index.php?rest_route=\/wp\/v2\/posts\/19930\/revisions"}],"wp:attachment":[{"href":"https:\/\/www.ecoitaliano.com.ar\/index.php?rest_route=%2Fwp%2Fv2%2Fmedia&parent=19930"}],"wp:term":[{"taxonomy":"category","embeddable":true,"href":"https:\/\/www.ecoitaliano.com.ar\/index.php?rest_route=%2Fwp%2Fv2%2Fcategories&post=19930"},{"taxonomy":"post_tag","embeddable":true,"href":"https:\/\/www.ecoitaliano.com.ar\/index.php?rest_route=%2Fwp%2Fv2%2Ftags&post=19930"}],"curies":[{"name":"wp","href":"https:\/\/api.w.org\/{rel}","templated":true}]}}