{"id":20031,"date":"2022-01-26T10:53:51","date_gmt":"2022-01-26T10:53:51","guid":{"rendered":"http:\/\/www.ecoitaliano.com.ar\/?p=20031"},"modified":"2022-01-26T10:53:51","modified_gmt":"2022-01-26T10:53:51","slug":"inaudito-indecente-incredibile-ma-purtroppo-reale-di-francesca-lippi","status":"publish","type":"post","link":"https:\/\/www.ecoitaliano.com.ar\/?p=20031","title":{"rendered":"Inaudito. Indecente. Incredibile. Ma, purtroppo,\u00a0reale.  di Francesca Lippi"},"content":{"rendered":"<p>&nbsp;<\/p>\n<p><a href=\"http:\/\/www.ecoitaliano.com.ar\/wp-content\/uploads\/2022\/01\/image.jpg\"><img decoding=\"async\" class=\"alignnone size-full wp-image-20032\" src=\"http:\/\/www.ecoitaliano.com.ar\/wp-content\/uploads\/2022\/01\/image.jpg\" alt=\"\" width=\"300\" height=\"200\" srcset=\"https:\/\/www.ecoitaliano.com.ar\/wp-content\/uploads\/2022\/01\/image.jpg 300w, https:\/\/www.ecoitaliano.com.ar\/wp-content\/uploads\/2022\/01\/image-150x100.jpg 150w\" sizes=\"(max-width: 300px) 100vw, 300px\" \/><\/a><\/p>\n<p align=\"center\"><span style=\"color: #2a2a2a;\"><span style=\"font-family: Source Sans Pro, serif;\"><span style=\"font-size: large;\"><b>Inaudito. Indecente. Incredibile. Ma, purtroppo<\/b><\/span><\/span><\/span><span style=\"color: #2a2a2a;\"><span style=\"font-family: Source Sans Pro, serif;\"><span style=\"font-size: large;\">,\u00a0<\/span><\/span><\/span><span style=\"color: #2a2a2a;\"><span style=\"font-family: Source Sans Pro, serif;\"><span style=\"font-size: large;\"><b>reale.<\/b><\/span><\/span><\/span><\/p>\n<p align=\"center\"><span style=\"color: #2a2a2a;\"><span style=\"font-family: Source Sans Pro, serif;\"><span style=\"font-size: large;\">di <\/span><\/span><\/span><span style=\"color: #2a2a2a;\"><span style=\"font-family: Source Sans Pro, serif;\"><span style=\"font-size: large;\"><b>Francesca Lippi<\/b><\/span><\/span><\/span><\/p>\n<p align=\"justify\"><a name=\"_GoBack\"><\/a> <span style=\"color: #2a2a2a;\"><span style=\"font-family: Source Sans Pro, serif;\"><span style=\"font-size: medium;\">A pochi giorni dal\u00a0<\/span><\/span><\/span><span style=\"color: #2a2a2a;\"><span style=\"font-family: Source Sans Pro, serif;\"><span style=\"font-size: medium;\"><b>27 gennaio<\/b><\/span><\/span><\/span><span style=\"color: #2a2a2a;\"><span style=\"font-family: Source Sans Pro, serif;\"><span style=\"font-size: medium;\">, il giorno della\u00a0<\/span><\/span><\/span><span style=\"color: #2a2a2a;\"><span style=\"font-family: Source Sans Pro, serif;\"><span style=\"font-size: medium;\"><b>Memoria<\/b><\/span><\/span><\/span><span style=\"color: #2a2a2a;\"><span style=\"font-family: Source Sans Pro, serif;\"><span style=\"font-size: medium;\">\u00a0che determina la fine della\u00a0<\/span><\/span><\/span><span style=\"color: #2a2a2a;\"><span style=\"font-family: Source Sans Pro, serif;\"><span style=\"font-size: medium;\"><b>Shoah<\/b><\/span><\/span><\/span><span style=\"color: #2a2a2a;\"><span style=\"font-family: Source Sans Pro, serif;\"><span style=\"font-size: medium;\">, due ragazze quindicenni in un parco di <\/span><\/span><\/span><span style=\"color: #2a2a2a;\"><span style=\"font-family: Source Sans Pro, serif;\"><span style=\"font-size: medium;\"><b>Venturina<\/b><\/span><\/span><\/span><span style=\"color: #2a2a2a;\"><span style=\"font-family: Source Sans Pro, serif;\"><span style=\"font-size: medium;\">, cittadina a pochi chilometri da Livorno, hanno aggredito e insultato, colpito con sputi e preso a calci un bambino di 12 anni. Il motivo? E\u2019 semplice: il bambino \u00e8 ebreo. \u201c<\/span><\/span><\/span><span style=\"color: #2a2a2a;\"><span style=\"font-family: Source Sans Pro, serif;\"><span style=\"font-size: medium;\"><i>Ebreo di m&#8230;, tu devi stare zitto perch\u00e9 sei un ebreo\u2026devi morire nel forno..<\/i><\/span><\/span><\/span><span style=\"color: #2a2a2a;\"><span style=\"font-family: Source Sans Pro, serif;\"><span style=\"font-size: medium;\">.\u201d sono solo alcune tra le frasi pronunciate dalle ragazze. Sconcertanti a dir poco.<\/span><\/span><\/span><\/p>\n<p align=\"justify\"><span style=\"color: #2a2a2a;\"><span style=\"font-family: Source Sans Pro, serif;\"><span style=\"font-size: medium;\"><b>Il resto \u00e8 cronaca.<\/b><\/span><\/span><\/span><\/p>\n<p align=\"justify\"><span style=\"color: #2a2a2a;\"><span style=\"font-family: Source Sans Pro, serif;\"><span style=\"font-size: medium;\">Il padre del ragazzo, ancora sconvolto ma determinato, non si \u00e8 fermato ed ha sporto denuncia per insulti e lesioni, perch\u00e9 come ha dichiarato a La Nazione \u201c<\/span><\/span><\/span><span style=\"color: #2a2a2a;\"><span style=\"font-family: Source Sans Pro, serif;\"><span style=\"font-size: medium;\"><i>Non si pu\u00f2 scherzare su una cosa cos\u00ec tragica. Forse anche i genitori devono comprendere cosa \u00e8 stato fatto da queste due ragazzine<\/i><\/span><\/span><\/span><span style=\"color: #2a2a2a;\"><span style=\"font-family: Source Sans Pro, serif;\"><span style=\"font-size: medium;\">.\u201d<\/span><\/span><\/span><\/p>\n<p align=\"justify\"><span style=\"color: #2a2a2a;\"><span style=\"font-family: Source Sans Pro, serif;\"><span style=\"font-size: medium;\">Il padre ha informato dell\u2019accaduto anche la sindaca di Campiglia Marittima,\u00a0<\/span><\/span><\/span><span style=\"color: #2a2a2a;\"><span style=\"font-family: Source Sans Pro, serif;\"><span style=\"font-size: medium;\"><b>Alberta Ticciati<\/b><\/span><\/span><\/span><span style=\"color: #2a2a2a;\"><span style=\"font-family: Source Sans Pro, serif;\"><span style=\"font-size: medium;\">, la quale con l\u2019Amministrazione Comunale che rappresenta non intende in alcun modo banalizzare l\u2019accaduto che \u00e8 di una gravit\u00e0 estrema, se si considera il fatto che, come ha riferito il padre, i presenti all\u2019episodio non hanno mosso un dito per difendere il bambino. E questo \u00e8 un fatto ancora pi\u00f9 inconcepibile!<\/span><\/span><\/span><\/p>\n<p align=\"justify\"><span style=\"color: #2a2a2a;\"><span style=\"font-family: Source Sans Pro, serif;\"><span style=\"font-size: medium;\">Come riporta La Nazione, il padre del ragazzo ha raccontato di un altro episodio, accaduto durante il periodo in cui il figlio frequentava la scuola primaria, un episodio sconcertante a dir poco, che parlava con il linguaggio dei disegni: una svastica e un paio di scarpe con scritto dal 39 al 42. Disegni scambiati tra bambini di 10 anni, forse 11. In quell\u2019occasione il padre aveva contattato gli altri genitori per la gravit\u00e0 del gesto, ma la cosa era morta l\u00ec.<\/span><\/span><\/span><\/p>\n<p align=\"justify\"><span style=\"color: #2a2a2a;\"><span style=\"font-family: Source Sans Pro, serif;\"><span style=\"font-size: medium;\"><b>I genitori devono comprendere<\/b><\/span><\/span><\/span><\/p>\n<p align=\"justify\"><span style=\"color: #2a2a2a;\"><span style=\"font-family: Source Sans Pro, serif;\"><span style=\"font-size: medium;\">O forse i genitori, anzi sicuramente, devono educare. E la societ\u00e0, cio\u00e8 il resto delle persone che gravitano intorno ai giovani, in questo caso alle due quindicenni, deve assolutamente essere partecipe della loro formazione, cominciando a non voltarsi dall\u2019altra parte quando accadono episodi di questo genere. Agire con determinazione per fermare atti di\u00a0<\/span><\/span><\/span><span style=\"color: #2a2a2a;\"><span style=\"font-family: Source Sans Pro, serif;\"><span style=\"font-size: medium;\"><b>bullismo e razzismo<\/b><\/span><\/span><\/span><span style=\"color: #2a2a2a;\"><span style=\"font-family: Source Sans Pro, serif;\"><span style=\"font-size: medium;\">\u00a0evidenti, e che due ragazze di quindici anni comprendono perfettamente, significa stare dalla parte giusta e non essere complici di atti che disonorano l\u2019essere umano. A qualsiasi et\u00e0, in qualsiasi momento.<\/span><\/span><\/span><\/p>\n<p align=\"justify\"><span style=\"color: #2a2a2a;\"><span style=\"font-family: Source Sans Pro, serif;\"><span style=\"font-size: medium;\"><b>I<\/b><\/span><\/span><\/span><span style=\"color: #2a2a2a;\"><span style=\"font-family: Source Sans Pro, serif;\"><span style=\"font-size: medium;\"><b>ndagare, andare a fondo alla<\/b><\/span><\/span><\/span><span style=\"color: #2a2a2a;\"><span style=\"font-family: Source Sans Pro, serif;\"><span style=\"font-size: medium;\">\u00a0q<\/span><\/span><\/span><span style=\"color: #2a2a2a;\"><span style=\"font-family: Source Sans Pro, serif;\"><span style=\"font-size: medium;\"><b>uestione<\/b><\/span><\/span><\/span><span style=\"color: #2a2a2a;\"><span style=\"font-family: Source Sans Pro, serif;\"><span style=\"font-size: medium;\">,\u00a0<\/span><\/span><\/span><span style=\"color: #2a2a2a;\"><span style=\"font-family: Source Sans Pro, serif;\"><span style=\"font-size: medium;\"><b>ma non sottovalutare.<\/b><\/span><\/span><\/span><\/p>\n<p align=\"justify\"><span style=\"color: #2a2a2a;\"><span style=\"font-family: Source Sans Pro, serif;\"><span style=\"font-size: medium;\">Indagare e andare a fondo alla questione \u00e8 di sostanziale importanza. Serve a scoprire come sia cresciuto nell\u2019animo di queste adolescenti lo sprezzo dell\u2019altro, il desiderio di insultare e aggredire con violenza una persona pi\u00f9 piccola e indifesa. Un ragazzino di appena qualche anno pi\u00f9 giovane, uno come loro. Ma scoprire e andare a fondo alla questione ha, inoltre, un significato ben pi\u00f9 profondo e preciso, un significato che non sottovaluta l\u2019accaduto ma, anzi, lancia un messaggio forte e chiaro:\u00a0<\/span><\/span><\/span><span style=\"color: #2a2a2a;\"><span style=\"font-family: Source Sans Pro, serif;\"><span style=\"font-size: medium;\"><b>Avete sbagliato e pagherete le conseguenze del vostro errore.<\/b><\/span><\/span><\/span><\/p>\n<p align=\"justify\"><span style=\"color: #2a2a2a;\"><span style=\"font-family: Source Sans Pro, serif;\"><span style=\"font-size: medium;\"><br \/>\n<\/span><\/span><\/span><\/p>\n","protected":false},"excerpt":{"rendered":"<p>&nbsp; Inaudito. Indecente. Incredibile. Ma, purtroppo,\u00a0reale. di Francesca Lippi A pochi giorni dal\u00a027 gennaio, il giorno della\u00a0Memoria\u00a0che determina la fine [&hellip;]<\/p>\n","protected":false},"author":1,"featured_media":0,"comment_status":"open","ping_status":"open","sticky":false,"template":"","format":"standard","meta":{"footnotes":""},"categories":[43,10],"tags":[],"class_list":["post-20031","post","type-post","status-publish","format-standard","hentry","category-historias","category-italiano"],"_links":{"self":[{"href":"https:\/\/www.ecoitaliano.com.ar\/index.php?rest_route=\/wp\/v2\/posts\/20031","targetHints":{"allow":["GET"]}}],"collection":[{"href":"https:\/\/www.ecoitaliano.com.ar\/index.php?rest_route=\/wp\/v2\/posts"}],"about":[{"href":"https:\/\/www.ecoitaliano.com.ar\/index.php?rest_route=\/wp\/v2\/types\/post"}],"author":[{"embeddable":true,"href":"https:\/\/www.ecoitaliano.com.ar\/index.php?rest_route=\/wp\/v2\/users\/1"}],"replies":[{"embeddable":true,"href":"https:\/\/www.ecoitaliano.com.ar\/index.php?rest_route=%2Fwp%2Fv2%2Fcomments&post=20031"}],"version-history":[{"count":0,"href":"https:\/\/www.ecoitaliano.com.ar\/index.php?rest_route=\/wp\/v2\/posts\/20031\/revisions"}],"wp:attachment":[{"href":"https:\/\/www.ecoitaliano.com.ar\/index.php?rest_route=%2Fwp%2Fv2%2Fmedia&parent=20031"}],"wp:term":[{"taxonomy":"category","embeddable":true,"href":"https:\/\/www.ecoitaliano.com.ar\/index.php?rest_route=%2Fwp%2Fv2%2Fcategories&post=20031"},{"taxonomy":"post_tag","embeddable":true,"href":"https:\/\/www.ecoitaliano.com.ar\/index.php?rest_route=%2Fwp%2Fv2%2Ftags&post=20031"}],"curies":[{"name":"wp","href":"https:\/\/api.w.org\/{rel}","templated":true}]}}