{"id":20044,"date":"2022-01-26T16:53:28","date_gmt":"2022-01-26T16:53:28","guid":{"rendered":"http:\/\/www.ecoitaliano.com.ar\/?p=20044"},"modified":"2022-01-26T16:53:28","modified_gmt":"2022-01-26T16:53:28","slug":"comunicato-stampa-e-gia-successo-potra-succedere-ancora","status":"publish","type":"post","link":"https:\/\/www.ecoitaliano.com.ar\/?p=20044","title":{"rendered":"Comunicato stampa  E\u2019 gi\u00e0 successo, potr\u00e0 succedere ancora"},"content":{"rendered":"<p><a href=\"http:\/\/www.ecoitaliano.com.ar\/wp-content\/uploads\/2022\/01\/logo-cgie-300x188.png\"><img decoding=\"async\" class=\"alignnone size-full wp-image-20045\" src=\"http:\/\/www.ecoitaliano.com.ar\/wp-content\/uploads\/2022\/01\/logo-cgie-300x188.png\" alt=\"\" width=\"300\" height=\"188\" srcset=\"https:\/\/www.ecoitaliano.com.ar\/wp-content\/uploads\/2022\/01\/logo-cgie-300x188.png 300w, https:\/\/www.ecoitaliano.com.ar\/wp-content\/uploads\/2022\/01\/logo-cgie-300x188-150x94.png 150w\" sizes=\"(max-width: 300px) 100vw, 300px\" \/><\/a><\/p>\n<p>&nbsp;<\/p>\n<p class=\"western\" lang=\"it-IT\" align=\"left\"><span style=\"font-size: large;\"><u><b>C<\/b><\/u><\/span><span style=\"font-size: large;\"><u>onsiglio <\/u><\/span><span style=\"font-size: large;\"><u><b>G<\/b><\/u><\/span><span style=\"font-size: large;\"><u>enerale degli <\/u><\/span><span style=\"font-size: large;\"><u><b>I<\/b><\/u><\/span><span style=\"font-size: large;\"><u>taliani all&#8217;<\/u><\/span><span style=\"font-size: large;\"><u><b>E<\/b><\/u><\/span><span style=\"font-size: large;\"><u>stero<\/u><\/span><\/p>\n<p class=\"western\" lang=\"it-IT\" align=\"center\"><span style=\"font-size: large;\"><i>Segretario generale<\/i><\/span><\/p>\n<p class=\"western\" lang=\"it-IT\" align=\"center\"><span style=\"font-size: large;\"><b>Comunicato stampa<\/b><\/span><\/p>\n<p class=\"western\" lang=\"it-IT\" align=\"center\"><span style=\"font-size: large;\"><i><b>E\u2019 gi\u00e0 successo, potr\u00e0 succedere ancora<\/b><\/i><\/span><\/p>\n<p class=\"western\" lang=\"it-IT\" align=\"justify\"><span style=\"color: #000000;\"><span style=\"font-family: Georgia, serif;\"><span style=\"font-size: large;\">La giornata della memoria oltre al ricordo dell\u2019olocausto e dei campi di sterminio nazista, nei quali persero la vita 1,3 milioni di persone durante la Seconda guerra mondiale, vuole essere un monito per mantenere vivo il ricordo delle barbarie commesse dai nazisti affinch\u00e9 quello che \u00e8 successo non si ripeta mai pi\u00f9. La giornata della memoria coincide con la liberazione dei prigionieri deportati nei campi di concentramento di Auschwitz e vuole simboleggiare il ripristino del bene sul male, della libert\u00e0 verso l\u2019oppressione.<\/span><\/span><\/span><\/p>\n<p class=\"western\" lang=\"it-IT\" align=\"justify\"><span style=\"color: #000000;\"><span style=\"font-family: Georgia, serif;\"><span style=\"font-size: large;\">L\u2019attualit\u00e0 spesso ci mette di fronte a preoccupanti e perfidi atti razzisti, a una crescente intolleranza verso i meno protetti, gli emigrati e la gente di colore e a indescrivibili forme di sopraffazione, che delle volte incrociano l\u2019indifferenza umana.<\/span><\/span><\/span><\/p>\n<p class=\"western\" lang=\"it-IT\" align=\"justify\"><span style=\"color: #000000;\"><span style=\"font-family: Georgia, serif;\"><span style=\"font-size: large;\">Gli italiani all\u2019estero nella loro lunga storia migratoria, in particolare coloro che nel secolo scorso si trasferirono nei due continenti americani e in alcuni paesi europei, sono stati oggetto di forme razziali, di scherno, di soprusi e di umiliazioni perch\u00e9 italiani. La giornata della memoria vuole essere anche testimonianza ed \u00e8 espressione viva per percepire il ricordo delle loro singole storie e dell\u2019ignominia che molti di loro hanno subito nei paesi in cui si trasferirono.<\/span><\/span><\/span><\/p>\n<p class=\"western\" lang=\"it-IT\" align=\"justify\"><a name=\"_GoBack\"><\/a> <span style=\"color: #000000;\"><span style=\"font-family: Georgia, serif;\"><span style=\"font-size: large;\">Il ricordo serve per tenere saldi i valori fondamentali della libert\u00e0 e della democrazia, senza i quali si rischia di soccombere al revisionismo storico e alla assuefazione dell\u2019illiberalit\u00e0.<\/span><\/span><\/span><\/p>\n<p class=\"western\" lang=\"it-IT\" align=\"justify\"><span style=\"color: #000000;\"><span style=\"font-family: Georgia, serif;\"><span style=\"font-size: large;\">Michele Schiavone<\/span><\/span><\/span><\/p>\n<p class=\"western\" lang=\"it-IT\" align=\"justify\"><span style=\"font-size: large;\">T\u00c4GERWILEN, 26 GENNAIO 2022<\/span><\/p>\n","protected":false},"excerpt":{"rendered":"<p>&nbsp; Consiglio Generale degli Italiani all&#8217;Estero Segretario generale Comunicato stampa E\u2019 gi\u00e0 successo, potr\u00e0 succedere ancora La giornata della memoria [&hellip;]<\/p>\n","protected":false},"author":1,"featured_media":0,"comment_status":"open","ping_status":"open","sticky":false,"template":"","format":"standard","meta":{"footnotes":""},"categories":[10,35],"tags":[],"class_list":["post-20044","post","type-post","status-publish","format-standard","hentry","category-italiano","category-opiniones"],"_links":{"self":[{"href":"https:\/\/www.ecoitaliano.com.ar\/index.php?rest_route=\/wp\/v2\/posts\/20044","targetHints":{"allow":["GET"]}}],"collection":[{"href":"https:\/\/www.ecoitaliano.com.ar\/index.php?rest_route=\/wp\/v2\/posts"}],"about":[{"href":"https:\/\/www.ecoitaliano.com.ar\/index.php?rest_route=\/wp\/v2\/types\/post"}],"author":[{"embeddable":true,"href":"https:\/\/www.ecoitaliano.com.ar\/index.php?rest_route=\/wp\/v2\/users\/1"}],"replies":[{"embeddable":true,"href":"https:\/\/www.ecoitaliano.com.ar\/index.php?rest_route=%2Fwp%2Fv2%2Fcomments&post=20044"}],"version-history":[{"count":0,"href":"https:\/\/www.ecoitaliano.com.ar\/index.php?rest_route=\/wp\/v2\/posts\/20044\/revisions"}],"wp:attachment":[{"href":"https:\/\/www.ecoitaliano.com.ar\/index.php?rest_route=%2Fwp%2Fv2%2Fmedia&parent=20044"}],"wp:term":[{"taxonomy":"category","embeddable":true,"href":"https:\/\/www.ecoitaliano.com.ar\/index.php?rest_route=%2Fwp%2Fv2%2Fcategories&post=20044"},{"taxonomy":"post_tag","embeddable":true,"href":"https:\/\/www.ecoitaliano.com.ar\/index.php?rest_route=%2Fwp%2Fv2%2Ftags&post=20044"}],"curies":[{"name":"wp","href":"https:\/\/api.w.org\/{rel}","templated":true}]}}