{"id":20246,"date":"2022-02-06T20:18:54","date_gmt":"2022-02-06T20:18:54","guid":{"rendered":"http:\/\/www.ecoitaliano.com.ar\/?p=20246"},"modified":"2022-02-06T20:20:00","modified_gmt":"2022-02-06T20:20:00","slug":"lattivita-del-crec-lions-di-roma-in-favore-dei-ragazzi-affetti-da-autism","status":"publish","type":"post","link":"https:\/\/www.ecoitaliano.com.ar\/?p=20246","title":{"rendered":"L\u2019attivit\u00e0 del CREC LIONS di Roma in favore dei ragazzi affetti da autism"},"content":{"rendered":"<p class=\"western\" align=\"justify\">\n<p align=\"center\"><a href=\"http:\/\/www.ecoitaliano.com.ar\/wp-content\/uploads\/2022\/02\/crec-2.jpg\"><img decoding=\"async\" class=\"alignnone size-full wp-image-20248\" src=\"http:\/\/www.ecoitaliano.com.ar\/wp-content\/uploads\/2022\/02\/crec-2.jpg\" alt=\"\" width=\"1078\" height=\"808\" srcset=\"https:\/\/www.ecoitaliano.com.ar\/wp-content\/uploads\/2022\/02\/crec-2.jpg 1078w, https:\/\/www.ecoitaliano.com.ar\/wp-content\/uploads\/2022\/02\/crec-2-300x225.jpg 300w, https:\/\/www.ecoitaliano.com.ar\/wp-content\/uploads\/2022\/02\/crec-2-768x576.jpg 768w, https:\/\/www.ecoitaliano.com.ar\/wp-content\/uploads\/2022\/02\/crec-2-1024x768.jpg 1024w, https:\/\/www.ecoitaliano.com.ar\/wp-content\/uploads\/2022\/02\/crec-2-150x112.jpg 150w\" sizes=\"(max-width: 1078px) 100vw, 1078px\" \/><\/a><\/p>\n<p class=\"western\" align=\"center\"><span style=\"font-family: Georgia, serif;\"><b>L\u2019attivit\u00e0 del CREC LIONS di Roma in favore dei ragazzi affetti da autismo<\/b><\/span><\/p>\n<p class=\"western\" align=\"center\"><span style=\"font-family: Georgia, serif;\"><span style=\"font-size: small;\">di <\/span><\/span><span style=\"font-family: Georgia, serif;\"><span style=\"font-size: small;\"><b>Tommaso Bruni *<\/b><\/span><\/span><\/p>\n<p class=\"western\" align=\"justify\"><span style=\"font-family: Georgia, serif;\"><span style=\"font-size: small;\">Leggo con piacere, sulla rivista on-line <\/span><\/span><span style=\"font-family: Georgia, serif;\"><span style=\"font-size: small;\"><b>Lion<\/b><\/span><\/span><span style=\"font-family: Georgia, serif;\"><span style=\"font-size: small;\"> di questo mese, del service organizzato da Lions Club Vicenza La Rotonda a favore della <\/span><\/span><span style=\"font-family: Georgia, serif;\"><span style=\"font-size: small;\"><b>Onlus Autismo Triveneto<\/b><\/span><\/span><span style=\"font-family: Georgia, serif;\"><span style=\"font-size: small;\"> che organizza progetti a favore delle persone affette da autismo e dei loro familiari. Mi sento particolarmente vicino al suddetto Club, perch\u00e9 a <\/span><\/span><span style=\"font-family: Georgia, serif;\"><span style=\"font-size: small;\"><b>Roma<\/b><\/span><\/span><span style=\"font-family: Georgia, serif;\"><span style=\"font-size: small;\"> \u00e8 operativo dal 1984 un analogo service permanente dedicato a queste persone: il <\/span><\/span><span style=\"font-family: Georgia, serif;\"><span style=\"font-size: small;\"><b>CREC LIONS<\/b><\/span><\/span><span style=\"font-family: Georgia, serif;\"><span style=\"font-size: small;\"> &#8211; Centro Riabilitazione Equestre Capitol &#8211; dedicato inizialmente ai bambini\/ragazzi affetti da autismo e successivamente esteso ad altre patologie, quali:<\/span><\/span><i><b> <\/b><\/i><span style=\"font-family: Georgia, serif;\"><span style=\"font-size: small;\"><i>paralisi cerebrale infantile, alterazione genetica, emorragia cerebrale, ritardo psico-motorio, sindromi cerebellari, malformazione cerebrale.<\/i><\/span><\/span><\/p>\n<p class=\"western\" align=\"justify\"><span style=\"font-family: Georgia, serif;\"><span style=\"font-size: small;\">Il CREC \u00e8 un ente aderente alla normativa IAA \u2013 Interventi Assistiti con gli Animali \u2013 in base alla quale solo le strutture civili e militari e i professionisti iscritti all\u2019albo nazionale Digital-Pet, tutti laureati in discipline che spaziano dalla psicologia alla riabilitazione motoria, sono abilitati a svolgere la TMC, Terapia per Mezzo del Cavallo. Il CREC \u2013 unico Centro Lions riconosciuto sia dalla normativa italiana che dalla sede internazionale LIONS, che ha concesso il proprio marchio \u2013 opera attualmente con otto allievi di cui il pi\u00f9 piccolo, autistico, ha appena cinque annidi et\u00e0. <\/span><\/span><\/p>\n<p class=\"western\" align=\"justify\"><span style=\"font-family: Georgia, serif;\"><span style=\"font-size: small;\">Durante la sua attivit\u00e0 ultratrentennale il CREC, tramite i suoi operatori qualificati, ha consentito a una pluralit\u00e0 di giovani affetti da gravi disabilit\u00e0 di adottare correttivi posturali, caratteriali e comportamentali utili per il loro benessere, l\u2019autonomia e la vita di relazione.<\/span><\/span><\/p>\n<p class=\"western\" align=\"justify\"><span style=\"font-family: Georgia, serif;\"><span style=\"font-size: small;\">Il CREC svolge un lavoro oscuro e silenzioso e, con la sua attivit\u00e0, ha dimostrato che i propri utenti ottengono anche miglioramenti relazionali, di presa di coscienza e contatto con la realt\u00e0 e non solo psicofisici, ormai comprovati da tempo: posso senz\u2019altro affermare che l\u2019uso del cavallo ha degli effetti benefici, sottolineando che non \u00e8 l\u2019animale in s\u00e9 ad operare il cambiamento ma l\u2019osmosi operativa, ovvero la simbiosi che viene a crearsi tra tutte le componenti che interagiscono per il bene del cavaliere: operatori, cavallo, paziente, ambiente e genitori. <\/span><\/span><\/p>\n<p class=\"western\" align=\"justify\"><span style=\"color: #000000;\"><span style=\"font-family: Georgia, serif;\"><span style=\"font-size: small;\">Durante l\u2019attivit\u00e0 equestre vengono messi in atto tutti gli accorgimenti terapeutici utili a fare leva su quelle che vengono definite le \u201ccapacit\u00e0 residue\u201d dell\u2019individuo che presenta palesi deficit motori, psicologici o psico-motori, relazionali; quando parlo di valore terapeutico, mi riferisco sia all\u2019attivit\u00e0 in campo svolta dai nostri operatori per mezzo del cavallo, sia ai colloqui individuali con i genitori e, se possibile, con lo stesso allievo, tenuti dalla direttrice sanitaria, dai responsabili di progetto e di intervento.<\/span><\/span><\/span><\/p>\n<p class=\"western\" align=\"justify\"><span style=\"color: #000000;\"><span style=\"font-family: Georgia, serif;\"><span style=\"font-size: small;\">Concludendo, l\u2019obiettivo principale del <\/span><\/span><\/span><span style=\"font-family: Georgia, serif;\"><span style=\"font-size: small;\">CREC<\/span><\/span><span style=\"color: #000000;\"><span style=\"font-family: Georgia, serif;\"><span style=\"font-size: small;\"> non \u00e8 fare del disabile un cavaliere, ma una persona che nel limite delle proprie capacit\u00e0 raggiunga il massimo rendimento delle potenzialit\u00e0 fisiche, psicologiche, relazionali per una qualit\u00e0 di vita migliore per lui e per chi lo assiste. Spero che questa breve esposizione sia sufficiente a comprendere i bisogni delle persone autistiche e delle attivit\u00e0 che svolgono i centri abilitai che se ne occupano; invito tutti coloro che desiderassero avere maggiori informazioni a visitare il sito www. crec20214.it ovvero inviare eventuali email all\u2019indirizzo crec2014@libero.it <\/span><\/span><\/span><\/p>\n<p><a name=\"_GoBack\"><\/a> <span style=\"font-family: Calibri, serif;\"><span style=\"font-size: medium;\"><span style=\"font-family: Georgia, serif;\"><i>*Presidente CREC LIONS &#8211; L\u2019articolo \u00e8 pubblicato sulla rivista LION, numero di Febbraio 2022<\/i><\/span><\/span><\/span><\/p>\n<p>&nbsp;<\/p>\n<p>&nbsp;<\/p>\n","protected":false},"excerpt":{"rendered":"<p>L\u2019attivit\u00e0 del CREC LIONS di Roma in favore dei ragazzi affetti da autismo di Tommaso Bruni * Leggo con piacere, [&hellip;]<\/p>\n","protected":false},"author":1,"featured_media":0,"comment_status":"open","ping_status":"open","sticky":false,"template":"","format":"standard","meta":{"footnotes":""},"categories":[10,53],"tags":[],"class_list":["post-20246","post","type-post","status-publish","format-standard","hentry","category-italiano","category-medicina"],"_links":{"self":[{"href":"https:\/\/www.ecoitaliano.com.ar\/index.php?rest_route=\/wp\/v2\/posts\/20246","targetHints":{"allow":["GET"]}}],"collection":[{"href":"https:\/\/www.ecoitaliano.com.ar\/index.php?rest_route=\/wp\/v2\/posts"}],"about":[{"href":"https:\/\/www.ecoitaliano.com.ar\/index.php?rest_route=\/wp\/v2\/types\/post"}],"author":[{"embeddable":true,"href":"https:\/\/www.ecoitaliano.com.ar\/index.php?rest_route=\/wp\/v2\/users\/1"}],"replies":[{"embeddable":true,"href":"https:\/\/www.ecoitaliano.com.ar\/index.php?rest_route=%2Fwp%2Fv2%2Fcomments&post=20246"}],"version-history":[{"count":0,"href":"https:\/\/www.ecoitaliano.com.ar\/index.php?rest_route=\/wp\/v2\/posts\/20246\/revisions"}],"wp:attachment":[{"href":"https:\/\/www.ecoitaliano.com.ar\/index.php?rest_route=%2Fwp%2Fv2%2Fmedia&parent=20246"}],"wp:term":[{"taxonomy":"category","embeddable":true,"href":"https:\/\/www.ecoitaliano.com.ar\/index.php?rest_route=%2Fwp%2Fv2%2Fcategories&post=20246"},{"taxonomy":"post_tag","embeddable":true,"href":"https:\/\/www.ecoitaliano.com.ar\/index.php?rest_route=%2Fwp%2Fv2%2Ftags&post=20246"}],"curies":[{"name":"wp","href":"https:\/\/api.w.org\/{rel}","templated":true}]}}