{"id":20252,"date":"2022-02-08T03:47:14","date_gmt":"2022-02-08T03:47:14","guid":{"rendered":"http:\/\/www.ecoitaliano.com.ar\/?p=20252"},"modified":"2022-02-08T03:47:14","modified_gmt":"2022-02-08T03:47:14","slug":"serena-conduce-operaclassica-eco-italiano-1267","status":"publish","type":"post","link":"https:\/\/www.ecoitaliano.com.ar\/?p=20252","title":{"rendered":"Serena conduce operaclassica eco italiano."},"content":{"rendered":"<p style=\"text-align: center;\"><a href=\"http:\/\/www.ecoitaliano.com.ar\/wp-content\/uploads\/2022\/02\/171f0d23f60b4818b059feb8af35143b.jpg\"><img decoding=\"async\" class=\"alignnone size-full wp-image-20253\" src=\"http:\/\/www.ecoitaliano.com.ar\/wp-content\/uploads\/2022\/02\/171f0d23f60b4818b059feb8af35143b.jpg\" alt=\"\" width=\"300\" height=\"97\" srcset=\"https:\/\/www.ecoitaliano.com.ar\/wp-content\/uploads\/2022\/02\/171f0d23f60b4818b059feb8af35143b.jpg 300w, https:\/\/www.ecoitaliano.com.ar\/wp-content\/uploads\/2022\/02\/171f0d23f60b4818b059feb8af35143b-150x49.jpg 150w\" sizes=\"(max-width: 300px) 100vw, 300px\" \/><\/a><\/p>\n<table class=\"row row-2\" border=\"0\" width=\"100%\" cellspacing=\"0\" cellpadding=\"0\" align=\"center\">\n<tbody>\n<tr>\n<td>\n<table class=\"row-content stack\" border=\"0\" width=\"600\" cellspacing=\"0\" cellpadding=\"0\" align=\"center\">\n<tbody>\n<tr>\n<td class=\"column\" width=\"100%\">\n<table class=\"text_block\" border=\"0\" width=\"100%\" cellspacing=\"0\" cellpadding=\"10\">\n<tbody>\n<tr>\n<td>\n<div>\n<div>\n<p><strong>LA STAGIONE 2021\/22 PROSEGUE C<\/strong><strong>ON UN TITOLO VERDIANO<\/strong><\/p>\n<p><strong>DOMANI 8 FEBBRAIO ALLE 20.00\u00a0<\/strong><strong><em>LUISA MILLER\u00a0<\/em><\/strong><strong>DI VERDI<\/strong><\/p>\n<p><strong>F<\/strong><strong>INALMEN<\/strong><strong>TE IN FORMA SCENICA AL COSTANZI\u00a0<\/strong><strong>SUL PODIO<\/strong><\/p>\n<p><strong>IL NUOVO DIRETTORE MUSICALE MICHELE MARIOTTI<\/strong><\/p>\n<p>&nbsp;<\/p>\n<p>&nbsp;<\/p>\n<p><strong>COMUNICATO STAMPA<\/strong><\/p>\n<p><strong>7 febbraio 2022<\/strong><\/p>\n<p>&nbsp;<\/p>\n<p><strong>Dall\u20198 al 17 febbraio<\/strong>\u00a0il sipario del Costanzi si alza su\u00a0<strong><em>Luisa Miller<\/em><\/strong>\u00a0di\u00a0<strong>Giuseppe Verdi<\/strong>. Sul podio il nuovo\u00a0<strong>Direttore musicale del Teatro dell\u2019Opera di Roma<\/strong><strong>\u00a0<\/strong><strong>Michele Mariotti<\/strong>. Il maestro nel maggio 2021, proprio con il Lirico romano, aveva affrontato per la prima volta questo melodramma tragico in tre atti dirigendolo in forma di concerto a porte chiuse, in assenza di pubblico per consentire il distanziamento interpersonale tra gli artisti dell\u2019Orchestra e del Coro a causa del Covid. L\u2019esecuzione era stata trasmessa in streaming gratuito sul canale YouTube ufficiale Operaroma.tv. Mariotti torna a dirigere lo stesso titolo che debutta finalmente in forma scenica, per la regia di\u00a0<strong>Damiano Michieletto<\/strong>\u00a0ripresa da\u00a0<strong>Andrea Bernard<\/strong>,\u00a0<strong>marted\u00ec 8 febbraio alle ore 20.00;\u00a0<\/strong>sar\u00e0 la sua prima direzione dopo la nomina quadriennale a Direttore musicale del Teatro che avrebbe dovuto iniziare il prossimo novembre e partir\u00e0 invece da subito in questo mese di febbraio e con questa opera.<\/p>\n<p>\u201cLuisa Miller\u00a0<em>\u00e8 un\u2019opera che ha sempre attirato la mia sensibilit\u00e0 interpretativa<\/em>\u00a0\u2013 ha dichiarato il direttore\u00a0<strong>Michele Mariotti<\/strong>\u00a0<em>\u2013,\u00a0<\/em><em>per la sua evidente cifra belcantista, le sue variet\u00e0 timbriche che determinano profonde oscillazioni di stato d\u2019animo, unite al sempre acuto scavo psicologico con cui Verdi scolpisce ogni personaggio. Questi elementi rendono la partitura ricca di una bellezza che merita ogni volta di essere riascoltata e in qualche modo riscoperta<\/em>\u201d.<\/p>\n<p>Centrale uno dei temi pi\u00f9 cari a Verdi, quello del rapporto genitori-figli, un contrasto che il regista Damiano Michieletto ha rappresentato sulla scena. \u201c<em>Abbandonati i personaggi storici, i grandi drammi corali\u00a0<\/em>\u2013 ha spiegato\u00a0<strong>Michieletto<\/strong>\u00a0\u2013<em>, Verdi si concentra sulla dimensione pi\u00f9 piccola della\u00a0<\/em><em>famiglia.<\/em>\u00a0Luisa Miller\u00a0<em>\u00e8 un dramma familiare, il conflitto padri-figli \u00e8 il cardine. Ho cercato di svilupparlo nello spazio scenico, che<\/em><em>\u00a0presenta due facce della stessa realt\u00e0. Due facce apparentemente diverse, data la differenza sociale delle due famiglie, ma identiche nella sostanza<\/em>\u201d.<\/p>\n<p>Lo spettacolo, un allestimento dell\u2019Opernhaus Z\u00fcrich, ha le scene di\u00a0<strong>Paolo Fantin<\/strong>, i costumi di\u00a0<strong>Carla Teti<\/strong>\u00a0e le luci di\u00a0<strong>Alessandro Carletti<\/strong>.<\/p>\n<p>A dar voce ai personaggi del libretto di Salvadore Cammarano, tratto da\u00a0<em>Kabale und Liebe<\/em>\u00a0(<em>Intrigo e amore<\/em>) di Schiller, tornano\u00a0<strong>Michele<\/strong>\u00a0<strong>Pertusi<\/strong>\u00a0(conte di Walter),\u00a0<strong>Antonio Poli<\/strong>\u00a0(Rodolfo),\u00a0<strong>Daniela Barcellona<\/strong>\u00a0(Federica) e\u00a0<strong>Roberta Mantegna<\/strong><strong>\u00a0<\/strong>(Luisa), che erano stati i protagonisti del concerto nel maggio 2021. Completano il cast\u00a0<strong>Marco<\/strong>\u00a0<strong>Spotti<\/strong>\u00a0(Wurm),\u00a0<strong>Amartuvshin Enkhbat<\/strong>, che debutta all\u2019Opera di Roma come Miller, e due giovani stelle del progetto \u201cFabbrica\u201d Young Artist Program del Teatro dell\u2019Opera di Roma,\u00a0<strong>Irene Savignano<\/strong>\u00a0(Laura) e\u00a0<strong>Rodrigo Ortiz<\/strong>\u00a0(Un contadino).<\/p>\n<p>Dopo la\u00a0<strong>prima rappresentazione<\/strong>\u00a0di\u00a0<strong>marted\u00ec 8 febbraio ore 20.00<\/strong>, trasmessa\u00a0<strong>in diretta sulle frequenze di Rai Radio 3<\/strong>,\u00a0<em>Luisa Miller<\/em>\u00a0di Verdi torna in scena gioved\u00ec 10 (20.00), sabato 12 (16.30), marted\u00ec 15 (20.00) e gioved\u00ec 17 febbraio (18.00).<\/p>\n<p>&nbsp;<\/p>\n<p><strong>Per informazioni: operaroma.it<\/strong><\/p>\n<p>&nbsp;<\/p>\n<p><strong>TEATRO DELL\u2019OPERA DI ROMA<\/strong><\/p>\n<p>&nbsp;<\/p>\n<p><strong>Cosimo Manicone<\/strong><\/p>\n<p>Ufficio Stampa<\/p>\n<p><a class=\"mailto-link\" href=\"mailto:cosimo.manicone@operaroma.it\" target=\"_blank\" rel=\"noopener\">cosimo.manicone@operaroma.it<\/a><\/p>\n<p>&nbsp;<\/p>\n<p>&nbsp;<\/p>\n<\/div>\n<\/div>\n<\/td>\n<\/tr>\n<\/tbody>\n<\/table>\n<\/td>\n<\/tr>\n<\/tbody>\n<\/table>\n<\/td>\n<\/tr>\n<\/tbody>\n<\/table>\n<table class=\"row row-3\" border=\"0\" width=\"100%\" cellspacing=\"0\" cellpadding=\"0\" align=\"center\">\n<tbody>\n<tr>\n<td>\n<table class=\"row-content stack\" border=\"0\" width=\"600\" cellspacing=\"0\" cellpadding=\"0\" align=\"center\">\n<tbody>\n<tr>\n<td class=\"column\" width=\"100%\">\n<table class=\"button_block\" border=\"0\" width=\"100%\" cellspacing=\"0\" cellpadding=\"10\">\n<tbody>\n<tr>\n<td>\n<div align=\"center\"><\/div>\n<\/td>\n<\/tr>\n<\/tbody>\n<\/table>\n<\/td>\n<\/tr>\n<\/tbody>\n<\/table>\n<\/td>\n<\/tr>\n<\/tbody>\n<\/table>\n<p><iframe loading=\"lazy\" title=\"LUISA MILLER - TRAILER\" width=\"500\" height=\"281\" src=\"https:\/\/www.youtube.com\/embed\/zqkGoVQE7wY?feature=oembed\" frameborder=\"0\" allow=\"accelerometer; autoplay; clipboard-write; encrypted-media; gyroscope; picture-in-picture; web-share\" referrerpolicy=\"strict-origin-when-cross-origin\" allowfullscreen><\/iframe><\/p>\n<p><em><strong>Luisa Miller<\/strong><\/em><\/p>\n<p><strong>Amartuvshin Enkhbat\u00a0<\/strong><strong>(Miller), Roberta Mantegna (Luisa)<\/strong><\/p>\n<p><strong>Foto: Fabrizio Sansoni &#8211; Teatro dell&#8217;Opera di Roma<\/strong><\/p>\n<p><a href=\"http:\/\/www.ecoitaliano.com.ar\/wp-content\/uploads\/2022\/02\/dxfgvhbjkm.jpg\"><img decoding=\"async\" class=\"alignnone size-full wp-image-20255\" src=\"http:\/\/www.ecoitaliano.com.ar\/wp-content\/uploads\/2022\/02\/dxfgvhbjkm.jpg\" alt=\"\" width=\"1228\" height=\"818\" srcset=\"https:\/\/www.ecoitaliano.com.ar\/wp-content\/uploads\/2022\/02\/dxfgvhbjkm.jpg 1228w, https:\/\/www.ecoitaliano.com.ar\/wp-content\/uploads\/2022\/02\/dxfgvhbjkm-300x200.jpg 300w, https:\/\/www.ecoitaliano.com.ar\/wp-content\/uploads\/2022\/02\/dxfgvhbjkm-768x512.jpg 768w, https:\/\/www.ecoitaliano.com.ar\/wp-content\/uploads\/2022\/02\/dxfgvhbjkm-1024x682.jpg 1024w, https:\/\/www.ecoitaliano.com.ar\/wp-content\/uploads\/2022\/02\/dxfgvhbjkm-150x100.jpg 150w\" sizes=\"(max-width: 1228px) 100vw, 1228px\" \/><\/a><\/p>\n<p><em><strong>Luisa Miller<\/strong><\/em><\/p>\n<p><strong>Roberta Mantegna (Luisa), Irene Savignano (Laura)<\/strong><\/p>\n<p><strong>Foto: Fabrizio Sansoni &#8211; Teatro dell&#8217;Opera di Roma<\/strong><\/p>\n<p><a href=\"http:\/\/www.ecoitaliano.com.ar\/wp-content\/uploads\/2022\/02\/yo.jpg\"><img decoding=\"async\" class=\"alignnone size-full wp-image-20256\" src=\"http:\/\/www.ecoitaliano.com.ar\/wp-content\/uploads\/2022\/02\/yo.jpg\" alt=\"\" width=\"1228\" height=\"818\" srcset=\"https:\/\/www.ecoitaliano.com.ar\/wp-content\/uploads\/2022\/02\/yo.jpg 1228w, https:\/\/www.ecoitaliano.com.ar\/wp-content\/uploads\/2022\/02\/yo-300x200.jpg 300w, https:\/\/www.ecoitaliano.com.ar\/wp-content\/uploads\/2022\/02\/yo-768x512.jpg 768w, https:\/\/www.ecoitaliano.com.ar\/wp-content\/uploads\/2022\/02\/yo-1024x682.jpg 1024w, https:\/\/www.ecoitaliano.com.ar\/wp-content\/uploads\/2022\/02\/yo-150x100.jpg 150w\" sizes=\"(max-width: 1228px) 100vw, 1228px\" \/><\/a><\/p>\n<p><em><strong>Luisa Miller<\/strong><\/em><\/p>\n<p><strong>Roberta Mantegna (Luisa), Amartuvshin Enkhbat (Miller), Michele Pertusi (Walter), Antonio Poli (Rodolfo), Marco Spotti (Wurm)<\/strong><\/p>\n<p><strong>Foto: Fabrizio Sansoni &#8211; Teatro dell&#8217;Opera di Roma<\/strong><\/p>\n<p><a href=\"http:\/\/www.ecoitaliano.com.ar\/wp-content\/uploads\/2022\/02\/xvnm-.jpg\"><img decoding=\"async\" class=\"alignnone size-full wp-image-20259\" src=\"http:\/\/www.ecoitaliano.com.ar\/wp-content\/uploads\/2022\/02\/xvnm-.jpg\" alt=\"\" width=\"1268\" height=\"779\" srcset=\"https:\/\/www.ecoitaliano.com.ar\/wp-content\/uploads\/2022\/02\/xvnm-.jpg 1268w, https:\/\/www.ecoitaliano.com.ar\/wp-content\/uploads\/2022\/02\/xvnm--300x184.jpg 300w, https:\/\/www.ecoitaliano.com.ar\/wp-content\/uploads\/2022\/02\/xvnm--768x472.jpg 768w, https:\/\/www.ecoitaliano.com.ar\/wp-content\/uploads\/2022\/02\/xvnm--1024x629.jpg 1024w, https:\/\/www.ecoitaliano.com.ar\/wp-content\/uploads\/2022\/02\/xvnm--150x92.jpg 150w\" sizes=\"(max-width: 1268px) 100vw, 1268px\" \/><\/a><\/p>\n<p><a href=\"http:\/\/www.ecoitaliano.com.ar\/wp-content\/uploads\/2022\/02\/51111a50cb0b42a6bcd886505ddbf941-1.jpg\"><img decoding=\"async\" class=\"alignnone size-full wp-image-20240\" src=\"http:\/\/www.ecoitaliano.com.ar\/wp-content\/uploads\/2022\/02\/51111a50cb0b42a6bcd886505ddbf941-1.jpg\" alt=\"\" width=\"300\" height=\"147\" srcset=\"https:\/\/www.ecoitaliano.com.ar\/wp-content\/uploads\/2022\/02\/51111a50cb0b42a6bcd886505ddbf941-1.jpg 300w, https:\/\/www.ecoitaliano.com.ar\/wp-content\/uploads\/2022\/02\/51111a50cb0b42a6bcd886505ddbf941-1-150x74.jpg 150w\" sizes=\"(max-width: 300px) 100vw, 300px\" \/><\/a><\/p>\n","protected":false},"excerpt":{"rendered":"<p>LA STAGIONE 2021\/22 PROSEGUE CON UN TITOLO VERDIANO DOMANI 8 FEBBRAIO ALLE 20.00\u00a0LUISA MILLER\u00a0DI VERDI FINALMENTE IN FORMA SCENICA AL [&hellip;]<\/p>\n","protected":false},"author":1,"featured_media":0,"comment_status":"open","ping_status":"open","sticky":false,"template":"","format":"standard","meta":{"footnotes":""},"categories":[1],"tags":[],"class_list":["post-20252","post","type-post","status-publish","format-standard","hentry","category-sin-categoria"],"_links":{"self":[{"href":"https:\/\/www.ecoitaliano.com.ar\/index.php?rest_route=\/wp\/v2\/posts\/20252","targetHints":{"allow":["GET"]}}],"collection":[{"href":"https:\/\/www.ecoitaliano.com.ar\/index.php?rest_route=\/wp\/v2\/posts"}],"about":[{"href":"https:\/\/www.ecoitaliano.com.ar\/index.php?rest_route=\/wp\/v2\/types\/post"}],"author":[{"embeddable":true,"href":"https:\/\/www.ecoitaliano.com.ar\/index.php?rest_route=\/wp\/v2\/users\/1"}],"replies":[{"embeddable":true,"href":"https:\/\/www.ecoitaliano.com.ar\/index.php?rest_route=%2Fwp%2Fv2%2Fcomments&post=20252"}],"version-history":[{"count":0,"href":"https:\/\/www.ecoitaliano.com.ar\/index.php?rest_route=\/wp\/v2\/posts\/20252\/revisions"}],"wp:attachment":[{"href":"https:\/\/www.ecoitaliano.com.ar\/index.php?rest_route=%2Fwp%2Fv2%2Fmedia&parent=20252"}],"wp:term":[{"taxonomy":"category","embeddable":true,"href":"https:\/\/www.ecoitaliano.com.ar\/index.php?rest_route=%2Fwp%2Fv2%2Fcategories&post=20252"},{"taxonomy":"post_tag","embeddable":true,"href":"https:\/\/www.ecoitaliano.com.ar\/index.php?rest_route=%2Fwp%2Fv2%2Ftags&post=20252"}],"curies":[{"name":"wp","href":"https:\/\/api.w.org\/{rel}","templated":true}]}}