{"id":20265,"date":"2022-02-08T10:57:31","date_gmt":"2022-02-08T10:57:31","guid":{"rendered":"http:\/\/www.ecoitaliano.com.ar\/?p=20265"},"modified":"2022-02-08T10:57:31","modified_gmt":"2022-02-08T10:57:31","slug":"comunicato-2","status":"publish","type":"post","link":"https:\/\/www.ecoitaliano.com.ar\/?p=20265","title":{"rendered":"COMUNICATO"},"content":{"rendered":"<div id='gallery-1' class='gallery galleryid-20265 gallery-columns-3 gallery-size-thumbnail'><figure class='gallery-item'>\n\t\t\t<div class='gallery-icon landscape'>\n\t\t\t\t<a href='https:\/\/www.ecoitaliano.com.ar\/?attachment_id=20266'><img decoding=\"async\" width=\"150\" height=\"150\" src=\"https:\/\/www.ecoitaliano.com.ar\/wp-content\/uploads\/2022\/02\/rep4-150x150.jpg\" class=\"attachment-thumbnail size-thumbnail\" alt=\"\" \/><\/a>\n\t\t\t<\/div><\/figure><figure class='gallery-item'>\n\t\t\t<div class='gallery-icon landscape'>\n\t\t\t\t<a href='https:\/\/www.ecoitaliano.com.ar\/?attachment_id=20267'><img decoding=\"async\" width=\"150\" height=\"150\" src=\"https:\/\/www.ecoitaliano.com.ar\/wp-content\/uploads\/2022\/02\/rep-150x150.jpg\" class=\"attachment-thumbnail size-thumbnail\" alt=\"\" \/><\/a>\n\t\t\t<\/div><\/figure><figure class='gallery-item'>\n\t\t\t<div class='gallery-icon landscape'>\n\t\t\t\t<a href='https:\/\/www.ecoitaliano.com.ar\/?attachment_id=20268'><img decoding=\"async\" width=\"150\" height=\"150\" src=\"https:\/\/www.ecoitaliano.com.ar\/wp-content\/uploads\/2022\/02\/rep2-150x150.jpg\" class=\"attachment-thumbnail size-thumbnail\" alt=\"\" \/><\/a>\n\t\t\t<\/div><\/figure>\n\t\t<\/div>\n\n<p>&nbsp;<\/p>\n<p>&nbsp;<\/p>\n<p><span style=\"font-family: Georgia, serif;\"><span style=\"font-size: medium;\">Il noto radiocronista Rai, che ha raccontato anche la finale degli Europei vinti dall\u2019Italia, \u00e8 stato ospite al Comune di Vallepietra <\/span><\/span><\/p>\n<p><span style=\"font-family: Georgia, serif;\"><span style=\"font-size: medium;\">Calcio\/ A Repice il Premio MM7. \u00abAttenzione, la Juve non \u00e8 fuori dallo scudetto\u00bb<\/span><\/span><\/p>\n<p><span style=\"font-family: Georgia, serif;\"><span style=\"font-size: medium;\">Al noto giornalista \u00e8 stato consegnato il riconoscimento come miglior giornalista dell\u2019anno 2020\/2021. Presentato il libro \u201cIl pallone in pillole\u201d e lo sponsor di Vallepietra sulle maglie della Nazionale giornalisti Rai. \u00abIl Var? Hanno cambiato in peggio\u00bb<\/span><\/span><\/p>\n<p><span style=\"font-family: Georgia, serif;\"><span style=\"font-size: medium;\">******<\/span><\/span><\/p>\n<p align=\"justify\"><a name=\"_GoBack\"><\/a> <span style=\"font-family: Georgia, serif;\"><span style=\"font-size: medium;\">Vallepietra (Roma), 8 FEB &#8211; Dai grandi stadi di tutta Europa a Vallepietra, dalla finale degli Europei con il trionfo dell\u2019Italia fino al piccolo comune dei Simbruini per parlare calcio e di \u201cpallone\u201d. Il noto radiocronista Rai, Francesco Repice, \u00e8 intervenuto ieri sera a Vallepietra, piccolo centro montano tra le province di Roma e Frosinone, conosciuto per il santuario della Trinit\u00e0, al dibattito sul tema \u00abIl calcio tra crisi e ripresa, la valorizzazione dei talenti\u00bb Repice, nell\u2019occasione, ha ricevuto anche il \u201cPremio MM7\u201d (dedicato al ricordo di Mario Mariozzi, prestigiosa ala destra degli anni 50\/60, poi tecnico e Ds di diverse squadre laziali), che gli era stato assegnato a maggio ad Affile (Roma) come miglior giornalista sportivo della stagione 2020\/2021. L\u2019incontro, coordinato dal giornalista Alessandro Andrelli, ha visto anche la partecipazione del capo della redazione economica del Gr1, Americo Mancini, e del responsabile centro Italia della Fundacion Real Madrid, Massimo Baggiani. Presente il sindaco di Vallepietra, Flavio De Santis. Durante la serata \u00e8 stato anche presentato il libro \u00abIl pallone in pillole: da Mario Mariozzi a Francesco Totti\u00bb e lo sponsor di Vallepietra sulle nuove maglie della Nazionale giornalisti Rai. \u00abAttenzione \u2013 ha detto Repice &#8211; perch\u00e9 c\u2019\u00e8 una squadra, la Juve, che non muore mai. Se arrivi in primavera a braccetto con i bianconeri, il campionato lo vincono i bianconeri. Arrivare a fine aprile o agli inizi di maggio spalla a spalla con la Juve, significa che vince la squadra di Allegri. L\u2019avviso ai naviganti \u00e8 quindi \u201ctenetela pi\u00f9 lontano possibile\u00bb. Secondo Francesco repice ora si entra nella fase decisiva della stagione. \u00abL\u2019Inter \u00e8 chiamata adesso a dieci giorni cruciali \u2013 ha aggiunto Repice -, veramente cruciali. Se prende l\u2019abbrivio giusto ok, altrimenti con la Juventus l\u00ec dietro sarei sempre molto preoccupato\u00bb. La Juve si \u00e8 rinforzata con gli arrivi Vlahovic e Zakariira subito a sgeno domenica contro il Verona) e il radiocronista Rai la vede ora pi\u00f9 solida e pericolosa. \u00abLa Juve ha completato l\u2019organico con un centrocampista e un attaccante &#8211; ha continuato -, all\u2019inizio ha pagato un po\u2019 queste assenze. Non sono due acquisti da poco. Con loro credo abbia superato questi problemi\u00bb. E slla Roma, Repice ha aggiunto: \u00abSono contento che ci sia Mourinho &#8211; ha continuato &#8211; perch\u00e9 so che si far\u00e0 comprare giocatori forti ed eviter\u00e0 di far partire quelli pi\u00f9 bravi. Mi aspettavo la Roma dov\u2019\u00e8, qualcosa ha perso per strada forse non per colpa sua\u00bb. Il radiocronista di punta del calcio alla Rai, ciociaro di adozione, per scaramanzia ha preferito non fare pronostici sul cammino del Frosinone, di nuovo in lotta per il salto in Serie A, mentre ha toccato la questione Var senza risparmiare critiche. \u00abL\u2019introduzione di queste tecnologie &#8211; ha concluso \u2013 ha peggiorato la situazione. C\u2019\u00e8 una discontinuit\u00e0 di giudizio assolutamente intollerabile nel corso delle varie partire. Ancora non si \u00e8 capito quando si deve chiamare l\u2019intervento della tecnologia. Questi modi di gestire il pallone sono la rovina del pallone: stanno facendo perdere il senso del gioco, quello che \u00e8 sempre stato. Non vedevo proprio la necessit\u00f2 di cambiare le cose. Purtroppo \u2013 ha concluso &#8211; le hanno cambiate e in peggio\u00bb. <\/span><\/span><\/p>\n<p align=\"justify\">\n","protected":false},"excerpt":{"rendered":"<p>&nbsp; &nbsp; Il noto radiocronista Rai, che ha raccontato anche la finale degli Europei vinti dall\u2019Italia, \u00e8 stato ospite al [&hellip;]<\/p>\n","protected":false},"author":1,"featured_media":0,"comment_status":"open","ping_status":"open","sticky":false,"template":"","format":"standard","meta":{"footnotes":""},"categories":[3,10],"tags":[],"class_list":["post-20265","post","type-post","status-publish","format-standard","hentry","category-deportes","category-italiano"],"_links":{"self":[{"href":"https:\/\/www.ecoitaliano.com.ar\/index.php?rest_route=\/wp\/v2\/posts\/20265","targetHints":{"allow":["GET"]}}],"collection":[{"href":"https:\/\/www.ecoitaliano.com.ar\/index.php?rest_route=\/wp\/v2\/posts"}],"about":[{"href":"https:\/\/www.ecoitaliano.com.ar\/index.php?rest_route=\/wp\/v2\/types\/post"}],"author":[{"embeddable":true,"href":"https:\/\/www.ecoitaliano.com.ar\/index.php?rest_route=\/wp\/v2\/users\/1"}],"replies":[{"embeddable":true,"href":"https:\/\/www.ecoitaliano.com.ar\/index.php?rest_route=%2Fwp%2Fv2%2Fcomments&post=20265"}],"version-history":[{"count":0,"href":"https:\/\/www.ecoitaliano.com.ar\/index.php?rest_route=\/wp\/v2\/posts\/20265\/revisions"}],"wp:attachment":[{"href":"https:\/\/www.ecoitaliano.com.ar\/index.php?rest_route=%2Fwp%2Fv2%2Fmedia&parent=20265"}],"wp:term":[{"taxonomy":"category","embeddable":true,"href":"https:\/\/www.ecoitaliano.com.ar\/index.php?rest_route=%2Fwp%2Fv2%2Fcategories&post=20265"},{"taxonomy":"post_tag","embeddable":true,"href":"https:\/\/www.ecoitaliano.com.ar\/index.php?rest_route=%2Fwp%2Fv2%2Ftags&post=20265"}],"curies":[{"name":"wp","href":"https:\/\/api.w.org\/{rel}","templated":true}]}}