{"id":20270,"date":"2022-02-08T18:15:20","date_gmt":"2022-02-08T18:15:20","guid":{"rendered":"http:\/\/www.ecoitaliano.com.ar\/?p=20270"},"modified":"2022-02-08T18:15:20","modified_gmt":"2022-02-08T18:15:20","slug":"serena-conduce-operaclassica-eco-italiano-1269","status":"publish","type":"post","link":"https:\/\/www.ecoitaliano.com.ar\/?p=20270","title":{"rendered":"Serena conduce operaclassica eco italiano."},"content":{"rendered":"<p><a href=\"http:\/\/www.ecoitaliano.com.ar\/wp-content\/uploads\/2022\/02\/logo_teatro_lr.jpg\"><img decoding=\"async\" class=\"alignnone  wp-image-20190\" src=\"http:\/\/www.ecoitaliano.com.ar\/wp-content\/uploads\/2022\/02\/logo_teatro_lr.jpg\" alt=\"\" width=\"323\" height=\"250\" srcset=\"https:\/\/www.ecoitaliano.com.ar\/wp-content\/uploads\/2022\/02\/logo_teatro_lr.jpg 666w, https:\/\/www.ecoitaliano.com.ar\/wp-content\/uploads\/2022\/02\/logo_teatro_lr-300x232.jpg 300w, https:\/\/www.ecoitaliano.com.ar\/wp-content\/uploads\/2022\/02\/logo_teatro_lr-150x116.jpg 150w, https:\/\/www.ecoitaliano.com.ar\/wp-content\/uploads\/2022\/02\/logo_teatro_lr-400x311.jpg 400w\" sizes=\"(max-width: 323px) 100vw, 323px\" \/><\/a><\/p>\n<p><strong>COMUNICATO STAMPA<br \/>\n<\/strong>Modena, 8 febbraio 2022<\/p>\n<p><strong>\u00a0BALLETTO: IL LAGO DEI CIGNI DI ANGELIN PRELJOCAJ<br \/>\n<\/strong><em>Il balletto si vede a Modena dopo la prima nazionale dello scorso luglio a Spoleto<\/em><\/p>\n<p>Si terr\u00e0 domenica 13 febbraio 2022 alle 18 uno degli eventi pi\u00f9 attesi della rassegna di Danza al Teatro Comunale Pavarotti-Freni. In scena\u00a0<em>Il Lago dei cigni<\/em>, il pi\u00f9 popolare dei balletti classici, rivisitato nella versione contemporanea che uno dei maggiori coreografi di oggi, Angelin Preljocaj, ha creato in Francia per la sua compagnia. Lo spettacolo, che ha debuttato nel 2020 in residenza al Grand Th\u00e9\u00e2tre de Provence, arriva a Modena nel contesto di una grande tourn\u00e9e internazionale che lo ha visto ospite di palcoscenici quali l\u2019Op\u00e9ra Royal de Versailles, il Teatro Bolshoi di Mosca, la Maison de la danse di Lione e del Festival di Spoleto per la sua prima e unica data italiana lo scorso luglio. Star della Nouvelle Danse francese, Prejlocaj ha fondato la sua compagnia nel 1985. Le sue creazioni fanno il giro del mondo, con oltre 110 spettacoli all\u2019anno, e sono nel repertorio di prestigiose compagnie, con commissioni dal Ballet de l\u2019Op\u00e9ra National de Paris, dal Teatro alla Scala e dal New York City Ballet. Cavaliere della Legion d\u2019Onore e Ufficiale dell\u2019Ordine Nazionale del Merito, ha ricevuto prestigiosi premi, il \u201cGrand Prix National de la Danse\u201d dal Ministero della Cultura francese, il \u201cBenois de la Danza\u201d, il \u201cBessie Award\u201d e due riconoscimenti di eccellenza per altrettante rivisitazioni di soggetti classici: il \u201cVictoires de la Musique\u201d per\u00a0<em>Romeo e Giulietta<\/em>\u00a0nel 1997, il \u201cGlobe de Cristal\u201d per\u00a0<em>Biancaneve<\/em>\u00a0nel 2009. Sulla scia dell\u2019interesse e dell\u2019eccellenza nel balletto narrativo, Preljocaj presenta dunque un nuovo\u00a0<em>Lac des cygnes<\/em>\u00a0affiancando alla musica di P\u00ebtr Il\u2019i\u010d \u010cajkovskij nuovi arrangiamenti del collettivo 79D. L\u2019ambiente scenico contemporaneo, con l\u2019accento sull\u2019aspetto naturalistico, \u00e8 realizzato grazie ai bellissimi effetti video di Boris Labbe\u0301. Restando fedele alla struttura drammaturgica del libretto, Preljocaj riscrive completamente la coreografia di Marius Petipa e porta in scena, senza punte, la sua versione del mito del danzatore-cigno focalizzandosi sugli aspetti psicoanalitici dei personaggi ma con lo sguardo fisso all\u2019ecologia e al futuro. Una metropoli industriale, l\u2019acqua che sparisce a causa del riscaldamento globale, il cigno nero in via d\u2019estinzione, come ha dichiarato il coreografo: \u201cmi sono concentrato sulle due cose importanti del titolo: il lago e il cigno. E per come si \u00e8 evoluto il mondo, laghi e animali non se la passano bene. I laghi si prosciugano per il riscaldamento del Pianeta, l&#8217;acqua dovrebbe essere una risorsa naturale ma non tutti vi hanno accesso. Quanto al cigno, se penso ai nostri figli e ai figli dei nostri figli, forse non ne hanno mai visto uno. Ecco, questi temi, cos\u00ec come il nostro futuro, sono alla base del mio approccio al\u00a0<em>Lago dei cigni<\/em>\u201d. Sulle rive di un lago, Rothbart vuole sfruttare un giacimento di energia fossile. Una giovane ragazza, Odette, sembra sventare i suoi piani, lui la trasformer\u00e0 in un cigno. Altrove, a una festa, Siegfried va ad opporsi al padre che vuole unire le forze con Rothbart per costruire una fabbrica sulle rive del Lago dei Cigni\u2026<\/p>\n<p>Info\u00a0<a href=\"https:\/\/teatrocomunalemodena.voxmail.it\/nl\/pvop7w\/hmzac1\/j3iiyxi\/uf\/1\/aHR0cDovL3d3dy50ZWF0cm9jb211bmFsZW1vZGVuYS5pdA?_d=717&amp;_c=2f08e9d7\" target=\"_blank\" rel=\"noopener\">www.teatrocomunalemodena.it<\/a>. Tel 059 2033010. Biglietti da 10 a 30 euro salvo riduzioni.<\/p>\n<p>qui tutte le informazioni.\u00a0https:\/\/teatrocomunalemodena.it\/spettacolo\/ballet-preljocaj\/<\/p>\n<p><a href=\"http:\/\/www.ecoitaliano.com.ar\/wp-content\/uploads\/2022\/02\/1-1.jpg\"><img decoding=\"async\" class=\"alignnone size-full wp-image-20271\" src=\"http:\/\/www.ecoitaliano.com.ar\/wp-content\/uploads\/2022\/02\/1-1.jpg\" alt=\"\" width=\"1000\" height=\"692\" srcset=\"https:\/\/www.ecoitaliano.com.ar\/wp-content\/uploads\/2022\/02\/1-1.jpg 1000w, https:\/\/www.ecoitaliano.com.ar\/wp-content\/uploads\/2022\/02\/1-1-300x208.jpg 300w, https:\/\/www.ecoitaliano.com.ar\/wp-content\/uploads\/2022\/02\/1-1-768x531.jpg 768w, https:\/\/www.ecoitaliano.com.ar\/wp-content\/uploads\/2022\/02\/1-1-150x104.jpg 150w\" sizes=\"(max-width: 1000px) 100vw, 1000px\" \/><\/a> <a href=\"http:\/\/www.ecoitaliano.com.ar\/wp-content\/uploads\/2022\/02\/2-1.jpg\"><img decoding=\"async\" class=\"alignnone size-full wp-image-20272\" src=\"http:\/\/www.ecoitaliano.com.ar\/wp-content\/uploads\/2022\/02\/2-1.jpg\" alt=\"\" width=\"1000\" height=\"713\" srcset=\"https:\/\/www.ecoitaliano.com.ar\/wp-content\/uploads\/2022\/02\/2-1.jpg 1000w, https:\/\/www.ecoitaliano.com.ar\/wp-content\/uploads\/2022\/02\/2-1-300x214.jpg 300w, https:\/\/www.ecoitaliano.com.ar\/wp-content\/uploads\/2022\/02\/2-1-768x548.jpg 768w, https:\/\/www.ecoitaliano.com.ar\/wp-content\/uploads\/2022\/02\/2-1-150x107.jpg 150w\" sizes=\"(max-width: 1000px) 100vw, 1000px\" \/><\/a> <a href=\"http:\/\/www.ecoitaliano.com.ar\/wp-content\/uploads\/2022\/02\/3-1.jpg\"><img decoding=\"async\" class=\"alignnone size-full wp-image-20273\" src=\"http:\/\/www.ecoitaliano.com.ar\/wp-content\/uploads\/2022\/02\/3-1.jpg\" alt=\"\" width=\"999\" height=\"722\" srcset=\"https:\/\/www.ecoitaliano.com.ar\/wp-content\/uploads\/2022\/02\/3-1.jpg 999w, https:\/\/www.ecoitaliano.com.ar\/wp-content\/uploads\/2022\/02\/3-1-300x217.jpg 300w, https:\/\/www.ecoitaliano.com.ar\/wp-content\/uploads\/2022\/02\/3-1-768x555.jpg 768w, https:\/\/www.ecoitaliano.com.ar\/wp-content\/uploads\/2022\/02\/3-1-150x108.jpg 150w\" sizes=\"(max-width: 999px) 100vw, 999px\" \/><\/a> <a href=\"http:\/\/www.ecoitaliano.com.ar\/wp-content\/uploads\/2022\/02\/4-1.jpg\"><img decoding=\"async\" class=\"alignnone size-full wp-image-20274\" src=\"http:\/\/www.ecoitaliano.com.ar\/wp-content\/uploads\/2022\/02\/4-1.jpg\" alt=\"\" width=\"999\" height=\"711\" srcset=\"https:\/\/www.ecoitaliano.com.ar\/wp-content\/uploads\/2022\/02\/4-1.jpg 999w, https:\/\/www.ecoitaliano.com.ar\/wp-content\/uploads\/2022\/02\/4-1-300x214.jpg 300w, https:\/\/www.ecoitaliano.com.ar\/wp-content\/uploads\/2022\/02\/4-1-768x547.jpg 768w, https:\/\/www.ecoitaliano.com.ar\/wp-content\/uploads\/2022\/02\/4-1-150x107.jpg 150w\" sizes=\"(max-width: 999px) 100vw, 999px\" \/><\/a> <a href=\"http:\/\/www.ecoitaliano.com.ar\/wp-content\/uploads\/2022\/02\/5.jpg\"><img decoding=\"async\" class=\"alignnone size-full wp-image-20275\" src=\"http:\/\/www.ecoitaliano.com.ar\/wp-content\/uploads\/2022\/02\/5.jpg\" alt=\"\" width=\"999\" height=\"693\" srcset=\"https:\/\/www.ecoitaliano.com.ar\/wp-content\/uploads\/2022\/02\/5.jpg 999w, https:\/\/www.ecoitaliano.com.ar\/wp-content\/uploads\/2022\/02\/5-300x208.jpg 300w, https:\/\/www.ecoitaliano.com.ar\/wp-content\/uploads\/2022\/02\/5-768x533.jpg 768w, https:\/\/www.ecoitaliano.com.ar\/wp-content\/uploads\/2022\/02\/5-150x104.jpg 150w\" sizes=\"(max-width: 999px) 100vw, 999px\" \/><\/a><\/p>\n<p>&nbsp;<\/p>\n","protected":false},"excerpt":{"rendered":"<p>COMUNICATO STAMPA Modena, 8 febbraio 2022 \u00a0BALLETTO: IL LAGO DEI CIGNI DI ANGELIN PRELJOCAJ Il balletto si vede a Modena [&hellip;]<\/p>\n","protected":false},"author":1,"featured_media":0,"comment_status":"open","ping_status":"open","sticky":false,"template":"","format":"standard","meta":{"footnotes":""},"categories":[1],"tags":[],"class_list":["post-20270","post","type-post","status-publish","format-standard","hentry","category-sin-categoria"],"_links":{"self":[{"href":"https:\/\/www.ecoitaliano.com.ar\/index.php?rest_route=\/wp\/v2\/posts\/20270","targetHints":{"allow":["GET"]}}],"collection":[{"href":"https:\/\/www.ecoitaliano.com.ar\/index.php?rest_route=\/wp\/v2\/posts"}],"about":[{"href":"https:\/\/www.ecoitaliano.com.ar\/index.php?rest_route=\/wp\/v2\/types\/post"}],"author":[{"embeddable":true,"href":"https:\/\/www.ecoitaliano.com.ar\/index.php?rest_route=\/wp\/v2\/users\/1"}],"replies":[{"embeddable":true,"href":"https:\/\/www.ecoitaliano.com.ar\/index.php?rest_route=%2Fwp%2Fv2%2Fcomments&post=20270"}],"version-history":[{"count":0,"href":"https:\/\/www.ecoitaliano.com.ar\/index.php?rest_route=\/wp\/v2\/posts\/20270\/revisions"}],"wp:attachment":[{"href":"https:\/\/www.ecoitaliano.com.ar\/index.php?rest_route=%2Fwp%2Fv2%2Fmedia&parent=20270"}],"wp:term":[{"taxonomy":"category","embeddable":true,"href":"https:\/\/www.ecoitaliano.com.ar\/index.php?rest_route=%2Fwp%2Fv2%2Fcategories&post=20270"},{"taxonomy":"post_tag","embeddable":true,"href":"https:\/\/www.ecoitaliano.com.ar\/index.php?rest_route=%2Fwp%2Fv2%2Ftags&post=20270"}],"curies":[{"name":"wp","href":"https:\/\/api.w.org\/{rel}","templated":true}]}}