{"id":20283,"date":"2022-02-08T22:57:48","date_gmt":"2022-02-08T22:57:48","guid":{"rendered":"http:\/\/www.ecoitaliano.com.ar\/?p=20283"},"modified":"2022-02-08T22:57:48","modified_gmt":"2022-02-08T22:57:48","slug":"la-scomparsa-di-gianluca-floris-di-giorgio-girelli","status":"publish","type":"post","link":"https:\/\/www.ecoitaliano.com.ar\/?p=20283","title":{"rendered":"LA SCOMPARSA\u00a0 DI GIANLUCA FLORIS di Giorgio Girelli"},"content":{"rendered":"<div id='gallery-1' class='gallery galleryid-20283 gallery-columns-3 gallery-size-thumbnail'><figure class='gallery-item'>\n\t\t\t<div class='gallery-icon portrait'>\n\t\t\t\t<a href='https:\/\/www.ecoitaliano.com.ar\/?attachment_id=20286'><img decoding=\"async\" width=\"150\" height=\"150\" src=\"https:\/\/www.ecoitaliano.com.ar\/wp-content\/uploads\/2022\/02\/Foto-G_opt-150x150.jpg\" class=\"attachment-thumbnail size-thumbnail\" alt=\"\" \/><\/a>\n\t\t\t<\/div><\/figure><figure class='gallery-item'>\n\t\t\t<div class='gallery-icon landscape'>\n\t\t\t\t<a href='https:\/\/www.ecoitaliano.com.ar\/?attachment_id=20287'><img decoding=\"async\" width=\"150\" height=\"150\" src=\"https:\/\/www.ecoitaliano.com.ar\/wp-content\/uploads\/2022\/02\/CONFERENZA-PRESIDENTI-CONSERVATORI-1-150x150.jpg\" class=\"attachment-thumbnail size-thumbnail\" alt=\"\" \/><\/a>\n\t\t\t<\/div><\/figure>\n\t\t<\/div>\n\n<p align=\"center\"><span style=\"color: #222222;\"><span style=\"font-family: Arial, serif;\"><span style=\"font-size: xx-large;\"><b>LA SCOMPARSA\u00a0 DI GIANLUCA FLORIS<\/b><\/span><\/span><\/span><\/p>\n<p align=\"center\"><span style=\"font-family: Arial, serif;\"><span style=\"font-size: medium;\"><b>di Giorgio Girelli *<\/b><\/span><\/span><\/p>\n<p align=\"justify\"><span style=\"font-family: Arial, serif;\"><span style=\"font-size: large;\">E\u2019 prematuramente mancato il tenore Gianluca Floris, gi\u00e0 presidente della Conferenza Nazionale dei Conservatori di Musica italiani nonch\u00e9, per sei anni, del conservatorio \u201cPierluigi da Palestrina\u201d di Cagliari. <\/span><\/span><\/p>\n<p align=\"justify\"><span style=\"color: #333333;\"><span style=\"font-family: Arial, serif;\"><span style=\"font-size: large;\">Nato nel 1964, lascia la moglie Stefania Medda, sposata nel 1999, con cui condivideva la passione per il cinema, che ha coltivato nello Spazio Odissea. In questi incarchi Floris affront\u00f2 con<\/span><\/span><\/span> <span style=\"font-family: Arial, serif;\"><span style=\"font-size: large;\">passione ed equilibrio i gravi i problemi dell&#8217;Alta Formazione Artistica e Musicale (AFAM) facenti capo al Ministero della Universit\u00e0 e ricerca, referente governativo per il settore.\u00a0Attualmente rivestiva la carica di<\/span><\/span><span style=\"color: #333333;\"><span style=\"font-family: Arial, serif;\"><span style=\"font-size: large;\"> presidente di <\/span><\/span><\/span><span style=\"color: #333333;\"><span style=\"font-family: Arial, serif;\"><span style=\"font-size: large;\">\u201c<\/span><\/span><\/span><span style=\"color: #333333;\"><span style=\"font-family: Arial, serif;\"><span style=\"font-size: large;\">Assolirica\u201d, l\u2019associazione che riunisce gli artisti che lavorano in ambito lirico<\/span><\/span><\/span><span style=\"color: #333333;\"><span style=\"font-family: Arial, serif;\"><span style=\"font-size: x-large;\">.<\/span><\/span><\/span><span style=\"color: #333333;\"><span style=\"font-family: Arial, serif;\"><span style=\"font-size: large;\"> \u201cScoperto\u201d da Luciano Pavarotti \u201cFloris nella sua carriera ha operato in tutte le quattordici fondazioni lirico-sinfoniche italiane e nelle\u00a0<\/span><\/span><\/span><span style=\"font-family: Arial, serif;\"><span style=\"font-size: large;\"><i><span style=\"color: #333333;\">opera house\u00a0<\/span><\/i><\/span><\/span><span style=\"color: #333333;\"><span style=\"font-family: Arial, serif;\"><span style=\"font-size: large;\">europee e giapponesi.<\/span><\/span><\/span><\/p>\n<p align=\"justify\"><span style=\"font-family: Arial, serif;\"><span style=\"font-size: large;\">Annovera al suo attivo numerose parti da solista in pi\u00f9 di sessanta titoli. Ed \u00e8 stato protagonista in Traviata, Macbeth, Madama Butterfly, nonch\u00e8 nel Requiem di Verdi e nell\u2019Ermione e nell\u2019Otello di Rossini\u201d. Il suo profilo evidenzia che ha avuto continuit\u00e0 di impegno con i pi\u00f9 acclamati direttori d\u2019orchestra degli ultimi decenni come, tra gli altri, Yuri Aaronovic, Zubin Metha, Gustrav Kuhn, Daniel Oren, Iuri Temirkanov, Daniele Gatti, Donato Renzetti, Jonathan Webb, Renato Palumbo, Michele Mariotti, Lorin Maazel<\/span><\/span><span style=\"font-family: Arial, serif;\"><span style=\"font-size: medium;\">.<\/span><\/span><\/p>\n<p align=\"justify\"><span style=\"font-family: Arial, serif;\"><span style=\"font-size: large;\">Personaggio eclettico, gestiva\u00a0con tratto signorile e competenza tutti i suoi contatti, segnalandosi anche come apprezzato scrittore.<\/span><\/span><span style=\"color: #333333;\"><span style=\"font-family: Arial, serif;\"><span style=\"font-size: large;\"> Oltre a brevi racconti, ha pubblicato romanzi con case editrici locali e nazionali. Tra i suoi titoli si possono ricordare i romanzi \u201cI maestri cantori\u201d (Nuoro, Il Maestrale, 2000), \u201cLa preda\u201d (Milano, Mondadori 2006), \u201cL\u2019inferno peggiore\u201d (Milano, Piemme 2009).\u201d <\/span><\/span><\/span><span style=\"font-family: Arial, serif;\"><span style=\"font-size: large;\">Con il fotografo internazionale Antonio Saba, ha curato la mostra fotografico-testuale \u201cTokyo Landscape\u201d, che ha<\/span><\/span> <span style=\"font-family: Arial, serif;\"><span style=\"font-size: large;\">debuttato nel 2010 al Museo Bilotti di Roma (Villa Borghese) come evento ospite del FilmFest di Roma. Nel suo curriculum sono pure presenti significative esperienze di regista lirico: esord\u00ec nella stagione del Teatro Verdi di Pisa con i due atti unici \u201cZanetto\u201d di Pietro Mascagni e \u201cMozart e Salieri\u201d di Rimskij Korsakov. Stage director nel 2012 del \u201cFlauto Magico\u201d di Mozart nella produzione di Davide Livermore (regia) per la Stavanger Simphony Orchestra diretta da Fabio Biondi, cur\u00f2 la regia di \u201cLe nozze di Figaro\u201d per i workshop della Showa University di Kawasaki \u2013 Tokyo. Nel 2012 e nel 2013 \u00e8 stato aiuto regista di Davide Livermore nelle serate inaugurali del Rossini Opera Festival a Pesaro rispettivamente con \u201cCiro in Babilonia\u201d e \u201cL\u2019italiana in Algeri\u201d. La Scuola del Teatro Stabile di Torino gli affidato l\u2019incarico di docente di interpretazione e regia <\/span><\/span><span style=\"font-family: Arial, serif;\"><span style=\"font-size: large;\">.<\/span><\/span> <span style=\"color: #333333;\"><span style=\"font-family: Arial, serif;\"><span style=\"font-size: large;\">Ha frequentato molto l\u2019Estremo Oriente negli ultimi anni. La Cina, in particolare, dove ha collaborato alla progettazione del nuovo Teatro dell\u2019Opera di Binhai New City<\/span><\/span><\/span> <span style=\"font-family: Arial, serif;\"><span style=\"font-size: large;\">\u2013 <\/span><\/span><span style=\"font-family: Arial, serif;\"><span style=\"font-size: large;\">Ningbo \u2013 Shanghai <\/span><\/span><span style=\"font-family: Arial, serif;\"><span style=\"font-size: large;\">.<\/span><\/span><\/p>\n<p align=\"justify\"><span style=\"color: #333333;\"><span style=\"font-family: Arial, serif;\"><span style=\"font-size: large;\">Ma soprattutto per Cagliari, la sua amata citt\u00e0, si \u00e8 intensamente speso quale animatore culturale. E\u2019 stato portatore di idee sue, originali\u00a0 e le polemiche\u00a0\u00a0che\u00a0potevano scaturirne\u00a0 non erano mai scomposte. Le sue argomentazioni, esposte sul\u00a0<\/span><\/span><\/span><span style=\"font-family: Arial, serif;\"><span style=\"font-size: large;\">\u00a0<\/span><\/span><span style=\"font-size: large;\"><u><span style=\"font-family: Arial, serif;\"><a href=\"https:\/\/costruiresumacerie.org\/\" target=\"_blank\" rel=\"noopener\">blog \u201cCostruiresumacerie<\/a>\u201d<\/span><\/u><\/span><span style=\"color: #333333;\"><span style=\"font-family: Arial, serif;\"><span style=\"font-size: large;\">\u00a0e<\/span><\/span><\/span><span style=\"font-family: Arial, serif;\"><span style=\"font-size: large;\">\u00a0\u201c<\/span><\/span><span style=\"font-family: Arial, serif;\"><span style=\"font-size: large;\"><u><a href=\"https:\/\/florissensei.wordpress.com\/\" target=\"_blank\" rel=\"noopener\">Florissensei<\/a><\/u><\/span><\/span><span style=\"font-family: Arial, serif;\"><span style=\"font-size: large;\">\u201d<\/span><\/span><span style=\"color: #333333;\"><span style=\"font-family: Arial, serif;\"><span style=\"font-size: large;\">, e sui social (il suo ultimo post su Facebook riguarda \u201cCosa succede quando si muore? Le 26 lezioni del filosofo Shelly Kagan\u201d)\u00a0 avevano il pregio raro di indurre alla riflessione.\u00a0\u00a0<\/span><\/span><\/span><span style=\"font-family: Arial, serif;\"><span style=\"font-size: large;\">Mario Gottardi su \u201cNemesis\u201d ha rilevato che Cagliari perde un intellettuale di alto\u00a0livello. In realt\u00e0 la sua prematura scomparsa\u00a0impoverisce\u00a0l&#8217;AFAM, la lirica e la cultura italiane.<\/span><\/span><\/p>\n<p><span style=\"color: #222222;\"><span style=\"font-family: Arial, serif;\"><span style=\"font-size: medium;\"><i>* Presidente Emerito Conservatorio<\/i><\/span><\/span><\/span><\/p>\n<p><span style=\"color: #222222;\"><span style=\"font-family: Arial, serif;\"><span style=\"font-size: medium;\"><i>Statale di Musica \u201cG. Rossini\u201d &#8211; Italy<\/i><\/span><\/span><\/span><\/p>\n<p><span style=\"color: #222222;\"><span style=\"font-family: Arial, serif;\"><span style=\"font-size: medium;\"><i>Segretario Generale Conferenza Nazionale<\/i><\/span><\/span><\/span><\/p>\n<p><span style=\"color: #222222;\"><span style=\"font-family: Arial, serif;\"><span style=\"font-size: medium;\"><i>Presidenti<\/i><\/span><\/span><\/span><span style=\"color: #222222;\"><span style=\"font-family: Calibri, serif;\"><span style=\"font-size: medium;\">\u00a0\u00a0<\/span><\/span><\/span><span style=\"color: #222222;\"><span style=\"font-family: Arial, serif;\"><span style=\"font-size: medium;\"><i>Conservatori\u00a0Italiani di Musica<\/i><\/span><\/span><\/span><\/p>\n<p>&nbsp;<\/p>\n<p>&nbsp;<\/p>\n","protected":false},"excerpt":{"rendered":"<p>LA SCOMPARSA\u00a0 DI GIANLUCA FLORIS di Giorgio Girelli * E\u2019 prematuramente mancato il tenore Gianluca Floris, gi\u00e0 presidente della Conferenza [&hellip;]<\/p>\n","protected":false},"author":1,"featured_media":0,"comment_status":"open","ping_status":"open","sticky":false,"template":"","format":"standard","meta":{"footnotes":""},"categories":[43,10],"tags":[],"class_list":["post-20283","post","type-post","status-publish","format-standard","hentry","category-historias","category-italiano"],"_links":{"self":[{"href":"https:\/\/www.ecoitaliano.com.ar\/index.php?rest_route=\/wp\/v2\/posts\/20283","targetHints":{"allow":["GET"]}}],"collection":[{"href":"https:\/\/www.ecoitaliano.com.ar\/index.php?rest_route=\/wp\/v2\/posts"}],"about":[{"href":"https:\/\/www.ecoitaliano.com.ar\/index.php?rest_route=\/wp\/v2\/types\/post"}],"author":[{"embeddable":true,"href":"https:\/\/www.ecoitaliano.com.ar\/index.php?rest_route=\/wp\/v2\/users\/1"}],"replies":[{"embeddable":true,"href":"https:\/\/www.ecoitaliano.com.ar\/index.php?rest_route=%2Fwp%2Fv2%2Fcomments&post=20283"}],"version-history":[{"count":0,"href":"https:\/\/www.ecoitaliano.com.ar\/index.php?rest_route=\/wp\/v2\/posts\/20283\/revisions"}],"wp:attachment":[{"href":"https:\/\/www.ecoitaliano.com.ar\/index.php?rest_route=%2Fwp%2Fv2%2Fmedia&parent=20283"}],"wp:term":[{"taxonomy":"category","embeddable":true,"href":"https:\/\/www.ecoitaliano.com.ar\/index.php?rest_route=%2Fwp%2Fv2%2Fcategories&post=20283"},{"taxonomy":"post_tag","embeddable":true,"href":"https:\/\/www.ecoitaliano.com.ar\/index.php?rest_route=%2Fwp%2Fv2%2Ftags&post=20283"}],"curies":[{"name":"wp","href":"https:\/\/api.w.org\/{rel}","templated":true}]}}