{"id":20289,"date":"2022-02-08T22:59:36","date_gmt":"2022-02-08T22:59:36","guid":{"rendered":"http:\/\/www.ecoitaliano.com.ar\/?p=20289"},"modified":"2022-02-08T23:00:14","modified_gmt":"2022-02-08T23:00:14","slug":"%e2%80%8a-premio-federico-maggia-2022-image-%e2%80%8a-premio-federico-maggia-2022-tutte-le-novita-dellottava-edizione-%e2%80%8a-biella-1-febbraio-2022-lottava-edizione","status":"publish","type":"post","link":"https:\/\/www.ecoitaliano.com.ar\/?p=20289","title":{"rendered":"Premio Federico Maggia 2022"},"content":{"rendered":"<table role=\"presentation\" border=\"0\" width=\"100%\" cellspacing=\"0\" cellpadding=\"0\" align=\"center\">\n<tbody>\n<tr>\n<td>\n<table class=\"m_1925277694311111929row-content m_1925277694311111929stack\" role=\"presentation\" border=\"0\" width=\"600\" cellspacing=\"0\" cellpadding=\"0\" align=\"center\">\n<tbody>\n<tr>\n<td class=\"m_1925277694311111929column\" width=\"100%\">\n<table role=\"presentation\" border=\"0\" width=\"100%\" cellspacing=\"0\" cellpadding=\"10\">\n<tbody>\n<tr>\n<td>\n<div align=\"center\">\n<table role=\"presentation\" border=\"0\" width=\"100%\" cellspacing=\"0\" cellpadding=\"0\">\n<tbody>\n<tr>\n<td><\/td>\n<\/tr>\n<\/tbody>\n<\/table>\n<\/div>\n<\/td>\n<\/tr>\n<\/tbody>\n<\/table>\n<\/td>\n<\/tr>\n<\/tbody>\n<\/table>\n<\/td>\n<\/tr>\n<\/tbody>\n<\/table>\n<table role=\"presentation\" border=\"0\" width=\"100%\" cellspacing=\"0\" cellpadding=\"0\" align=\"center\">\n<tbody>\n<tr>\n<td>\n<table class=\"m_1925277694311111929row-content m_1925277694311111929stack\" role=\"presentation\" border=\"0\" width=\"600\" cellspacing=\"0\" cellpadding=\"0\" align=\"center\">\n<tbody>\n<tr>\n<td class=\"m_1925277694311111929column\" width=\"66.66666666666667%\">\n<table role=\"presentation\" border=\"0\" width=\"100%\" cellspacing=\"0\" cellpadding=\"10\">\n<tbody>\n<tr>\n<td>\n<div>\n<div>\n<p>PREMIO<\/p>\n<p>FEDERICO MAGGIA 2022<\/p>\n<\/div>\n<\/div>\n<\/td>\n<\/tr>\n<\/tbody>\n<\/table>\n<\/td>\n<td class=\"m_1925277694311111929column\" width=\"33.333333333333336%\">\n<table role=\"presentation\" border=\"0\" width=\"100%\" cellspacing=\"0\" cellpadding=\"0\">\n<tbody>\n<tr>\n<td>\n<div align=\"center\"><img decoding=\"async\" class=\"CToWUd a6T\" tabindex=\"0\" title=\"Image\" src=\"https:\/\/ci4.googleusercontent.com\/proxy\/hTsYA-766xaPa9hWQFxz8oOktzQ7FOyObeHuAdjNSzH8MV-DlG4H8ZNDJ6NHyJ16jnVDkpRpIl8DaqOLI1wXclXVS5XPHsIXUi2i0feY6d-SMQmtlz7meBtRSHo=s0-d-e1-ft#https:\/\/customer49009.img.musvc2.net\/static\/49009\/images\/1\/PFM%202022.png\" alt=\"Image\" width=\"180\" \/><\/div>\n<\/td>\n<\/tr>\n<\/tbody>\n<\/table>\n<\/td>\n<\/tr>\n<\/tbody>\n<\/table>\n<\/td>\n<\/tr>\n<\/tbody>\n<\/table>\n<table role=\"presentation\" border=\"0\" width=\"100%\" cellspacing=\"0\" cellpadding=\"0\" align=\"center\">\n<tbody>\n<tr>\n<td>\n<table class=\"m_1925277694311111929row-content m_1925277694311111929stack\" role=\"presentation\" border=\"0\" width=\"600\" cellspacing=\"0\" cellpadding=\"0\" align=\"center\">\n<tbody>\n<tr>\n<td class=\"m_1925277694311111929column\" width=\"100%\">\n<table role=\"presentation\" border=\"0\" width=\"100%\" cellspacing=\"0\" cellpadding=\"10\">\n<tbody>\n<tr>\n<td>\n<div align=\"center\">\n<table role=\"presentation\" border=\"0\" width=\"100%\" cellspacing=\"0\" cellpadding=\"0\">\n<tbody>\n<tr>\n<td><\/td>\n<\/tr>\n<\/tbody>\n<\/table>\n<\/div>\n<\/td>\n<\/tr>\n<\/tbody>\n<\/table>\n<table role=\"presentation\" border=\"0\" width=\"100%\" cellspacing=\"0\" cellpadding=\"0\">\n<tbody>\n<tr>\n<td>\n<div>\n<div>\n<p dir=\"ltr\"><strong>PREMIO FEDERICO MAGGIA 2022: TUTTE LE NOVIT\u00c0 DELL\u2019OTTAVA EDIZIONE<\/strong><\/p>\n<p dir=\"ltr\">\n<\/div>\n<\/div>\n<\/td>\n<\/tr>\n<\/tbody>\n<\/table>\n<table role=\"presentation\" border=\"0\" width=\"100%\" cellspacing=\"0\" cellpadding=\"10\">\n<tbody>\n<tr>\n<td>\n<div align=\"center\">\n<table role=\"presentation\" border=\"0\" width=\"100%\" cellspacing=\"0\" cellpadding=\"0\">\n<tbody>\n<tr>\n<td><\/td>\n<\/tr>\n<\/tbody>\n<\/table>\n<\/div>\n<\/td>\n<\/tr>\n<\/tbody>\n<\/table>\n<\/td>\n<\/tr>\n<\/tbody>\n<\/table>\n<\/td>\n<\/tr>\n<\/tbody>\n<\/table>\n<table role=\"presentation\" border=\"0\" width=\"100%\" cellspacing=\"0\" cellpadding=\"0\" align=\"center\">\n<tbody>\n<tr>\n<td>\n<table class=\"m_1925277694311111929row-content m_1925277694311111929stack\" role=\"presentation\" border=\"0\" width=\"600\" cellspacing=\"0\" cellpadding=\"0\" align=\"center\">\n<tbody>\n<tr>\n<td class=\"m_1925277694311111929column\" width=\"100%\">\n<table role=\"presentation\" border=\"0\" width=\"100%\" cellspacing=\"0\" cellpadding=\"0\">\n<tbody>\n<tr>\n<td>\n<div>\n<div>\n<p dir=\"ltr\"><strong>Biella, 1 Febbraio 2022.\u00a0<\/strong><\/p>\n<p dir=\"ltr\">L\u2019ottava edizione del <strong>Premio Biennale di Architettura Federico Maggia<\/strong>, bandito da <strong>Fondazione Sella con gli Ordini degli Architetti e degli Ingegneri di Biella<\/strong>, inaugura una fase di forte rinnovamento.<\/p>\n<p dir=\"ltr\">Dopo le prime edizioni a scala locale e tre edizioni, 2013\/2015\/2019, che si sono allargate al territorio nazionale, il Premio, su impulso del nuovo comitato di Gestione, avvia un progetto a lungo termine che si svilupper\u00e0 su tre edizioni, <strong>dal 2022 al 2026<\/strong>, con l\u2019obiettivo di dare un apporto utile e incisivo alla <strong>riconversione culturale e produttiva del Biellese<\/strong>, proponendo temi coerenti al territorio che ne evidenzino e rafforzino l\u2019identit\u00e0.<\/p>\n<p>&nbsp;<\/p>\n<p dir=\"ltr\">Il comitato di Gestione del Premio \u00e8 composto da <strong>Francesca Chiorino<\/strong>, architetto e redattrice di Casabella, <strong>Marco Francescon<\/strong>, ingegnere ed ex presidente dell\u2019Ordine degli Ingegneri di Biella, <strong>Alessandra Pivato<\/strong>, veneta di origine, manager culturale, ex presidente del Comitato di gestione del Premio Campiello Letteratura, <strong>Alberto Pomaro<\/strong>, architetto e delegato Inarcassa Biella, Andrea Rolando, ingegnere e professore ordinario presso il Dipartimento di Architettura e Studi Urbani del Politecnico di Milano.<\/p>\n<p>&nbsp;<\/p>\n<p dir=\"ltr\"><strong>Francesca Chiorin<\/strong>o, presidente del Comitato, racconta le principali innovazioni dell\u2019ottava edizione del Premio Federico Maggia: \u201c<em>Il tema di quest\u2019anno riguarda l\u2019educazione diffusa, la conoscenza, l\u2019apprendimento attraverso il territorio. In anni complessi di chiusura e formazione a distanza, si avverte fortemente la necessit\u00e0 di riavvicinare i cittadini di ogni et\u00e0 ai propri territori, creando situazioni per conoscerlo e apprezzarlo, progettando soluzioni e spazi di formazione facilmente fruibili e utilizzabili da tutti, in luoghi densi di storia e di identit\u00e0. I giovani progettisti saranno impegnati a realizzare, in autocostruzione, piccoli manufatti architettonici che fungeranno da lenti di ingrandimento per far conoscere Biella a noi che ne siamo parte e a tutti coloro che la avvicinano<\/em>\u201d.<\/p>\n<p>&nbsp;<\/p>\n<p dir=\"ltr\">A supporto dello svolgimento del tema, sono state avviate collaborazioni mirate con tre istituzioni che operano specificamente\u00a0 nell\u2019ambito educativo e formativo: <strong>Fondazione Agnelli, Casabella Formazione e Cittadellarte Fondazione Pistoletto.\u00a0<\/strong><\/p>\n<p>&nbsp;<\/p>\n<p dir=\"ltr\">\u201c<em>L\u2019incontro tra Fondazione Agnelli e Premio Federico Maggia 2022 si \u00e8 concretizzato attorno ad alcune assonanze fra il tema dell\u2019anno e l\u2019esperienza della Fondazione nel campo degli ambienti di apprendimento, in particolare: accendere i riflettori sugli spazi dell\u2019educazione, promuoverne una qualit\u00e0 diffusa, valorizzando le ricadute territoriali e coinvolgendo giovani progettisti nel loro ripensamento<\/em>\u201d, racconta <strong>Raffaella Valente<\/strong> dell\u2019area <strong>Comunicazione, Ricerche e progetti\/Education di Fondazione Agnelli.<\/strong><\/p>\n<p>&nbsp;<\/p>\n<p dir=\"ltr\"><strong>Paolo Naldini<\/strong>, direttore di <strong>Cittadellarte &#8211; Fondazione Pistoletto <\/strong>racconta invece: \u00ab<em>Abbiamo accompagnato il Premio Maggia in diverse occasioni in passato e quest&#8217;anno siamo particolarmente felici di questa rinnovata collaborazione, di questo ponte sul torrente che per noi rappresenta un&#8217;importante manifestazione della connessione che pu\u00f2 attuare la sinergia tra soggetti diversi dello sviluppo sostenibile e della prosperit\u00e0 del nostro territorio.<\/em><\/p>\n<p dir=\"ltr\"><em>Il Premio Maggia \u00e8 rivolto a giovani progettisti che impegnano la loro creativit\u00e0 nell&#8217;ideazione e realizzazione di interventi nello spazio in cui viviamo. Oggi \u00e8 quanto mai importante riprogettare il modo in cui viviamo e conviviamo gli uni con gli altri, con il pianeta e le sue esigenze. Per questi motivi la collaborazione con Fondazione Sella \u00e8 un ulteriore tassello, o tessera, di un mosaico che sta prendendo forma davanti a noi grazie alla concreta partecipazione di tanti attori impegnati nel ridisegnare il nostro territorio<\/em>\u00ab.<\/p>\n<p dir=\"ltr\"><strong>Casabella Formazione<\/strong>, progetto fondato dalla storica rivista di architettura Casabella, diretta da Francesco Dal Co, e ProViaggiArchitettura, societ\u00e0 specializzata nella progettazione di itinerari di architettura, \u201c<em>collabora con il Premio Federico Maggia perch\u00e9 crede molto nelle potenzialit\u00e0 dei giovani architetti italiani e nell&#8217;opportunit\u00e0 che il Premio pu\u00f2 fornire loro in termini di ricerca progettuale e visibilit\u00e0<\/em>\u201d, afferma <strong>Roberto Bosi, direttore di Casabella Formazione<\/strong>. \u00ab<em>Nel 2020 e 2021 Casabella Formazione ha infatti organizzato un ciclo di webinar dedicato alle nuove generazioni di architetti a cui hanno partecipato, tra gli altri, diversi studi italiani emergenti che agli inizi della loro carriera hanno partecipato al Premio Federico Maggia come AMAA, Errante Architetture e Orizzontale<\/em>\u00ab.<\/p>\n<p>Conclude <strong>Francesca Chiorino<\/strong>: \u201c<em>La sfida di questa edizione \u00e8 alta: non \u00e8 facile declinare propriamente l\u2019argomento della formazione con la valorizzazione del territorio e con le nuove ricerche progettuali di giovani progettisti. Ringrazio le tre istituzioni dell\u2019importante contributo di indirizzo che ci stanno offrendo per una corretta interpretazione del tema. La loro presenza aggiunge prestigio e autorevolezza al nostro concorso<\/em>\u201d.<\/p>\n<\/div>\n<\/div>\n<\/td>\n<\/tr>\n<\/tbody>\n<\/table>\n<table role=\"presentation\" border=\"0\" width=\"100%\" cellspacing=\"0\" cellpadding=\"10\">\n<tbody>\n<tr>\n<td>\n<div align=\"center\">\n<table role=\"presentation\" border=\"0\" width=\"100%\" cellspacing=\"0\" cellpadding=\"0\">\n<tbody>\n<tr>\n<td><\/td>\n<\/tr>\n<\/tbody>\n<\/table>\n<\/div>\n<\/td>\n<\/tr>\n<\/tbody>\n<\/table>\n<table role=\"presentation\" border=\"0\" width=\"100%\" cellspacing=\"0\" cellpadding=\"0\">\n<tbody>\n<tr>\n<td>\n<div>\n<div>\n<p><strong>Calendario<\/strong><\/p>\n<p><strong>10 gennaio<\/strong>: pubblicazione del bando<\/p>\n<p><strong>18 gennaio-11 febbraio<\/strong>: inoltro quesiti via mail<\/p>\n<p><strong>18 febbraio<\/strong>: termine per le candidature<\/p>\n<p><strong>28 febbraio<\/strong>: pubblicazione dei 10 finalisti<\/p>\n<p><strong>11 marzo<\/strong>: presentazione dei finalisti e delle aree di intervento, sorteggio e sopralluoghi<\/p>\n<p><strong>9-27 maggio<\/strong>: realizzazione manufatti<\/p>\n<p><strong>16 giugno<\/strong>: proclamazione del vincitore, presentazione del catalogo e inaugurazione della mostra<\/p>\n<p><strong>31 luglio<\/strong>: chiusura della mostra e ripristino dello stato dei luoghi.<\/p>\n<\/div>\n<\/div>\n<\/td>\n<\/tr>\n<\/tbody>\n<\/table>\n<\/td>\n<\/tr>\n<\/tbody>\n<\/table>\n<\/td>\n<\/tr>\n<\/tbody>\n<\/table>\n<table role=\"presentation\" border=\"0\" width=\"100%\" cellspacing=\"0\" cellpadding=\"0\" align=\"center\">\n<tbody>\n<tr>\n<td>\n<table class=\"m_1925277694311111929row-content m_1925277694311111929stack\" role=\"presentation\" border=\"0\" width=\"600\" cellspacing=\"0\" cellpadding=\"0\" align=\"center\">\n<tbody>\n<tr>\n<td class=\"m_1925277694311111929column\" width=\"100%\">\n<table role=\"presentation\" border=\"0\" width=\"100%\" cellspacing=\"0\" cellpadding=\"10\">\n<tbody>\n<tr>\n<td>\n<div align=\"center\">\n<table role=\"presentation\" border=\"0\" width=\"100%\" cellspacing=\"0\" cellpadding=\"0\">\n<tbody>\n<tr>\n<td><\/td>\n<\/tr>\n<\/tbody>\n<\/table>\n<\/div>\n<\/td>\n<\/tr>\n<\/tbody>\n<\/table>\n<\/td>\n<\/tr>\n<\/tbody>\n<\/table>\n<\/td>\n<\/tr>\n<\/tbody>\n<\/table>\n<table role=\"presentation\" border=\"0\" width=\"100%\" cellspacing=\"0\" cellpadding=\"0\" align=\"center\">\n<tbody>\n<tr>\n<td>\n<table class=\"m_1925277694311111929row-content m_1925277694311111929stack\" role=\"presentation\" border=\"0\" width=\"600\" cellspacing=\"0\" cellpadding=\"0\" align=\"center\">\n<tbody>\n<tr>\n<td class=\"m_1925277694311111929column\" width=\"50%\">\n<table role=\"presentation\" border=\"0\" width=\"100%\" cellspacing=\"0\" cellpadding=\"0\">\n<tbody>\n<tr>\n<td>\n<div>\n<div>\n<p><strong><a href=\"https:\/\/customer49009.musvc2.net\/e\/t?q=4%3dBeOaG%26H%3dF%26E%3dDaO%26F%3dFXGZC%26Q%3dwK2L8_IYye_Ti_NftX_Xu_IYye_Sn0704A.vFwC16.kK2_IYye_Sn0704A_7rav_G7nK15mN8_IYye_SnWz8wA3XA2i7pFCE3IDSPuVixMryH0aXtnUFdT_7rav_H73O5_IYye_TlOw2zE38%26l%3dI0J49G.EmP%26xJ%3dFWFZ&amp;mupckp=mupAtu4m8OiX0wt\" target=\"_blank\" rel=\"noopener\" data-saferedirecturl=\"https:\/\/www.google.com\/url?q=https:\/\/customer49009.musvc2.net\/e\/t?q%3D4%253dBeOaG%2526H%253dF%2526E%253dDaO%2526F%253dFXGZC%2526Q%253dwK2L8_IYye_Ti_NftX_Xu_IYye_Sn0704A.vFwC16.kK2_IYye_Sn0704A_7rav_G7nK15mN8_IYye_SnWz8wA3XA2i7pFCE3IDSPuVixMryH0aXtnUFdT_7rav_H73O5_IYye_TlOw2zE38%2526l%253dI0J49G.EmP%2526xJ%253dFWFZ%26mupckp%3DmupAtu4m8OiX0wt&amp;source=gmail&amp;ust=1644447306401000&amp;usg=AOvVaw2pjjyDvFldZ72v_WeC0B2L\">Scarica la cartella stampa stampa<\/a><\/strong><\/p>\n<\/div>\n<\/div>\n<\/td>\n<\/tr>\n<\/tbody>\n<\/table>\n<\/td>\n<td class=\"m_1925277694311111929column\" width=\"50%\">\n<table role=\"presentation\" border=\"0\" width=\"100%\" cellspacing=\"0\" cellpadding=\"0\">\n<tbody>\n<tr>\n<td>\n<div>\n<div>\n<p><strong>Ufficio stampa<\/strong><br \/>\nComunicarch | Comunicare l\u2019architettura<br \/>\nVia Aosta 8 &#8211; 10152 Torino<br \/>\nCristiana Chiorino<br \/>\n+39-3483169465<br \/>\n<a href=\"mailto:press@comunicarch.it\" target=\"_blank\" rel=\"noopener\">press@comunicarch.it<\/a><\/p>\n<\/div>\n<\/div>\n<\/td>\n<\/tr>\n<\/tbody>\n<\/table>\n<\/td>\n<\/tr>\n<\/tbody>\n<\/table>\n<\/td>\n<\/tr>\n<\/tbody>\n<\/table>\n","protected":false},"excerpt":{"rendered":"<p>PREMIO FEDERICO MAGGIA 2022 PREMIO FEDERICO MAGGIA 2022: TUTTE LE NOVIT\u00c0 DELL\u2019OTTAVA EDIZIONE Biella, 1 Febbraio 2022.\u00a0 L\u2019ottava edizione del [&hellip;]<\/p>\n","protected":false},"author":1,"featured_media":0,"comment_status":"open","ping_status":"open","sticky":false,"template":"","format":"standard","meta":{"footnotes":""},"categories":[2,10],"tags":[],"class_list":["post-20289","post","type-post","status-publish","format-standard","hentry","category-informacion","category-italiano"],"_links":{"self":[{"href":"https:\/\/www.ecoitaliano.com.ar\/index.php?rest_route=\/wp\/v2\/posts\/20289","targetHints":{"allow":["GET"]}}],"collection":[{"href":"https:\/\/www.ecoitaliano.com.ar\/index.php?rest_route=\/wp\/v2\/posts"}],"about":[{"href":"https:\/\/www.ecoitaliano.com.ar\/index.php?rest_route=\/wp\/v2\/types\/post"}],"author":[{"embeddable":true,"href":"https:\/\/www.ecoitaliano.com.ar\/index.php?rest_route=\/wp\/v2\/users\/1"}],"replies":[{"embeddable":true,"href":"https:\/\/www.ecoitaliano.com.ar\/index.php?rest_route=%2Fwp%2Fv2%2Fcomments&post=20289"}],"version-history":[{"count":0,"href":"https:\/\/www.ecoitaliano.com.ar\/index.php?rest_route=\/wp\/v2\/posts\/20289\/revisions"}],"wp:attachment":[{"href":"https:\/\/www.ecoitaliano.com.ar\/index.php?rest_route=%2Fwp%2Fv2%2Fmedia&parent=20289"}],"wp:term":[{"taxonomy":"category","embeddable":true,"href":"https:\/\/www.ecoitaliano.com.ar\/index.php?rest_route=%2Fwp%2Fv2%2Fcategories&post=20289"},{"taxonomy":"post_tag","embeddable":true,"href":"https:\/\/www.ecoitaliano.com.ar\/index.php?rest_route=%2Fwp%2Fv2%2Ftags&post=20289"}],"curies":[{"name":"wp","href":"https:\/\/api.w.org\/{rel}","templated":true}]}}