{"id":20300,"date":"2022-02-09T00:26:50","date_gmt":"2022-02-09T00:26:50","guid":{"rendered":"http:\/\/www.ecoitaliano.com.ar\/?p=20300"},"modified":"2022-02-09T00:26:50","modified_gmt":"2022-02-09T00:26:50","slug":"serena-conduce-operaclassica-eco-italiano-1272","status":"publish","type":"post","link":"https:\/\/www.ecoitaliano.com.ar\/?p=20300","title":{"rendered":"Serena conduce operaclassica eco italiano."},"content":{"rendered":"<p style=\"text-align: center;\"><a href=\"http:\/\/www.ecoitaliano.com.ar\/wp-content\/uploads\/2022\/02\/image002.png\"><img decoding=\"async\" class=\"alignnone size-full wp-image-20301\" src=\"http:\/\/www.ecoitaliano.com.ar\/wp-content\/uploads\/2022\/02\/image002.png\" alt=\"\" width=\"119\" height=\"86\" \/><\/a> <a href=\"http:\/\/www.ecoitaliano.com.ar\/wp-content\/uploads\/2022\/02\/image004.png\"><img decoding=\"async\" class=\"alignnone size-full wp-image-20302\" src=\"http:\/\/www.ecoitaliano.com.ar\/wp-content\/uploads\/2022\/02\/image004.png\" alt=\"\" width=\"143\" height=\"89\" \/><\/a><\/p>\n<div class=\"kvgmc6g5 cxmmr5t8 oygrvhab hcukyx3x c1et5uql ii04i59q\"><\/div>\n<div class=\"cxmmr5t8 oygrvhab hcukyx3x c1et5uql o9v6fnle ii04i59q\">\n<div dir=\"auto\">\n<p>Ufficio Stampa 08\/02\/2022<\/p>\n<p>BEETHOVEN E BRAHMS: L\u2019ALBA DEL ROMANTICISMO INAUGURA LA STAGIONE SINFONICA 2022 AL FILARMONICO<br \/>\nVenerd\u00ec 11 e sabato 12 febbraio, Orchestra e Coro della Fondazione Arena di Verona propongono l\u2019ouverture Coriolano e la Seconda Sinfonia di Beethoven con l\u2019esordiente maestro americano James Feddeck e l\u2019esperta belcantista Marianna Pizzolato nella Rapsodia per contralto di Brahms<\/p>\n<p>1\u00b0 Concerto<br \/>\nVenerd\u00ec 11 febbraio \u00b7 ore 20.00<br \/>\nSabato 12 febbraio \u00b7 ore 17.00<br \/>\nTeatro Filarmonico di Verona<\/p>\n<p>Per l\u2019inaugurazione della Stagione Sinfonica 2022, Orchestra e Coro areniani proseguono l\u2019omaggio a Beethoven per il suo 250\u00b0 anniversario, la cui ricorrenza \u00e8 passata per le principali sinfonie e concerti \u2219 Il programma unisce la grazia e il brio della Sinfonia n.2 in Re maggiore al tempestoso romanticismo del Coriolano e incornicia la Rapsodia per contralto, coro maschile e orchestra dell\u2019ideale erede Brahms su versi di Goethe, con Marianna Pizzolato \u2219 Sul podio del Teatro Filarmonico debutta anche il giovane newyorkese James Feddeck, gi\u00e0 direttore a Chicago e presso le pi\u00f9 importanti orchestre d\u2019Europa<br \/>\n\u00abIn dieci concerti, nel corso della Stagione Sinfonica 2022, vogliamo mettere in risalto ancora di pi\u00f9 le qualit\u00e0 dei nostri complessi artistici \u2013 dichiara Cecilia Gasdia, Sovrintendente e Direttore Artistico della Fondazione Arena di Verona. \u2013Tra i direttori e i solisti diamo risalto a giovani promesse da tutto il mondo che avranno l\u2019occasione di conoscere le nostre compagini, esplorando un repertorio pi\u00f9 ampio che dai Classici si estende a tanta bella musica del Novecento, con prime esecuzioni veronesi, spesso rendendo protagoniste le singole sezioni orchestrali\u00bb. Per il programma inaugurale dedicato agli albori del grande Romanticismo tedesco, il primo talento ad esordire \u00e8 il giovane statunitense James Feddeck, gi\u00e0 Assistant Conductor della Cleveland Orchestra, vincitore del premio Sir Georg Solti e da poco Direttore Principale dell\u2019Orchestra i Pomeriggi Musicali di Milano.<br \/>\nL\u2019antica vicenda di Coriolano, generale romano che nel V secolo a.C. si trov\u00f2 a combattere insieme ai Volsci contro la sua stessa patria, si basa su fonti non concordi che l\u2019hanno tramutato in leggenda. Gi\u00e0 noto per una celebre opera di Shakespeare, fu soggetto anche per il poeta viennese Heinrich Joseph von Collin: per la sua tragedia, Ludwig van Beethoven (1770-1827) scrisse nel 1807 un\u2019ouverture senza altre musiche di scena, che racchiude in s\u00e9 il tormento del protagonista, fra dramma interiore ed eroismo. Sin dai primi celebri accordi di tutta l\u2019orchestra, \u00e8 riconoscibile l\u2019epica musicale che permea lo stile della fase intermedia del compositore: gli slanci tumultuosi della seconda idea melodica in Mi bemolle maggiore si spengono in una coda originale, cupa ed introversa, conclusa da sospesi pizzicati in pianissimo nell\u2019iniziale do minore.<br \/>\nNella manciata di pagine sinfonico-corali di Johannes Brahms (1833-1897), la Rapsodia per contralto ha un\u2019origine e un messaggio autobiografici fra i pi\u00f9 scoperti. Stesa dopo il matrimonio di Julie, figlia di Robert e Clara Schumann, che lo stesso Brahms sembra aver infelicemente desiderato, mette in musica tre delle undici strofe del Viaggio invernale nello Harz di Goethe (1777), ispirato dall\u2019incontro fra il poeta e un giovane e amaramente disilluso Friedrich Plessing. Come in una scena drammatica composta da recitativo e arioso, tra le brume dense dell\u2019orchestra, il contralto solista descrive un paesaggio romantico che rispecchia e moltiplica il dolore e la misantropia di un uomo solo. Quasi inaspettatamente, le nubi del do minore si diradano nel Do maggiore della terza e pi\u00f9 ampia sezione, dove il Coro maschile supporta e dialoga con la solista in quella che \u00e8 una preghiera, collettiva e dolcissima, con cui al \u201cPadre d\u2019amore\u201d viene pi\u00f9 volte implorato: \u201cconforta il suo cuore\u201d. Il canto \u00e8 affidato ad un\u2019interprete d\u2019eccezione al debutto veronese, Marianna Pizzolato, fra le pi\u00f9 apprezzate belcantiste di oggi e richiesta concertista in tutto il mondo.<br \/>\nDopo l\u2019intervallo, la seconda parte propone un\u2019opera emblematica per la combinazione perfetta di forme classiche ed impeto romantico: la Seconda sinfonia in Re maggiore di Ludwig van Beethoven. Completata nell\u2019estate del 1802 dopo due anni di appunti e rielaborazioni, fu accolta al suo apparire con sentimenti contrastanti, suscitando anche nei pi\u00f9 critici la consapevolezza di trovarsi di fronte ad un linguaggio nuovo. Principale riferimento stilistico \u00e8 Haydn, il cui raffinato umorismo pervade la Sinfonia come in pochi altri casi del genio di Bonn. L\u2019Adagio molto introduttivo, sospeso e solenne, funge da propellente al successivo Allegro con brio di fremente e incontenibile entusiasmo. Atmosfera che ritorna, dopo l\u2019omaggio al Settecento del grazioso Larghetto (quasi un minuetto), nell\u2019irruente Scherzo tipicamente beethoveniano. Il composito finale fu definito all\u2019epoca \u201ctroppo bizzarro, selvaggio e rumoroso\u201d: l\u2019originale trattamento dei fiati e dei contrasti timbrici e dinamici avrebbe aperto la strada alle opere pi\u00f9 mature e romantiche. Ascoltato oggi, l\u2019intero lavoro ha il sapore di un ultimo sguardo al passato, ad un aureo Classicismo che non sarebbe pi\u00f9 tornato nella produzione successiva di Beethoven, non pi\u00f9 con tali freschezza ed equilibrio.<br \/>\nIl 1\u00b0 concerto sinfonico debutta venerd\u00ec 11 febbraio alle 20.00 (turno A), con un programma della durata di ottanta minuti circa con intervallo, e replica anche sabato 12 febbraio alle 17.00 (turno B). Per legge, l\u2019accesso agli spettacoli \u00e8 consentito esclusivamente agli spettatori muniti di certificazione verde Covid-19 di avvenuta vaccinazione o guarigione, \u201cGreen Pass rafforzato\u201d.\u00a0Inoltre viene introdotto l\u2019obbligo di\u00a0maschera Ffp2\u00a0in cinema, teatri e per eventi sportivi, nonch\u00e9 sui mezzi di trasporto (mezzi pubblici locali compresi). Ulteriori informazioni sul sito alla pagina https:\/\/www.arena.it\/it\/teatro-filarmonico\/info-covid<\/p>\n<p>* * *<\/p>\n<p>Con la Stagione Artistica 2022, riprendono le iniziative di Arena Young, rivolte a studenti e personale di scuole, universit\u00e0, accademie. Per ogni appuntamento \u00e8 confermato il Ritorno a teatro: un percorso di avvicinamento all\u2019opera e alla musica sinfonica proposto dalla Fondazione Arena di Verona. Il mondo della Scuola potr\u00e0 assistere alle rappresentazioni in cartellone per la Stagione Artistica 2022 al Teatro Filarmonico, con l\u2019opportunit\u00e0 di partecipare ad un Preludio un\u2019ora prima dello spettacolo: un momento di approccio al linguaggio musicale, che avr\u00e0 luogo nella prestigiosa Sala Maffeiana. Per il 1\u00b0 concerto \u00e8 possibile partecipare al Preludio venerd\u00ec 11 febbraio alle 19. Informazioni e prenotazioni: Ufficio Formazione scuola@arenadiverona.it \u2013 tel 045 8051933.<br \/>\nInformazioni<br \/>\nUfficio Stampa Fondazione Arena di Verona \u2013 Via Roma 7\/D, 37121 Verona<br \/>\ntel. (+39) 045 805.1861-1905-1891-1939 &#8211; fax (+39) 045 803.1443<br \/>\nufficio.stampa@arenadiverona.it \u2013 www.arena.it<\/p>\n<p>BIGLIETTERIA ARENA DI VERONA Via Dietro Anfiteatro 6\/b, 37121 Verona<br \/>\nAperta da luned\u00ec a venerd\u00ec 10.30 &#8211; 16.00 | sabato 9.15 &#8211; 12.45<br \/>\nTel. 045 596517 \u2219 Fax 045 8013287<br \/>\nBIGLIETTERIA TEATRO FILARMONICO Via dei Mutilati 4\/k, 37121 Verona<br \/>\nAperta due ore prima dello spettacolo<br \/>\nTel 045 8002880 \u2219 Fax 045 8013266<br \/>\nPunti vendita TicketOne.it<br \/>\nbiglietteria@arenadiverona.it<br \/>\nCall center (+39) 045 8005151 \u2219 www.arena.it<\/p>\n<p>* * *<\/p>\n<p>Venerd\u00ec 11 febbraio \u00b7 ore 20.00 turno A<br \/>\nSabato 12 febbraio \u00b7 ore 17.00 turno B<\/p>\n<p>1\u00b0 Concerto BEETHOVEN &#8211; BRAHMS<br \/>\nDirettore James Feddeck<br \/>\nContralto Marianna Pizzolato<\/p>\n<p>Ludwig van Beethoven (1770-1827)<br \/>\nOuverture in do minore, op.62 \u201cCoriolano\u201d<br \/>\nAllegro con brio<\/p>\n<p>Johannes Brahms (1833-1897)<br \/>\nRapsodia per contralto, coro maschile e orchestra, op.53<br \/>\nAdagio &#8211; Poco Andante &#8211; Adagio<\/p>\n<p>* * *<\/p>\n<p>Ludwig van Beethoven<br \/>\nSinfonia n. 2 in Re maggiore, op.36<br \/>\nI. Adagio molto &#8211; Allegro con brio<br \/>\nII. Larghetto<br \/>\nIII. Scherzo. Allegro<br \/>\nIV. Allegro molto<\/p>\n<p>ORCHESTRA E CORO DELLA FONDAZIONE ARENA DI VERONA<br \/>\nMaestro del Coro Ulisse Trabacchin<\/p>\n<p>Durata complessiva: 80 minuti circa, compreso un intervallo.<br \/>\nLE NOVIT\u00c0 DI BIGLIETTERIA Da marted\u00ec 11 gennaio \u00e8 possibile acquistare biglietti e abbonarsi alla Stagione Lirica e a quella Sinfonica 2022 al Teatro Filarmonico. Oltre ai 4 turni di abbonamento lirica (Prime, Pomeridiano, Serale mercoled\u00ec alle 19, Serale venerd\u00ec alle 20), e ai 2 turni d\u2019abbonamento sinfonica (Serale venerd\u00ec e Pomeridiano sabato), da quest\u2019anno \u00e8 possibile acquistare lo speciale carnet 8 ingressi Venerd\u00ec in platea: valido dalla recita de Il Segreto di Susanna e Suor Angelica di venerd\u00ec 4 febbraio, comprende 8 serate di venerd\u00ec che uniscono tre opere liriche e cinque concerti sinfonici dai programmi pi\u00f9 diversi; un\u2019occasione speciale per conoscere nuovi autori, storie e interpreti, riscoprire i grandi nomi e i talenti dei complessi artistici e tecnici di Fondazione Arena. Programmi su www.arena.it<\/p>\n<p>novit\u00e0 Carnet 8 ingressi Venerd\u00ec in platea<br \/>\n3 ingressi opera + 5 ingressi sinfonica per le sole rappresentazioni del venerd\u00ec<br \/>\nvenerd\u00ec 4 febbraio Suor Angelica \u2219 Il Segreto di Susanna<br \/>\nvenerd\u00ec 18 febbraio 2\u00b0 Concerto Mozart \u2219 Strauss \u2219 Weill<br \/>\nvenerd\u00ec 18 marzo 4\u00b0 Concerto Britten \u2219 Sch\u0151nberg<br \/>\nvenerd\u00ec 08 aprile 5\u00b0 Concerto Mozart \u2219 Cherubini<br \/>\nvenerd\u00ec 29 aprile 7\u00b0 Concerto Strauss<br \/>\nvenerd\u00ec 13 maggio Orlando furioso<br \/>\nvenerd\u00ec 11 novembre 9\u00b0 Concerto Debussy \u2219 Galante<br \/>\nvenerd\u00ec 16 dicembre La Boh\u00e8me<\/p>\n<p>PREZZI ABBONAMENTI LIRICA Platea LIRICA 1^Galleria LIRICA 2^Galleria SINFONICA Posto unico numerato<br \/>\nINTERO \u20ac 318 \u20ac 215 \u20ac 165 \u20ac 212<br \/>\nRIDOTTO \u20ac 272 \u20ac 185 \u20ac 143 \u20ac 183<br \/>\nRIDOTTO OVER 65 \u20ac 226 \u20ac 155 \u20ac 122 \u20ac 154<br \/>\nRIDOTTO UNDER 30 \u20ac 145 \u20ac 104 \u20ac 84 \u20ac 103<br \/>\nI prezzi per tutti i turni di abbonamento 2022 includono anche un biglietto di POLTRONA per una serata del 99\u00b0 Arena di Verona Opera Festival 2022 alla speciale tariffa ridotta di 30 euro: nell\u2019abbonamento LIRICA \u00e8 compresa la recita di Carmen del 30\/06, nell\u2019abbonamento SINFONICA \u00e8 compresa la serata-evento Carmina Burana del 12\/08.<\/p>\n<p>PREZZI BIGLIETTI LIRICA Platea LIRICA 1^Galleria LIRICA 2^Galleria SINFONICA Posto unico numerato<br \/>\nINTERO \u20ac 64 \u20ac 41 \u20ac 30 \u20ac 26<br \/>\nRIDOTTO \u20ac 54 \u20ac 34 \u20ac 25 \u20ac 22<br \/>\nRIDOTTO OVER 65 \u20ac 44 \u20ac 28 \u20ac 20 \u20ac 17<br \/>\nRIDOTTO UNDER 30 \u20ac 24 \u20ac 15 \u20ac 11 \u20ac 10<\/p>\n<p>PREZZI CARNET 8 INGRESSI Venerd\u00ec in platea (3 ingressi opera + 5 ingressi sinfonica per rappresentazioni di venerd\u00ec)<br \/>\nINTERO \u20ac 240<br \/>\nRIDOTTO \u20ac 202<br \/>\nRIDOTTO OVER 65 \u20ac 163<br \/>\nRIDOTTO UNDER 30 \u20ac 96<\/p>\n<p>OMAGGIO PER GLI ABBONATI LIRICA + SINFONICA Tutti i clienti che acquisteranno un abbonamento sia alla stagione lirica che alla stagione sinfonica 2022 avranno in omaggio un biglietto di POLTRONA per la recita di CARMEN del 30\/06\/2022 o, a scelta, dell\u2019evento CARMINA BURANA del 12\/08\/2022 in occasione dell&#8217;Arena Opera Festival 2022.<\/p>\n<p>BIGLIETTERIA ARENA DI VERONA Via Dietro Anfiteatro 6\/b, 37121 Verona<br \/>\nAperta da luned\u00ec a venerd\u00ec 10.30-16.00 | sabato 9.15-12.45<br \/>\nTel. 045 596517 \u2219 Fax 045 8013287<\/p>\n<p>BIGLIETTERIA TEATRO FILARMONICO Via dei Mutilati 4\/k, 37121 Verona<br \/>\nAperta due ore prima dello spettacolo<br \/>\nTel 045 8002880 \u2219 Fax 045 8013266<\/p>\n<p>Punti vendita TicketOne.it<br \/>\nbiglietteria@arenadiverona.it<br \/>\nCall center (+39) 045 8005151 \u2219 www.arena.it<\/p>\n<p><a href=\"http:\/\/www.ecoitaliano.com.ar\/wp-content\/uploads\/2022\/02\/1-3.jpg\"><img decoding=\"async\" class=\"alignnone size-full wp-image-20303\" src=\"http:\/\/www.ecoitaliano.com.ar\/wp-content\/uploads\/2022\/02\/1-3.jpg\" alt=\"\" width=\"833\" height=\"1212\" srcset=\"https:\/\/www.ecoitaliano.com.ar\/wp-content\/uploads\/2022\/02\/1-3.jpg 833w, https:\/\/www.ecoitaliano.com.ar\/wp-content\/uploads\/2022\/02\/1-3-206x300.jpg 206w, https:\/\/www.ecoitaliano.com.ar\/wp-content\/uploads\/2022\/02\/1-3-768x1117.jpg 768w, https:\/\/www.ecoitaliano.com.ar\/wp-content\/uploads\/2022\/02\/1-3-704x1024.jpg 704w, https:\/\/www.ecoitaliano.com.ar\/wp-content\/uploads\/2022\/02\/1-3-103x150.jpg 103w\" sizes=\"(max-width: 833px) 100vw, 833px\" \/><\/a> <a href=\"http:\/\/www.ecoitaliano.com.ar\/wp-content\/uploads\/2022\/02\/2-3.jpg\"><img decoding=\"async\" class=\"alignnone size-full wp-image-20304\" src=\"http:\/\/www.ecoitaliano.com.ar\/wp-content\/uploads\/2022\/02\/2-3.jpg\" alt=\"\" width=\"1228\" height=\"819\" srcset=\"https:\/\/www.ecoitaliano.com.ar\/wp-content\/uploads\/2022\/02\/2-3.jpg 1228w, https:\/\/www.ecoitaliano.com.ar\/wp-content\/uploads\/2022\/02\/2-3-300x200.jpg 300w, https:\/\/www.ecoitaliano.com.ar\/wp-content\/uploads\/2022\/02\/2-3-768x512.jpg 768w, https:\/\/www.ecoitaliano.com.ar\/wp-content\/uploads\/2022\/02\/2-3-1024x683.jpg 1024w, https:\/\/www.ecoitaliano.com.ar\/wp-content\/uploads\/2022\/02\/2-3-150x100.jpg 150w\" sizes=\"(max-width: 1228px) 100vw, 1228px\" \/><\/a> <a href=\"http:\/\/www.ecoitaliano.com.ar\/wp-content\/uploads\/2022\/02\/4-3.jpg\"><img decoding=\"async\" class=\"alignnone size-full wp-image-20306\" src=\"http:\/\/www.ecoitaliano.com.ar\/wp-content\/uploads\/2022\/02\/4-3.jpg\" alt=\"\" width=\"819\" height=\"1225\" srcset=\"https:\/\/www.ecoitaliano.com.ar\/wp-content\/uploads\/2022\/02\/4-3.jpg 819w, https:\/\/www.ecoitaliano.com.ar\/wp-content\/uploads\/2022\/02\/4-3-201x300.jpg 201w, https:\/\/www.ecoitaliano.com.ar\/wp-content\/uploads\/2022\/02\/4-3-768x1149.jpg 768w, https:\/\/www.ecoitaliano.com.ar\/wp-content\/uploads\/2022\/02\/4-3-685x1024.jpg 685w, https:\/\/www.ecoitaliano.com.ar\/wp-content\/uploads\/2022\/02\/4-3-100x150.jpg 100w\" sizes=\"(max-width: 819px) 100vw, 819px\" \/><\/a> <a href=\"http:\/\/www.ecoitaliano.com.ar\/wp-content\/uploads\/2022\/02\/5-1.jpg\"><img decoding=\"async\" class=\"alignnone size-full wp-image-20307\" src=\"http:\/\/www.ecoitaliano.com.ar\/wp-content\/uploads\/2022\/02\/5-1.jpg\" alt=\"\" width=\"1228\" height=\"818\" srcset=\"https:\/\/www.ecoitaliano.com.ar\/wp-content\/uploads\/2022\/02\/5-1.jpg 1228w, https:\/\/www.ecoitaliano.com.ar\/wp-content\/uploads\/2022\/02\/5-1-300x200.jpg 300w, https:\/\/www.ecoitaliano.com.ar\/wp-content\/uploads\/2022\/02\/5-1-768x512.jpg 768w, https:\/\/www.ecoitaliano.com.ar\/wp-content\/uploads\/2022\/02\/5-1-1024x682.jpg 1024w, https:\/\/www.ecoitaliano.com.ar\/wp-content\/uploads\/2022\/02\/5-1-150x100.jpg 150w\" sizes=\"(max-width: 1228px) 100vw, 1228px\" \/><\/a><\/p>\n<\/div>\n<\/div>\n","protected":false},"excerpt":{"rendered":"<p>Ufficio Stampa 08\/02\/2022 BEETHOVEN E BRAHMS: L\u2019ALBA DEL ROMANTICISMO INAUGURA LA STAGIONE SINFONICA 2022 AL FILARMONICO Venerd\u00ec 11 e sabato [&hellip;]<\/p>\n","protected":false},"author":1,"featured_media":0,"comment_status":"open","ping_status":"open","sticky":false,"template":"","format":"standard","meta":{"footnotes":""},"categories":[1],"tags":[],"class_list":["post-20300","post","type-post","status-publish","format-standard","hentry","category-sin-categoria"],"_links":{"self":[{"href":"https:\/\/www.ecoitaliano.com.ar\/index.php?rest_route=\/wp\/v2\/posts\/20300","targetHints":{"allow":["GET"]}}],"collection":[{"href":"https:\/\/www.ecoitaliano.com.ar\/index.php?rest_route=\/wp\/v2\/posts"}],"about":[{"href":"https:\/\/www.ecoitaliano.com.ar\/index.php?rest_route=\/wp\/v2\/types\/post"}],"author":[{"embeddable":true,"href":"https:\/\/www.ecoitaliano.com.ar\/index.php?rest_route=\/wp\/v2\/users\/1"}],"replies":[{"embeddable":true,"href":"https:\/\/www.ecoitaliano.com.ar\/index.php?rest_route=%2Fwp%2Fv2%2Fcomments&post=20300"}],"version-history":[{"count":0,"href":"https:\/\/www.ecoitaliano.com.ar\/index.php?rest_route=\/wp\/v2\/posts\/20300\/revisions"}],"wp:attachment":[{"href":"https:\/\/www.ecoitaliano.com.ar\/index.php?rest_route=%2Fwp%2Fv2%2Fmedia&parent=20300"}],"wp:term":[{"taxonomy":"category","embeddable":true,"href":"https:\/\/www.ecoitaliano.com.ar\/index.php?rest_route=%2Fwp%2Fv2%2Fcategories&post=20300"},{"taxonomy":"post_tag","embeddable":true,"href":"https:\/\/www.ecoitaliano.com.ar\/index.php?rest_route=%2Fwp%2Fv2%2Ftags&post=20300"}],"curies":[{"name":"wp","href":"https:\/\/api.w.org\/{rel}","templated":true}]}}