{"id":20322,"date":"2022-02-09T17:17:42","date_gmt":"2022-02-09T17:17:42","guid":{"rendered":"http:\/\/www.ecoitaliano.com.ar\/?p=20322"},"modified":"2022-02-09T17:22:17","modified_gmt":"2022-02-09T17:22:17","slug":"disco-belcanto","status":"publish","type":"post","link":"https:\/\/www.ecoitaliano.com.ar\/?p=20322","title":{"rendered":"Disco Belcanto"},"content":{"rendered":"<p><a href=\"http:\/\/www.ecoitaliano.com.ar\/wp-content\/uploads\/2022\/02\/copertina_opt.jpg\"><img decoding=\"async\" class=\"alignnone size-full wp-image-20324\" src=\"http:\/\/www.ecoitaliano.com.ar\/wp-content\/uploads\/2022\/02\/copertina_opt.jpg\" alt=\"\" width=\"400\" height=\"396\" srcset=\"https:\/\/www.ecoitaliano.com.ar\/wp-content\/uploads\/2022\/02\/copertina_opt.jpg 400w, https:\/\/www.ecoitaliano.com.ar\/wp-content\/uploads\/2022\/02\/copertina_opt-150x150.jpg 150w, https:\/\/www.ecoitaliano.com.ar\/wp-content\/uploads\/2022\/02\/copertina_opt-300x297.jpg 300w\" sizes=\"(max-width: 400px) 100vw, 400px\" \/><\/a><\/p>\n<div>\n<div>Si tratta di un disco ideato prima del Covid e che, nonostante le chiusure, abbiamo voluto portare avanti.<\/div>\n<div>Le registrazioni sono frutto di grandi ricerche musicologiche portate aventi nelle biblioteche d&#8217;Europa, soprattutto Parigi e Praga.<\/div>\n<div>Abbiamo infatti registrato per la prima volta al mondo (World Premiere recording)\u00a0 alcune delle arie d&#8217;opera che si eseguivano nei salotti di Parigi durante la prima met\u00e0 dell&#8217;Ottocento.<\/div>\n<div>Queste arie sono tratte dal repertorio dell&#8217;Opera italiana che tanto andava in voga nella capitale francese.<\/div>\n<div>I nobili dell&#8217;epoca per portarsi un po&#8217; di teatro in casa, commissionavano queste trascrizioni\/riduzioni: per esempio la trascrizione dell&#8217;aria dall&#8217; opera Cenerentola di Rossini \u00e8 stata dedicata al colonnello Everest che poi ha dato il nome al Monte Everest.<\/div>\n<div>Le storie dietro ogni brano sono tante e interessanti!!<\/div>\n<div>Per essere pienamente filologici, abbiamo utilizzato una chitarra antica, che \u00e8 pi\u00f9 piccola.<\/div>\n<div>La chitarra che abbiamo utilizzato \u00e8 stata costruita da un liutaio come copia di una chitarra francese dell&#8217;epoca e le corde usate sono fatte di seta e budello, come era appunto per l&#8217;epoca.<\/div>\n<div>Anche l&#8217;intonazione \u00e8 a 436 Hz e, per quello che riguarda la voce, io ho cantato aria che vanno dal registro di contralto, poi mezzosoprano per quello di soprano (anche grazie alle mie qualit\u00e0 naturali poich\u00e9 possiedo tre ottave piene)<\/div>\n<div>Che dire? \u00c8 stata una bellissima esperienza di riscoperta e studio di quella che era la musica italiana nei primi anni dell&#8217;Ottocento, e che tanto ha reso importante la nostra nazione a livello culturale.<\/div>\n<div>Per noi artisti \u00e8 davvero un bel successo soprattutto perch\u00e9 siamo due giovani interpreti che puntano sulla qualit\u00e0 pi\u00f9 che sulla quantit\u00e0.<\/div>\n<div><span style=\"color: #201f1e;\">Abbiamo iniziato a suonare in duo nel 2016 e questo \u00e8 davvero il primo progetto internazionale.<br \/>\n<\/span><span dir=\"auto\">Il disco si pu\u00f2 acquistare sulle varie piattaforme di cui ti allego il link e ascoltarlo su Spotify e anche su YouTube.<\/span><\/div>\n<\/div>\n<div><\/div>\n<div><span dir=\"auto\">Per acquistare il disco on line ecco il link<\/span><\/div>\n<div><span dir=\"auto\"><a id=\"m_-4243494925932872979LPlnk320826\" href=\"https:\/\/www.prestomusic.com\/classical\/products\/9267948--belcanto-per-voce-e-chitarra\" target=\"_blank\" rel=\"noopener\" data-saferedirecturl=\"https:\/\/www.google.com\/url?q=https:\/\/www.prestomusic.com\/classical\/products\/9267948--belcanto-per-voce-e-chitarra&amp;source=gmail&amp;ust=1644512687725000&amp;usg=AOvVaw3TjVmjGBS0cB3OaTV6oDd0\">https:\/\/www.prestomusic.com\/<wbr \/>classical\/products\/9267948&#8211;<wbr \/>belcanto-per-voce-e-chitarra<\/a><br \/>\n<\/span><\/div>\n<div><a id=\"m_-4243494925932872979LPlnk515822\" href=\"https:\/\/naxos.lnk.to\/TC820004Na!product_page#\" target=\"_blank\" rel=\"noopener\" data-saferedirecturl=\"https:\/\/www.google.com\/url?q=https:\/\/naxos.lnk.to\/TC820004Na!product_page%23&amp;source=gmail&amp;ust=1644512687725000&amp;usg=AOvVaw2n1ebHWtXJmJlMExM-ytLV\">https:\/\/naxos.lnk.to\/<wbr \/>TC820004Na!product_page#<\/a><\/div>\n<div><\/div>\n<div>ecco il trailer, registrato a Vicenza a Villa Caldogno<\/div>\n<div><a id=\"m_-4243494925932872979LPlnk585085\" href=\"https:\/\/www.youtube.com\/watch?v=yoCv5pkVYmA\" target=\"_blank\" rel=\"noopener\" data-saferedirecturl=\"https:\/\/www.google.com\/url?q=https:\/\/www.youtube.com\/watch?v%3DyoCv5pkVYmA&amp;source=gmail&amp;ust=1644512687725000&amp;usg=AOvVaw3EFnqNkfJcjzIHaKkUWm2m\">https:\/\/www.youtube.com\/watch?<wbr \/>v=yoCv5pkVYmA<\/a><\/div>\n<div><\/div>\n<div><span dir=\"auto\">link per Spotify<\/span><\/div>\n<div><span dir=\"auto\"><a id=\"m_-4243494925932872979LPNoLPOWALinkPreview_1\" href=\"https:\/\/open.spotify.com\/album\/3Sl6PYbC5P1v3NtCglJxl1?si=_RjhVe5XQgScxObjsfzETA\" target=\"_blank\" rel=\"noopener\" data-saferedirecturl=\"https:\/\/www.google.com\/url?q=https:\/\/open.spotify.com\/album\/3Sl6PYbC5P1v3NtCglJxl1?si%3D_RjhVe5XQgScxObjsfzETA&amp;source=gmail&amp;ust=1644512687725000&amp;usg=AOvVaw38ZFjWetFDlGZSfldjoG5t\">https:\/\/open.spotify.com\/<wbr \/>album\/3Sl6PYbC5P1v3NtCglJxl1?<wbr \/>si=_RjhVe5XQgScxObjsfzETA<\/a><br \/>\n<\/span><\/div>\n<div><\/div>\n<div><\/div>\n<div><span dir=\"auto\">link per Apple music<\/span><\/div>\n<div><span dir=\"auto\"><a id=\"m_-4243494925932872979LPNoLPOWALinkPreview\" href=\"https:\/\/music.apple.com\/it\/album\/belcanto\/1604658418\" target=\"_blank\" rel=\"noopener\" data-saferedirecturl=\"https:\/\/www.google.com\/url?q=https:\/\/music.apple.com\/it\/album\/belcanto\/1604658418&amp;source=gmail&amp;ust=1644512687725000&amp;usg=AOvVaw2xG4ipwY2byf1jCxunUraa\">https:\/\/music.apple.com\/it\/<wbr \/>album\/belcanto\/1604658418<\/a><br \/>\n<\/span><\/div>\n<div><\/div>\n<div>link di you tube<\/div>\n<div><a id=\"m_-4243494925932872979LPNoLPOWALinkPreview_2\" href=\"https:\/\/youtu.be\/4z6ZX2xxLLo\" target=\"_blank\" rel=\"noopener\" data-saferedirecturl=\"https:\/\/www.google.com\/url?q=https:\/\/youtu.be\/4z6ZX2xxLLo&amp;source=gmail&amp;ust=1644512687725000&amp;usg=AOvVaw3g4IM-NfOoBoNnfYQWOLMi\">https:\/\/youtu.be\/4z6ZX2xxLLo<\/a><\/div>\n<p>&nbsp;<\/p>\n<p>Cv degl&#8217;artisti:<\/p>\n<p><a href=\"http:\/\/www.ecoitaliano.com.ar\/wp-content\/uploads\/2022\/02\/Curriculum-Alessandra-Borin.pdf\">Curriculum Alessandra Borin\u00a0<\/a><\/p>\n<p><a href=\"http:\/\/www.ecoitaliano.com.ar\/wp-content\/uploads\/2022\/02\/Curriculum-Marchiori.pdf\">Curriculum Marchiori<\/a><\/p>\n<p>&nbsp;<\/p>\n<p>&nbsp;<\/p>\n<p>&nbsp;<\/p>\n","protected":false},"excerpt":{"rendered":"<p>Si tratta di un disco ideato prima del Covid e che, nonostante le chiusure, abbiamo voluto portare avanti. Le registrazioni [&hellip;]<\/p>\n","protected":false},"author":1,"featured_media":0,"comment_status":"open","ping_status":"open","sticky":false,"template":"","format":"standard","meta":{"footnotes":""},"categories":[10,46],"tags":[],"class_list":["post-20322","post","type-post","status-publish","format-standard","hentry","category-italiano","category-musica"],"_links":{"self":[{"href":"https:\/\/www.ecoitaliano.com.ar\/index.php?rest_route=\/wp\/v2\/posts\/20322","targetHints":{"allow":["GET"]}}],"collection":[{"href":"https:\/\/www.ecoitaliano.com.ar\/index.php?rest_route=\/wp\/v2\/posts"}],"about":[{"href":"https:\/\/www.ecoitaliano.com.ar\/index.php?rest_route=\/wp\/v2\/types\/post"}],"author":[{"embeddable":true,"href":"https:\/\/www.ecoitaliano.com.ar\/index.php?rest_route=\/wp\/v2\/users\/1"}],"replies":[{"embeddable":true,"href":"https:\/\/www.ecoitaliano.com.ar\/index.php?rest_route=%2Fwp%2Fv2%2Fcomments&post=20322"}],"version-history":[{"count":0,"href":"https:\/\/www.ecoitaliano.com.ar\/index.php?rest_route=\/wp\/v2\/posts\/20322\/revisions"}],"wp:attachment":[{"href":"https:\/\/www.ecoitaliano.com.ar\/index.php?rest_route=%2Fwp%2Fv2%2Fmedia&parent=20322"}],"wp:term":[{"taxonomy":"category","embeddable":true,"href":"https:\/\/www.ecoitaliano.com.ar\/index.php?rest_route=%2Fwp%2Fv2%2Fcategories&post=20322"},{"taxonomy":"post_tag","embeddable":true,"href":"https:\/\/www.ecoitaliano.com.ar\/index.php?rest_route=%2Fwp%2Fv2%2Ftags&post=20322"}],"curies":[{"name":"wp","href":"https:\/\/api.w.org\/{rel}","templated":true}]}}