{"id":20358,"date":"2022-02-11T14:57:01","date_gmt":"2022-02-11T14:57:01","guid":{"rendered":"http:\/\/www.ecoitaliano.com.ar\/?p=20358"},"modified":"2022-02-11T14:57:01","modified_gmt":"2022-02-11T14:57:01","slug":"per-il-giorno-del-ricordo-concerto-di-gianluca-podio-al-quirinale-in-diretta-su-rai-radio3-e-raiplay-sound-domenica-13-febbraio-dalle-11-50","status":"publish","type":"post","link":"https:\/\/www.ecoitaliano.com.ar\/?p=20358","title":{"rendered":"Per il Giorno del Ricordo, concerto di Gianluca Podio al Quirinale &#8211; In diretta su Rai-Radio3 e RaiPlay Sound, domenica 13 febbraio dalle 11.50"},"content":{"rendered":"<p><a href=\"http:\/\/www.ecoitaliano.com.ar\/wp-content\/uploads\/2022\/02\/GianlucaPodio_opt.jpg\"><img decoding=\"async\" class=\"alignnone size-full wp-image-20360\" src=\"http:\/\/www.ecoitaliano.com.ar\/wp-content\/uploads\/2022\/02\/GianlucaPodio_opt.jpg\" alt=\"\" width=\"400\" height=\"533\" srcset=\"https:\/\/www.ecoitaliano.com.ar\/wp-content\/uploads\/2022\/02\/GianlucaPodio_opt.jpg 400w, https:\/\/www.ecoitaliano.com.ar\/wp-content\/uploads\/2022\/02\/GianlucaPodio_opt-225x300.jpg 225w, https:\/\/www.ecoitaliano.com.ar\/wp-content\/uploads\/2022\/02\/GianlucaPodio_opt-113x150.jpg 113w\" sizes=\"(max-width: 400px) 100vw, 400px\" \/><\/a><\/p>\n<p>&nbsp;<\/p>\n<p class=\"western\"><span style=\"color: #000000;\"><span style=\"font-family: Calibri, serif;\"><b>Per il Giorno del Ricordo, concerto di Gianluca Podio al Quirinale<\/b><\/span><\/span><\/p>\n<p class=\"western\"><span style=\"color: #000000;\"><span style=\"font-family: Calibri, serif;\"><b>In diretta su Rai-Radio3 e RaiPlay Sound, domenica 13 febbraio dalle 11.50<\/b><\/span><\/span><\/p>\n<p class=\"western\"><span style=\"color: #000000;\"><span style=\"font-family: Calibri, serif;\">Dal 2005, l\u2019anno successivo alla sua istituzione con una Legge dello Stato, il 10 febbraio o la domenica pi\u00f9 vicina a quella data, i <\/span><\/span><span style=\"color: #000000;\"><span style=\"font-family: Calibri, serif;\"><i>Concerti di Radio3 al Quirinale<\/i><\/span><\/span><span style=\"color: #000000;\"><span style=\"font-family: Calibri, serif;\"> dedicano un evento musicale al Giorno del Ricordo, ricorrenza che intende \u00ab<\/span><\/span><span style=\"color: #202122;\"><span style=\"font-family: Calibri, serif;\">conservare e rinnovare la memoria della tragedia degli italiani e di tutte le vittime delle foibe, dell&#8217;esodo dalle loro terre degli istriani, fiumani e dalmati nel secondo dopoguerra e della pi\u00f9 complessa vicenda del confine orientale\u00bb. <\/span><\/span><\/p>\n<p class=\"western\"><span style=\"color: #202122;\"><span style=\"font-family: Calibri, serif;\">Quest\u2019anno, domenica 13 febbraio, protagonista del concerto sar\u00e0 il pianista e compositore Gianluca Podio. Lavorando sulla canzone d\u2019autore italiana, infatti, Podio ha toccato l\u2019opera di due autori diversamente legati a quella vicenda: Sergio Endrigo (1933-2005), nato a Pola, costretto a riparare con la madre nel 1947 dapprima a Brindisi, quindi a Venezia, e Gino Paoli (n. 1934), trasferitosi piccolissimo a Genova dalla nativa Monfalcone, ma la cui famiglia venne direttamente coinvolta sia nell\u2019esodo giuliano-dalmata, sia nelle operazioni di pulizia etnica che costarono la vita anche ad alcuni suoi parenti. <\/span><\/span><\/p>\n<p class=\"western\"><span style=\"color: #202122;\"><span style=\"font-family: Calibri, serif;\">Gianluca Podio alterner\u00e0 due Suites da lui composte a partire dalle canzoni di Endrigo e Paoli, con brani originali, \u201cPreludi e Interludi\u201d, che rientrano in uno dei suoi pi\u00f9 recenti impegni concertistici e discografici.<\/span><\/span><\/p>\n<p class=\"western\"><span style=\"color: #202122;\"><span style=\"font-family: Calibri, serif;\">L\u2019appuntamento \u00e8 per domenica 13 febbraio alle 11.50 ore dal vivo, alla Cappella Paolina del Palazzo del Quirinale, e in diretta su Rai-Radio3.<\/span><\/span><\/p>\n<p class=\"western\"><span style=\"color: #202122;\"><span style=\"font-family: Calibri, serif;\">Il concerto si potr\u00e0 poi riascoltare in streaming dalla piattaforma RaiPlay Sound anche collegandosi attraverso il sito web del Palazzo del Quirinale (<\/span><\/span><span style=\"color: #0000ff;\"><u><a href=\"http:\/\/palazzo.quirinale.it\/\" target=\"_blank\" rel=\"noopener\"><span style=\"font-family: Calibri, serif;\">palazzo.quirinale.it<\/span><\/a><\/u><\/span><span style=\"color: #202122;\"><span style=\"font-family: Calibri, serif;\">), dal quale \u00e8 possibile anche l\u2019accesso al sistema di prenotazione per la sala.<\/span><\/span><\/p>\n<p class=\"western\" align=\"justify\"><span style=\"font-family: Calibri, serif;\"><i>Gianluca Podio<\/i><\/span><\/p>\n<p class=\"western\" align=\"justify\"><span style=\"font-family: Calibri, serif;\">Gianluca Podio ha conseguito diversi diplomi: il primo in pianoforte nel 1984 con il massimo dei voti e la lode al Conservatorio di S.Cecilia in Roma e, sempre con il massimo dei voti, nel 1988 in composizione al Conservatorio \u00abG. B. Martini\u00bb di Bologna, nel 1994 in Direzione d\u2019orchestra al Conservatorio di \u00abA. Casella\u00bb de L\u2019Aquila; nel 2008 ha ricevuto il diploma di Accademico Specialistico in composizione al Conservatorio \u00abL. Refice\u00bb di Frosinone con 110 e lode. Fondamentale per la sua formazione artistica ed umana \u00e8 stata la profonda amicizia con Goffredo Petrassi. Ha seguito poi corsi di perfezionamento in composizione con Karlheinz Stockausen, Salvatore Sciarrino, George Hurst prima di iniziare un\u2019attivit\u00e0 come pianista, tastierista e programmatore di sintetizzatori elettronici con Ennio Morricone, con il quale ha collaborato per pi\u00f9 di dieci anni (dal 1985 al 1997). Ha composto musica lirica, da camera e sinfonica che viene regolarmente eseguita in prestigiose sedi in Italia e all\u2019estero (ad esempio la Carnegie Hall). Ha creato ed arrangiato colonne sonore per fiction televisive, telefilm, documentari e molte sigle radiofoniche. <\/span><\/p>\n<p class=\"western\" align=\"justify\"><span style=\"font-family: Calibri, serif;\">Dirige abitualmente, in qualit\u00e0 di compositore ed arrangiatore, orchestre nazionali ed internazionali tra le quali <\/span><span style=\"font-family: Calibri, serif;\"><i>I Filarmonici di Roma<\/i><\/span><span style=\"font-family: Calibri, serif;\">, <\/span><span style=\"font-family: Calibri, serif;\"><i>Nuova Orchestra Scarlatti<\/i><\/span><span style=\"font-family: Calibri, serif;\">, <\/span><span style=\"font-family: Calibri, serif;\"><i>Czeck National Symphony Orchestra<\/i><\/span><span style=\"font-family: Calibri, serif;\"> e <\/span><span style=\"font-family: Calibri, serif;\"><i>Bulgarian Symphony Orchestra<\/i><\/span><span style=\"font-family: Calibri, serif;\">. Molto attivo anche come pianista ha tenuto molti concerti in qualit\u00e0 di solista (tra le occasioni pi\u00f9 importanti: nel 2007 recital alla Cappella Paolina del Quirinale in diretta su Euroradio-Radiotre, nel 2008-2014 Recital monografici nella Sala dell\u2019Assunta per la Radio Vaticana.<\/span><\/p>\n<p class=\"western\" align=\"justify\"><span style=\"font-family: Calibri, serif;\"><i>Note stilistiche<\/i><\/span><\/p>\n<p class=\"western\" align=\"justify\"><span style=\"font-family: Calibri, serif;\">Pur rifacendosi ad una connotazione minimalista d&#8217;inizio, il linguaggio musicale di Gianluca Podio si pu\u00f2 considerare prevalentemente inserito nell&#8217;ambito di una posizione estetica legata alla molteplicit\u00e0 linguistica ed espressiva tipica dei linguaggi musicali pi\u00f9 attuali. La pluralit\u00e0 delle suggestioni stilistiche infatti, caratterizzano l&#8217;estrema flessibilit\u00e0 delle scelte musicali di Gianluca Podio in tutta la sua produzione compositiva nonch\u00e9 nella sua attivit\u00e0 concertistica. Tale importante connotazione, evidenzia anche la sintonia esistente tra la sua produzione di musica assoluta e la sua produzione di musica applicata in cui \u00e8 possibile riscontrare una costante ricerca della qualit\u00e0 artigianale ed un&#8217;attenta ricerca della comunicazione<\/span><\/p>\n<p class=\"western\" align=\"justify\"><span style=\"font-family: Calibri, serif;\">emozionale verso il pubblico. Le caratteristiche dominanti della sua poetica musicale sono inoltre riconoscibili sia nella ricerca di un&#8217;asimmetria del materiale tematico che nel processo compositivo di base. Essi sono entrambi fondati sui concetti d&#8217;irregolarit\u00e0 e di imprevedibilit\u00e0. Anche lo studio delle soluzioni armoniche utilizzate nelle sue composizioni, ossia la dimensione sonora verticale, sono spesso in sintonia con i pi\u00f9 attuali linguaggi musicali e sono sempre orientate all&#8217;acquisizione di un feedback empatico e percettivo con l&#8217;ascoltatore, essenziale punto di riferimento della motivazione<\/span> espressiva ed artistica.<\/p>\n<p class=\"western\" align=\"justify\"><span style=\"color: #0000ff;\"><u><a href=\"http:\/\/www.gianlucapodio.com\/\">http:\/\/www.gianlucapodio.com\/<\/a><\/u><\/span><\/p>\n","protected":false},"excerpt":{"rendered":"<p>&nbsp; Per il Giorno del Ricordo, concerto di Gianluca Podio al Quirinale In diretta su Rai-Radio3 e RaiPlay Sound, domenica [&hellip;]<\/p>\n","protected":false},"author":1,"featured_media":0,"comment_status":"open","ping_status":"open","sticky":false,"template":"","format":"standard","meta":{"footnotes":""},"categories":[33,10],"tags":[],"class_list":["post-20358","post","type-post","status-publish","format-standard","hentry","category-espectaculo","category-italiano"],"_links":{"self":[{"href":"https:\/\/www.ecoitaliano.com.ar\/index.php?rest_route=\/wp\/v2\/posts\/20358","targetHints":{"allow":["GET"]}}],"collection":[{"href":"https:\/\/www.ecoitaliano.com.ar\/index.php?rest_route=\/wp\/v2\/posts"}],"about":[{"href":"https:\/\/www.ecoitaliano.com.ar\/index.php?rest_route=\/wp\/v2\/types\/post"}],"author":[{"embeddable":true,"href":"https:\/\/www.ecoitaliano.com.ar\/index.php?rest_route=\/wp\/v2\/users\/1"}],"replies":[{"embeddable":true,"href":"https:\/\/www.ecoitaliano.com.ar\/index.php?rest_route=%2Fwp%2Fv2%2Fcomments&post=20358"}],"version-history":[{"count":0,"href":"https:\/\/www.ecoitaliano.com.ar\/index.php?rest_route=\/wp\/v2\/posts\/20358\/revisions"}],"wp:attachment":[{"href":"https:\/\/www.ecoitaliano.com.ar\/index.php?rest_route=%2Fwp%2Fv2%2Fmedia&parent=20358"}],"wp:term":[{"taxonomy":"category","embeddable":true,"href":"https:\/\/www.ecoitaliano.com.ar\/index.php?rest_route=%2Fwp%2Fv2%2Fcategories&post=20358"},{"taxonomy":"post_tag","embeddable":true,"href":"https:\/\/www.ecoitaliano.com.ar\/index.php?rest_route=%2Fwp%2Fv2%2Ftags&post=20358"}],"curies":[{"name":"wp","href":"https:\/\/api.w.org\/{rel}","templated":true}]}}