{"id":20364,"date":"2022-02-11T22:07:30","date_gmt":"2022-02-11T22:07:30","guid":{"rendered":"http:\/\/www.ecoitaliano.com.ar\/?p=20364"},"modified":"2022-02-11T22:07:30","modified_gmt":"2022-02-11T22:07:30","slug":"serena-conduce-operaclassica-eco-italiano-1274","status":"publish","type":"post","link":"https:\/\/www.ecoitaliano.com.ar\/?p=20364","title":{"rendered":"Serena conduce operaclassica eco italiano."},"content":{"rendered":"<p><a href=\"http:\/\/www.ecoitaliano.com.ar\/wp-content\/uploads\/2022\/02\/logo_teatro_lr-1.jpg\"><img decoding=\"async\" class=\"alignnone  wp-image-20365\" src=\"http:\/\/www.ecoitaliano.com.ar\/wp-content\/uploads\/2022\/02\/logo_teatro_lr-1.jpg\" alt=\"\" width=\"229\" height=\"177\" srcset=\"https:\/\/www.ecoitaliano.com.ar\/wp-content\/uploads\/2022\/02\/logo_teatro_lr-1.jpg 666w, https:\/\/www.ecoitaliano.com.ar\/wp-content\/uploads\/2022\/02\/logo_teatro_lr-1-300x232.jpg 300w, https:\/\/www.ecoitaliano.com.ar\/wp-content\/uploads\/2022\/02\/logo_teatro_lr-1-150x116.jpg 150w, https:\/\/www.ecoitaliano.com.ar\/wp-content\/uploads\/2022\/02\/logo_teatro_lr-1-400x311.jpg 400w\" sizes=\"(max-width: 229px) 100vw, 229px\" \/><\/a><\/p>\n<p><strong>OPERA<br \/>\n<\/strong><strong>Nuova data per il Requiem di Verdi<\/strong><\/p>\n<p>Si terr\u00e0 gi\u00e0\u00a0<strong>luned\u00ec 14 febbraio alle ore 21<\/strong>\u00a0al Teatro Comunale Pavarotti-Freni\u00a0l\u2019esecuzione della Messa\u00a0da Requiem per soli, coro e orchestra di Giuseppe Verdi dedicata a Mirella Freni sospesa lo scorso 9 febbraio a pochi minuti dall\u2019inizio a causa di una lieve scossa di terremoto. Sar\u00e0 recuperata anche la diretta dall\u2019emittente televisiva TRC che trasmetter\u00e0 il concerto come da programma (canale 11 del digitale terrestre in Emilia-Romagna).<\/p>\n<p>Confermato per intero il cartellone artistico, con Aldo Sisillo alla guida dell\u2019Orchestra dell\u2019Emilia-Romagna Arturo Toscanini, del Coro del Teatro Municipale di Piacenza e del Coro Lirico di Modena preparati da Corrado Casati e i solisti Maija Kovalevska, Annalisa Stroppa, Matteo Desole e Riccardo Zanellato.<\/p>\n<p><strong>Restano validi i biglietti ritirati per il giorno 9.<\/strong>\u00a0Chi avesse smarrito il biglietto, potr\u00e0 ritirarlo alla biglietteria del Teatro di Corso Canalgrande 85 venerd\u00ec, sabato, domenica e luned\u00ec stesso fino a 30 minuti prima dello spettacolo. Al pubblico che intende rinunciare al biglietto ritirato per il giorno 9 si raccomanda di avvertire quanto prima il Teatro via telefono 059 2033010 (luned\u00ec e venerd\u00ec 10.30-13.30), via e mail\u00a0<a href=\"https:\/\/teatrocomunalemodena.voxmail.it\/nl\/pvop7w\/h2lazr\/j3iiyxi\/uf\/1\/bWFpbHRvOmJpZ2xpZXR0ZXJpYUB0ZWF0cm9jb211bmFsZW1vZGVuYS5pdA?_d=719&amp;_c=1854ef38\" target=\"_blank\" rel=\"noopener\">biglietteria@teatrocomunalemodena.it<\/a>\u00a0o recandosi allo sportello, per dare la possibilit\u00e0 di liberare il posto a disposizione dei nuovi interessati. Si ricorda che i biglietti sono gratuiti. La biglietteria sar\u00e0 aperta con i seguenti orari: venerd\u00ec 16-19; sabato 10-14 e 16-19, domenica 11-13 e 15-18.30, luned\u00ec 10-14 e dalle ore 16.<\/p>\n<p><a href=\"http:\/\/www.ecoitaliano.com.ar\/wp-content\/uploads\/2022\/02\/freniweb.jpg\"><img decoding=\"async\" class=\"alignnone  wp-image-20366\" src=\"http:\/\/www.ecoitaliano.com.ar\/wp-content\/uploads\/2022\/02\/freniweb.jpg\" alt=\"\" width=\"339\" height=\"286\" srcset=\"https:\/\/www.ecoitaliano.com.ar\/wp-content\/uploads\/2022\/02\/freniweb.jpg 592w, https:\/\/www.ecoitaliano.com.ar\/wp-content\/uploads\/2022\/02\/freniweb-300x253.jpg 300w, https:\/\/www.ecoitaliano.com.ar\/wp-content\/uploads\/2022\/02\/freniweb-150x127.jpg 150w\" sizes=\"(max-width: 339px) 100vw, 339px\" \/><\/a><\/p>\n<p>info.<\/p>\n<p>https:\/\/teatrocomunalemodena.it\/spettacolo\/comcerto-per-mirella-2022\/<\/p>\n","protected":false},"excerpt":{"rendered":"<p>OPERA Nuova data per il Requiem di Verdi Si terr\u00e0 gi\u00e0\u00a0luned\u00ec 14 febbraio alle ore 21\u00a0al Teatro Comunale Pavarotti-Freni\u00a0l\u2019esecuzione della [&hellip;]<\/p>\n","protected":false},"author":1,"featured_media":0,"comment_status":"open","ping_status":"open","sticky":false,"template":"","format":"standard","meta":{"footnotes":""},"categories":[1],"tags":[],"class_list":["post-20364","post","type-post","status-publish","format-standard","hentry","category-sin-categoria"],"_links":{"self":[{"href":"https:\/\/www.ecoitaliano.com.ar\/index.php?rest_route=\/wp\/v2\/posts\/20364","targetHints":{"allow":["GET"]}}],"collection":[{"href":"https:\/\/www.ecoitaliano.com.ar\/index.php?rest_route=\/wp\/v2\/posts"}],"about":[{"href":"https:\/\/www.ecoitaliano.com.ar\/index.php?rest_route=\/wp\/v2\/types\/post"}],"author":[{"embeddable":true,"href":"https:\/\/www.ecoitaliano.com.ar\/index.php?rest_route=\/wp\/v2\/users\/1"}],"replies":[{"embeddable":true,"href":"https:\/\/www.ecoitaliano.com.ar\/index.php?rest_route=%2Fwp%2Fv2%2Fcomments&post=20364"}],"version-history":[{"count":0,"href":"https:\/\/www.ecoitaliano.com.ar\/index.php?rest_route=\/wp\/v2\/posts\/20364\/revisions"}],"wp:attachment":[{"href":"https:\/\/www.ecoitaliano.com.ar\/index.php?rest_route=%2Fwp%2Fv2%2Fmedia&parent=20364"}],"wp:term":[{"taxonomy":"category","embeddable":true,"href":"https:\/\/www.ecoitaliano.com.ar\/index.php?rest_route=%2Fwp%2Fv2%2Fcategories&post=20364"},{"taxonomy":"post_tag","embeddable":true,"href":"https:\/\/www.ecoitaliano.com.ar\/index.php?rest_route=%2Fwp%2Fv2%2Ftags&post=20364"}],"curies":[{"name":"wp","href":"https:\/\/api.w.org\/{rel}","templated":true}]}}