{"id":20373,"date":"2022-02-11T23:09:06","date_gmt":"2022-02-11T23:09:06","guid":{"rendered":"http:\/\/www.ecoitaliano.com.ar\/?p=20373"},"modified":"2022-02-11T23:09:06","modified_gmt":"2022-02-11T23:09:06","slug":"serena-conduce-operaclassica-eco-italiano-1276","status":"publish","type":"post","link":"https:\/\/www.ecoitaliano.com.ar\/?p=20373","title":{"rendered":"Serena conduce operaclassica eco italiano."},"content":{"rendered":"<p style=\"text-align: center;\"><a href=\"http:\/\/www.ecoitaliano.com.ar\/wp-content\/uploads\/2022\/02\/a984d471-09df-0629-2935-37a02c7b1854.jpg\"><img decoding=\"async\" class=\"alignnone size-full wp-image-20369\" src=\"http:\/\/www.ecoitaliano.com.ar\/wp-content\/uploads\/2022\/02\/a984d471-09df-0629-2935-37a02c7b1854.jpg\" alt=\"\" width=\"200\" height=\"202\" \/><\/a><\/p>\n<p>ANDR\u00c0S SCHIFF AL TEATRO REGIO DI PARMA<br \/>\nPer la stagione concertistica del Teatro Regio di Parma<br \/>\nrealizzata da Societ\u00e0 dei Concerti di Parma, il pianista ungherese, tra i pi\u00f9 grandi interpreti della scena mondiale, \u00e8 protagonista di un programma tutto da scoprire, che lui stesso sveler\u00e0 al pubblico a inizio concerto.<\/p>\n<p>Teatro Regio di Parma<br \/>\ngioved\u00ec 17 febbraio 2022, ore 20.30<\/p>\n<p>Interprete di rinomata eleganza, tra i pi\u00f9 grandi della scena mondiale, il pianista Andr\u00e0s Schiff \u00e8 protagonista del recital in programma gioved\u00ec 17 febbraio 2022, ore 20.30 al Teatro Regio di Parma, nell\u2019ambito della Stagione Concertistica 2021-2022 realizzata da Societ\u00e0 dei Concerti di Parma in collaborazione con Casa della Musica e con il sostegno di Chiesi.<\/p>\n<p>Il pianista ungherese, amato per la sua estetica musicale basata sull\u2019introspezione e l\u2019intuizione, e per il suo tocco asciutto, pulito, definito, che ha reso memorabili incisioni ed esecuzioni che vedono in Bach, Haydn, Mozart, Beethoven, Schubert, Chopin, Schumann e Bart\u00f3k i suoi compositori d\u2019elezione, eseguir\u00e0 un programma tutto da scoprire, che lui stesso sveler\u00e0 al pubblico prima del concerto.<\/p>\n<p>Nato a Budapest nel 1953, Andr\u00e1s Schiff ha studiato pianoforte all\u2019Accademia Liszt con Gy\u00f6rgy Kurt\u00e1g e a Londra con George Malcolm. A ventun anni ha vinto il Concorso \u010cajkovskij di Mosca e il Concorso pianistico di Leeds, e da allora ha avviato un\u2019attivit\u00e0 interpretativa serrata. Per Bach e Mozart ha curato diteggiatura e cadenze nell\u2019edizione Urtext rispettivamente del Clavicembalo ben temperato e dei Concerti per pianoforte e orchestra, e al pari per il Concerto op. 33 di Anton\u00edn Dvo\u0159\u00e1k, tutti per le edizioni Henle. Di Beethoven ha eseguito nel 2006 in tour tutte le sonate, poi registrate dal vivo alla Tonhalle di Zurigo, ci\u00f2 che gli \u00e8 valso la nomina a membro onorario della \u201cBeethoven Haus\u201d a Bonn, il \u201cPremio Abbiati\u201d e l\u2019\u201cAnnual Grammy Award\u201d. Dal 2004 al 2007 \u00e8 stato \u201cArtist in residence\u201d del Kunstfest Weimar e 2007-08 \u201cPianist in residence\u201d della Filarmonica di Berlino. Cittadino britannico, nel 2013 gli \u00e8 stata conferita la medaglia d\u2019oro della Royal Philharmonic Society e nel 2014 \u00e8 stato insignito del titolo di Knight Bachelor per meriti artistici.<br \/>\nMa Schiff non ha mai dimenticato le proprie radici ungheresi. Nel 2011-12, in qualit\u00e0 di artista Perspectives alla Carnegie Hall, accanto a Bach e ai classici viennesi ha avviato un\u2019esplorazione del mondo pianistico di B\u00e9la Bart\u00f3k in undici concerti con il pianista Denes V\u00e1rjon, la Budapest Festival Orchestra e il baritono Christian Gerhaher, oltre a un programma di canzoni popolari ungheresi con l\u2019ensemble Muzsik\u00e1s e a un recital con brani di Gy\u00f6rgy Kurt\u00e1g, fra cui In Memory of a Pure Soul, dedicato alla madre di Schiff.<br \/>\nE non \u00e8 stata la sola propensione alla condivisione delle esperienze interpretative: nel 1995 ha fondato con Heinz Holliger gli \u201cIttinger Pfingstkonzerte\u201d a Kartause Ittingen in Svizzera, ha accompagnato Cecilia Bartoli in Lieder di Beethoven, Hadyn e Schubert (consegnati anche al disco) e Peter Schreier nello Schwanengesang di Schubert, e ha collaborato con la Philharmonia Orchestra di Londra. Dal 1989 al 1998 \u00e8 stato direttore artistico del festival \u201cMusiktage Mondsee\u201d.<br \/>\nSchiff \u00e8 da quarant\u2019anni protagonista nel mercato discografico, che come la sua attivit\u00e0 dal vivo \u00e8 rivolto all\u2019approfondimento continuo dei suoi compositori preferiti. Spaziosa la bacheca dei premi: Royal Academy of Music Bach Prize, Wigmore Hall Medal, Klavier-Festival Ruhr Premio, Schumann-Preis. \u00c8 Professore Onorario dalle Scuole di Musica di Budapest, Detmold e Monaco di Baviera, e membro speciale aggiunto del Balliol College di Oxford.<br \/>\nIn Italia, dove risiede, ha creato un\u2019orchestra da camera che ha debuttato a Vicenza: il suo nome, Cappella Andrea Barca, pur fingendo di alludere a un fantomatico compositore rinascimentale, \u00e8 in realt\u00e0 traduzione italiana letterale del nome del pianista.<\/p>\n<p>PARTNER E SPONSOR<br \/>\nLa Stagione del Teatro Regio di Parma \u00e8 realizzata grazie al contributo di Comune di Parma, Parma Capitale Italiana della Cultura 2021, Ministero della Cultura, Reggio Parma Festival, Regione Emilia-Romagna. Major partner Fondazione Cariparma. Main partners Chiesi, Cr\u00e9dit Agricole. Main sponsor Iren, Barilla. Sponsor Unione Parmense degli Industriali, Dallara, Opem. Sostenitori GHC Garofalo Health Care, Poliambulatori Dalla Rosa Prati, Glove ICT, CePIM, Oinoe, La Giovane, Agugiaro&amp;Figna, Sicim, Mutti, Parmalat, Colser, Parmacotto, Grasselli. Legal counselling Villa&amp;Partners. Con il supporto di \u201cParma, io ci sto!\u201d. Advisor AGFM. Hospitality Partner Novotel. Con il contributo di Ascom e Ascom Confcommercio Parma Fondazione, Camera di Commercio di Parma Fondazione Monte Parma. La Stagione Concertistica \u00e8 realizzati da Societ\u00e0 dei Concerti di Parma, con il sostegno di Chiesi, in collaborazione con Casa della Musica. ParmaDanza \u00e8 realizzata in collaborazione con Arci Caos. Il Concorso Voci Verdiane \u00e8 realizzato in collaborazione con Comune di Busseto, Verdi l\u2019Italiano. Radio Ufficiale Radio Monte Carlo. Sostenitori tecnici Azzali editori, De Simoni, Milosped, MacroCoop, IgpDecaux, Cavalca, Graphital. Il Teatro Regio di Parma aderisce a Fedora, Opera Europa, Operavision, Emilia taste, nature, culture.<\/p>\n<p>BIGLIETTERIA DEL TEATRO REGIO DI PARMA<br \/>\nBiglietti da \u20ac15,00 a \u20ac45,00, riduzioni per Under 30 e associati Societ\u00e0 dei Concerti di Parma.<br \/>\nStrada Giuseppe Garibaldi, 16\/A 43121 Parma Tel. +39 0521 203999 biglietteria@teatroregioparma.it<br \/>\nORARI DI APERTURA dal marted\u00ec al sabato ore 11.00-13.00 e 17.00-19.00 e un\u2019ora precedente lo spettacolo. In caso di spettacolo nei giorni di chiusura, da un\u2019ora precedente lo spettacolo. Chiuso il luned\u00ec, la domenica e i giorni festivi. Il pagamento presso la Biglietteria del Teatro Regio di Parma pu\u00f2 essere effettuato con denaro contante in Euro, con assegno circolare non trasferibile intestato a Fondazione Teatro Regio di Parma, con PagoBancomat, con carte di credito Visa, Cartasi, Diners, Mastercard, American Express. \u00c8 inoltre possibile utilizzare i voucher di rimborso ricevuti a fronte degli spettacoli annullati per l\u2019emergenza sanitaria. I biglietti per tutti gli spettacoli sono disponibili anche su teatroregioparma.it.it. L\u2019acquisto online non comporta alcuna commissione di servizio.<\/p>\n<p>Teatro Regio di Parma<br \/>\ngioved\u00ec 17 febbraio 2022, ore 20.30<\/p>\n<p>Pianoforte ANDR\u00c0S SCHIFF<\/p>\n<p>Il programma verr\u00e0 presentato dall\u2019artista all\u2019inizio del concerto<\/p>\n<p>Parma, 10 febbraio 2022<br \/>\nPaolo Maier<br \/>\nResponsabile Comunicazione, Ufficio Stampa, Progetti speciali<br \/>\nTeatro Regio di Parma strada Garibaldi, 16\/A, 43121 Parma \u2013 Italia<br \/>\nTel. +39 0521 203969<br \/>\np.maier@teatroregioparma.it<br \/>\nstampa@teatroregioparma.it<br \/>\nwww.teatroregioparma.it<\/p>\n<p>STAGIONE CONCERTISTICA 2021-2022<br \/>\nDEL TEATRO REGIO DI PARMA<\/p>\n<p>Teatro Regio di Parma<\/p>\n<p>mercoled\u00ec 3 novembre 2021 ore 20.30<br \/>\nPianoforte ALEXANDER LONQUICH<\/p>\n<p>Robert Schumann<br \/>\nArabeske in do maggiore per pianoforte, op. 18<\/p>\n<p>Robert Schumann<br \/>\nNovelette, op. 21 n. 8<\/p>\n<p>Karl Amadeus Hartmann<br \/>\nSonata \u201c27 Aprile 1945\u201d (prima versione)<\/p>\n<p>Robert Schumann<br \/>\nSonata n. 1 in fa diesis minore per pianoforte, op. 11<\/p>\n<p>domenica 28 novembre 2021 ore 20.30<br \/>\nPianoforte BEATRICE RANA<\/p>\n<p>Fryderyk Chopin<br \/>\nQuattro Scherzi<\/p>\n<p>Claude Debussy<br \/>\n\u00c9tudes, Livre I<\/p>\n<p>Igor Stravinsky<br \/>\nTrois mouvements de Petrouchka<\/p>\n<p>sabato 4 dicembre 2021 ore 20.30<br \/>\nTRIO DI PARMA<br \/>\nViolino Ivan Rabaglia Violoncello Enrico Bronzi Pianoforte Alberto Miodini<\/p>\n<p>Johannes Brahms<br \/>\nTrio, op. 8 (seconda versione, 1891)<\/p>\n<p>P\u00ebtr Il\u2019i\u010d \u010cajkovskij<br \/>\nTrio, op. 50<\/p>\n<p>gioved\u00ec 3 febbraio 2022 ore 20.30<br \/>\nPianoforte GIUSEPPE ALBANESE<\/p>\n<p>Carl Maria von Weber<br \/>\nInvito alla danza &#8211; trascr. di Carl Tausig<\/p>\n<p>L\u00e9o Delibes<br \/>\n\u201cValzer\u201d da Copp\u00e9lia &#8211; trascr. Ernst von Dohn\u00e1nyi<\/p>\n<p>P\u00ebtr Il\u2019i\u010d \u010cajkovskij<br \/>\nSuite da \u201cLo schiaccianoci\u201d &#8211; trascr. di Mikhail Pletnev<\/p>\n<p>Igor Stravinskij<br \/>\nSuite da \u201cL\u2019uccello di fuoco\u201d &#8211; \u00a0trascr. di Guido Agosti<\/p>\n<p>Claude Debussy<br \/>\nPr\u00e9lude \u00e0 l\u2019Apr\u00e8s-midi d\u2019un faune &#8211; trascr. di Leonard Borwick<\/p>\n<p>Maurice Ravel<br \/>\nLa Valse<\/p>\n<p>gioved\u00ec 17 febbraio 2022 ore 20.30<br \/>\nPianoforte ANDR\u00c0S SCHIFF<br \/>\nIl programma verr\u00e0 presentato dall\u2019artista all\u2019inizio del concerto<\/p>\n<p>domenica 20 febbraio 2022 ore 20.30<br \/>\nPassion Galliano un percorso sui suoi cinquant\u2019anni di carriera<br \/>\nFisarmonica RICHARD GALLIANO<\/p>\n<p>luned\u00ec 21 marzo 2022 ore 20.30<br \/>\nViolino ANNA TIFU, Pianoforte GIUSEPPE ANDALORO<\/p>\n<p>C\u00e9sar Franck<br \/>\nSonata per violino e pianoforte in la maggiore<\/p>\n<p>Maurice Ravel<br \/>\nTzigane per violino e pianoforte, in re maggiore, op. 76<\/p>\n<p>Ernest Chausson<br \/>\nPo\u00e8me, op. 25<\/p>\n<p>Pablo Sarasate<br \/>\nFantasia da concerto sulla Carmen,\u00a0op. 25<\/p>\n<p>domenica 29 maggio 2022 ore 17.30<br \/>\nConcerto di chiusura Paganini Guitar Festival 2022<br \/>\nChitarra DAVID RUSSELL<br \/>\nMusiche di Johann Sebastian Bach, Domenico Scarlatti, Isaac Alb\u00e9niz, Granados, Goss<\/p>\n<p>CALENDARIO<\/p>\n<p>OTTOBRE 2021<\/p>\n<p>30 sab 15.30 e 18.00, Ridotto CARTOONS! per le famiglie<\/p>\n<p>NOVEMBRE 2021<\/p>\n<p>3 mer 20.30 ALEXANDER LONQUICH<br \/>\n17 mer 17.00 REGIO PARMA TEATRO DEL MONDO presentazione del libro<br \/>\n20 sab 15.30 e 18.00 RIGOLETTO. I MISTERI DEL TEATRO per le famiglie<br \/>\n25 gio 21.00 I SONNAMBULI Se non fosse per le donne<br \/>\n26 ven 10.00 LA BELLA ADDORMENTATA per le scuole<br \/>\n27 sab 16.00 LA BELLA ADDORMENTATA per le famiglie<br \/>\n28 dom 20.30 BEATRICE RANA<\/p>\n<p>DICEMBRE 2021<\/p>\n<p>3 ven 17.00 PRIMA CHE SI ALZI IL SIPARIO Gran Teatro Reinach<br \/>\n4 sab 20.30 TRIO DI PARMA<br \/>\n5 dom 20.30 EZRALOW DANCE Open<br \/>\n11 sab 20.00 GRAN TEATRO REINACH<br \/>\n12 dom 15.30 GRAN TEATRO REINACH<\/p>\n<p>GENNAIO 2022<\/p>\n<p>8 sab 17.00 PRIMA CHE SI ALZI IL SIPARIO Carmen<br \/>\n9 dom 20.00 CARMEN prova riservata agli under30<br \/>\n11 mar 15.30 CARMEN prova aperta<br \/>\n12 mer 20.00 CARMEN Opera A<br \/>\n14 ven 20.00 CARMEN Opera B<br \/>\n15 sab 17.00 CARMEN Fuori abbonamento<br \/>\n16 dom 15.30 CARMEN Opera D<br \/>\n19 mer 9.00, 11.00 IMPAROLOPERA per le scuole<br \/>\n21 ven 20.00 CARMEN Opera C<br \/>\n23 dom 15.30 CARMEN Fuori abbonamento<br \/>\n27 gio 11.30 Piazzale della Pace CERIMONIA IN MEMORIA DI VERDI<br \/>\n29 sab 20.30 BALLETTO DI ROMA Astor, un secolo di tango<\/p>\n<p>FEBBRAIO 2022<\/p>\n<p>3 gio 20.30 GIUSEPPE ALBANESE<br \/>\n5 sab 20.30 ALMAMIA DANZA PROJECT Carmen<br \/>\n17 gio 20.30 ANDR\u00c0S SCHIFF<br \/>\n19 sab 10.30 OPERA MENO 9 per le famiglie<br \/>\n17.00 PRIMA CHE SI ALZI IL SIPARIO La Favorita<br \/>\n20 dom 20.30 RICHARD GALLIANO<br \/>\n25 ven 20.00 LA FAVORITA Opera A<br \/>\n27 dom 15.30 LA FAVORITA Opera D<\/p>\n<p>MARZO 2022<\/p>\n<p>12 sab 17.00 PRIMA CHE SI ALZI IL SIPARIO Norma<br \/>\n14 lun 20.00 NORMA prova riservata agli under 30<br \/>\n16 mer 15.30 NORMA prova aperta<br \/>\n18 ven 20.00 NORMA Opera A<br \/>\n19 sab 10.30 OPERA MENO 9 per le famiglie<br \/>\n20 dom 15.30 NORMA Opera B<br \/>\n21 lun 20.30 ANNA TIFU, GIUSEPPE ANDALORO<br \/>\n25 ven 9.00 e 11.00 DOLCE CENERENTOLA per le scuole<br \/>\n20.00 NORMA Opera C<br \/>\n26 sab 15.30 e 18.00 DOLCE CENERENTOLA per le famiglie<br \/>\n27 dom 15.30 NORMA Opera D<br \/>\n31 gio 20.30 BALLETTO YACOBSON DI SAN PIETROBURGO Giselle<\/p>\n<p>APRILE 2022<\/p>\n<p>9 sab 10.30 OPERA MENO 9 per le famiglie<br \/>\n22 ven 17.00 PRIMA CHE SI ALZI IL SIPARIO Ascesa e caduta&#8230;<br \/>\n23 sab 15.30 e 18.00 CENERENTOQUA CENERENTOLA per le famiglie<br \/>\n24 dom 15.30 ASCESA E CADUTA DELLA CITT\u00c0 DI MAHAGONNY prova aperta<br \/>\n26 mar 20.00 ASCESA E CADUTA DELLA CITT\u00c0 DI MAHAGONNY Opera A<br \/>\n28 gio 20.00 ASCESA E CADUTA DELLA CITT\u00c0 DI MAHAGONNY Opera B<br \/>\n30 sab 20.00 ASCESA E CADUTA DELLA CITT\u00c0 DI MAHAGONNY Opera C<\/p>\n<p>MAGGIO 2022<\/p>\n<p>6 ven 20.30 BALLETTO DI PARMA Contemporaneamnete<br \/>\n8 dom 15.30 e 18.00 BLACK AIDA per le famiglie<br \/>\n20 ven 9.00 e 11.00 CENERENTOLA Grand Hotel dei sogni per le scuole<br \/>\n21 sab 15.30 e 18.00 CENERENTOLA Grand Hotel dei sogni per le famiglie<br \/>\n28 sab 20.30 NUOVO BALLETTO DI TOSCANA Quartetto per la fine del tempo<br \/>\n29 dom 17.30 DAVID RUSSELL<\/p>\n<p>Sir Andr\u00e1s Schiff<\/p>\n<p>Sir Andr\u00e1s Schiff wurde 1953 in Budapest geboren. Den ersten Klavierunterricht erhielt er im Alter von f\u00fcnf Jahren bei Elisabeth Vad\u00e1sz. Sp\u00e4ter setzte er sein Studium an der Franz-Liszt-Akademie in Budapest bei Prof. P\u00e1l Kadosa, Gy\u00f6rgy Kurt\u00e1g und Ferenc Rados sowie bei George Malcolm in London fort.<br \/>\nEin wichtiger Teil seiner T\u00e4tigkeit sind Klavierabende, und da im Besonderen die zyklischen Auff\u00fchrungen der Klavierwerke von Bach, Haydn, Mozart, Beethoven, Schubert, Chopin, Schumann und Bart\u00f3k. Seit 2004 hat Sir Andr\u00e1s Schiff in mehr als 20 St\u00e4dten den kompletten Zyklus s\u00e4mtlicher Klaviersonaten von Ludwig van Beethoven in chronologischer Reihenfolge aufgef\u00fchrt. Deren Live-Mitschnitte aus der Z\u00fcrcher Tonhalle auf CD (ECM) erhielten h\u00f6chste Auszeichnungen. F\u00fcr seine Einspielung \u201eGeistervariationen\u201c mit Werken von Robert Schumann (ECM) erhielt Sir Andr\u00e1s Schiff den International Classical Music Award 2012 in der Kategorie \u201eSolo Instrument. Recording of the year\u201c. Im Herbst 2017 erschien eine Duo-CD zusammen mit seiner Frau Yuuko Shiokawa (Violine) mit Werken von J.S. Bach, F. Busoni und L. van Beethoven sowie 2019 eine Einspielung mit Klavierwerken von F. Schubert. Seine j\u00fcngsten Aufnahmen stammen aus den letzten beiden Jahren: Eine Kammermusik-Edition in Zusammenarbeit mit dem Klarinettisten und Komponisten J\u00f6rg Widmann enth\u00e4lt neben den beiden Klarinettensonaten op. 120 von J. Brahms die von J. Widmann komponierten und Sir Andr\u00e1s Schiff gewidmeten Intermezzi f\u00fcr Klavier. Die neueste Einspielung mit einer Aufnahme der beiden Klavierkonzerte von J. Brahms auf einem Bl\u00fcthner-Fl\u00fcgel mit dem Orchestra of the Age of Enlightenment erschien 2021.<\/p>\n<p>Sir Andr\u00e1s Schiff tritt mit den meisten international bedeutenden Orchestern und Dirigenten auf. Einen Schwerpunkt setzt er auf die Auff\u00fchrung der Klavierkonzerte von Bach, Mozart und Beethoven unter eigener Leitung. 1999 gr\u00fcndete er sein eigenes Kammerorchester, die \u00abCappella Andrea Barca\u00bb, mit der er, wie auch mit dem Chamber Orchestra of Europe, als Dirigent und Solist eng zusammenarbeitet.<br \/>\nSeit fr\u00fcher Jugendzeit ist Sir Andr\u00e1s Schiff ein leidenschaftlicher Kammermusiker. Von 1989 bis 1998 leitete er die Musiktage Mondsee, ein Kammermusikfestival, das hohe internationale Anerkennung fand. Gemeinsam mit Heinz Holliger hatte er von 1995 bis 2013 die K\u00fcnstlerische Leitung der Ittinger Pfingstkonzerte in der Kartause Ittingen, Schweiz, inne. Seit 1998 findet im Teatro Olimpico in Vicenza unter der Leitung von Sir Andr\u00e1s Schiff die Konzertreihe \u00abOmaggio a Palladio\u00bb statt.<br \/>\nSir Andr\u00e1s Schiff wurde mit mehreren internationalen Preisen ausgezeichnet. Er wurde im Juni 2006 f\u00fcr seinen ausserordentlichen Rang als Beethoven-Interpret durch die Wahl zum Ehrenmitglied des Beethoven-Hauses Bonn gew\u00fcrdigt. Im September 2008 erhielt Sir Andr\u00e1s Schiff die Medaille der Wigmore Hall f\u00fcr sein dortiges 30j\u00e4hriges musikalisches Wirken. Sir Andr\u00e1s Schiff\u00a0ist ausserdem Tr\u00e4ger des Robert-Schumann-Preises der Stadt Zwickau des Jahres 2011. Im Januar 2012 wurde dem K\u00fcnstler die Goldene Mozart-Medaille der Internationalen Stiftung Mozarteum verliehen. Im darauf folgenden Juni erhielt er den \u201eOrden pour le m\u00e9rite f\u00fcr Wissenschaften und K\u00fcnste\u201c. Im selben Jahr wurde er zum Ehrenmitglied des Wiener Konzerthauses und zum \u201eSpecial Supernumerary Fellow of Balliol College\u201c (Oxford, UK) ernannt. Sir Andr\u00e1s Schiff wurde 2012 das Grosse Verdienstkreuz mit Stern der Bundesrepublik Deutschland verliehen. F\u00fcr sein herausragendes musikalisches Schaffen erhielt er im Dezember 2013 in London mit der Goldmedaille der Royal Philharmonic Society die h\u00f6chste Auszeichnung dieser Gesellschaft. Im Juli 2014 verlieh ihm die University of\u00a0Leeds und im M\u00e4rz 2018 seine K\u00f6nigliche Hoheit Prinz Charles als Pr\u00e4sident des Royal College of Music die\u00a0Ehrendoktorw\u00fcrde.<br \/>\nIm Fr\u00fchjahr 2011 hat Sir Andr\u00e1s Schiff f\u00fcr Aufsehen gesorgt, als er \u00f6ffentlich gegen die alarmierende politische Entwicklung in Ungarn Stellung bezog. Aus den teilweise beleidigenden Angriffen, denen er sich daraufhin von Seiten ungarischer Nationalisten ausgesetzt sah, hat Sir Andr\u00e1s Schiff die Konsequenz gezogen, in seiner Heimat keine Konzerte mehr zu geben.<br \/>\nIm Juni 2014 wurde er von Queen Elizabeth II f\u00fcr seine Verdienste f\u00fcr die Musik in den Adelsstand erhoben. Seit Dezember 2014 ist Sir Andr\u00e1s Schiff Ehrenb\u00fcrger der Stadt Vicenza.<br \/>\nIm M\u00e4rz 2017 erschien im B\u00e4renreiter und Henschel-Verlag sein Buch \u201eMusik kommt aus der Stille\u201c mit Essays und Gespr\u00e4chen mit Martin Meyer. Juni 2021.<\/p>\n<p>Nato a Budapest nel 1953, Andr\u00e1s Schiff ha studiato pianoforte all\u2019Accademia Liszt con Gy\u00f6rgy Kurt\u00e1g e a Londra con George Malcolm. A ventun\u2019anni ha vinto il Concorso \u010cajkovskij di Mosca e il Concorso pianistico di Leeds. Da allora ha avviato un\u2019attivit\u00e0 interpretativa serrata, che ha tuttora in Bach, Haydn, Mozart, Beethoven, Schubert, Chopin, Schumann e Bart\u00f3k i suoi compositori d\u2019elezione. Proprio per Bach e Mozart ha curato diteggiatura e cadenze nell\u2019edizione Urtext rispettivamente del Clavicembalo ben temperato e dei Concerti per pianoforte e orchestra, e al pari per il Concerto op. 33 di Anton\u00edn Dvo\u0159\u00e1k, tutti per le edizioni Henle. Di Beethoven ha eseguito nel 2006 in tour tutte le sonate, poi registrate dal vivo alla Tonhalle di Zurigo, ci\u00f2 che gli \u00e8 valso la nomina a membro onorario della \u201cBeethoven Haus\u201d a Bonn, il \u201cPremio Abbiati\u201d e l\u2019\u201cAnnual Grammy Award\u201d. Dal 2004 al 2007 \u00e8 stato \u201cArtist in residence\u201d del Kunstfest Weimar e 2007-08 \u201cPianist in residence\u201d della Filarmonica di Berlino. Cittadino britannico, nel 2013 gli \u00e8 stata conferita la medaglia d\u2019oro della Royal Philharmonic Society e nel 2014 \u00e8 stato insignito del titolo di Knight Bachelor per meriti artistici.<br \/>\nMa Schiff non ha mai dimenticato le proprie radici ungheresi. Nel 2011-12, in qualit\u00e0 di artista Perspectives alla Carnegie Hall, accanto a Bach e ai classici viennesi ha avviato un\u2019esplorazione del mondo pianistico di B\u00e9la Bart\u00f3k in undici concerti con il pianista Denes V\u00e1rjon, la Budapest Festival Orchestra e il baritono Christian Gerhaher, oltre a un programma di canzoni popolari ungheresi con l\u2019ensemble Muzsik\u00e1s e a un recital con brani di Gy\u00f6rgy Kurt\u00e1g, fra cui In Memory of a Pure Soul, dedicato alla madre di Schiff.<br \/>\n\u00c8 non \u00e8 stata la sola propensione alla condivisione delle esperienze interpretative: nel 1995 ha fondato con Heinz Holliger gli \u201cIttinger Pfingstkonzerte\u201d a Kartause Ittingen in Svizzera, ha accompagnato Cecilia Bartoli in Lieder di Beethoven, Hadyn e Schubert (consegnati anche al disco) e Peter Schreier nello Schwanengesang di Schubert, e ha collaborato con la Philharmonia Orchestra di Londra. Dal 1989 al 1998 \u00e8 stato direttore artistico del festival \u201cMusiktage Mondsee\u201d.<br \/>\nInterprete di segnalata pulizia ed eleganza, dal tocco asciutto e definito, incline a un\u2019estetica della musicabilit\u00e0 introversa e affabile basata sull\u2019affinit\u00e0 e l\u2019intuizione, Schiff \u00e8 da quarant\u2019anni protagonista nel mercato discografico, che come la sua attivit\u00e0 dal vivo \u00e8 rivolto all\u2019approfondimento continuo dei suoi compositori preferiti. Spaziosa la bacheca dei premi: Royal Academy of Music Bach Prize, Wigmore Hall Medal, Klavier-Festival Ruhr Premio, Schumann-Preis. \u00c8 Professore Onorario dalle Scuole di Musica di Budapest, Detmold e Monaco di Baviera, e membro speciale aggiunto del Balliol College di Oxford.<br \/>\nIn Italia, dove risiede, ha creato un\u2019orchestra da camera che ha debuttato a Vicenza: il suo nome, Cappella Andrea Barca, pur fingendo di alludere a un fantomatico compositore rinascimentale, \u00e8 in realt\u00e0 traduzione italiana letterale del nome del pianista.<\/p>\n<p><a href=\"http:\/\/www.ecoitaliano.com.ar\/wp-content\/uploads\/2022\/02\/dxfvbnm.jpg\"><img decoding=\"async\" class=\"alignnone size-full wp-image-20374\" src=\"http:\/\/www.ecoitaliano.com.ar\/wp-content\/uploads\/2022\/02\/dxfvbnm.jpg\" alt=\"\" width=\"1228\" height=\"819\" srcset=\"https:\/\/www.ecoitaliano.com.ar\/wp-content\/uploads\/2022\/02\/dxfvbnm.jpg 1228w, https:\/\/www.ecoitaliano.com.ar\/wp-content\/uploads\/2022\/02\/dxfvbnm-300x200.jpg 300w, https:\/\/www.ecoitaliano.com.ar\/wp-content\/uploads\/2022\/02\/dxfvbnm-768x512.jpg 768w, https:\/\/www.ecoitaliano.com.ar\/wp-content\/uploads\/2022\/02\/dxfvbnm-1024x683.jpg 1024w, https:\/\/www.ecoitaliano.com.ar\/wp-content\/uploads\/2022\/02\/dxfvbnm-150x100.jpg 150w\" sizes=\"(max-width: 1228px) 100vw, 1228px\" \/><\/a><\/p>\n","protected":false},"excerpt":{"rendered":"<p>ANDR\u00c0S SCHIFF AL TEATRO REGIO DI PARMA Per la stagione concertistica del Teatro Regio di Parma realizzata da Societ\u00e0 dei [&hellip;]<\/p>\n","protected":false},"author":1,"featured_media":0,"comment_status":"open","ping_status":"open","sticky":false,"template":"","format":"standard","meta":{"footnotes":""},"categories":[1],"tags":[],"class_list":["post-20373","post","type-post","status-publish","format-standard","hentry","category-sin-categoria"],"_links":{"self":[{"href":"https:\/\/www.ecoitaliano.com.ar\/index.php?rest_route=\/wp\/v2\/posts\/20373","targetHints":{"allow":["GET"]}}],"collection":[{"href":"https:\/\/www.ecoitaliano.com.ar\/index.php?rest_route=\/wp\/v2\/posts"}],"about":[{"href":"https:\/\/www.ecoitaliano.com.ar\/index.php?rest_route=\/wp\/v2\/types\/post"}],"author":[{"embeddable":true,"href":"https:\/\/www.ecoitaliano.com.ar\/index.php?rest_route=\/wp\/v2\/users\/1"}],"replies":[{"embeddable":true,"href":"https:\/\/www.ecoitaliano.com.ar\/index.php?rest_route=%2Fwp%2Fv2%2Fcomments&post=20373"}],"version-history":[{"count":0,"href":"https:\/\/www.ecoitaliano.com.ar\/index.php?rest_route=\/wp\/v2\/posts\/20373\/revisions"}],"wp:attachment":[{"href":"https:\/\/www.ecoitaliano.com.ar\/index.php?rest_route=%2Fwp%2Fv2%2Fmedia&parent=20373"}],"wp:term":[{"taxonomy":"category","embeddable":true,"href":"https:\/\/www.ecoitaliano.com.ar\/index.php?rest_route=%2Fwp%2Fv2%2Fcategories&post=20373"},{"taxonomy":"post_tag","embeddable":true,"href":"https:\/\/www.ecoitaliano.com.ar\/index.php?rest_route=%2Fwp%2Fv2%2Ftags&post=20373"}],"curies":[{"name":"wp","href":"https:\/\/api.w.org\/{rel}","templated":true}]}}