{"id":20376,"date":"2022-02-11T23:23:49","date_gmt":"2022-02-11T23:23:49","guid":{"rendered":"http:\/\/www.ecoitaliano.com.ar\/?p=20376"},"modified":"2022-02-11T23:23:49","modified_gmt":"2022-02-11T23:23:49","slug":"serena-conduce-operaclassica-eco-italiano-1277","status":"publish","type":"post","link":"https:\/\/www.ecoitaliano.com.ar\/?p=20376","title":{"rendered":"Serena conduce operaclassica eco italiano."},"content":{"rendered":"<p style=\"text-align: center;\"><a href=\"http:\/\/www.ecoitaliano.com.ar\/wp-content\/uploads\/2022\/02\/a984d471-09df-0629-2935-37a02c7b1854.jpg\"><img decoding=\"async\" class=\"alignnone size-full wp-image-20369\" src=\"http:\/\/www.ecoitaliano.com.ar\/wp-content\/uploads\/2022\/02\/a984d471-09df-0629-2935-37a02c7b1854.jpg\" alt=\"\" width=\"200\" height=\"202\" \/><\/a><\/p>\n<p>VERDI JAM SESSION<br \/>\nUNA RESIDENZA ARTISTICA NEL NOME DI VERDI<br \/>\nIn occasione del XXII Festival Verdi, Verdi Off promuove un bando<br \/>\nper la selezione di 5 artisti in residenza, tra i 18 e i 35 anni,<br \/>\nper la realizzazione di performance incentrate sulla figura e sull\u2019opera di Giuseppe Verdi, che utilizzino i linguaggi della musica, della danza, del teatro, delle arti visive, del canto.<br \/>\nRegolamento e modulo di iscrizione di Verdi Jam Session<br \/>\ndisponibili su teatroregioparma.it. Iscrizioni entro il 2 aprile 2022.<br \/>\nVerdi Off \u00e8 realizzato in collaborazione con il Comune di Parma<br \/>\ne l\u2019Associazione \u201cParma, io ci sto!\u201d, progetto speciale di Reggio Parma Festival.<\/p>\n<p>Il Teatro Regio di Parma, nell\u2019ambito di Verdi Off e in occasione del XXII Festival Verdi, promuove il bando Verdi Jam Session &#8211; Una residenza per Verdi, rivolto alla selezione di 5 artisti, tra i 18 e i 35 anni, per la realizzazione di performance incentrate sulla figura e sull\u2019opera di Giuseppe Verdi, improntate alla multidisciplinariet\u00e0, al coinvolgimento del pubblico e all\u2019improvvisazione, con l\u2019obiettivo di offrire loro uno spazio di lavoro, ricerca, riflessione e pratica artistica e facilitarne i contatti con le realt\u00e0 del territorio. Verdi Off \u00e8 realizzato dal Teatro Regio di Parma, in collaborazione con il Comune di Parma e l\u2019Associazione \u201cParma, io ci sto!\u201d, progetto speciale di Reggio Parma Festival.<\/p>\n<p>Il bando di Verdi Jam Session \u00e8 rivolto ad artisti ammessi a partecipare individualmente, che operano nella musica, nella danza, nella drammaturgia e nella recitazione, nelle arti visive, nel canto. Sar\u00e0 selezionato un solo artista per categoria. Le candidature dovranno pervenire alla Fondazione Teatro Regio di Parma (Strada Giuseppe Garibaldi 16\/A, 43121, Parma PR) entro le ore 23.00 del 2 aprile 2022. Ai candidati \u00e8 richiesto l\u2019invio del modulo compilato e firmato, disponibile su teatroregioparma.it, allegando copia di un documento d\u2019identit\u00e0, curriculum e portfolio artistico, con eventuali link e\/o materiale a stampa, CD o DVD, e copia di green pass rafforzato.<br \/>\nI candidati ritenuti idonei sulla base della valutazione della documentazione saranno chiamati a sostenere un colloquio in presenza o online. La selezione dei candidati sar\u00e0 effettuata da una commissione composta da esperti e dai responsabili di Verdi Off.<\/p>\n<p>I nomi dei vincitori saranno pubblicati sul sito teatroregioparma.it entro il 31 maggio 2022.<br \/>\nAi 5 artisti selezionati verr\u00e0 garantito l\u2019alloggio presso una struttura individuata dal Teatro Regio di Parma, per un periodo di residenza fissato dal 1 al 30 settembre 2022. Agli artisti sar\u00e0 inoltre corrisposto un contributo di \u20ac 1.500 lordi complessivi a titolo di compartecipazione alle spese di vitto e trasferimenti.<\/p>\n<p>La residenza \u00e8 rivolta alla realizzazione di uno spettacolo o performance, che ciascun artista realizzer\u00e0 in gruppo o individualmente, che verr\u00e0 inserita nella programmazione di Verdi Off, nei luoghi individuati dal Teatro Regio di Parma. Durante il periodo di residenza, gli artisti saranno coinvolti nei progetti formativi di Verdi Off volti alla divulgazione e all\u2019avvicinamento all\u2019opera e a Giuseppe Verdi delle nuove generazioni, attraverso linguaggi artistici diversi. In particolare, dovranno rendersi disponibili a tenere almeno un incontro presso una scuola del territorio, in cui daranno testimonianza del loro percorso artistico e del progetto che li vede impegnati durante la residenza.<\/p>\n<p>Il regolamento completo e il modulo di iscrizione sono disponibili online sul sito teatroregioparma.it. Per informazioni: verdioff@teatroregioparma.it.<\/p>\n<p>PARTNER E SPONSOR<\/p>\n<p>La Stagione del Teatro Regio di Parma e il Festival Verdi sono realizzati grazie al contributo di Ministero della Cultura, Regione Emilia-Romagna, Reggio Parma Festival, Comune di Parma. Main partners Chiesi, Cr\u00e9dit Agricole. Major partner Fondazione Cariparma. Media partner Mediaset. Main sponsor Iren, Barilla. Sponsor Unione Parmense degli Industriali, Dallara, Opem. Sostenitori Glove ICT, CePIM, Mutti, Parmacotto, Grasselli, Sicim, La Giovane, Augiaro&amp;Figna, Parmalat, GHC Garofalo Health Care, Poliambulatori Dalla Rosa Prati, Colser Aurora Domus, Oinoe. Con il contributo di Ascom e Ascom Confcommercio Parma Fondazione, Camera di Commercio di Parma, Fondazione Monte Parma, Comune di Busseto, Concorso Internazionale Voci Verdiane Citt\u00e0 di Busseto, Comune di Fidenza, Istituto Nazionale di Studi Verdiani. Advisor AGFM. Legal counselling Villa&amp;Partners. Con il supporto di \u201cParma, io ci sto!\u201d. Digital counselling Unsocials. Radio Ufficiale Radio Monte Carlo. Tour Operator Partner Parma Incoming. Hospitality Partner Novotel. Sostenitori tecnici Azzali, De Simoni, Milosped, MacroCoop, IgpDecaux, Bip, Doyle, Cavalca, Graphital. Il Teatro Regio aderisce a Fedora, Opera Europa, Opera Europa, Opera Vision, Emilia taste, nature &amp; culture. Partner istituzionali, Teatro Comunale di Bologna, La Toscanini. Partner artistici Societ\u00e0 dei Concerti di Parma, Casa della musica, Conservatorio \u201cArrigo Boito\u201d di Parma, Coro del Teatro Regio di Parma. L\u2019immagine esclusiva del Festival \u00e8 il ritratto di Giuseppe Verdi realizzato a matita da Renato Guttuso negli anni \u201960, donato al Teatro Regio di Parma dall\u2019Archivio storico Bocchi e concesso da Fabio Carapezza Guttuso \u00a9Renato Guttuso by SIAE 2021.<\/p>\n<p>Parma, 11 febbraio 2022<\/p>\n<p>Paolo Maier<br \/>\nResponsabile Comunicazione, Ufficio Stampa, Progetti speciali<br \/>\nTeatro Regio di Parma strada Garibaldi<br \/>\n16\/A, 43121 Parma \u2013 Italia<br \/>\nTel. +39 0521 203969<br \/>\np.maier@teatroregioparma.it stampa@teatroregioparma.it<br \/>\nwww.teatroregioparma.it<\/p>\n<p>FESTIVAL VERDI<br \/>\nParma e Busseto, 22 settembre &#8211; 16 ottobre 2022<\/p>\n<p>XXII EDIZIONE<\/p>\n<p>Teatro Regio di Parma<br \/>\n22 settembre, 1, 9, 16 ottobre 2022<br \/>\nLA FORZA DEL DESTINO<\/p>\n<p>Teatro Regio di Parma<br \/>\n23, 30 settembre 2022<br \/>\nMESSA DA REQUIEM<\/p>\n<p>Teatro Girolamo Magnani di Fidenza<br \/>\n24 settembre, 2, 8, 13 ottobre 2022<br \/>\nIL TROVATORE<\/p>\n<p>Teatro Regio di Parma<br \/>\n25, 29 settembre, 6, 14 ottobre 2022<br \/>\nSIMON BOCCANEGRA<\/p>\n<p>Teatro Regio di Parma<br \/>\n4 ottobre 2022<br \/>\nFUOCO DI GIOIA<\/p>\n<p>Teatro Regio di Parma<br \/>\n10 ottobre 2022<br \/>\nGALA VERDIANO<\/p>\n<p>Teatro Regio di Parma<br \/>\n15 ottobre 2022<br \/>\nQUATTRO PEZZI SACRI<\/p>\n<p>AroundVerdi<\/p>\n<p>Busseto, 18 settembre 2022<br \/>\nMontechiarugolo, 24 settembre 2022<br \/>\nParma, 1 ottobre 2022<br \/>\nPolesine-Zibello, 2 ottobre 2022<br \/>\nCARAVAN VERDIANO<br \/>\nRIGOLETTO, Le voci da dentro<\/p>\n<p>Teatro Regio di Parma<br \/>\n7 ottobre 2022<br \/>\nGIOVANNA: LA PULZELLA,<br \/>\nLA FANCIULLA, L\u2019ALLODOLA<br \/>\ncon Lella Costa<\/p>\n<p>Scopri il programma completo su<\/p>\n<p>festivalverdi.it<\/p>\n<p>VERDI OFF<br \/>\nCitt\u00e0 in festa in occasione del Festival Verdi<br \/>\nParma, Busseto e dintorni<br \/>\n17 settembre &#8211; 16 ottobre 2022<br \/>\nVII Edizione<\/p>\n<p>Progetti speciali<\/p>\n<p>Strade, cortili, piazze di Parma<br \/>\nsabato 17 settembre 2021, dalle ore 17.00<br \/>\nVERDI SOTTO CASA<br \/>\nCantanti, ballerini, attori e musicisti invadono la citt\u00e0 portando la gioia di Verdi Off nei quartieri, nelle RSA e in tutti quei luoghi solo apparentemente lontani dalla Musica e dal teatro.<\/p>\n<p>Parma, sabato 17 settembre 2021, ore 18.00<br \/>\nLA CITT\u00c0 CHE DANZA<br \/>\nLa danza incontra la lingua dei segni e l\u2019arte segnante, in una performance che coinvolge le scuole di danze e chiunque voglia prendervi parte. Un\u2019occasione per porre l\u2019attenzione alle molte forme di esclusione che ci circondano e abitano la nostra quotidianit\u00e0, e \u201cdar voce\u201d alla comunit\u00e0 dei sordi alle forme di arte che utilizzano la LIS. Coreografia di Riccardo Olivier, produzione Estemporada, coproduzione Chiasma in collaborazione con ENS Parma.<\/p>\n<p>Parma, sabato 17 settembre 2021, ore 15.00<br \/>\nMACBETH. SCACCO AL RE!<br \/>\nChi trover\u00e0 il pugnale insanguinato di Macbeth? Chi il lume per rischiarare la notte della Regina?<br \/>\nEnigmi e sfide in un avvincente gioco a squadre con un unico obiettivo: far s\u00ec che l\u2019opera possa andare in scena!<br \/>\nIdea e Regia: Giacomo Nappini, In collaborazione con: Compagnia Stabile del Teatro San Carlo di Foligno e Protemus Progetto teatrale e musicale<\/p>\n<p>SE QUEL GUERRIER IO FOSSI. Sulla punta della lingua<br \/>\nMuovendo dalle suggestioni di Aida e Nabucco, un\u2019installazione site specific ricostruisce, in un container \u201cverdiano\u201d che si fa palcoscenico, l\u2019etimologia ormai perduta di parole ed espressioni la cui origine rimanda a realt\u00e0 dolorose, solo apparentemente lontane. Suoni, parole e immagini per un\u2019esperienza immersiva che ci costringe a guardare laddove non vorremmo. Una produzione OHT &#8211; Office for a Human Theatre.<\/p>\n<p>VERDI JAM SESSION<br \/>\nUn cantante, un musicista, un attore, un drammaturgo, un artista visivo: cinque creativi in residenza per dare vita,<br \/>\npartendo dalla musica e dalla figura di Giuseppe Verdi, a performance originali e partecipative che animeranno il calendario di Verdi Off. Il regolamento di partecipazione su festivalverdi.it<\/p>\n<p>Scopri il programma completo su<\/p>\n<p>festivalverdi.it<br \/>\nCALENDARIO<\/p>\n<p>SETTEMBRE<\/p>\n<p>10 sab 17.00 Teatro Regio PRIMA CHE SI ALZI IL SIPARIO La forza del destino<br \/>\n14 mer 16.30 Teatro Regio PROVA APERTA La forza del destino<br \/>\n15 gio 17.00 Teatro Regio PRIMA CHE SI ALZI IL SIPARIO Simon Boccanegra<br \/>\n16 ven 17.00 Fidenza, Teatro Magnani PRIMA CHE SI ALZI IL SIPARIO Il trovatore<br \/>\n21.00 Parma Lirica IL CORO DEL TEATRO REGIO DI PARMA IN PROVA<br \/>\n17 sab 15.30 Teatro Regio PROVA APERTA Simon Boccanegra<br \/>\n18 dom 18.00 Busseto, Piazza Verdi CARAVAN VERDIANO<br \/>\n19 lun 20.00 Teatro Regio PROVA UNDER30 La forza del destino<br \/>\n20 mar 17.00 Teatro Regio PRIMA CHE SI ALZI IL SIPARIO Quattro pezzi sacri<br \/>\n21 mer 20.00 Teatro Regio PROVA UNDER30 Simon Boccanegra<br \/>\n22 gio 15.30 Teatro Magnani PROVA APERTA Il trovatore<br \/>\n20.00 Teatro Regio LA FORZA DEL DESTINO<br \/>\n23 ven 20.00 Teatro Regio MESSA DA REQUIEM<br \/>\n24 sab 18.00 Montechiarugolo CARAVAN VERDIANO<br \/>\n20.00 Fidenza, Teatro Magnani IL TROVATORE<br \/>\n25 dom 20.00 Teatro Regio SIMON BOCCANEGRA<br \/>\n29 gio 20.00 Teatro Regio SIMON BOCCANEGRA<br \/>\n30 ven 17.30 Ridotto del Teatro Regio CORI AL RIDOTTO voci bianche Ars Canto \u201cGiuseppe Verdi\u201d<br \/>\n20.00 Teatro Regio MESSA DA REQUIEM<\/p>\n<p>OTTOBRE<\/p>\n<p>1 sab 18.00 Parma, Piazzale Picelli CARAVAN VERDIANO<br \/>\n20.00 Teatro Regio LA FORZA DEL DESTINO<br \/>\n2 dom 17.30 Ridotto del Teatro Regio CORI AL RIDOTTO voci bianche Parma Musicale<br \/>\n18.00 Polesine-Zibello CARAVAN VERDIANO<br \/>\n20.00 Fidenza, Teatro Magnani IL TROVATORE<br \/>\n4 mar 20.00 Teatro Regio FUOCO DI GIOIA<br \/>\n6 gio 20.00 Teatro Regio SIMON BOCCANEGRA<br \/>\n7 ven 17.30 Ridotto del Teatro Regio CORI AL RIDOTTO voci bianche Corale \u201cGiuseppe Verdi\u201d<br \/>\n20.00 Teatro Regio GIOVANNA, LA PULZELLA&#8230;<br \/>\n8 sab 17.30 Ridotto del Teatro Regio CORI AL RIDOTTO corale \u201cGiuseppe Verdi\u201d<br \/>\n20.00 Fidenza, Teatro Magnani IL TROVATORE<br \/>\n9 dom 20.00 Teatro Regio LA FORZA DEL DESTINO<br \/>\n10 lun 20.00 Teatro Regio GALA VERDIANO<br \/>\n11 mar 17.30 Ridotto del Teatro Regio CORI AL RIDOTTO voci bianche \u201cChorus Cordis\u201d<br \/>\n13 gio 20.00 Fidenza, Teatro Magnani IL TROVATORE<br \/>\n14 ven 17.30 Ridotto del Teatro Regio CORI AL RIDOTTO voci bianche Teatro Regio di Parma<br \/>\n20.00 Teatro Regio SIMON BOCCANEGRA<br \/>\n15 sab 18.00 Teatro Regio QUATTRO PEZZI SACRI<br \/>\n16 dom 17.00 Teatro Regio LA FORZA DEL DESTINO.<\/p>\n<p><a href=\"http:\/\/www.ecoitaliano.com.ar\/wp-content\/uploads\/2022\/02\/locandina.jpg\"><img decoding=\"async\" class=\"alignnone size-full wp-image-20377\" src=\"http:\/\/www.ecoitaliano.com.ar\/wp-content\/uploads\/2022\/02\/locandina.jpg\" alt=\"\" width=\"848\" height=\"1199\" srcset=\"https:\/\/www.ecoitaliano.com.ar\/wp-content\/uploads\/2022\/02\/locandina.jpg 848w, https:\/\/www.ecoitaliano.com.ar\/wp-content\/uploads\/2022\/02\/locandina-212x300.jpg 212w, https:\/\/www.ecoitaliano.com.ar\/wp-content\/uploads\/2022\/02\/locandina-768x1086.jpg 768w, https:\/\/www.ecoitaliano.com.ar\/wp-content\/uploads\/2022\/02\/locandina-724x1024.jpg 724w, https:\/\/www.ecoitaliano.com.ar\/wp-content\/uploads\/2022\/02\/locandina-106x150.jpg 106w\" sizes=\"(max-width: 848px) 100vw, 848px\" \/><\/a> <a href=\"http:\/\/www.ecoitaliano.com.ar\/wp-content\/uploads\/2022\/02\/2-4.jpg\"><img decoding=\"async\" class=\"alignnone size-full wp-image-20380\" src=\"http:\/\/www.ecoitaliano.com.ar\/wp-content\/uploads\/2022\/02\/2-4.jpg\" alt=\"\" width=\"848\" height=\"1199\" srcset=\"https:\/\/www.ecoitaliano.com.ar\/wp-content\/uploads\/2022\/02\/2-4.jpg 848w, https:\/\/www.ecoitaliano.com.ar\/wp-content\/uploads\/2022\/02\/2-4-212x300.jpg 212w, https:\/\/www.ecoitaliano.com.ar\/wp-content\/uploads\/2022\/02\/2-4-768x1086.jpg 768w, https:\/\/www.ecoitaliano.com.ar\/wp-content\/uploads\/2022\/02\/2-4-724x1024.jpg 724w, https:\/\/www.ecoitaliano.com.ar\/wp-content\/uploads\/2022\/02\/2-4-106x150.jpg 106w\" sizes=\"(max-width: 848px) 100vw, 848px\" \/><\/a> <a href=\"http:\/\/www.ecoitaliano.com.ar\/wp-content\/uploads\/2022\/02\/3-6.jpg\"><img decoding=\"async\" class=\"alignnone size-full wp-image-20381\" src=\"http:\/\/www.ecoitaliano.com.ar\/wp-content\/uploads\/2022\/02\/3-6.jpg\" alt=\"\" width=\"848\" height=\"1199\" srcset=\"https:\/\/www.ecoitaliano.com.ar\/wp-content\/uploads\/2022\/02\/3-6.jpg 848w, https:\/\/www.ecoitaliano.com.ar\/wp-content\/uploads\/2022\/02\/3-6-212x300.jpg 212w, https:\/\/www.ecoitaliano.com.ar\/wp-content\/uploads\/2022\/02\/3-6-768x1086.jpg 768w, https:\/\/www.ecoitaliano.com.ar\/wp-content\/uploads\/2022\/02\/3-6-724x1024.jpg 724w, https:\/\/www.ecoitaliano.com.ar\/wp-content\/uploads\/2022\/02\/3-6-106x150.jpg 106w\" sizes=\"(max-width: 848px) 100vw, 848px\" \/><\/a> <a href=\"http:\/\/www.ecoitaliano.com.ar\/wp-content\/uploads\/2022\/02\/4-5.jpg\"><img decoding=\"async\" class=\"alignnone size-full wp-image-20382\" src=\"http:\/\/www.ecoitaliano.com.ar\/wp-content\/uploads\/2022\/02\/4-5.jpg\" alt=\"\" width=\"848\" height=\"1199\" srcset=\"https:\/\/www.ecoitaliano.com.ar\/wp-content\/uploads\/2022\/02\/4-5.jpg 848w, https:\/\/www.ecoitaliano.com.ar\/wp-content\/uploads\/2022\/02\/4-5-212x300.jpg 212w, https:\/\/www.ecoitaliano.com.ar\/wp-content\/uploads\/2022\/02\/4-5-768x1086.jpg 768w, https:\/\/www.ecoitaliano.com.ar\/wp-content\/uploads\/2022\/02\/4-5-724x1024.jpg 724w, https:\/\/www.ecoitaliano.com.ar\/wp-content\/uploads\/2022\/02\/4-5-106x150.jpg 106w\" sizes=\"(max-width: 848px) 100vw, 848px\" \/><\/a><\/p>\n<p><a href=\"http:\/\/www.ecoitaliano.com.ar\/wp-content\/uploads\/2022\/02\/1-4.jpg\"><img decoding=\"async\" class=\"alignnone size-full wp-image-20383\" src=\"http:\/\/www.ecoitaliano.com.ar\/wp-content\/uploads\/2022\/02\/1-4.jpg\" alt=\"\" width=\"848\" height=\"1199\" srcset=\"https:\/\/www.ecoitaliano.com.ar\/wp-content\/uploads\/2022\/02\/1-4.jpg 848w, https:\/\/www.ecoitaliano.com.ar\/wp-content\/uploads\/2022\/02\/1-4-212x300.jpg 212w, https:\/\/www.ecoitaliano.com.ar\/wp-content\/uploads\/2022\/02\/1-4-768x1086.jpg 768w, https:\/\/www.ecoitaliano.com.ar\/wp-content\/uploads\/2022\/02\/1-4-724x1024.jpg 724w, https:\/\/www.ecoitaliano.com.ar\/wp-content\/uploads\/2022\/02\/1-4-106x150.jpg 106w\" sizes=\"(max-width: 848px) 100vw, 848px\" \/><\/a> <a href=\"http:\/\/www.ecoitaliano.com.ar\/wp-content\/uploads\/2022\/02\/yo-2.jpg\"><img decoding=\"async\" class=\"alignnone size-full wp-image-20384\" src=\"http:\/\/www.ecoitaliano.com.ar\/wp-content\/uploads\/2022\/02\/yo-2.jpg\" alt=\"\" width=\"856\" height=\"1190\" srcset=\"https:\/\/www.ecoitaliano.com.ar\/wp-content\/uploads\/2022\/02\/yo-2.jpg 856w, https:\/\/www.ecoitaliano.com.ar\/wp-content\/uploads\/2022\/02\/yo-2-216x300.jpg 216w, https:\/\/www.ecoitaliano.com.ar\/wp-content\/uploads\/2022\/02\/yo-2-768x1068.jpg 768w, https:\/\/www.ecoitaliano.com.ar\/wp-content\/uploads\/2022\/02\/yo-2-737x1024.jpg 737w, https:\/\/www.ecoitaliano.com.ar\/wp-content\/uploads\/2022\/02\/yo-2-108x150.jpg 108w\" sizes=\"(max-width: 856px) 100vw, 856px\" \/><\/a><\/p>\n","protected":false},"excerpt":{"rendered":"<p>VERDI JAM SESSION UNA RESIDENZA ARTISTICA NEL NOME DI VERDI In occasione del XXII Festival Verdi, Verdi Off promuove un [&hellip;]<\/p>\n","protected":false},"author":1,"featured_media":0,"comment_status":"open","ping_status":"open","sticky":false,"template":"","format":"standard","meta":{"footnotes":""},"categories":[1],"tags":[],"class_list":["post-20376","post","type-post","status-publish","format-standard","hentry","category-sin-categoria"],"_links":{"self":[{"href":"https:\/\/www.ecoitaliano.com.ar\/index.php?rest_route=\/wp\/v2\/posts\/20376","targetHints":{"allow":["GET"]}}],"collection":[{"href":"https:\/\/www.ecoitaliano.com.ar\/index.php?rest_route=\/wp\/v2\/posts"}],"about":[{"href":"https:\/\/www.ecoitaliano.com.ar\/index.php?rest_route=\/wp\/v2\/types\/post"}],"author":[{"embeddable":true,"href":"https:\/\/www.ecoitaliano.com.ar\/index.php?rest_route=\/wp\/v2\/users\/1"}],"replies":[{"embeddable":true,"href":"https:\/\/www.ecoitaliano.com.ar\/index.php?rest_route=%2Fwp%2Fv2%2Fcomments&post=20376"}],"version-history":[{"count":0,"href":"https:\/\/www.ecoitaliano.com.ar\/index.php?rest_route=\/wp\/v2\/posts\/20376\/revisions"}],"wp:attachment":[{"href":"https:\/\/www.ecoitaliano.com.ar\/index.php?rest_route=%2Fwp%2Fv2%2Fmedia&parent=20376"}],"wp:term":[{"taxonomy":"category","embeddable":true,"href":"https:\/\/www.ecoitaliano.com.ar\/index.php?rest_route=%2Fwp%2Fv2%2Fcategories&post=20376"},{"taxonomy":"post_tag","embeddable":true,"href":"https:\/\/www.ecoitaliano.com.ar\/index.php?rest_route=%2Fwp%2Fv2%2Ftags&post=20376"}],"curies":[{"name":"wp","href":"https:\/\/api.w.org\/{rel}","templated":true}]}}