{"id":20386,"date":"2022-02-12T09:22:56","date_gmt":"2022-02-12T09:22:56","guid":{"rendered":"http:\/\/www.ecoitaliano.com.ar\/?p=20386"},"modified":"2022-02-12T09:22:56","modified_gmt":"2022-02-12T09:22:56","slug":"intervista-al-m-vince-tempera-sul-festival-di-sanremo-2022","status":"publish","type":"post","link":"https:\/\/www.ecoitaliano.com.ar\/?p=20386","title":{"rendered":"Intervista al M\u00b0 Vince Tempera sul Festival di Sanremo 2022"},"content":{"rendered":"<p><a href=\"http:\/\/www.ecoitaliano.com.ar\/wp-content\/uploads\/2022\/02\/vince-tempera-1280x720_opt.jpg\"><img decoding=\"async\" class=\"alignnone size-full wp-image-20389\" src=\"http:\/\/www.ecoitaliano.com.ar\/wp-content\/uploads\/2022\/02\/vince-tempera-1280x720_opt.jpg\" alt=\"\" width=\"400\" height=\"225\" srcset=\"https:\/\/www.ecoitaliano.com.ar\/wp-content\/uploads\/2022\/02\/vince-tempera-1280x720_opt.jpg 400w, https:\/\/www.ecoitaliano.com.ar\/wp-content\/uploads\/2022\/02\/vince-tempera-1280x720_opt-300x169.jpg 300w, https:\/\/www.ecoitaliano.com.ar\/wp-content\/uploads\/2022\/02\/vince-tempera-1280x720_opt-150x84.jpg 150w\" sizes=\"(max-width: 400px) 100vw, 400px\" \/><\/a><\/p>\n<p class=\"western\" align=\"center\"><span style=\"font-family: Georgia, serif;\"><span style=\"font-size: x-large;\"><b>Intervista al M\u00b0 Vince Tempera sul <\/b><\/span><\/span><\/p>\n<p class=\"western\" align=\"center\"><span style=\"font-family: Georgia, serif;\"><span style=\"font-size: x-large;\"><b>Festival di Sanremo 2022<\/b><\/span><\/span><\/p>\n<p class=\"western\" align=\"center\"><span style=\"font-family: Georgia, serif;\"><span style=\"font-size: medium;\">di<\/span><\/span><span style=\"font-family: Georgia, serif;\"><span style=\"font-size: medium;\"><b> Loris Cattunar *<\/b><\/span><\/span><\/p>\n<p class=\"western\">\n<p class=\"western\" align=\"justify\"><span style=\"font-family: Georgia, serif;\">PINETO (Teramo) &#8211; Il Maestro <\/span><span style=\"font-family: Georgia, serif;\"><b>Vince Tempera<\/b><\/span><span style=\"font-family: Georgia, serif;\"> \u00e8 senza dubbio uno dei direttori d\u2019orchestra pi\u00f9 noti nella storia del <\/span><span style=\"font-family: Georgia, serif;\"><b>Festival di Sanremo<\/b><\/span><span style=\"font-family: Georgia, serif;\">. Il M\u00b0<\/span><b> <\/b><span style=\"font-family: Georgia, serif;\">Tempera, sar\u00e0 presente l\u20191 e 2 aprile 2022 a <\/span><span style=\"font-family: Georgia, serif;\"><b>Pineto<\/b><\/span><span style=\"font-family: Georgia, serif;\"> (Teramo) presso l\u2019Accademia dello Spettacolo SLM Sound Light Music, diretta da <\/span><span style=\"font-family: Georgia, serif;\"><b>Sylvia Pagni<\/b><\/span><span style=\"font-family: Georgia, serif;\">, per tenervi due importantissime giornate di Master Class. Ho pertanto rivolto all\u2019insigne Maestro alcune domande sul recente Festival di Sanremo, alle quali ha risposto con la cortesia e la sensibilit\u00e0 artistica che lo contraddistinguono.<\/span><\/p>\n<p class=\"western\" align=\"justify\"><span style=\"font-family: Georgia, serif;\"><b>M\u00b0 Vince Tempera, lei che ha diretto l\u2019orchestra in varie edizioni del Festival di Sanremo, quanto \u00e8 cambiato il festival e com\u2019\u00e8 cambiata la musica in questi decenni?<\/b><\/span><\/p>\n<p class=\"western\" align=\"justify\"><span style=\"font-family: Georgia, serif;\"><i>Nella storia del festival abbiamo avuto 4 epoche\u00a0di stili d\u2019orchestra. La prima epoca, quella storica, con l&#8217;orchestra di Cinico Angelini che accompagnava tutti i cantanti. La seconda, con pi\u00f9 direttori d&#8217;orchestra che dirigevano i cantanti in gara con arrangiamenti simili a quelli del disco inciso. Nella terza\u00a0c&#8217;\u00e8 stato l&#8217;avvento dell&#8217;uso delle basi musicali gi\u00e0 registrate dei cantanti in gara, quindi l&#8217;eliminazione dell&#8217;orchestra dal vivo. Nella quarta c&#8217;\u00e8 stato il ritorno dell&#8217;orchestra, con vari direttori che si alternano a seconda degli artisti. La nuova epoca, la quinta, c&#8217;\u00e8 l&#8217;inserimento con l&#8217;orchestra dei file del computer, con suoni che possono essere prodotti mediante le nuove esperienze digitali.<\/i><\/span><\/p>\n<p class=\"western\">\n<p class=\"western\"><span style=\"font-family: Georgia, serif;\"><b>Come ha visto Sanremo 2022, cosa l\u2019ha colpita positivamente e cosa meno?<\/b><\/span><\/p>\n<p class=\"western\" align=\"justify\"><span style=\"font-family: Georgia, serif;\"><i>Sanremo 2022 ha tentato di mettere insieme artisti giovani con artisti d&#8217;annata. Pensavo che Massimo Ranieri potesse andare meglio, ma Morandi lo ha surclassato sia come canto che come canzone. La classifica dei primi tre posti mi ha soddisfatto. Io tifavo per Mamood e socio.<\/i><\/span><\/p>\n<p class=\"western\">\n<p class=\"western\" align=\"justify\"><span style=\"font-family: Georgia, serif;\"><b>Sanremo \u00e8 Sanremo: ma secondo lei riesce ad accontentare tutte le generazioni e rappresentarle? <\/b><\/span><\/p>\n<p class=\"western\" align=\"justify\"><span style=\"font-family: Georgia, serif;\"><i>Non so se le accontenta tutte le generazioni, anche perch\u00e9 mi \u00e8 sembrato che a volte invecchia anche la voce, non solo il volto&#8230;<\/i><\/span><\/p>\n<p class=\"western\" align=\"justify\"><span style=\"font-family: Georgia, serif;\"><b>Mantiene tuttora lo stesso prestigio e la fama internazionale del passato?<\/b><\/span><\/p>\n<p class=\"western\" align=\"justify\"><span style=\"font-family: Georgia, serif;\"><i>Vincendo all&#8217;Eurofestival con i Manneskin Sanremo ha ricevuto una bella spinta ad essere ancora una rassegna di fama internazionale. D&#8217;altronde la musica unisce i giovani pi\u00f9 dello sport, in questo momento. E l&#8217;Europa \u00e8 dei GIOVANI. Forza Sanremo!<\/i><\/span><\/p>\n<p class=\"western\" align=\"justify\"><span style=\"font-family: Georgia, serif;\"><b>Quest\u2019anno il Festival ha avuto un picco di share oltre le aspettative. Secondo lei a cosa \u00e8 dovuto?<\/b><\/span><\/p>\n<p class=\"western\" align=\"justify\"><span style=\"font-family: Georgia, serif;\"><i>Quest&#8217;anno l&#8217;ascolto \u00e8 aumentato per due motivi, a mio parere: primo per la proposta di nomi giovani e secondo anche per la bravura di Amadeus.<\/i><\/span><\/p>\n<p class=\"western\" align=\"justify\">\n<p class=\"western\" align=\"justify\"><span style=\"font-family: Georgia, serif;\"><b>Se avesse l\u2019opportunit\u00e0 di modificare o migliorare il Festival di Sanremo, cosa farebbe?<\/b><\/span><\/p>\n<p class=\"western\" align=\"justify\"><span style=\"font-family: Georgia, serif;\"><i>Lo toglierei dal teatro Ariston, che ormai \u00e8 obsoleto, e lo sposterei in una bella Arena con pi\u00f9 spazio. E cambierei le scenografie. Troppo di vecchio stile.<\/i><\/span><\/p>\n<p class=\"western\" align=\"justify\">\n<p class=\"western\" align=\"justify\"><span style=\"font-family: Georgia, serif;\"><b>Secondo lei il Festival di Sanremo \u00e8 la scelta obbligata come trampolino di lancio dei giovani artisti?<\/b><\/span><\/p>\n<p class=\"western\" align=\"justify\"><span style=\"font-family: Georgia, serif;\"><i>Oggi il Festival certamente \u00e8 un trampolino di lancio per giovani artisti. Per certi artisti, per\u00f2, \u00e8 stato superato dalla rete mondiale.<\/i><\/span><\/p>\n<p class=\"western\" align=\"justify\">\n<p class=\"western\" align=\"justify\"><span style=\"font-family: Georgia, serif;\"><b>Nella storia del festival chi sono i conduttori e gli artisti del passato che lo hanno colpito positivamente, e chi delle ultime edizioni del festival, secondo lei, sentiremo parlare ancora per tanti anni? <\/b><\/span><\/p>\n<p class=\"western\" align=\"justify\"><span style=\"font-family: Georgia, serif;\"><i>Ho avuto la fortuna di lavorare Mike Bongiorno e Pippo Baudo e per me rimangono insuperabili. Loro sono il Festival di Sanremo. Dopo metto Amadeus, che ha saputo condurre due festival difficili durante la pandemia.<\/i><\/span><\/p>\n<p class=\"western\" align=\"justify\"><span style=\"font-family: Georgia, serif;\">Ringrazio il Maestro Vince Tempera per queste sue risposte interessanti e preziose! <\/span><\/p>\n<p class=\"western\"><a name=\"_GoBack\"><\/a> <span style=\"font-family: Georgia, serif;\"><i>*Management director &#8211; SLM Sound Light Music &#8211; Accademia dello Spettacolo <\/i><\/span><\/p>\n<p>&nbsp;<\/p>\n","protected":false},"excerpt":{"rendered":"<p>Intervista al M\u00b0 Vince Tempera sul Festival di Sanremo 2022 di Loris Cattunar * PINETO (Teramo) &#8211; Il Maestro Vince [&hellip;]<\/p>\n","protected":false},"author":1,"featured_media":0,"comment_status":"open","ping_status":"open","sticky":false,"template":"","format":"standard","meta":{"footnotes":""},"categories":[33,10],"tags":[],"class_list":["post-20386","post","type-post","status-publish","format-standard","hentry","category-espectaculo","category-italiano"],"_links":{"self":[{"href":"https:\/\/www.ecoitaliano.com.ar\/index.php?rest_route=\/wp\/v2\/posts\/20386","targetHints":{"allow":["GET"]}}],"collection":[{"href":"https:\/\/www.ecoitaliano.com.ar\/index.php?rest_route=\/wp\/v2\/posts"}],"about":[{"href":"https:\/\/www.ecoitaliano.com.ar\/index.php?rest_route=\/wp\/v2\/types\/post"}],"author":[{"embeddable":true,"href":"https:\/\/www.ecoitaliano.com.ar\/index.php?rest_route=\/wp\/v2\/users\/1"}],"replies":[{"embeddable":true,"href":"https:\/\/www.ecoitaliano.com.ar\/index.php?rest_route=%2Fwp%2Fv2%2Fcomments&post=20386"}],"version-history":[{"count":0,"href":"https:\/\/www.ecoitaliano.com.ar\/index.php?rest_route=\/wp\/v2\/posts\/20386\/revisions"}],"wp:attachment":[{"href":"https:\/\/www.ecoitaliano.com.ar\/index.php?rest_route=%2Fwp%2Fv2%2Fmedia&parent=20386"}],"wp:term":[{"taxonomy":"category","embeddable":true,"href":"https:\/\/www.ecoitaliano.com.ar\/index.php?rest_route=%2Fwp%2Fv2%2Fcategories&post=20386"},{"taxonomy":"post_tag","embeddable":true,"href":"https:\/\/www.ecoitaliano.com.ar\/index.php?rest_route=%2Fwp%2Fv2%2Ftags&post=20386"}],"curies":[{"name":"wp","href":"https:\/\/api.w.org\/{rel}","templated":true}]}}