{"id":20473,"date":"2022-02-18T02:08:02","date_gmt":"2022-02-18T02:08:02","guid":{"rendered":"http:\/\/www.ecoitaliano.com.ar\/?p=20473"},"modified":"2022-02-18T02:08:02","modified_gmt":"2022-02-18T02:08:02","slug":"serena-conduce-operaclassica-eco-italiano-1286","status":"publish","type":"post","link":"https:\/\/www.ecoitaliano.com.ar\/?p=20473","title":{"rendered":"Serena conduce operaclassica eco italiano"},"content":{"rendered":"<p style=\"text-align: center;\"><a href=\"http:\/\/www.ecoitaliano.com.ar\/wp-content\/uploads\/2022\/02\/image004.jpg\"><img decoding=\"async\" class=\"alignnone size-full wp-image-20474\" src=\"http:\/\/www.ecoitaliano.com.ar\/wp-content\/uploads\/2022\/02\/image004.jpg\" alt=\"\" width=\"198\" height=\"200\" \/><\/a><\/p>\n<p>COMUNICATO STAMPA<\/p>\n<p>con cortese richiesta di pubblicazione<\/p>\n<p>\u201cLA FAVORITA\u201d DI GAETANO DONIZETTI IN SCENA AL TEATRO MUNICIPALE DI PIACENZA VENERD\u00cc 18 E DOMENICA 20 FEBBRAIO CON SIMONE PIAZZOLA, ANNA MARIA CHIURI E CELSO ALBELO DIREZIONE DI MATTEO BELTRAMI, REGIA DI ANDREA CIGNI<\/p>\n<p>La Stagione Lirica 2021\/2022 della Fondazione Teatri di Piacenza prosegue con La favorita di Gaetano Donizetti, in scena venerd\u00ec 18 febbraio alle 20 e domenica 20 febbraio alle 15.30.<br \/>\nL\u2019opera debutta a Piacenza nel nuovo allestimento realizzato dal Teatro Municipale in coproduzione con il Teatro Regio di Parma, dove torner\u00e0 in scena il 25 e 27 febbraio.<br \/>\nIl titolo \u00e8 assente da quarant\u2019anni dal palcoscenico del Municipale &#8211; l\u2019ultima rappresentazione risale al 1982, con Alfredo Kraus &#8211; in linea dunque con la riproposta di opere di non frequente esecuzione che ha caratterizzato le recenti stagioni.<br \/>\nLa direzione musicale \u00e8 affidata a Matteo Beltrami, profondo conoscitore del repertorio operistico italiano, che fa ritorno a Piacenza dopo Il Corsaro verdiano nel 2018, sul podio dell\u2019Orchestra Filarmonica Italiana. Firma l\u2019allestimento Andrea Cigni, regista dall\u2019ampia preparazione che ha all\u2019attivo prestigiose produzioni in Italia e all\u2019estero, pi\u00f9 volte segnalate e premiate dalla critica, coadiuvato da un team creativo di grande esperienza: Dario Gessati per le scene, Tommaso Lagattolla per i costumi, Fiammetta Baldiserri per le luci. Al debutto nel ruolo di Leonora di Gusman, il mezzosoprano Anna Maria Chiuri, di casa al Municipale di Piacenza e ospite regolare dei maggiori teatri d\u2019opera italiani ed europei; al suo fianco il baritono veronese dalla carriera internazionale Simone Piazzola (Alfonso XI), e il tenore Celso Albelo (Fernando), erede del belcanto romantico pi\u00f9 genuino e richiesto dai pi\u00f9 importanti teatri del mondo. A completare il cast Simon Lim (Baldassarre), Andrea Galli (Don Gasparo), Renata Campanella (Ines). Il Coro del Teatro Municipale di Piacenza \u00e8 preparato da Corrado Casati.<br \/>\nLa favorita, dramma in quattro atti su libretto di Alfonso Royer e Gustave Va\u00ebz, verr\u00e0 eseguita nella versione italiana di Francesco Jannetti del 1860. L\u2019opera donizettiana, dopo il debutto francese a Parigi nel 1840, giunse presto in Italia &#8211; gi\u00e0 nel 1842 a Padova e nel 1843 alla Scala &#8211; dove conobbe diverse versioni dettate dalla censura nei confronti del soggetto ritenuto ai tempi scabroso.<\/p>\n<p>\u00abLa storia de La favorita \u00e8 una storia di ruoli e di personaggi, delle differenze sociali tra questi e delle dinamiche affettive e di potere che li regolano \u2013 scrive Andrea Cigni nelle note di regia &#8211; I ruoli e i personaggi sono il centro drammaturgico pi\u00f9 importante. Poco importa in realt\u00e0 il contesto storico o geografico della vicenda. Sono per\u00f2 importanti le relazioni tra i protagonisti e dunque uno spazio fortemente simbolico e significativo ove tutto si svolge e prende vita. La sincerit\u00e0, la chiarezza dei personaggi, il loro essere \u201cveri\u201d, \u00e8 nascosto dal ruolo e dunque dal costume che li protegge e che impedisce di essere loro stessi. Il coro ha una funzione essenziale di commento all\u2019azione, come se fosse spettatore distaccato ma presente di qualcosa che si svolge davanti a lui, come se assistesse a un teatro (nel senso filologico del termine, ovvero \u201cazione del guardare\u201d) rappresentato da Fernando, Alfonso, Leonora. E dunque dobbiamo andare a scoprire la verit\u00e0 nascosta dentro ai costumi dei personaggi stessi, che impongono un ruolo nella societ\u00e0 e che rappresentano una specie di \u201ccorazza\u201d ai sentimenti, ma anche una protezione rispetto alla collocazione sociale che hanno\u00bb.<br \/>\nI personaggi agiscono in uno spazio che rimanda all\u2019idea del Teatro Anatomico, come spiega ancora il regista: \u00abun luogo dove si \u201cesaminano\u201d profondamente (fisicamente) gli individui e che qui vorremmo riproporre come \u201canalisi\u201d e disamina dei sentimenti, delle viscere affettive dei personaggi, del loro essere veri sotto una pelle (rappresentata dal costume) che solo quando viene tolta li lascia sinceramente esprimere ci\u00f2 che sentono, provano, vivono mostrandoci i loro sentimenti, la loro sofferenza, la loro angoscia, il loro amore, la loro verit\u00e0\u00bb.<\/p>\n<p>Si ricorda che, come da disposizioni vigenti, l\u2019accesso allo spettacolo \u00e8 consentito solo con Green Pass e mascherina di tipo Ffp2.<\/p>\n<p>Informazioni e biglietti: Biglietteria del Teatro Municipale:<br \/>\ntel. 0523 385720 &#8211; 385721 www.teatripiacenza.it &#8211; biglietteria@teatripiacenza.it<\/p>\n<p>&nbsp;<\/p>\n","protected":false},"excerpt":{"rendered":"<p>COMUNICATO STAMPA con cortese richiesta di pubblicazione \u201cLA FAVORITA\u201d DI GAETANO DONIZETTI IN SCENA AL TEATRO MUNICIPALE DI PIACENZA VENERD\u00cc [&hellip;]<\/p>\n","protected":false},"author":1,"featured_media":0,"comment_status":"open","ping_status":"open","sticky":false,"template":"","format":"standard","meta":{"footnotes":""},"categories":[1],"tags":[],"class_list":["post-20473","post","type-post","status-publish","format-standard","hentry","category-sin-categoria"],"_links":{"self":[{"href":"https:\/\/www.ecoitaliano.com.ar\/index.php?rest_route=\/wp\/v2\/posts\/20473","targetHints":{"allow":["GET"]}}],"collection":[{"href":"https:\/\/www.ecoitaliano.com.ar\/index.php?rest_route=\/wp\/v2\/posts"}],"about":[{"href":"https:\/\/www.ecoitaliano.com.ar\/index.php?rest_route=\/wp\/v2\/types\/post"}],"author":[{"embeddable":true,"href":"https:\/\/www.ecoitaliano.com.ar\/index.php?rest_route=\/wp\/v2\/users\/1"}],"replies":[{"embeddable":true,"href":"https:\/\/www.ecoitaliano.com.ar\/index.php?rest_route=%2Fwp%2Fv2%2Fcomments&post=20473"}],"version-history":[{"count":0,"href":"https:\/\/www.ecoitaliano.com.ar\/index.php?rest_route=\/wp\/v2\/posts\/20473\/revisions"}],"wp:attachment":[{"href":"https:\/\/www.ecoitaliano.com.ar\/index.php?rest_route=%2Fwp%2Fv2%2Fmedia&parent=20473"}],"wp:term":[{"taxonomy":"category","embeddable":true,"href":"https:\/\/www.ecoitaliano.com.ar\/index.php?rest_route=%2Fwp%2Fv2%2Fcategories&post=20473"},{"taxonomy":"post_tag","embeddable":true,"href":"https:\/\/www.ecoitaliano.com.ar\/index.php?rest_route=%2Fwp%2Fv2%2Ftags&post=20473"}],"curies":[{"name":"wp","href":"https:\/\/api.w.org\/{rel}","templated":true}]}}