{"id":20490,"date":"2022-02-18T02:58:44","date_gmt":"2022-02-18T02:58:44","guid":{"rendered":"http:\/\/www.ecoitaliano.com.ar\/?p=20490"},"modified":"2022-02-18T02:58:44","modified_gmt":"2022-02-18T02:58:44","slug":"serena-conduce-operaclassica-eco-italiano-1290","status":"publish","type":"post","link":"https:\/\/www.ecoitaliano.com.ar\/?p=20490","title":{"rendered":"Serena conduce operaclassica eco italiano."},"content":{"rendered":"<p><a href=\"http:\/\/www.ecoitaliano.com.ar\/wp-content\/uploads\/2022\/02\/image-2.png\"><img decoding=\"async\" class=\"alignnone size-full wp-image-20491\" src=\"http:\/\/www.ecoitaliano.com.ar\/wp-content\/uploads\/2022\/02\/image-2.png\" alt=\"\" width=\"756\" height=\"115\" srcset=\"https:\/\/www.ecoitaliano.com.ar\/wp-content\/uploads\/2022\/02\/image-2.png 756w, https:\/\/www.ecoitaliano.com.ar\/wp-content\/uploads\/2022\/02\/image-2-300x46.png 300w, https:\/\/www.ecoitaliano.com.ar\/wp-content\/uploads\/2022\/02\/image-2-150x23.png 150w\" sizes=\"(max-width: 756px) 100vw, 756px\" \/><\/a><\/p>\n<p style=\"font-weight: 400;\">Comunicato stampa<\/p>\n<p style=\"font-weight: 400;\">\n<p style=\"font-weight: 400;\"><strong>MICHIELETTO: DOPPIO IMPEGNO A VENEZIA CON UNA NUOVA OPERA E UNA NUOVA INSTALLAZIONE<\/strong><\/p>\n<p style=\"font-weight: 400;\"><em>\u00a0<\/em><\/p>\n<p style=\"font-weight: 400;\"><em>Dal 18 febbraio al 5 giugno l&#8217;installazione artistica\u00a0\u201cArch\u00e8us. Labirinto Mozart\u201d,\u00a0\u00a0progetto speciale dell\u2019Archivio Storico della Biennale per i 1600 anni di Venezia.<\/em><\/p>\n<p style=\"font-weight: 400;\"><em>\u00a0<\/em><\/p>\n<p style=\"font-weight: 400;\"><em>Il 22 febbraio al Teatro La Fenice in prima assoluta \u201cLe baruffe\u201d di Giorgio Battistelli<\/em><\/p>\n<p style=\"font-weight: 400;\">\n<p style=\"font-weight: 400;\">Un\u2019installazione immersiva multidisciplinare che unisce la teatralit\u00e0 musicale con l\u2019arte figurativa, realizzata per la Biennale, e la messinscena di un\u2019opera in prima assoluta, alla Fenice. Sono i due diversi fronti dell&#8217;impegno del regista Damiano Michieletto nella citt\u00e0 di Venezia nel mese di febbraio.<\/p>\n<p style=\"font-weight: 400;\">Venerd\u00ec 18 a Forte Marghera, a pochi chilometri dal centro cittadino, inaugura\u00a0<strong><em>Arch\u00e8us. Labirinto Mozart<\/em><\/strong>,\u00a0un progetto speciale dell\u2019Archivio Storico delle Arti Contemporanee (ASAC) della Biennale di Venezia che celebra i 1600 anni della citt\u00e0 lagunare e che resta aperto e visitabile fino al 5 giugno 2022.<\/p>\n<p style=\"font-weight: 400;\"><em>Arch\u00e8us<\/em>\u00a0\u00e8 il frutto di un dialogo fra le arti in cui la teatralit\u00e0 musicale e l\u2019atmosfera fantastica del\u00a0<em>Flauto magico<\/em>\u00a0di Mozart incontrano le forme estetiche contemporanee. L\u2019installazione prevede cinque stanze unite da cinque tunnel bui in cui sono localizzate delle sorgenti sonore. Queste riproducono brani tratti dal\u00a0<em>Flauto magico<\/em>\u00a0realizzato al Teatro La Fenice nel 2015 con la regia di Michieletto e la direzione musicale di Antonello Manacorda.\u00a0Il viaggio di Tamino e dell\u2019amata Pamina alla scoperta della luce, della verit\u00e0 e della saggezza, \u00e8 rappresentato in\u00a0<em>Arch\u00e8us<\/em>\u00a0come un percorso iniziatico in cinque stadi, in cui si transita dal buio alla luce. Si\u00a0passa, cos\u00ec, da un\u2019iniziale fiducia data al regno della notte fino alla conquista della saggezza solare. Lo spettatore, inoltre, partecipa al rovesciamento delle prospettive caratteristiche del capolavoro mozartiano, poich\u00e9 la struttura stessa dell\u2019installazione crea\u00a0giochi di illusioni e un\u00a0percorso di trasformazione che si conclude con la quinta stanza.<\/p>\n<p style=\"font-weight: 400;\">L\u2019installazione \u00e8 creata da Damiano Michieletto con\u00a0<em>O\u03c6cina<\/em>, laboratorio creativo attivo nell\u2019arte contemporanea formato da un gruppo di professionisti con esperienza ventennale negli allestimenti d\u2019opera lirica nei principali teatri del mondo.<\/p>\n<p style=\"font-weight: 400;\"><em>Arch\u00e8us<\/em>\u00a0\u00e8 a ingresso libero ed \u00e8 realizzato dalla Biennale di Venezia con il contributo della Direzione Generale Creativit\u00e0 Contemporanea del Ministero della Cultura.<\/p>\n<p style=\"font-weight: 400;\">Pochi giorni dopo l\u2019inaugurazione dell\u2019installazione, marted\u00ec\u00a0<strong>22 febbraio,<\/strong>\u00a0debutta al\u00a0<strong>Teatro La Fenice<\/strong>\u00a0la nuova messinscena di Michieletto de\u00a0<strong><em>Le baruffe<\/em><\/strong>, opera di Giorgio Battistelli commissionata dal teatro veneziano e proposta in prima esecuzione assoluta. La nuova produzione\u00a0\u00e8\u00a0tratta dalla commedia veneziana\u00a0<em>Le baruffe chiozzotte<\/em>\u00a0di Carlo Goldoni (1762), su libretto di Battistelli e dello stesso Michieletto.<\/p>\n<p style=\"font-weight: 400;\">Protagonisti sul palco\u00a0Alessandro Luongo come padron Toni\u00a0e\u00a0Valeria Girardello nella parte di madonna Pasqua. Completano il cast\u00a0Francesca Sorteni (Lucietta); Enrico Casari (Titta-Nane); Marcello Nardis (Beppo); Rocco Cavalluzzi (padron Fortunato); Loriana Castellano (madonna Libera); Francesca Lombardi Mazzulli (Orsetta); Silvia Frigato (Checca); Pietro Di Bianco (padron Vicenzo); Leonardo Cortellazzi (Toffolo); Federico Longhi (Isidoro). L&#8217;Orchestra del Teatro La Fenice \u00e8 diretta da\u00a0Enrico Calesso.\u00a0Il Coro \u00e8 preparato da Alfonso Caiani. Le scene sono firmate da\u00a0Paolo Fantin<strong>,\u00a0<\/strong>i costumi da\u00a0Carla Teti, le luci sono a cura di\u00a0Alessandro Carletti, i movimenti\u00a0coreografici di Thomas Wilhelm.<\/p>\n<p style=\"font-weight: 400;\">Lo spettacolo \u00e8 in dialetto chioggiotto con sopratitoli in italiano e in inglese. Le repliche sono in programma il 24 e il 26 febbraio, il 2 e il 4 marzo. La prima recita di marted\u00ec 22 febbraio sar\u00e0 trasmessa in diretta radiofonica su Rai Radio3 a partire dalle ore 19.00.<\/p>\n<p style=\"font-weight: 400;\">Dopo gli appuntamenti veneziani, Michieletto sar\u00e0 impegnato con la nuova produzione di\u00a0<em>Giulio Cesare in Egitto<\/em>\u00a0di Haendel in scena al Th\u00e9\u00e2tre des Champs-\u00c9lys\u00e9es di Parigi dall\u201911 maggio.<\/p>\n<p style=\"font-weight: 400;\">\n<p style=\"font-weight: 400;\">17.02.2022<\/p>\n","protected":false},"excerpt":{"rendered":"<p>Comunicato stampa MICHIELETTO: DOPPIO IMPEGNO A VENEZIA CON UNA NUOVA OPERA E UNA NUOVA INSTALLAZIONE \u00a0 Dal 18 febbraio al [&hellip;]<\/p>\n","protected":false},"author":1,"featured_media":0,"comment_status":"open","ping_status":"open","sticky":false,"template":"","format":"standard","meta":{"footnotes":""},"categories":[1],"tags":[],"class_list":["post-20490","post","type-post","status-publish","format-standard","hentry","category-sin-categoria"],"_links":{"self":[{"href":"https:\/\/www.ecoitaliano.com.ar\/index.php?rest_route=\/wp\/v2\/posts\/20490","targetHints":{"allow":["GET"]}}],"collection":[{"href":"https:\/\/www.ecoitaliano.com.ar\/index.php?rest_route=\/wp\/v2\/posts"}],"about":[{"href":"https:\/\/www.ecoitaliano.com.ar\/index.php?rest_route=\/wp\/v2\/types\/post"}],"author":[{"embeddable":true,"href":"https:\/\/www.ecoitaliano.com.ar\/index.php?rest_route=\/wp\/v2\/users\/1"}],"replies":[{"embeddable":true,"href":"https:\/\/www.ecoitaliano.com.ar\/index.php?rest_route=%2Fwp%2Fv2%2Fcomments&post=20490"}],"version-history":[{"count":0,"href":"https:\/\/www.ecoitaliano.com.ar\/index.php?rest_route=\/wp\/v2\/posts\/20490\/revisions"}],"wp:attachment":[{"href":"https:\/\/www.ecoitaliano.com.ar\/index.php?rest_route=%2Fwp%2Fv2%2Fmedia&parent=20490"}],"wp:term":[{"taxonomy":"category","embeddable":true,"href":"https:\/\/www.ecoitaliano.com.ar\/index.php?rest_route=%2Fwp%2Fv2%2Fcategories&post=20490"},{"taxonomy":"post_tag","embeddable":true,"href":"https:\/\/www.ecoitaliano.com.ar\/index.php?rest_route=%2Fwp%2Fv2%2Ftags&post=20490"}],"curies":[{"name":"wp","href":"https:\/\/api.w.org\/{rel}","templated":true}]}}