{"id":20499,"date":"2022-02-18T03:15:52","date_gmt":"2022-02-18T03:15:52","guid":{"rendered":"http:\/\/www.ecoitaliano.com.ar\/?p=20499"},"modified":"2022-02-18T03:15:52","modified_gmt":"2022-02-18T03:15:52","slug":"serena-conduce-operaclassica-eco-italiano-1292","status":"publish","type":"post","link":"https:\/\/www.ecoitaliano.com.ar\/?p=20499","title":{"rendered":"Serena conduce operaclassica eco italiano."},"content":{"rendered":"<p><a href=\"http:\/\/www.ecoitaliano.com.ar\/wp-content\/uploads\/2022\/02\/dfgjo\u00e8.jpg\"><img decoding=\"async\" class=\"alignnone size-full wp-image-20451\" src=\"http:\/\/www.ecoitaliano.com.ar\/wp-content\/uploads\/2022\/02\/dfgjo\u00e8.jpg\" alt=\"\" width=\"281\" height=\"101\" srcset=\"https:\/\/www.ecoitaliano.com.ar\/wp-content\/uploads\/2022\/02\/dfgjo\u00e8.jpg 281w, https:\/\/www.ecoitaliano.com.ar\/wp-content\/uploads\/2022\/02\/dfgjo\u00e8-150x54.jpg 150w\" sizes=\"(max-width: 281px) 100vw, 281px\" \/><\/a><\/p>\n<p>Comunicato stampa<br \/>\n\u201cI CAMERISTI\u201d DELL\u2019ORCHESTRA RAI PER\u00a0\u201cLE DOMENICHE DELL\u2019AUDITORIUM\u201d<br \/>\nIn programma la prima assoluta del Concerto per archi\u00a0La Figlia della Memoria\u00a0di Andrea Mannucci<br \/>\nSi apre con la prima esecuzione assoluta del\u00a0Concerto per archi\u00a0La Figlia della Memoria\u00a0del compositore toscano Andrea Mannucci, dedicato alla giovane Beatrice\u00a0Milani\u00a0prematuramente scomparsa nel 2019, l\u2019appuntamento\u00a0cameristico delle\u00a0\u201cDomeniche dell\u2019Auditorium\u201d\u00a0in\u00a0programma\u00a0domenica 20 febbraio alle 10.30\u00a0all\u2019Auditorium Rai \u201cArturo Toscanini\u201d di Torino. Protagonisti \u201cI Cameristi\u201d dell\u2019Orchestra Sinfonica Nazionale della Rai che hanno commissionato il brano, ispirato all\u2019omonimo romanzo di Adele Desideri, e che sono guidati dal primo violino concertatore Alessandro\u00a0Milani.<br \/>\nNella seconda parte del concerto \u00e8 in programma la\u00a0Sinfonia da camera in do\u00a0minore op. 110a di\u00a0Dmitrij S\u0306ostakovi\u010d: un riadattamento\u00a0per orchestra d\u2019archi del Quartetto n. 8 op. 110 composto\u00a0nel 1960 dopo l\u2019adesione del compositore al Partito Comunista, e dedicato alle vittime della guerra.<br \/>\n\u201cI Cameristi\u201d\u00a0dell\u2019OSN Rai\u00a0sono Alessandro\u00a0Milani\u00a0(primo\u00a0violino concertatore), Giuseppe Lercara, Irene Cardo, Martina Mazzon, Sawa Kuninobu e Matteo Ruffo (violini primi), Francesco Punturo, Lorenzo Brufatto, Giulia Marzani, Alice Milan e Arianna Luzzani (violini secondi), Luca Ranieri, Margherita Sarchini, Federico Maria Fabbris, Alberto Giolo (viole), Marco Dell\u2019Acqua, Michelangelo Mafucci, Edoardo Fenoglio e Fabio Storino (violoncelli), Francesco Platoni e Friedmar Deller (contrabbassi).<br \/>\nI biglietti per il concerto, proposti al prezzo unico di 5 euro,\u00a0sono\u00a0in vendita online\u00a0sul sito dell\u2019OSN Rai e presso la biglietteria dell\u2019Auditorium Rai di Torino. Il pubblico in sala sar\u00e0 accolto nel rispetto delle pi\u00f9 recenti norme per il contenimento della pandemia. Radio3 registrer\u00e0 il concerto e lo trasmetter\u00e0 in differita in data da destinarsi.<br \/>\n17.02.2022<\/p>\n<p>Paolo Cairoli<br \/>\nRai\u00a0Cultura &#8211; Comunicazione<br \/>\nAuditorium\u00a0Rai\u00a0\u201cArturo Toscanini\u201d<br \/>\nPiazza Rossaro<br \/>\n10124 Torino<br \/>\nT. 011.8104996<br \/>\nM.\u00a0331.8361276<br \/>\nwww.osn.rai.it<\/p>\n<p><a href=\"http:\/\/www.ecoitaliano.com.ar\/wp-content\/uploads\/2022\/02\/kljhgf.jpg\"><img decoding=\"async\" class=\"alignnone size-full wp-image-20500\" src=\"http:\/\/www.ecoitaliano.com.ar\/wp-content\/uploads\/2022\/02\/kljhgf.jpg\" alt=\"\" width=\"1186\" height=\"861\" srcset=\"https:\/\/www.ecoitaliano.com.ar\/wp-content\/uploads\/2022\/02\/kljhgf.jpg 1186w, https:\/\/www.ecoitaliano.com.ar\/wp-content\/uploads\/2022\/02\/kljhgf-300x218.jpg 300w, https:\/\/www.ecoitaliano.com.ar\/wp-content\/uploads\/2022\/02\/kljhgf-768x558.jpg 768w, https:\/\/www.ecoitaliano.com.ar\/wp-content\/uploads\/2022\/02\/kljhgf-1024x743.jpg 1024w, https:\/\/www.ecoitaliano.com.ar\/wp-content\/uploads\/2022\/02\/kljhgf-150x109.jpg 150w\" sizes=\"(max-width: 1186px) 100vw, 1186px\" \/><\/a><\/p>\n","protected":false},"excerpt":{"rendered":"<p>Comunicato stampa \u201cI CAMERISTI\u201d DELL\u2019ORCHESTRA RAI PER\u00a0\u201cLE DOMENICHE DELL\u2019AUDITORIUM\u201d In programma la prima assoluta del Concerto per archi\u00a0La Figlia della [&hellip;]<\/p>\n","protected":false},"author":1,"featured_media":0,"comment_status":"open","ping_status":"open","sticky":false,"template":"","format":"standard","meta":{"footnotes":""},"categories":[1],"tags":[],"class_list":["post-20499","post","type-post","status-publish","format-standard","hentry","category-sin-categoria"],"_links":{"self":[{"href":"https:\/\/www.ecoitaliano.com.ar\/index.php?rest_route=\/wp\/v2\/posts\/20499","targetHints":{"allow":["GET"]}}],"collection":[{"href":"https:\/\/www.ecoitaliano.com.ar\/index.php?rest_route=\/wp\/v2\/posts"}],"about":[{"href":"https:\/\/www.ecoitaliano.com.ar\/index.php?rest_route=\/wp\/v2\/types\/post"}],"author":[{"embeddable":true,"href":"https:\/\/www.ecoitaliano.com.ar\/index.php?rest_route=\/wp\/v2\/users\/1"}],"replies":[{"embeddable":true,"href":"https:\/\/www.ecoitaliano.com.ar\/index.php?rest_route=%2Fwp%2Fv2%2Fcomments&post=20499"}],"version-history":[{"count":0,"href":"https:\/\/www.ecoitaliano.com.ar\/index.php?rest_route=\/wp\/v2\/posts\/20499\/revisions"}],"wp:attachment":[{"href":"https:\/\/www.ecoitaliano.com.ar\/index.php?rest_route=%2Fwp%2Fv2%2Fmedia&parent=20499"}],"wp:term":[{"taxonomy":"category","embeddable":true,"href":"https:\/\/www.ecoitaliano.com.ar\/index.php?rest_route=%2Fwp%2Fv2%2Fcategories&post=20499"},{"taxonomy":"post_tag","embeddable":true,"href":"https:\/\/www.ecoitaliano.com.ar\/index.php?rest_route=%2Fwp%2Fv2%2Ftags&post=20499"}],"curies":[{"name":"wp","href":"https:\/\/api.w.org\/{rel}","templated":true}]}}