{"id":20502,"date":"2022-02-18T03:22:38","date_gmt":"2022-02-18T03:22:38","guid":{"rendered":"http:\/\/www.ecoitaliano.com.ar\/?p=20502"},"modified":"2022-02-18T03:22:38","modified_gmt":"2022-02-18T03:22:38","slug":"serena-conduce-operaclassica-eco-italiano-1293","status":"publish","type":"post","link":"https:\/\/www.ecoitaliano.com.ar\/?p=20502","title":{"rendered":"Serena conduce operaclassica eco italiano."},"content":{"rendered":"<p style=\"text-align: center;\"><a href=\"http:\/\/www.ecoitaliano.com.ar\/wp-content\/uploads\/2022\/02\/a984d471-09df-0629-2935-37a02c7b1854-2.jpg\"><img decoding=\"async\" class=\"alignnone size-full wp-image-20503\" src=\"http:\/\/www.ecoitaliano.com.ar\/wp-content\/uploads\/2022\/02\/a984d471-09df-0629-2935-37a02c7b1854-2.jpg\" alt=\"\" width=\"200\" height=\"202\" \/><\/a><\/p>\n<p>OPERA MENO 9<br \/>\nIL VIAGGIO MUSICALE PER LE FAMIGLIE IN ATTESA<br \/>\nA RegioYoung il percorso laboratoriale in tre tappe alla scoperta della musica<br \/>\ne della propria voce, a cura di As.Li.Co, guidato dalla formatrice Marta Ferri:<br \/>\nuna culla sonora dedicata alle mamme, alle famiglie e ai bimbi in arrivo,<br \/>\nper giocare con la musica nel periodo prenatale.<br \/>\nRidotto del Teatro Regio di Parma<br \/>\nsabato 19 febbraio 2022, ore 10.30<br \/>\nsabato 19 marzo 2022, ore 10.30<br \/>\nsabato 9 aprile 2022, ore 10.30<\/p>\n<p>Un viaggio musicale dedicato alle mamme, alle famiglie e ai loro bimbi in arrivo, per creare una relazione sonora che proseguir\u00e0 dopo la nascita: si rinnova per il terzo anno la proposta di RegioYoung dedicata alle famiglie in attesa con Opera meno 9, il progetto a cura di As.Li.Co. consigliato dal quinto all\u2019ottavo mese di gravidanza, quando il bambino nella pancia comincia a percepire e reagire ai suoni provenienti dall\u2019esterno, per condurre le famiglie alla scoperta dei benefici dell\u2019ascolto della musica e del canto in gravidanza.<\/p>\n<p>Un percorso laboratoriale in tre incontri al Ridotto del Teatro Regio di Parma sabato 19, febbraio 2022, ore 10.30, sabato 19 marzo 2022, ore 10.30, sabato 9 aprile 2022, ore 10.30, a cura della formatrice Marta Ferri, durante i quali saranno proposte attivit\u00e0 di rilassamento, di respirazione, di vocalizzazione e canto prenatale volto alla sintonizzazione emotiva, un concerto guidato di musica classica e canto lirico dal vivo, un laboratorio di musica e movimento con consigli pratici per giocare con la musica in famiglia nel periodo e nei primi mesi di vita. Attraverso le attivit\u00e0 proposte, le madri e le coppie in dolce attesa verranno immerse in una vera e propria culla sonora, sperimentando un percorso ricco di stimoli sensoriali volti alla conoscenza di s\u00e9 e della propria voce come strumento di relazione e di comunicazione con il nascituro.<\/p>\n<p>Le mamme e gli eventuali accompagnatori possono partecipare a un singolo incontro oppure al percorso completo. Il costo del biglietto comprende un kit ludico musicale con inviti all\u2019ascolto e per chi acquista l\u2019abbonamento a tutti e tre gli appuntamenti, 2 biglietti in omaggio per lo spettacolo CenerentoQUA CenerentoLA, in programma sabato 23 aprile 2022, al Ridotto del Teatro Regio di Parma, per vivere le prime emozioni del teatro e innamorarsi della musica sin dai primi mesi di vita.<br \/>\nDestinato ai neonati e ai bambini fino ai 3 anni, CenerentoQUA CenerentoLA \u00e8 lo spettacolo tratto da La Cenerentola di Gioachino Rossini prodotto da AsLiCo per la regia di Sara Zanobbio e la drammaturgia musicale di Anna Pedrazzini. Una musicista e un\u2019attrice che guideranno grandi e piccoli attraverso un percorso che tramite tutti i sensi avvicina all\u2019opera con colori, forme, materiali e linguaggi pensati a misura di neonato. Protagonista una bambina alle prese con la rivalit\u00e0 fraterna, con quella sensazione di essere irrimediabilmente superata e il timore di non poter conquistare l\u2019amore e la stima dei genitori. Ma Cenerentola \u00e8 un\u2019eroina, forte e sognatrice e nella solitudine impara a scoprire grandi avventure nelle piccole cose, a guardare, ad ascoltare e ad amare il ritmo, trovando incredibili musiche ovunque, cantando i suoi sogni. Non sar\u00e0 un principe azzurro, ma proprio la musica, a spronarla al cambiamento e alla trasformazione, fino ad essere capace di vincere la sua tristezza e riscoprire l\u2019amore per il padre e le sorelle, quattro note singole unite per sempre in una meravigliosa quartina.<\/p>\n<p>BIGLIETTERIA DEL TEATRO REGIO DI PARMA<\/p>\n<p>Biglietto \u20ac8.00. Abbonamento (3 appuntamenti) \u20ac22.50<br \/>\nPer informazioni educational@teatroregioparma.it<\/p>\n<p>Biglietteria del Teatro Regio di Parma Strada Giuseppe Garibaldi, 16\/A 43121 Parma Tel. +39 0521 203999 biglietteria@teatroregioparma.it aperta dal marted\u00ec al sabato ore 11.00-13.00 e 17.00-19.00 e un\u2019ora precedente lo spettacolo. In caso di spettacolo nei giorni di chiusura, da un\u2019ora precedente lo spettacolo. Chiuso il luned\u00ec, la domenica e i giorni festivi. Il pagamento presso la Biglietteria del Teatro Regio di Parma pu\u00f2 essere effettuato con denaro contante in Euro, con assegno circolare non trasferibile intestato a Fondazione Teatro Regio di Parma, con PagoBancomat, con carte di credito Visa, Cartasi, Diners, Mastercard, American Express. \u00c8 inoltre possibile utilizzare i voucher di rimborso ricevuti a fronte degli spettacoli annullati per l\u2019emergenza sanitaria.<br \/>\nI biglietti sono disponibili anche su festivalverdi.it. L\u2019acquisto online non comporta alcuna commissione di servizio.<\/p>\n<p>PARTNER E SPONSOR<\/p>\n<p>La Stagione del Teatro Regio di Parma \u00e8 realizzata grazie al contributo di Comune di Parma, Parma Capitale Italiana della Cultura 2021, Ministero della Cultura, Reggio Parma Festival, Regione Emilia-Romagna. Major partner Fondazione Cariparma. Main partners Chiesi, Cr\u00e9dit Agricole. Main sponsor Iren, Barilla. Sponsor Unione Parmense degli Industriali, Dallara, Opem. Sostenitori GHC Garofalo Health Care, Poliambulatori Dalla Rosa Prati, Glove ICT, CePIM, Oinoe, La Giovane, Agugiaro&amp;Figna, Sicim, Mutti, Parmalat, Colser, Parmacotto, Grasselli. Legal counselling Villa&amp;Partners. Con il supporto di \u201cParma, io ci sto!\u201d. Advisor AGFM. Hospitality Partner Novotel. Con il contributo di Ascom e Ascom Confcommercio Parma Fondazione, Camera di Commercio di Parma Fondazione Monte Parma. La Stagione Concertistica \u00e8 realizzati da Societ\u00e0 dei Concerti di Parma, con il sostegno di Chiesi, in collaborazione con Casa della Musica. ParmaDanza \u00e8 realizzata in collaborazione con Arci Caos. Il Concorso Voci Verdiane \u00e8 realizzato in collaborazione con Comune di Busseto, Verdi l\u2019Italiano. Radio Ufficiale Radio Monte Carlo. Sostenitori tecnici Azzali editori, De Simoni, Milosped, MacroCoop, IgpDecaux, Cavalca, Graphital. Il Teatro Regio di Parma aderisce a Fedora, Opera Europa, Operavision, Emilia taste, nature, culture.<\/p>\n<p>Parma, 17 febbraio 2022<br \/>\nPaolo Maier<br \/>\nResponsabile Comunicazione, Ufficio Stampa, Progetti speciali<br \/>\nTeatro Regio di Parma strada Garibaldi, 16\/A, 43121 Parma \u2013 Italia<br \/>\nTel. +39 0521 203969<br \/>\np.maier@teatroregioparma.it<br \/>\nstampa@teatroregioparma.it<br \/>\nwww.teatroregioparma.it<\/p>\n<p>REGIOYOUNG 2021-2022<\/p>\n<p>Per le Famiglie<\/p>\n<p>Ridotto del Teatro Regio di Parma<br \/>\nsabato 30 ottobre 2021 ore 15.30 e ore 18.00<br \/>\nCARTOONS. GLI ESPLORATORI DELLA GIUNGLA<\/p>\n<p>Teatro Regio di Parma<br \/>\nsabato 20 novembre 2021, ore 15.30 e ore 18.00<br \/>\nRIGOLETTO. I MISTERI DEL TEATRO<\/p>\n<p>Teatro Regio di Parma<br \/>\nsabato 27 novembre 2021, ore 16.00<br \/>\nLA BELLA ADDORMENTATA<\/p>\n<p>Ridotto del Teatro Regio di Parma<br \/>\nsabato 26 marzo 2022 ore 15.30 e ore 18.00<br \/>\nDOLCE CENERENTOLA opera kids<\/p>\n<p>Ridotto del Teatro Regio di Parma<br \/>\nsabato 23 aprile 2022, ore 15.30 e ore 18.00<br \/>\nCENERENTOQUA CENERENTOLA opera baby<\/p>\n<p>Palcoscenico del Teatro Regio di Parma<br \/>\ndomenica 8 maggio 2022, ore 15.30 e ore 18.00<br \/>\nBLACK AIDA<\/p>\n<p>Teatro Regio di Parma<br \/>\nsabato 21 maggio 2022 ore 15.30 e ore 18.00<br \/>\nLA CENERENTOLA. GRAND HOTEL DEI SOGNI opera domani<\/p>\n<p>Per le Scuole<\/p>\n<p>Teatro Regio di Parma<br \/>\nvenerd\u00ec 26 novembre 2021 ore 10.00<br \/>\nLA BELLA ADDORMENTATA<\/p>\n<p>Ridotto del Teatro Regio di Parma<br \/>\nvenerd\u00ec 25 marzo 2022, ore 9.00 e ore 11.00<br \/>\nDOLCE CENERENTOLA opera kids<\/p>\n<p>Teatro Regio di Parma<br \/>\nvenerd\u00ec 20 maggio 2022 ore 9.00 e ore 11.00<br \/>\nLA CENERENTOLA. GRAND HOTEL DEI SOGNI opera domani<\/p>\n<p>Laboratori didattici<br \/>\nriservati a insegnanti e mamme in attesa<\/p>\n<p>online<br \/>\nvenerd\u00ec 29 ottobre 2021, ore 17.00<br \/>\nRIGOLETTO. I MISTERI DEL TEATRO<\/p>\n<p>Teatro Regio di Parma, Sala Gandolfi<br \/>\ngioved\u00ec 17 febbraio 2022 ore 17.30<br \/>\nDOLCE CENERENTOLA OPERA KIDS<\/p>\n<p>Ridotto del Teatro Regio di Parma<br \/>\nsabato 19 febbraio, 19 marzo, 9 aprile 2022, ore 10.30<br \/>\nOPERA MENO 9<\/p>\n<p>Teatro Regio di Parma, Sala Gandolfi<br \/>\nluned\u00ec 21 febbraio, 21 marzo, 11 aprile 2022, ore 17.30<br \/>\nLA CENERENTOLA. GRAND HOTEL DEI SOGNI<\/p>\n<p>Nelle scuole, su prenotazione<br \/>\nIL CIGNO E LA VIOLETTA<\/p>\n<p><a href=\"http:\/\/www.ecoitaliano.com.ar\/wp-content\/uploads\/2022\/02\/j.jpg\"><img decoding=\"async\" class=\"alignnone size-full wp-image-20504\" src=\"http:\/\/www.ecoitaliano.com.ar\/wp-content\/uploads\/2022\/02\/j.jpg\" alt=\"\" width=\"797\" height=\"1178\" srcset=\"https:\/\/www.ecoitaliano.com.ar\/wp-content\/uploads\/2022\/02\/j.jpg 797w, https:\/\/www.ecoitaliano.com.ar\/wp-content\/uploads\/2022\/02\/j-203x300.jpg 203w, https:\/\/www.ecoitaliano.com.ar\/wp-content\/uploads\/2022\/02\/j-768x1135.jpg 768w, https:\/\/www.ecoitaliano.com.ar\/wp-content\/uploads\/2022\/02\/j-693x1024.jpg 693w, https:\/\/www.ecoitaliano.com.ar\/wp-content\/uploads\/2022\/02\/j-101x150.jpg 101w\" sizes=\"(max-width: 797px) 100vw, 797px\" \/><\/a><\/p>\n<p>&nbsp;<\/p>\n","protected":false},"excerpt":{"rendered":"<p>OPERA MENO 9 IL VIAGGIO MUSICALE PER LE FAMIGLIE IN ATTESA A RegioYoung il percorso laboratoriale in tre tappe alla [&hellip;]<\/p>\n","protected":false},"author":1,"featured_media":0,"comment_status":"open","ping_status":"open","sticky":false,"template":"","format":"standard","meta":{"footnotes":""},"categories":[1],"tags":[],"class_list":["post-20502","post","type-post","status-publish","format-standard","hentry","category-sin-categoria"],"_links":{"self":[{"href":"https:\/\/www.ecoitaliano.com.ar\/index.php?rest_route=\/wp\/v2\/posts\/20502","targetHints":{"allow":["GET"]}}],"collection":[{"href":"https:\/\/www.ecoitaliano.com.ar\/index.php?rest_route=\/wp\/v2\/posts"}],"about":[{"href":"https:\/\/www.ecoitaliano.com.ar\/index.php?rest_route=\/wp\/v2\/types\/post"}],"author":[{"embeddable":true,"href":"https:\/\/www.ecoitaliano.com.ar\/index.php?rest_route=\/wp\/v2\/users\/1"}],"replies":[{"embeddable":true,"href":"https:\/\/www.ecoitaliano.com.ar\/index.php?rest_route=%2Fwp%2Fv2%2Fcomments&post=20502"}],"version-history":[{"count":0,"href":"https:\/\/www.ecoitaliano.com.ar\/index.php?rest_route=\/wp\/v2\/posts\/20502\/revisions"}],"wp:attachment":[{"href":"https:\/\/www.ecoitaliano.com.ar\/index.php?rest_route=%2Fwp%2Fv2%2Fmedia&parent=20502"}],"wp:term":[{"taxonomy":"category","embeddable":true,"href":"https:\/\/www.ecoitaliano.com.ar\/index.php?rest_route=%2Fwp%2Fv2%2Fcategories&post=20502"},{"taxonomy":"post_tag","embeddable":true,"href":"https:\/\/www.ecoitaliano.com.ar\/index.php?rest_route=%2Fwp%2Fv2%2Ftags&post=20502"}],"curies":[{"name":"wp","href":"https:\/\/api.w.org\/{rel}","templated":true}]}}