{"id":20506,"date":"2022-02-18T11:11:49","date_gmt":"2022-02-18T11:11:49","guid":{"rendered":"http:\/\/www.ecoitaliano.com.ar\/?p=20506"},"modified":"2022-02-18T11:12:19","modified_gmt":"2022-02-18T11:12:19","slug":"polizia-penitenziaria-quando-passera-sotto-il-controllo-del-ministero-dellinterno","status":"publish","type":"post","link":"https:\/\/www.ecoitaliano.com.ar\/?p=20506","title":{"rendered":"Polizia Penitenziaria: quando passer\u00e0 sotto il controllo del Ministero dell\u2019Interno?"},"content":{"rendered":"<p><a href=\"http:\/\/www.ecoitaliano.com.ar\/wp-content\/uploads\/2022\/02\/Antonio-Peragine-direttore-del-Corriere-Nazionale.jpg\"><img decoding=\"async\" class=\"alignnone size-full wp-image-20507\" src=\"http:\/\/www.ecoitaliano.com.ar\/wp-content\/uploads\/2022\/02\/Antonio-Peragine-direttore-del-Corriere-Nazionale.jpg\" alt=\"\" width=\"360\" height=\"360\" srcset=\"https:\/\/www.ecoitaliano.com.ar\/wp-content\/uploads\/2022\/02\/Antonio-Peragine-direttore-del-Corriere-Nazionale.jpg 360w, https:\/\/www.ecoitaliano.com.ar\/wp-content\/uploads\/2022\/02\/Antonio-Peragine-direttore-del-Corriere-Nazionale-150x150.jpg 150w, https:\/\/www.ecoitaliano.com.ar\/wp-content\/uploads\/2022\/02\/Antonio-Peragine-direttore-del-Corriere-Nazionale-300x300.jpg 300w\" sizes=\"(max-width: 360px) 100vw, 360px\" \/><\/a><\/p>\n<p>Inviato dal <b><span style=\"font-size: large;\">Dr.Antonio Peragine(direttore de Il Corriere Nazionale) al giornalista Goffredo Palmerini<br \/>\n<\/span><\/b><\/p>\n<p><span style=\"font-family: Times New Roman, serif;\"><span style=\"font-size: medium;\"><b>C.S. Polizia Penitenziaria: quando passer\u00e0 sotto il controllo del Ministero dell\u2019Interno?<\/b><\/span><\/span><\/p>\n<p><span style=\"font-family: Times New Roman, serif;\"><span style=\"font-size: medium;\">Siamo ancora qui a parlare di questo!<\/span><\/span><\/p>\n<p><span style=\"font-family: Times New Roman, serif;\"><span style=\"font-size: medium;\">Ribadisco a gran voce che tutte le Forze di Polizia devono dipendere dal Viminale, la casa della sicurezza del Paese!<\/span><\/span><\/p>\n<p><span style=\"font-family: Times New Roman, serif;\"><span style=\"font-size: medium;\">Esigo da cittadino il completamento del disegno di legge n. 121\/1981, legge \u201cdi importanza storica\u201d!<\/span><\/span><\/p>\n<p><span style=\"font-family: Times New Roman, serif;\"><span style=\"font-size: medium;\">Tuttavia, se ancora non si \u00e8 arrivati a ci\u00f2 \u00e8, come tutti sanno ma che solo in pochi dicono, per il retroscena stucchevole degli equilibri nazionali delle amministrazioni di Polizia di Stato, Arma dei Carabinieri, Guardia di Finanza e Polizia Penitenziaria.<\/span><\/span><\/p>\n<p><span style=\"font-family: Times New Roman, serif;\"><span style=\"font-size: medium;\"><b>Allora mi domando nuovamente: tra parole e fatti, si passer\u00e0 sotto il controllo del Ministero dell\u2019Intero?<\/b><\/span><\/span><\/p>\n<p><span style=\"font-family: Times New Roman, serif;\"><span style=\"font-size: medium;\">leggi anche\u00a0<span style=\"color: #0000ff;\"><u><a>http:\/\/Permalink: https:\/\/www.corrierenazionale.net\/carceri-totaro-f\u2026re-tutela-agenti\/<\/a><\/u><\/span><\/span><\/span><\/p>\n<p><span style=\"font-family: Times New Roman, serif;\"><span style=\"font-size: medium;\"><b>La situazione attuale<\/b><\/span><\/span><\/p>\n<p><span style=\"font-family: Times New Roman, serif;\"><span style=\"font-size: medium;\">La Polizia di Stato \u00e8 oggi sotto il controllo del ministero dell\u2019Interno. Invece, almeno a livello formale, l\u2019Arma dei Carabinieri dipende gerarchicamente dal Ministero della Difesa; mentre sul piano pratico e funzionale, in quanto Forza di Polizia, essa \u00e8 dipendente dal Viminale.<\/span><\/span><\/p>\n<p><span style=\"font-family: Times New Roman, serif;\"><span style=\"font-size: medium;\">Per quanto concerne la Guardia di Finanza, le Fiamme Gialle fanno capo al ministero dell\u2019Economia e delle Finanze sul piano formale, ma in qualit\u00e0 di Forza di Polizia specializzata nel settore finanziario, pare dipendano sempre di pi\u00f9 dal Ministero dell\u2019Interno. Inoltre, per quanto concerne questioni di disciplina militare, anche la Guardia di Finanza dipende dal Ministero della Difesa.<\/span><\/span><\/p>\n<p><span style=\"font-family: Times New Roman, serif;\"><span style=\"font-size: medium;\">La Penitenziaria ed \u00e8 qui che cascano gli asini, \u00e8 un po\u2019 un caso a s\u00e9 stante, che \u00e8 dipendente dal Dicastero della Giustizia, ma in ogni caso prende parte alle riunioni del Casa<b> (Comitato di Analisi Strategica Antiterrorismo)<\/b> del Viminale.<\/span><\/span><\/p>\n<p><span style=\"font-family: Times New Roman, serif;\"><span style=\"font-size: medium;\">Bisognerebbe, a mio modesto avviso, mettere mani a tale sistema organizzativo, complesso e radicato, per implicare un\u2019ottimizzazione, che non comporterebbe nessun rischio di scombussolare un assetto che gi\u00e0 cos\u00ec com\u2019\u00e8, gode di un\u2019ottima forza.<\/span><\/span><\/p>\n<p><span style=\"font-family: Times New Roman, serif;\"><span style=\"font-size: medium;\">leggi anche\u00a0<span style=\"color: #0000ff;\"><u><a href=\"https:\/\/www.corrierenazionale.net\/pestaggi-in-carcere-capece-sappe-la-polizia-penitenziaria-e-unistituzione-sana-che-non-ricorre-alla-violenza\/\">https:\/\/www.corrierenazionale.net\/pestaggi-in-carcere-capece-sappe-la-polizia-penitenziaria-e-unistituzione-sana-che-non-ricorre-alla-violenza\/<\/a><\/u><\/span><\/span><\/span><\/p>\n<p><span style=\"font-family: Times New Roman, serif;\"><span style=\"font-size: medium;\">Nel proporre che tutte le Forze di Polizia dipendano dal Viminale, si vuole puntare a una completa realizzazione dell\u2019antica legge 121 rimasta incompiuta. In questo modo si potrebbe \u201cnon dare alla politica la direzione della sicurezza\u201d.<\/span><\/span><\/p>\n<p><span style=\"font-family: Times New Roman, serif;\"><span style=\"font-size: medium;\"><b>Si tratterebbe invero di un passaggio tecnico, ma fondamentale.<\/b><\/span><\/span><\/p>\n<p><span style=\"font-family: Times New Roman, serif;\"><span style=\"font-size: medium;\">Il disegno di legge n. 121\/1981 introduce il concetto di amministrazione della pubblica sicurezza; amministrazione che \u00e8 attribuita in toto al Viminale. Il progetto della legge 121 &#8211; passa attraverso il riconoscere che le Forze di Polizia sono un \u201corgano tecnico\u201d con cui il Ministro dell\u2019Interno \u201cgoverna la sicurezza del Paese\u201d. Il capo della Polizia di Stato, infatti, \u00e8 anche capo del dipartimento di Pubblica sicurezza al Viminale.<\/span><\/span><\/p>\n<p><span style=\"font-family: Times New Roman, serif;\"><span style=\"font-size: medium;\">leggi anche<span style=\"color: #0000ff;\"><u><a>http:\/\/Permalink: https:\/\/www.corrierenazionale.net\/no-alla-violenza\u2026aria-via-dal-dap\/ \u200e<\/a><\/u><\/span><\/span><\/span><\/p>\n<p><span style=\"font-family: Times New Roman, serif;\"><span style=\"font-size: medium;\"><b>Quindi si passer\u00e0 sotto il controllo del Ministero dell\u2019Interno?<\/b><\/span><\/span><\/p>\n<p><span style=\"font-family: Times New Roman, serif;\"><span style=\"font-size: medium;\">Il dilemma \u00e8 capirlo !<\/span><\/span><\/p>\n<p><span style=\"font-family: Times New Roman, serif;\"><span style=\"font-size: medium;\">Diventer\u00e0 o meno concreta questa possibilit\u00e0?<\/span><\/span><\/p>\n<p><span style=\"font-family: Times New Roman, serif;\"><span style=\"font-size: medium;\">Questo potr\u00e0 essere compreso solo quando la provocazione entrer\u00e0 nel mondo della politica e inizier\u00e0 ad avere un consenso di tipo politico.<\/span><\/span><\/p>\n<p><span style=\"font-family: Times New Roman, serif;\"><span style=\"font-size: medium;\">In merito, prevedo che i movimenti contrari potrebbero essere fortissimi.<\/span><\/span><\/p>\n<p><span style=\"font-family: Times New Roman, serif;\"><span style=\"font-size: medium;\"><b>Tuttavia, l\u2019attacco \u00e8 sferrato e la questione non pu\u00f2 regredire: si vedr\u00e0 se si tratta di un passato che \u00e8 di nuovo in corso o se \u00e8 solo un riappellarsi al passato.<\/b><\/span><\/span><\/p>\n<p><span style=\"font-family: Times New Roman, serif;\"><span style=\"font-size: medium;\">In ogni caso, la questione \u00e8 delicata e oltre a dover abbracciare il mondo della politica per far s\u00ec che un dibattito prenda luogo deve raggiungere il Quirinale e mi auguro ci arrivi al pi\u00f9 presto .<\/span><\/span><\/p>\n<p><span style=\"font-family: Times New Roman, serif;\"><span style=\"font-size: medium;\"><b>Personalmente, non posso altro che vedere e indicare come intervento immediato uno scioglimento del corpo di Polizia Penitenziaria,<\/b> con un contemporaneo passaggio di alcune sue competenze ad altre strutture dello Stato, quali quelle non perfettamente attinenti alle azioni legate al contenimento di persone che hanno violato la legge dello Stato.<\/span><\/span><\/p>\n<p><span style=\"font-family: Times New Roman, serif;\"><span style=\"font-size: medium;\">Pertanto, visto il costante ricorso ad azioni d\u2019impeto per gestire le carceri, sarei dell\u2019idea che queste non vengano mai attuate o, visto che ad impossibilia nemo tenetur, date a corpi estranei alle carceri come la Polizia di Stato.<\/span><\/span><\/p>\n<p><span style=\"font-family: Times New Roman, serif;\"><span style=\"font-size: medium;\">Un passaggio che dovrebbe avvenire attraverso un collegamento funzionale con quest\u2019ultima che viene ad istituire un reparto apposito, nel momento del bisogno di un supporto nelle frequenti situazioni di conflitto e di tensione all\u2019interno della struttura carcere, e terminato questo momento di conflitto che ritornino presso la sede.<\/span><\/span><\/p>\n<p><span style=\"font-family: Times New Roman, serif;\"><span style=\"font-size: medium;\"><b>Recenti disposizioni del Ministero dell\u2019Interno andrebbero verso questa direzione, confermando la mancata capacit\u00e0 del Ministero della Giustizia nel produrre cambiamenti o riconfermare vecchie e conosciute modalit\u00e0 operative.<\/b><\/span><\/span><\/p>\n<p><span style=\"font-family: Times New Roman, serif;\"><span style=\"font-size: medium;\">leggi anche\u00a0<span style=\"color: #0000ff;\"><u><a>http:\/\/Permalink: https:\/\/www.corrierenazionale.net\/coronavirus-quan\u2026ia-penitenziaria\/<\/a><\/u><\/span><\/span><\/span><\/p>\n<p><span style=\"font-family: Times New Roman, serif;\"><span style=\"font-size: medium;\">Cosa stiamo aspettando?<\/span><\/span><\/p>\n<p><span style=\"font-family: Times New Roman, serif;\"><span style=\"font-size: medium;\">Ancora la sentenza dei posteri o che passi il cadavere del nemico sul letto del fiume?<\/span><\/span><\/p>\n<p><span style=\"font-family: Times New Roman, serif;\"><span style=\"font-size: medium;\">leggi anche\u00a0<span style=\"color: #0000ff;\"><u><a>http:\/\/Permalink: https:\/\/www.corrierenazionale.net\/il-sappe-ha-ragi\u2026a-sotto-organico\/<\/a><\/u><\/span><\/span><\/span><\/p>\n<p><span style=\"font-family: Times New Roman, serif;\"><span style=\"font-size: medium;\">E chi sarebbe in questo casa il nemico? La nostra burocrazia?<\/span><\/span><\/p>\n<p><span style=\"font-family: Times New Roman, serif;\"><span style=\"font-size: medium;\">Ebbene siamo lo zimbello d&#8217;Europa.<\/span><\/span><\/p>\n<p><span style=\"font-family: Times New Roman, serif;\"><span style=\"font-size: medium;\">Posso solo concludere invitando le autorit\u00e0 politiche ad una banale riflessione:un diverso assetto del Corpo di Polizia Penitenziaria non certo diviene la panacea per tutti i problemi del carcere, specie quelli del sovraffollamento e della prescrizione dei reati, ma\u00a0 sarebbe un buon punto di partenza qualora si decidesse di partire e di non affogare in situazioni stagnanti e stantie !<\/span><\/span><\/p>\n<p><span style=\"font-family: Times New Roman, serif;\"><span style=\"font-size: medium;\">Antonio Peragine<\/span><\/span><\/p>\n<p><span style=\"font-family: Times New Roman, serif;\"><span style=\"font-size: medium;\">direttore@corrierenazionale.net<\/span><\/span><\/p>\n<p><span style=\"font-family: Times New Roman, serif;\"><span style=\"font-size: medium;\"><span style=\"color: #0000ff;\"><u><a href=\"\/C:\/Users\/OS\/Downloads\/redazione@corrierenazionale.net\">redazione@corrierenazionale.net<\/a><\/u><\/span><\/span><\/span><\/p>\n<p>&nbsp;<\/p>\n<p align=\"justify\">\n","protected":false},"excerpt":{"rendered":"<p>Inviato dal Dr.Antonio Peragine(direttore de Il Corriere Nazionale) al giornalista Goffredo Palmerini C.S. Polizia Penitenziaria: quando passer\u00e0 sotto il controllo [&hellip;]<\/p>\n","protected":false},"author":1,"featured_media":0,"comment_status":"open","ping_status":"open","sticky":false,"template":"","format":"standard","meta":{"footnotes":""},"categories":[44,10],"tags":[],"class_list":["post-20506","post","type-post","status-publish","format-standard","hentry","category-entrevistas","category-italiano"],"_links":{"self":[{"href":"https:\/\/www.ecoitaliano.com.ar\/index.php?rest_route=\/wp\/v2\/posts\/20506","targetHints":{"allow":["GET"]}}],"collection":[{"href":"https:\/\/www.ecoitaliano.com.ar\/index.php?rest_route=\/wp\/v2\/posts"}],"about":[{"href":"https:\/\/www.ecoitaliano.com.ar\/index.php?rest_route=\/wp\/v2\/types\/post"}],"author":[{"embeddable":true,"href":"https:\/\/www.ecoitaliano.com.ar\/index.php?rest_route=\/wp\/v2\/users\/1"}],"replies":[{"embeddable":true,"href":"https:\/\/www.ecoitaliano.com.ar\/index.php?rest_route=%2Fwp%2Fv2%2Fcomments&post=20506"}],"version-history":[{"count":0,"href":"https:\/\/www.ecoitaliano.com.ar\/index.php?rest_route=\/wp\/v2\/posts\/20506\/revisions"}],"wp:attachment":[{"href":"https:\/\/www.ecoitaliano.com.ar\/index.php?rest_route=%2Fwp%2Fv2%2Fmedia&parent=20506"}],"wp:term":[{"taxonomy":"category","embeddable":true,"href":"https:\/\/www.ecoitaliano.com.ar\/index.php?rest_route=%2Fwp%2Fv2%2Fcategories&post=20506"},{"taxonomy":"post_tag","embeddable":true,"href":"https:\/\/www.ecoitaliano.com.ar\/index.php?rest_route=%2Fwp%2Fv2%2Ftags&post=20506"}],"curies":[{"name":"wp","href":"https:\/\/api.w.org\/{rel}","templated":true}]}}