{"id":20513,"date":"2022-02-18T20:12:02","date_gmt":"2022-02-18T20:12:02","guid":{"rendered":"http:\/\/www.ecoitaliano.com.ar\/?p=20513"},"modified":"2022-02-18T20:12:02","modified_gmt":"2022-02-18T20:12:02","slug":"anna-guerra-sempre-mani-pulite-ma-non-le-teneva-in-tasca-di-giorgio-girelli","status":"publish","type":"post","link":"https:\/\/www.ecoitaliano.com.ar\/?p=20513","title":{"rendered":"Anna Guerra: sempre mani pulite ma non le teneva in tasca di Giorgio Girelli"},"content":{"rendered":"<p><a href=\"http:\/\/www.ecoitaliano.com.ar\/wp-content\/uploads\/2022\/02\/Foto-di-Anna-Guerra.jpg\"><img decoding=\"async\" class=\"alignnone size-full wp-image-20514\" src=\"http:\/\/www.ecoitaliano.com.ar\/wp-content\/uploads\/2022\/02\/Foto-di-Anna-Guerra.jpg\" alt=\"\" width=\"660\" height=\"280\" srcset=\"https:\/\/www.ecoitaliano.com.ar\/wp-content\/uploads\/2022\/02\/Foto-di-Anna-Guerra.jpg 660w, https:\/\/www.ecoitaliano.com.ar\/wp-content\/uploads\/2022\/02\/Foto-di-Anna-Guerra-300x127.jpg 300w, https:\/\/www.ecoitaliano.com.ar\/wp-content\/uploads\/2022\/02\/Foto-di-Anna-Guerra-150x64.jpg 150w\" sizes=\"(max-width: 660px) 100vw, 660px\" \/><\/a><\/p>\n<p>&nbsp;<\/p>\n<p class=\"western\" align=\"center\"><span style=\"font-family: Calibri, serif;\"><span style=\"font-size: small;\"><span style=\"color: #222222;\"><span style=\"font-family: Arial, serif;\"><span style=\"font-size: xx-large;\"><b>Anna Guerra: sempre mani pulite<\/b><\/span><\/span><\/span><\/span><\/span><\/p>\n<p class=\"western\" align=\"center\"><span style=\"font-family: Calibri, serif;\"><span style=\"font-size: small;\"><span style=\"color: #222222;\"><span style=\"font-family: Arial, serif;\"><span style=\"font-size: xx-large;\"><b>ma non le teneva in tasca<\/b><\/span><\/span><\/span><\/span><\/span><\/p>\n<p class=\"western\" align=\"center\"><span style=\"font-family: Calibri, serif;\"><span style=\"font-size: small;\"><span style=\"color: #222222;\"><span style=\"font-family: Arial, serif;\"><span style=\"font-size: large;\">di Giorgio Girelli*<\/span><\/span><\/span><\/span><\/span><\/p>\n<p class=\"western\" align=\"justify\"><span style=\"font-family: Calibri, serif;\"><span style=\"font-size: small;\"><span style=\"color: #222222;\"><span style=\"font-family: Arial, serif;\"><span style=\"font-size: large;\">Con la triste scomparsa di Anna Guerra, che tra i suoi meriti vanta anche quello di avere attivamente concorso alla fondazione nel1974 del Centro Studi Sciali \u201cA. De Gasperi\u201d, si allunga purtroppo l\u2019elenco dei personaggi che ci hanno lasciato negli ultimi tempi (Venturi, Sabbatini, Tiberi, Benzi, Mariani, Deli, Maiorano, Bencivenni, per citarne alcuni) e che hanno avuto un ruolo incisivo nella storia della DC pesarese. L\u2019intensa ed entusiasta attivit\u00e0 politica e sociale di Anna hanno impresso profonda traccia. Ne sono attestazione i messaggi di cordoglio del sindaco di Pesaro Matteo Ricci e del presidente della Amministrazione Provinciale Giuseppe Paolini ai quali il Centro Studi esprime profonda gratitudine per le parole nobili ed alte con cui hanno manifestato solidale vicinanza ed ammirazione per la combattiva esponente DC la cui \u201cprofonda fede ha contraddistinto il suo appassionato operato\u201d. Ella \u201c<\/span><\/span><\/span><span style=\"font-size: large;\">ha sempre stimolato le Istituzioni con coerenza e tenacia, spendendosi per lo sviluppo culturale della provincia, per il volontariato e per i pi\u00f9 deboli con iniziative coraggiose\u00bb. Sono riconoscimenti non da poco espressi da personalit\u00e0 di diverso schieramento politico. E anche la stampa, non sempre tenera con i politici, le ha reso sincero omaggio. Ne ha tracciato un profilo veritiero ed esemplare Franco Bertini ricordando che Anna Guerra \u201cper decenni ha partecipato con passione personale e capacit\u00e0 politica alle vicende del territorio\u201d distinguendosi sempre \u201cper coerenza cristallina e facendosi promotrice di iniziative di rilievo per molti versi in anticipo sui tempi\u201d. Basti in proposito ricordare l\u2019attivazione nei primi anni Settanta di un consultorio femminile con il competente sostegno del compianto prof. Picchio e con la disponibilit\u00e0 di locali assicurata dall\u2019Opera Padre Damiani. E\u2019 stato gi\u00e0 lumeggiato il suo apporto alle Istituzioni quale consigliere provinciale e comunale. Nella DC ha a lungo diretto il Movimento Femminile Provinciale avviando all\u2019impegno politico numerose giovani leve<\/span><span style=\"color: #222222;\"><span style=\"font-family: Arial, serif;\"><span style=\"font-size: large;\">. <\/span><\/span><\/span><span style=\"color: #222222;\"><span style=\"font-family: Arial, serif;\"><span style=\"font-size: medium;\">Ricorda commossa Alessandra Giardina: \u201cCara Anna, mi hai tenuto per mano insegnandomi a muovere i primi passi in Politica in un mondo di uomini. Il tuo operare nell&#8217;onest\u00e0 e nel rispetto degli Ideali, la tenacia e la risolutezza <\/span><\/span><\/span><span style=\"color: #222222;\"><span style=\"font-family: Arial, serif;\"><span style=\"font-size: large;\">con le quali raggiungevi i tuoi obiettivi; le battaglie fatte di parole che esprimevano la tua profonda cultura, erano spesso accompagnate da un sorriso e\u00a0 da una risata roca contagiosa. Lo sguardo dolce e carezzevole che hai sempre rivolto ai bisognosi \u00e8 ancora presente in me. Grazie Anna per aver insegnato la buona Politica e il rispetto dell&#8217;altro sempre e comunque\u201d. Ed il \u201cgiovane\u201d Franco Bompani, anch\u2019egli componente del Centro Studi, rileva:<\/span><\/span><\/span><span style=\"color: #222222;\"><span style=\"font-family: Arial, serif;\"><span style=\"font-size: large;\"> \u201cE\u2019 stata una cara amica ed un esempio, sempre fedele ai suoi valori\u201d. Ne so qualcosa io che l\u2019ho avuta continuativamente al mio fianco, insieme agli \u201cstorici\u201d Benzi e Mariani, negli anni non brevi delle mie responsabilit\u00e0 istituzionali e politiche, con una generosit\u00e0 e un impegno indescrivibili, anche quando tale solidariet\u00e0 comportava sacrifici, discriminazioni, ingiusti e talvolta miserevoli attacchi.<\/span><\/span><\/span><\/span><\/span><\/p>\n<p class=\"western\" align=\"justify\"><span style=\"font-family: Calibri, serif;\"><span style=\"font-size: small;\"><span style=\"color: #222222;\"><span style=\"font-family: Arial, serif;\"><span style=\"font-size: large;\">Non ha certo tratto profitti dalla politica. Le non brillanti condizioni economiche in cui, specie negli ultimi anni, \u00e8 vissuta confermano quanto fosse limpida la sua condotta. Commenta l\u2019avvocato Mario Giannola, del direttivo del Centro Studi: \u201cHa avuto sempre le mani pulite. Ma non le teneva in tasca\u201d, ben sintetizzando salda moralit\u00e0 e fruttuosa operativit\u00e0 della dirigente DC la quale, anche dopo il venir meno del suo partito, non ha mancato attraverso la associazione \u201cSpeciale Donna\u201d di perseguire un provvido percorso culturale e sociale costantemente \u201cattento ai bisognosi\u201d. Mi scrive Luca Bartolucci, attuale Direttore del Centro Studi Sociali e premuroso \u201cassistente\u201d di Anna in questi ultimi anni, nel darmi notizia di questa dura perdita: \u201cSempre schietta e decisa ha percorso questo tratto di esistenza terrena con il desiderio di rendersi utile alla Comunit\u00e0. In cielo trover\u00e0 quella Pace che negli ultimi anni ha cercato con tanta fatica e, finalmente riunita <\/span><\/span><\/span><span style=\"color: #222222;\"><span style=\"font-family: Arial, serif;\"><span style=\"font-size: large;\">ai suoi genitori ed ai suoi fratelli, godr\u00e0 di quell\u2019amore senza fine che il Signore della vita ha promesso a chi crede in Lui\u201d.<\/span><\/span><\/span><\/span><\/span><\/p>\n<p align=\"justify\"><span style=\"font-size: medium;\"><span style=\"color: #222222;\"><span style=\"font-family: Arial, serif;\"><span style=\"font-size: large;\"><i>*Coordinatore Centro Studi Sociali \u201cA: De Gasperi\u201d<\/i><\/span><\/span><\/span><\/span><\/p>\n<p align=\"left\">\n<p class=\"western\" align=\"left\">\n<p class=\"western\" align=\"left\">\n","protected":false},"excerpt":{"rendered":"<p>&nbsp; Anna Guerra: sempre mani pulite ma non le teneva in tasca di Giorgio Girelli* Con la triste scomparsa di [&hellip;]<\/p>\n","protected":false},"author":1,"featured_media":0,"comment_status":"open","ping_status":"open","sticky":false,"template":"","format":"standard","meta":{"footnotes":""},"categories":[43,10],"tags":[],"class_list":["post-20513","post","type-post","status-publish","format-standard","hentry","category-historias","category-italiano"],"_links":{"self":[{"href":"https:\/\/www.ecoitaliano.com.ar\/index.php?rest_route=\/wp\/v2\/posts\/20513","targetHints":{"allow":["GET"]}}],"collection":[{"href":"https:\/\/www.ecoitaliano.com.ar\/index.php?rest_route=\/wp\/v2\/posts"}],"about":[{"href":"https:\/\/www.ecoitaliano.com.ar\/index.php?rest_route=\/wp\/v2\/types\/post"}],"author":[{"embeddable":true,"href":"https:\/\/www.ecoitaliano.com.ar\/index.php?rest_route=\/wp\/v2\/users\/1"}],"replies":[{"embeddable":true,"href":"https:\/\/www.ecoitaliano.com.ar\/index.php?rest_route=%2Fwp%2Fv2%2Fcomments&post=20513"}],"version-history":[{"count":0,"href":"https:\/\/www.ecoitaliano.com.ar\/index.php?rest_route=\/wp\/v2\/posts\/20513\/revisions"}],"wp:attachment":[{"href":"https:\/\/www.ecoitaliano.com.ar\/index.php?rest_route=%2Fwp%2Fv2%2Fmedia&parent=20513"}],"wp:term":[{"taxonomy":"category","embeddable":true,"href":"https:\/\/www.ecoitaliano.com.ar\/index.php?rest_route=%2Fwp%2Fv2%2Fcategories&post=20513"},{"taxonomy":"post_tag","embeddable":true,"href":"https:\/\/www.ecoitaliano.com.ar\/index.php?rest_route=%2Fwp%2Fv2%2Ftags&post=20513"}],"curies":[{"name":"wp","href":"https:\/\/api.w.org\/{rel}","templated":true}]}}