{"id":20517,"date":"2022-02-20T16:46:22","date_gmt":"2022-02-20T16:46:22","guid":{"rendered":"http:\/\/www.ecoitaliano.com.ar\/?p=20517"},"modified":"2022-02-20T16:46:22","modified_gmt":"2022-02-20T16:46:22","slug":"serena-conduce-operaclassica-eco-italiano-1294","status":"publish","type":"post","link":"https:\/\/www.ecoitaliano.com.ar\/?p=20517","title":{"rendered":"Serena conduce operaclassica eco italiano."},"content":{"rendered":"<p><a href=\"http:\/\/www.ecoitaliano.com.ar\/wp-content\/uploads\/2022\/02\/a3e520a2-f592-4b4c-bf01-ae00f7e88b72-1.png\"><img decoding=\"async\" class=\"alignnone size-full wp-image-20518\" src=\"http:\/\/www.ecoitaliano.com.ar\/wp-content\/uploads\/2022\/02\/a3e520a2-f592-4b4c-bf01-ae00f7e88b72-1.png\" alt=\"\" width=\"400\" height=\"105\" srcset=\"https:\/\/www.ecoitaliano.com.ar\/wp-content\/uploads\/2022\/02\/a3e520a2-f592-4b4c-bf01-ae00f7e88b72-1.png 400w, https:\/\/www.ecoitaliano.com.ar\/wp-content\/uploads\/2022\/02\/a3e520a2-f592-4b4c-bf01-ae00f7e88b72-1-300x79.png 300w, https:\/\/www.ecoitaliano.com.ar\/wp-content\/uploads\/2022\/02\/a3e520a2-f592-4b4c-bf01-ae00f7e88b72-1-150x39.png 150w\" sizes=\"(max-width: 400px) 100vw, 400px\" \/><\/a><\/p>\n<p>Comunicato stampa, Palermo 20.2.2022<\/p>\n<p>Placido Domingo canta \u201cSimon Boccanegra\u201d e incanta il pubblico del Teatro Massimo di Palermo. Tanti applausi a tutto il cast per una serata da ricordare.<\/p>\n<p>Un applauso lungo e calorosissimo ha accolto il debutto palermitano di Placido Domingo che al Teatro Massimo di Palermo nel ruolo del doge Boccanegra ha cantato in splendida forma e con grande padronanza della scena. Un artista che prosegue la sua straordinaria carriera da oltre mezzo secolo e che ha ricoperto il ruolo di Simon Boccanegra nei pi\u00f9 importanti teatri del mondo. Grande accoglienza anche per tutto il cast che schierava ieri sera la classe e lo stile di Arturo Chac n Cruz (Gabriele Adorno), la voce fresca e potente di Anastasia Bartoli (Amelia) al debutto nel ruolo, l&#8217;intensit\u00e0 e le note profonde di Marko Mimica nelle vesti di Fiesco e l&#8217;interpretazione di Marco Caria nel non facile ruolo di Paolo. A completare il cast Luciano Roberti Pietro, Domenico Ghegghi e Mariella Maisano.<\/p>\n<p>Apprezzata la bellezza senza tempo dell\u2019allestimento storico di Sylvano Bussotti, il grande compositore recentemente scomparso, che ha firmato le scene, i costumi e la regia, ripresa da Paolo Vettori. Una serata festosa che ha richiamato al Teatro Massimo il pubblico pi\u00f9 trasversale, dai melomani ai giovanissimi, che ha fatto registrare il \u201ctutto esaurito\u201d e che al termine della rappresentazione ha avuto un seguito nel foyer del Teatro dove Domingo, circondato da tutto il cast, ha firmato autografi per pi\u00f9 di un\u2019ora.<\/p>\n<p>Tra il pubblico erano presenti per l\u2019occasione anche molti rappresentanti del mondo della cultura e dell\u2019opera a cui il sovrintendente Marco Betta e il sindaco Leoluca Orlando hanno dato il benvenuto: da Cecilia Gasdia, sovrintendente dell\u2019Arena di Verona, a Francesco Giambrone, Sovrintendente del Teatro dell\u2019Opera di Roma, a Pino Cuccia, direttore artistico dell\u2019Opera di Pechino, a Sheikha Mai Bin Mohammed Al Khalifa, presidente dell&#8217;Autorit\u00e0 per la Cultura e le Antichit\u00e0 del Bahrein, con cui il Teatro Massimo ha avviato una collaborazione.<\/p>\n<p>Sul podio il Maestro Francesco Ivan Ciampa (che diriger\u00e0 anche il 23 e il 27) che ha condiviso gli applausi del pubblico con l\u2019Orchestra e il Coro del Teatro Massimo diretto da Ciro Visco. Le repliche proseguono fino al 27 febbraio e vedranno avvicendarsi primo e secondo cast.<\/p>\n<p>Il secondo cast (20 e 22 febbraio) come sempre di grande pregio, schiera sul podio il Maestro Jordi Bern\u00e0cer che con Placido Domingo ha un lungo sodalizio professionale avendolo diretto in numerose opere e concerti. Nel ruolo di Boccanegra canter\u00e0 Gabriele Viviani mentre quello di Amelia sar\u00e0 interpretato da Serena Gamberoni. Gabriele Adorno \u00e8 il tenore azero Azer Zada, formatosi all\u2019Accademia del Teatro alla Scala, mentre Rafal Siwek sar\u00e0 Jacopo Fiesco<br \/>\n(20 e 23 febbraio, alternandosi con Marko Mimica che canter\u00e0 il 22 e il 27), Marco Caria \u00e8 Paolo Albiani e Luciano Roberti Pietro. Completano il cast Marco Antonio Pastorelli e Mariella Maisano. Le luci sono di Vincenzo Raponi.<\/p>\n<p>Biglietti: Simon Boccanegra da 150 a 15 euro; www.teatromassimo.it<\/p>\n<p>Ufficio stampa<br \/>\nFondazione Teatro Massimo<br \/>\nGiovannella Brancato +39 340 8334979 stampa@teatromassimo.it<\/p>\n<p><a href=\"http:\/\/www.ecoitaliano.com.ar\/wp-content\/uploads\/2022\/02\/1-9.jpg\"><img decoding=\"async\" class=\"alignnone size-full wp-image-20520\" src=\"http:\/\/www.ecoitaliano.com.ar\/wp-content\/uploads\/2022\/02\/1-9.jpg\" alt=\"\" width=\"1228\" height=\"819\" srcset=\"https:\/\/www.ecoitaliano.com.ar\/wp-content\/uploads\/2022\/02\/1-9.jpg 1228w, https:\/\/www.ecoitaliano.com.ar\/wp-content\/uploads\/2022\/02\/1-9-300x200.jpg 300w, https:\/\/www.ecoitaliano.com.ar\/wp-content\/uploads\/2022\/02\/1-9-768x512.jpg 768w, https:\/\/www.ecoitaliano.com.ar\/wp-content\/uploads\/2022\/02\/1-9-1024x683.jpg 1024w, https:\/\/www.ecoitaliano.com.ar\/wp-content\/uploads\/2022\/02\/1-9-150x100.jpg 150w\" sizes=\"(max-width: 1228px) 100vw, 1228px\" \/><\/a> <a href=\"http:\/\/www.ecoitaliano.com.ar\/wp-content\/uploads\/2022\/02\/2-6.jpg\"><img decoding=\"async\" class=\"alignnone size-full wp-image-20521\" src=\"http:\/\/www.ecoitaliano.com.ar\/wp-content\/uploads\/2022\/02\/2-6.jpg\" alt=\"\" width=\"1228\" height=\"819\" srcset=\"https:\/\/www.ecoitaliano.com.ar\/wp-content\/uploads\/2022\/02\/2-6.jpg 1228w, https:\/\/www.ecoitaliano.com.ar\/wp-content\/uploads\/2022\/02\/2-6-300x200.jpg 300w, https:\/\/www.ecoitaliano.com.ar\/wp-content\/uploads\/2022\/02\/2-6-768x512.jpg 768w, https:\/\/www.ecoitaliano.com.ar\/wp-content\/uploads\/2022\/02\/2-6-1024x683.jpg 1024w, https:\/\/www.ecoitaliano.com.ar\/wp-content\/uploads\/2022\/02\/2-6-150x100.jpg 150w\" sizes=\"(max-width: 1228px) 100vw, 1228px\" \/><\/a> <a href=\"http:\/\/www.ecoitaliano.com.ar\/wp-content\/uploads\/2022\/02\/3-8.jpg\"><img decoding=\"async\" class=\"alignnone size-full wp-image-20522\" src=\"http:\/\/www.ecoitaliano.com.ar\/wp-content\/uploads\/2022\/02\/3-8.jpg\" alt=\"\" width=\"1228\" height=\"819\" srcset=\"https:\/\/www.ecoitaliano.com.ar\/wp-content\/uploads\/2022\/02\/3-8.jpg 1228w, https:\/\/www.ecoitaliano.com.ar\/wp-content\/uploads\/2022\/02\/3-8-300x200.jpg 300w, https:\/\/www.ecoitaliano.com.ar\/wp-content\/uploads\/2022\/02\/3-8-768x512.jpg 768w, https:\/\/www.ecoitaliano.com.ar\/wp-content\/uploads\/2022\/02\/3-8-1024x683.jpg 1024w, https:\/\/www.ecoitaliano.com.ar\/wp-content\/uploads\/2022\/02\/3-8-150x100.jpg 150w\" sizes=\"(max-width: 1228px) 100vw, 1228px\" \/><\/a> <a href=\"http:\/\/www.ecoitaliano.com.ar\/wp-content\/uploads\/2022\/02\/4-8.jpg\"><img decoding=\"async\" class=\"alignnone size-full wp-image-20523\" src=\"http:\/\/www.ecoitaliano.com.ar\/wp-content\/uploads\/2022\/02\/4-8.jpg\" alt=\"\" width=\"960\" height=\"640\" srcset=\"https:\/\/www.ecoitaliano.com.ar\/wp-content\/uploads\/2022\/02\/4-8.jpg 960w, https:\/\/www.ecoitaliano.com.ar\/wp-content\/uploads\/2022\/02\/4-8-300x200.jpg 300w, https:\/\/www.ecoitaliano.com.ar\/wp-content\/uploads\/2022\/02\/4-8-768x512.jpg 768w, https:\/\/www.ecoitaliano.com.ar\/wp-content\/uploads\/2022\/02\/4-8-150x100.jpg 150w\" sizes=\"(max-width: 960px) 100vw, 960px\" \/><\/a> <a href=\"http:\/\/www.ecoitaliano.com.ar\/wp-content\/uploads\/2022\/02\/5-3.jpg\"><img decoding=\"async\" class=\"alignnone size-full wp-image-20524\" src=\"http:\/\/www.ecoitaliano.com.ar\/wp-content\/uploads\/2022\/02\/5-3.jpg\" alt=\"\" width=\"1228\" height=\"819\" srcset=\"https:\/\/www.ecoitaliano.com.ar\/wp-content\/uploads\/2022\/02\/5-3.jpg 1228w, https:\/\/www.ecoitaliano.com.ar\/wp-content\/uploads\/2022\/02\/5-3-300x200.jpg 300w, https:\/\/www.ecoitaliano.com.ar\/wp-content\/uploads\/2022\/02\/5-3-768x512.jpg 768w, https:\/\/www.ecoitaliano.com.ar\/wp-content\/uploads\/2022\/02\/5-3-1024x683.jpg 1024w, https:\/\/www.ecoitaliano.com.ar\/wp-content\/uploads\/2022\/02\/5-3-150x100.jpg 150w\" sizes=\"(max-width: 1228px) 100vw, 1228px\" \/><\/a> <a href=\"http:\/\/www.ecoitaliano.com.ar\/wp-content\/uploads\/2022\/02\/6-2.jpg\"><img decoding=\"async\" class=\"alignnone size-full wp-image-20525\" src=\"http:\/\/www.ecoitaliano.com.ar\/wp-content\/uploads\/2022\/02\/6-2.jpg\" alt=\"\" width=\"1228\" height=\"819\" srcset=\"https:\/\/www.ecoitaliano.com.ar\/wp-content\/uploads\/2022\/02\/6-2.jpg 1228w, https:\/\/www.ecoitaliano.com.ar\/wp-content\/uploads\/2022\/02\/6-2-300x200.jpg 300w, https:\/\/www.ecoitaliano.com.ar\/wp-content\/uploads\/2022\/02\/6-2-768x512.jpg 768w, https:\/\/www.ecoitaliano.com.ar\/wp-content\/uploads\/2022\/02\/6-2-1024x683.jpg 1024w, https:\/\/www.ecoitaliano.com.ar\/wp-content\/uploads\/2022\/02\/6-2-150x100.jpg 150w\" sizes=\"(max-width: 1228px) 100vw, 1228px\" \/><\/a> <a href=\"http:\/\/www.ecoitaliano.com.ar\/wp-content\/uploads\/2022\/02\/7-1.jpg\"><img decoding=\"async\" class=\"alignnone size-full wp-image-20526\" src=\"http:\/\/www.ecoitaliano.com.ar\/wp-content\/uploads\/2022\/02\/7-1.jpg\" alt=\"\" width=\"1228\" height=\"819\" srcset=\"https:\/\/www.ecoitaliano.com.ar\/wp-content\/uploads\/2022\/02\/7-1.jpg 1228w, https:\/\/www.ecoitaliano.com.ar\/wp-content\/uploads\/2022\/02\/7-1-300x200.jpg 300w, https:\/\/www.ecoitaliano.com.ar\/wp-content\/uploads\/2022\/02\/7-1-768x512.jpg 768w, https:\/\/www.ecoitaliano.com.ar\/wp-content\/uploads\/2022\/02\/7-1-1024x683.jpg 1024w, https:\/\/www.ecoitaliano.com.ar\/wp-content\/uploads\/2022\/02\/7-1-150x100.jpg 150w\" sizes=\"(max-width: 1228px) 100vw, 1228px\" \/><\/a><\/p>\n","protected":false},"excerpt":{"rendered":"<p>Comunicato stampa, Palermo 20.2.2022 Placido Domingo canta \u201cSimon Boccanegra\u201d e incanta il pubblico del Teatro Massimo di Palermo. Tanti applausi [&hellip;]<\/p>\n","protected":false},"author":1,"featured_media":0,"comment_status":"open","ping_status":"open","sticky":false,"template":"","format":"standard","meta":{"footnotes":""},"categories":[1],"tags":[],"class_list":["post-20517","post","type-post","status-publish","format-standard","hentry","category-sin-categoria"],"_links":{"self":[{"href":"https:\/\/www.ecoitaliano.com.ar\/index.php?rest_route=\/wp\/v2\/posts\/20517","targetHints":{"allow":["GET"]}}],"collection":[{"href":"https:\/\/www.ecoitaliano.com.ar\/index.php?rest_route=\/wp\/v2\/posts"}],"about":[{"href":"https:\/\/www.ecoitaliano.com.ar\/index.php?rest_route=\/wp\/v2\/types\/post"}],"author":[{"embeddable":true,"href":"https:\/\/www.ecoitaliano.com.ar\/index.php?rest_route=\/wp\/v2\/users\/1"}],"replies":[{"embeddable":true,"href":"https:\/\/www.ecoitaliano.com.ar\/index.php?rest_route=%2Fwp%2Fv2%2Fcomments&post=20517"}],"version-history":[{"count":0,"href":"https:\/\/www.ecoitaliano.com.ar\/index.php?rest_route=\/wp\/v2\/posts\/20517\/revisions"}],"wp:attachment":[{"href":"https:\/\/www.ecoitaliano.com.ar\/index.php?rest_route=%2Fwp%2Fv2%2Fmedia&parent=20517"}],"wp:term":[{"taxonomy":"category","embeddable":true,"href":"https:\/\/www.ecoitaliano.com.ar\/index.php?rest_route=%2Fwp%2Fv2%2Fcategories&post=20517"},{"taxonomy":"post_tag","embeddable":true,"href":"https:\/\/www.ecoitaliano.com.ar\/index.php?rest_route=%2Fwp%2Fv2%2Ftags&post=20517"}],"curies":[{"name":"wp","href":"https:\/\/api.w.org\/{rel}","templated":true}]}}