{"id":20692,"date":"2022-02-28T10:32:18","date_gmt":"2022-02-28T10:32:18","guid":{"rendered":"http:\/\/www.ecoitaliano.com.ar\/?p=20692"},"modified":"2022-02-28T10:32:18","modified_gmt":"2022-02-28T10:32:18","slug":"gennaro-vallifuoco-e-il-bacio-senza-tempo-di-mefitis-lesposizione-dellartista-irpino-ospitata-nellex-carcere-borbonico-di-avellino-dal-5-al-29-marzo","status":"publish","type":"post","link":"https:\/\/www.ecoitaliano.com.ar\/?p=20692","title":{"rendered":"Gennaro Vallifuoco e il bacio senza tempo di MEFITIS &#8211; L\u2019esposizione dell\u2019artista irpino ospitata nell\u2019ex Carcere Borbonico di Avellino dal 5 al 29 marzo"},"content":{"rendered":"<div id='gallery-1' class='gallery galleryid-20692 gallery-columns-3 gallery-size-thumbnail'><figure class='gallery-item'>\n\t\t\t<div class='gallery-icon portrait'>\n\t\t\t\t<a href='https:\/\/www.ecoitaliano.com.ar\/?attachment_id=20694'><img decoding=\"async\" width=\"150\" height=\"150\" src=\"https:\/\/www.ecoitaliano.com.ar\/wp-content\/uploads\/2022\/02\/Mosaico-150x150.jpg\" class=\"attachment-thumbnail size-thumbnail\" alt=\"\" \/><\/a>\n\t\t\t<\/div><\/figure><figure class='gallery-item'>\n\t\t\t<div class='gallery-icon landscape'>\n\t\t\t\t<a href='https:\/\/www.ecoitaliano.com.ar\/?attachment_id=20695'><img decoding=\"async\" width=\"150\" height=\"150\" src=\"https:\/\/www.ecoitaliano.com.ar\/wp-content\/uploads\/2022\/02\/FOTO-DI-BERGAMINO-DICEMBRE-2021-_opt-150x150.jpg\" class=\"attachment-thumbnail size-thumbnail\" alt=\"\" srcset=\"https:\/\/www.ecoitaliano.com.ar\/wp-content\/uploads\/2022\/02\/FOTO-DI-BERGAMINO-DICEMBRE-2021-_opt-150x150.jpg 150w, https:\/\/www.ecoitaliano.com.ar\/wp-content\/uploads\/2022\/02\/FOTO-DI-BERGAMINO-DICEMBRE-2021-_opt-300x300.jpg 300w, https:\/\/www.ecoitaliano.com.ar\/wp-content\/uploads\/2022\/02\/FOTO-DI-BERGAMINO-DICEMBRE-2021-_opt.jpg 400w\" sizes=\"(max-width: 150px) 100vw, 150px\" \/><\/a>\n\t\t\t<\/div><\/figure>\n\t\t<\/div>\n\n<p>&nbsp;<\/p>\n<p align=\"center\"><a name=\"_GoBack\"><\/a> <span style=\"font-family: Arial Narrow, serif;\"><span style=\"font-size: x-large;\"><b>Gennaro Vallifuoco e il bacio senza tempo di <\/b><\/span><\/span><span style=\"font-family: Arial Narrow, serif;\"><span style=\"font-size: x-large;\"><i><b>MEFITIS<\/b><\/i><\/span><\/span><\/p>\n<p align=\"center\"><span style=\"font-family: Arial Narrow, serif;\"><span style=\"font-size: medium;\"><i><b>L\u2019esposizione dell\u2019artista irpino ospitata nell\u2019ex Carcere Borbonico di Avellino dal 5 al 29 marzo<\/b><\/i><\/span><\/span><\/p>\n<p align=\"center\">\n<p align=\"center\"><span style=\"font-family: Arial Narrow, serif;\"><span style=\"font-size: medium;\">di <\/span><\/span><span style=\"font-family: Arial Narrow, serif;\"><span style=\"font-size: medium;\"><b>Giorgia Piccolella<\/b><\/span><\/span><\/p>\n<p align=\"justify\">\n<p align=\"justify\"><span style=\"font-family: Arial Narrow, serif;\"><span style=\"font-size: medium;\"><i>Sulle tele dell\u2019artista irpino la bellezza inquieta della dea di ogni confine. Il segreto di una \u2018porta dell\u2019oltre\u2019 che racconta universi infiniti insieme al filo del Tombolo che cuce tradizione e futuro.<\/i><\/span><\/span><\/p>\n<p align=\"justify\"><span style=\"font-family: Arial Narrow, serif;\"><span style=\"font-size: medium;\">I crateri ribollenti, l\u2019aria che sa di zolfo, le attese e i ricordi nella danza dei giorni accanto al vecchio mulino ad acqua in Contrada Isca, nella Villamaina che \u00e8 Irpinia d\u2019Oriente. E poi il verde immenso che invade lo sguardo, squarcia nostalgia e segna a sangue nostalgie di terre fatte apposta per lottare e raccontare umanit\u00e0. La ricerca di un\u2019arte che \u00e8 davvero pensiero e vita, innestando tradizione e futuro, porta <\/span><\/span><span style=\"font-family: Arial Narrow, serif;\"><span style=\"font-size: medium;\"><b>Gennaro Vallifuoco<\/b><\/span><\/span><span style=\"font-family: Arial Narrow, serif;\"><span style=\"font-size: medium;\"> nella Valle d\u2019Ansanto che smarca con la sua bellezza e cattura il viandante. L\u2019artista irpino &#8211; giunto a una maturit\u00e0 che invita a seguire il tratto dei suoi inqueti pennelli \u2013 apre le vene alla magia e in una febbre di verit\u00e0 propria del suo spirito chiede a s\u00e9 stesso confronto con giganti di pensiero mentre si lascia abitare dal vento che porta le voci. <\/span><\/span><\/p>\n<p align=\"justify\"><span style=\"font-family: Arial Narrow, serif;\"><span style=\"font-size: medium;\">Sta l\u00ec <\/span><\/span><span style=\"font-family: Arial Narrow, serif;\"><span style=\"font-size: medium;\"><b>Vallifuoco<\/b><\/span><\/span><span style=\"font-family: Arial Narrow, serif;\"><span style=\"font-size: medium;\">, dopo le sue mille opere piene di colore e di sogni, dopo il sodalizio artistico-letterario con il Maestro <\/span><\/span><span style=\"font-family: Arial Narrow, serif;\"><span style=\"font-size: medium;\"><b>Roberto De Simone<\/b><\/span><\/span><span style=\"font-family: Arial Narrow, serif;\"><span style=\"font-size: medium;\">, dopo aver guardato negli occhi <\/span><\/span><span style=\"font-family: Arial Narrow, serif;\"><span style=\"font-size: medium;\"><b>Mario Schifano<\/b><\/span><\/span><span style=\"font-family: Arial Narrow, serif;\"><span style=\"font-size: medium;\"> ed essersi misurato con l\u2019enigma senza fine delle Mater Matute. Sta in quella valle cantata da <\/span><\/span><span style=\"font-family: Arial Narrow, serif;\"><span style=\"font-size: medium;\"><b>Virgilio<\/b><\/span><\/span><span style=\"font-family: Arial Narrow, serif;\"><span style=\"font-size: medium;\"> nel libro VII dell\u2019<\/span><\/span><span style=\"font-family: Arial Narrow, serif;\"><span style=\"font-size: medium;\"><i>Eneide<\/i><\/span><\/span><span style=\"font-family: Arial Narrow, serif;\"><span style=\"font-size: medium;\">. Sulla sua tela, spatolata di mille attese, rincorre la Furia Aletto, spaventosa Erinni, che torna agli inferi cercando l\u2019antro sulfureo. Gi\u00e0 <\/span><\/span><span style=\"font-family: Arial Narrow, serif;\"><span style=\"font-size: medium;\"><b>Cicerone<\/b><\/span><\/span><span style=\"font-family: Arial Narrow, serif;\"><span style=\"font-size: medium;\"> aveva citato la Valle d\u2019Ansanto nel trattato <\/span><\/span><span style=\"font-family: Arial Narrow, serif;\"><span style=\"font-size: medium;\"><i>De Divinatione<\/i><\/span><\/span><span style=\"font-family: Arial Narrow, serif;\"><span style=\"font-size: medium;\">, mettendone in chiaro le insidie e il fascino, mentre <\/span><\/span><span style=\"font-family: Arial Narrow, serif;\"><span style=\"font-size: medium;\"><b>Plinio <\/b><\/span><\/span><span style=\"font-family: Arial Narrow, serif;\"><span style=\"font-size: medium;\">attesta la presenza di un edificio sacro dedicato a Mefite. <\/span><\/span><\/p>\n<p align=\"justify\"><span style=\"font-family: Arial Narrow, serif;\"><span style=\"font-size: medium;\">Di quello spicchio d\u2019Irpinia che rimane nell\u2019anima ha scritto con competenza <\/span><\/span><span style=\"font-family: Arial Narrow, serif;\"><span style=\"font-size: medium;\"><b>Tiziana Lepore<\/b><\/span><\/span><span style=\"font-family: Arial Narrow, serif;\"><span style=\"font-size: medium;\"> in <\/span><\/span><span style=\"font-family: Arial Narrow, serif;\"><span style=\"font-size: medium;\"><i>La Valle d\u2019Ansanto, una terra di Mezzo<\/i><\/span><\/span><span style=\"font-family: Arial Narrow, serif;\"><span style=\"font-size: medium;\"> (Elio Sellino editore, Avellino 2006, un omaggio all\u2019artista <\/span><\/span><span style=\"font-family: Arial Narrow, serif;\"><span style=\"font-size: medium;\"><b>Giovanni Spiniello<\/b><\/span><\/span><span style=\"font-family: Arial Narrow, serif;\"><span style=\"font-size: medium;\">, con pagine che ospitavano anche poesie e riflessioni di <\/span><\/span><span style=\"font-family: Arial Narrow, serif;\"><span style=\"font-size: medium;\"><b>Gerardo Picardo<\/b><\/span><\/span><span style=\"font-family: Arial Narrow, serif;\"><span style=\"font-size: medium;\">), mentre sono un fuoco di brace che invita a riflessioni profonde e le ricerche storiche e archeologiche di <\/span><\/span><span style=\"font-family: Arial Narrow, serif;\"><span style=\"font-size: medium;\"><b>Mons. Nicola Gambino<\/b><\/span><\/span><span style=\"font-family: Arial Narrow, serif;\"><span style=\"font-size: medium;\">. Per quella valle dove ribolle il sogno della dea di ogni confine, valgono le parole che <\/span><\/span><span style=\"font-family: Arial Narrow, serif;\"><span style=\"font-size: medium;\"><b>Giordano Bruno<\/b><\/span><\/span><span style=\"font-family: Arial Narrow, serif;\"><span style=\"font-size: medium;\"> riserva alla verit\u00e0, quando scrive che \u201cil tempo non l\u2019arruga e la notte non l\u2019interrompe\u201d. <\/span><\/span><\/p>\n<p align=\"justify\"><span style=\"font-family: Arial Narrow, serif;\"><span style=\"font-size: medium;\">La Ruota del Tempo gira ora con un\u2019altra voce che fa strada ad altri incontri e dialoghi senza tempo, in quella topologia della realt\u00e0 di vita che unisce maestri e contadini, santi e puttane. <\/span><\/span><span style=\"font-family: Arial Narrow, serif;\"><span style=\"font-size: medium;\"><i>Mephitis dea odoris gravissimi<\/i><\/span><\/span><span style=\"font-family: Arial Narrow, serif;\"><span style=\"font-size: medium;\">, canta <\/span><\/span><span style=\"font-family: Arial Narrow, serif;\"><span style=\"font-size: medium;\"><b>Vallifuoco<\/b><\/span><\/span><span style=\"font-family: Arial Narrow, serif;\"><span style=\"font-size: medium;\">. E\u2019 lui lo sciamano dei nuovi riti alla dea d\u2019Irpinia, forte e terribile come quella terra. E cos\u00ec l\u2019arte racconta Mefite, che \u00e8 tempo e morte ma anche porta sui mondi, <\/span><\/span><span style=\"font-family: Arial Narrow, serif;\"><span style=\"font-size: medium;\"><i>ligamen<\/i><\/span><\/span><span style=\"font-family: Arial Narrow, serif;\"><span style=\"font-size: medium;\"> e vincolo. La dea \u00e8 soprattutto \u201ccolei che sta in mezzo\u201d, perch\u00e9 congiunge diversi eterni e custodisce il segreto di schiene curve, di fuochi e pietre alzate a secco, segni profondi di vigne e janare. <\/span><\/span><span style=\"font-family: Arial Narrow, serif;\"><span style=\"font-size: medium;\"><b>Mefitis<\/b><\/span><\/span><span style=\"font-family: Arial Narrow, serif;\"><span style=\"font-size: medium;\"> \u00e8 la <\/span><\/span><span style=\"font-family: Arial Narrow, serif;\"><span style=\"font-size: medium;\"><i>porta dell\u2019oltre<\/i><\/span><\/span><span style=\"font-family: Arial Narrow, serif;\"><span style=\"font-size: medium;\"> perch\u00e9 invita a \u2018trans-gredire\u2019 ad andare oltre. Del resto gli <\/span><\/span><span style=\"font-family: Arial Narrow, serif;\"><span style=\"font-size: medium;\">Xoana custoditi nel Museo Archeologico di Avellino richiamano nella forma la dea Mefite, una figura scura, come la Madonna nera, come la Grande Madre Terra. <\/span><\/span><span style=\"font-family: Arial Narrow, serif;\"><span style=\"font-size: medium;\">Contaminazione di Bellezza e segreto di arte e letteratura: tutto questo \u00e8 \u201c<\/span><\/span><span style=\"font-family: Arial Narrow, serif;\"><span style=\"font-size: medium;\"><b>MEFITIS\u201d di Gennaro Vallifuoco, l\u2019esposizione ospitata dal Complesso Monumentale Ex Carcere Borbonico di Avellino dal 5 al 29 marzo 2022<\/b><\/span><\/span><span style=\"font-family: Arial Narrow, serif;\"><span style=\"font-size: medium;\">, a cura di <\/span><\/span><span style=\"font-family: Arial Narrow, serif;\"><span style=\"font-size: medium;\"><b>Generoso Bruno <\/b><\/span><\/span><span style=\"font-family: Arial Narrow, serif;\"><span style=\"font-size: medium;\">ed<\/span><\/span><span style=\"font-family: Arial Narrow, serif;\"><span style=\"font-size: medium;\"><b> Augusto Ozzella (<\/b><\/span><\/span><span style=\"font-family: Arial Narrow, serif;\"><span style=\"font-size: medium;\">\u201cMEFITIS\u201d ad ingresso gratuito marted\u00ec-sabato: 9.00-13.00\/16:00-19:00 <\/span><\/span><span style=\"color: #0563c1;\"><u><span style=\"font-family: Arial Narrow, serif;\"><span style=\"font-size: medium;\"><a href=\"mailto:info@associazionecosmoart.com\">info@associazionecosmoart.com<\/a>). <\/span><\/span><\/u><\/span><span style=\"font-family: Arial Narrow, serif;\"><span style=\"font-size: medium;\">L\u2019artista accosta il fango e l\u2019argilla, ricavati proprio dalla Valle di Ansanto, al filo bianco del ricamo delle Pizzillare della Scuola di Tombolo di Santa Paolina. Vallifuoco sperimenta cos\u00ec nuovi percorsi artistici, usando legni, tela di juta e di lino, asfalto e guaina liquidi, smalti, terracotta maiolicata e foglia d\u2019oro.<\/span><\/span><\/p>\n<p align=\"justify\">\u201c<span style=\"font-family: Arial Narrow, serif;\"><span style=\"font-size: medium;\">Non \u00e8 il contatto con la MIA terra \u2013 dice <\/span><\/span><span style=\"font-family: Arial Narrow, serif;\"><span style=\"font-size: medium;\"><b>Vallifuoco<\/b><\/span><\/span><span style=\"font-family: Arial Narrow, serif;\"><span style=\"font-size: medium;\">, docente di <\/span><\/span><span style=\"font-family: Arial Narrow, serif;\"><span style=\"font-size: medium;\">Scenografia all\u2019Accademia di Belle Arti &#8211; <\/span><\/span><span style=\"font-family: Arial Narrow, serif;\"><span style=\"font-size: medium;\">ma \u00e8 l\u2019aderenza all\u2019identit\u00e0 dell\u2019area mediterranea. Virgilio nella Eneide riduce la Mefite a porta dell\u2019Inferno, ma non \u00e8 soltanto questo. \u00c8 la porta di un mondo che prelude alla vita ed alla forza, un riflesso di ci\u00f2 che vediamo sulla terra. Sono abituato alla ricerca dei simboli, dei segni di tipo antropologico, per mia indole, probabilmente anche per le esperienze fatte con <\/span><\/span><span style=\"font-family: Arial Narrow, serif;\"><span style=\"font-size: medium;\"><b>Roberto De Simone<\/b><\/span><\/span><span style=\"font-family: Arial Narrow, serif;\"><span style=\"font-size: medium;\">. Nel caso di questa mostra ad esempio come \u00e8 accaduto per il tombolo, ho raccolto l\u2019aspetto della dimensione popolare, che ho tradotto in segni, passando attraverso una lettura moderna. L\u2019obiettivo \u2013 racconta l\u2019artista irpino &#8211; \u00e8 il rinnovamento linguistico del punto di partenza, il ricapitalizzare l\u2019apparato linguistico dell\u2019idea del tombolo, che \u00e8 il filo del Tempo, della Memoria, della Storia, ma \u00e8 anche il filo bianco che sopraintende alla tessitura di questo prezioso manufatto, legato ai cicli morte-vita. Traggo ispirazione da questo e cerco di rinnovarlo con un linguaggio pi\u00f9 contemporaneo, che comprende l\u2019uso di materiali poveri. In questa ottica ho usato l\u2019argilla ed il fango mefitico, che concettualmente rappresentano la materia primordiale da plasmare\u201d. <\/span><\/span><\/p>\n<p align=\"justify\"><span style=\"font-family: Arial Narrow, serif;\"><span style=\"font-size: medium;\">Per l\u2019artista \u00e8 la stessa interazione umana a divenire materia dell\u2019opera; su questa premessa mette in forma la relazione con le Maestre e le allieve della Scuola del Tombolo di Santa Paolina. Ognuna delle Pizzillare ha donato all\u2019opera almeno settanta ore di lavoro. In un procedimento compositivo di oltre quattrocento ore, l\u2019intesa sulle scelte di produzione e il grado di autonomia del contributo creativo sorreggono la relazione tra l\u2019artista e la comunit\u00e0 delle ricamatrici. Il rumore dei fuselli \u2013 gli utensili lignei necessari all\u2019intreccio dei fili \u2013 assieme alle audioregistrazioni effettuate presso la sorgente mefitica, trasmutati in componimento sonoro da <\/span><\/span><span style=\"font-family: Arial Narrow, serif;\"><span style=\"font-size: medium;\"><b>Marco Messina<\/b><\/span><\/span><span style=\"font-family: Arial Narrow, serif;\"><span style=\"font-size: medium;\"> e <\/span><\/span><span style=\"font-family: Arial Narrow, serif;\"><span style=\"font-size: medium;\"><b>Sacha Vinci<\/b><\/span><\/span><span style=\"font-family: Arial Narrow, serif;\"><span style=\"font-size: medium;\">, oltre ad incardinarsi nella ripetizione dei frame video installati, costituisce la traccia sonora dell\u2019intero percorso espositivo. Un appuntamento con la Bellezza e il bacio senza tempo di una dea che ha ancora tanto da dire alle nostre storie di cercatori di senso. <\/span><\/span><\/p>\n<p align=\"center\"><span style=\"font-family: Arial Narrow, serif;\"><span style=\"font-size: medium;\">***<\/span><\/span><\/p>\n<p align=\"center\"><span style=\"color: #000000;\"><span style=\"font-family: Calibri, serif;\"><span style=\"font-size: medium;\"><span style=\"font-family: Arial Narrow, serif;\"><b>L\u2019Artista<\/b><\/span><\/span><\/span><\/span><\/p>\n<p align=\"justify\"><span style=\"color: #000000;\"><span style=\"font-family: Calibri, serif;\"><span style=\"font-size: medium;\"><span style=\"font-family: Arial Narrow, serif;\"><b>Gennaro Vallifuoco<\/b><\/span><span style=\"font-family: Arial Narrow, serif;\"> dal 1990, anno in cui si diploma in Scenografia all\u2019Accademia di Belle Arti di Firenze, svolge l\u2019attivit\u00e0 di scenografo, pittore ed illustratore. Ha realizzato pubblicazioni editoriali di prestigio tra le quali: \u201cFiabe Campane\u201d e \u201cLo Cunto de li cunti\u201d, nella collana \u201cI Millenni\u201d, della casa editrice Einaudi, illustrate da sue opere pittoriche e grafiche. \u00c8 autore di numerosi allestimenti scenici, tra cui l\u2019opera lirica \u201cIl Re Bello\u201d di Roberto De Simone, in scena al teatro La Pergola di Firenze nel 2004, e di numerosi altri allestimenti scenici in vari teatri e manifestazioni. Nel 2008 ha realizzato il sipario dipinto del Teatro Comunale \u201cCarlo Gesualdo\u201d di Avellino ed \u00e8 autore di numerose mostre personali e collettive di pittura che lo hanno portato ad avere riconoscimenti nazionali ed internazionali. <\/span><\/span><\/span><\/span><\/p>\n<p align=\"justify\"><span style=\"color: #000000;\"><span style=\"font-family: Calibri, serif;\"><span style=\"font-size: medium;\"><span style=\"font-family: Arial Narrow, serif;\">Lavora come Scenografo all\u2019Auditorium Parco della Musica di Roma, per l\u2019Accademia Nazionale di Santa Cecilia dove, dal 2010, ha curato le scene per le opere liriche: \u201cLo Scoiattolo in gamba\u201d, musica di Nino Rota e libretto di Eduardo De Filippo, \u201cChi rap\u00ec la topina Costanza?\u201d, musica di Roberta Vacca, \u201cCosi\u2019 fan tutte\u201d, musica di Wolfgang Amadeus Mozart, \u201c La piccola volpe astuta\u201d, musica di Leos Jan\u00e0cek, \u201cL\u2019heure espagnole\u201d, musiche di Maurice Ravel, \u201cGianni Schicchi\u201d, musica di Giacomo Puccini.<\/span><\/span><\/span><\/span><\/p>\n<p align=\"justify\"><span style=\"color: #000000;\"><span style=\"font-family: Calibri, serif;\"><span style=\"font-size: medium;\"><span style=\"font-family: Arial Narrow, serif;\">Nel 2012 firma anche le scene per l\u2019Opera Lirica \u201cAdina\u201d, di Gioacchino Rossini, in scena al Reate Festival e le scene per \u201cL\u2019elisir d\u2019amore\u201d, opera buffa in due atti di Gaetano Donizetti, in scena al Teatro Marruccino di Chieti. <\/span><\/span><\/span><\/span><\/p>\n<p align=\"justify\"><span style=\"color: #000000;\"><span style=\"font-family: Calibri, serif;\"><span style=\"font-size: medium;\"><span style=\"font-family: Arial Narrow, serif;\">Sue le scene per: \u201cLa Boh\u00e8me\u201d, musica di Giacomo Puccini, in scena nel 2013 al Teatro \u201cCarlo Gesualdo\u201d di Avellino. Prosegue inoltre la sua attivit\u00e0 di Pittore con numerose mostre personali e collettive, tra queste: le collettive di pittura al Giffoni Film Festival, la Mostra \u201cOmaggio a De Chirico\u201d, a cura della Galleria d\u2019Arte C\u00e0 d\u2019Oro di Roma in collaborazione con la Fondazione Giorgio e Isa De Chirico di Roma, le personali: al Teatro Olimpico di Roma, alla sede Centrale della Banca Carige di Roma, al Teatro Carlo Gesualdo di Avellino ed in numerose altre gallerie e spazi espositivi pubblici e privati. Attualmente vive tra Avellino e Napoli dove insegna Scenografia all\u2019Accademia di Belle Arti.<\/span><\/span><\/span><\/span><\/p>\n","protected":false},"excerpt":{"rendered":"<p>&nbsp; Gennaro Vallifuoco e il bacio senza tempo di MEFITIS L\u2019esposizione dell\u2019artista irpino ospitata nell\u2019ex Carcere Borbonico di Avellino dal [&hellip;]<\/p>\n","protected":false},"author":1,"featured_media":0,"comment_status":"open","ping_status":"open","sticky":false,"template":"","format":"standard","meta":{"footnotes":""},"categories":[4,10],"tags":[],"class_list":["post-20692","post","type-post","status-publish","format-standard","hentry","category-cultura","category-italiano"],"_links":{"self":[{"href":"https:\/\/www.ecoitaliano.com.ar\/index.php?rest_route=\/wp\/v2\/posts\/20692","targetHints":{"allow":["GET"]}}],"collection":[{"href":"https:\/\/www.ecoitaliano.com.ar\/index.php?rest_route=\/wp\/v2\/posts"}],"about":[{"href":"https:\/\/www.ecoitaliano.com.ar\/index.php?rest_route=\/wp\/v2\/types\/post"}],"author":[{"embeddable":true,"href":"https:\/\/www.ecoitaliano.com.ar\/index.php?rest_route=\/wp\/v2\/users\/1"}],"replies":[{"embeddable":true,"href":"https:\/\/www.ecoitaliano.com.ar\/index.php?rest_route=%2Fwp%2Fv2%2Fcomments&post=20692"}],"version-history":[{"count":0,"href":"https:\/\/www.ecoitaliano.com.ar\/index.php?rest_route=\/wp\/v2\/posts\/20692\/revisions"}],"wp:attachment":[{"href":"https:\/\/www.ecoitaliano.com.ar\/index.php?rest_route=%2Fwp%2Fv2%2Fmedia&parent=20692"}],"wp:term":[{"taxonomy":"category","embeddable":true,"href":"https:\/\/www.ecoitaliano.com.ar\/index.php?rest_route=%2Fwp%2Fv2%2Fcategories&post=20692"},{"taxonomy":"post_tag","embeddable":true,"href":"https:\/\/www.ecoitaliano.com.ar\/index.php?rest_route=%2Fwp%2Fv2%2Ftags&post=20692"}],"curies":[{"name":"wp","href":"https:\/\/api.w.org\/{rel}","templated":true}]}}