{"id":20849,"date":"2022-03-04T00:22:46","date_gmt":"2022-03-04T00:22:46","guid":{"rendered":"http:\/\/www.ecoitaliano.com.ar\/?p=20849"},"modified":"2022-03-04T00:22:46","modified_gmt":"2022-03-04T00:22:46","slug":"serena-conduce-operaclassica-eco-italiano-1316","status":"publish","type":"post","link":"https:\/\/www.ecoitaliano.com.ar\/?p=20849","title":{"rendered":"Serena conduce operaclassica eco italiano."},"content":{"rendered":"<p style=\"text-align: center;\"><a href=\"http:\/\/www.ecoitaliano.com.ar\/wp-content\/uploads\/2022\/02\/Part_6.gif\"><img decoding=\"async\" class=\"alignnone size-full wp-image-20484\" src=\"http:\/\/www.ecoitaliano.com.ar\/wp-content\/uploads\/2022\/02\/Part_6.gif\" alt=\"\" width=\"116\" height=\"71\" \/><\/a><\/p>\n<p>Comunicato stampa<\/p>\n<p>&nbsp;<\/p>\n<p><strong>TCBO: IL VIOLONCELLISTA STEVEN ISSERLIS INTERPRETA IL PRIMO CONCERTO DI SAINT-SA\u00cbNS<\/strong><\/p>\n<p>&nbsp;<\/p>\n<p><strong>Sul podio\u00a0Martijn Dendievel propone anche\u00a0<em>Ma M\u00e8re l\u2019Oye<\/em>\u00a0di Ravel e la Sinfonia n.1 di \u010cajkovskij<\/strong><\/p>\n<p>&nbsp;<\/p>\n<p><em>Domenica 6 marzo\u00a0alle 16.00 &#8211; Auditorium Manzoni, Bologna<\/p>\n<p><\/em><\/p>\n<p>Torna a esibirsi all\u2019<strong>Auditorium Manzoni\u00a0<\/strong>per la\u00a0<strong>Stagione Sinfonica del Teatro Comunale di Bologna<\/strong>\u00a0uno dei pi\u00f9 celebri violoncellisti di oggi, il londinese\u00a0<strong>Steven Isserlis<\/strong>, che ha suonato con orchestre come i Berliner e i Wiener Philharmoniker o la London Philharmonic, ma \u00e8 anche noto come scrittore di libri sui grandi compositori e di favole musicali per bambini. Dopo il debutto con il Concerto di Elgar nel 2018, per l\u2019appuntamento di\u00a0<strong>domenica 6 marzo alle ore 16.00<\/strong>\u00a0Isserlis interpreta il\u00a0Concerto per violoncello e orchestra n. 1 in la minore op. 33\u00a0di\u00a0Camille Saint-Sa\u00ebns. Pagina romantica tra le pi\u00f9 celebri per lo strumento, \u00e8 tra le pi\u00f9 apprezzate e suonate da grandi solisti fin dalla sua prima esecuzione, avvenuta nel 1873 a Parigi alla Soci\u00e9t\u00e9 des Concerts du Conservatoire, con Auguste Tolbecque al violoncello, dedicatario del brano, ed\u00a0<em>\u00c9douard<\/em>\u00a0Deldevez sul podio.<\/p>\n<p>&nbsp;<\/p>\n<p>Altro gradito ritorno con l\u2019Orchestra del Teatro Comunale, dopo il concerto nell\u2019\u201cAutunno\u00a0Sinfonico\u201d dello scorso ottobre, per il giovanissimo direttore d\u2019orchestra belga\u00a0<strong>Martijn Dendievel<\/strong>, che propone anche la Suite per orchestra\u00a0<em>Ma M\u00e8re l\u2019Oye\u00a0<\/em>di\u00a0Maurice Ravel e la Sinfonia n. 1 in sol minore op. 13 \u201cSogni d\u2019inverno\u201d di\u00a0P\u00ebtr Il\u2019i\u010d\u00a0\u010cajkovskij.\u00a0Classe 1995,\u00a0vincitore del\u00a0Deutscher Dirigentenpreis 2021,\u00a0Dendievel\u00a0dirige dall\u2019et\u00e0 di undici anni, suona il violino \u2013 oltre al violoncello \u2013 da quando ne aveva tre, ed \u00e8 gi\u00e0 salito sul podio di grandi orchestre come la Royal Concertgebouw di Amsterdam, la Tonhalle di Zurigo e la London Symphony.<\/p>\n<p>Nato come brano di facile esecuzione per pianoforte a quattro mani, ispirato a note fiabe francesi secentesche,\u00a0<em>Ma M\u00e8re l\u2019Oye\u00a0<\/em>venne trasformato da Ravel in una suite orchestrale nel 1911 e poi in\u00a0una orchestrazione per balletto. Intitolata da \u010cajkovskij \u201cSogni d\u2019inverno\u201d, la\u00a0<em>Prima Sinfonia<\/em>\u00a0restituisce un\u2019atmosfera nordica, intuibile gi\u00e0 dal primo tema affidato al flauto e al fagotto. La gestazione dell\u2019opera fu molto travagliata. Nel 1866 il compositore lavor\u00f2 a una prima versione diretta a Mosca da Nikolaj Rubin\u0161tejn nel 1868, e vi mise nuovamente mano nel 1874 per creare una seconda versione definitiva, eseguita per la prima volta solo nel 1883 \u2013 ancora a Mosca \u2013 con Max\u00a0<em>Erdmannsd\u00f6rfer<\/em>\u00a0sul podio.<\/p>\n<p>&nbsp;<\/p>\n<p>Il concerto \u00e8 realizzato grazie a\u00a0<strong>Intesa Sanpaolo<\/strong>, Main Partner della Stagione Sinfonica 2022 del TCBO.<\/p>\n<p>&nbsp;<\/p>\n<p>I biglietti\u00a0\u2013\u00a0da 10 a 40 euro\u00a0\u2013\u00a0sono in vendita online tramite Vivaticket e presso la biglietteria del Teatro Comunale (Ingresso Piazza Verdi), dal marted\u00ec al venerd\u00ec dalle 12 alle 18 e il sabato dalle 11 alle 15; il giorno del concerto presso l\u2019Auditorium Manzoni da 1 ora prima fino a 15 minuti dopo l\u2019inizio dello spettacolo.<\/p>\n<p>&nbsp;<\/p>\n<p>Info:\u00a0<u><a href=\"http:\/\/www.tcbo.it\/\">www.tcbo.it<\/a><\/u>\u00a0\/\u00a0<a href=\"https:\/\/www.tcbo.it\/eventi\/stagione-sinfonica-2022-dendievel\/\">https:\/\/www.tcbo.it\/eventi\/stagione-sinfonica-2022-dendievel\/<\/a><\/p>\n<p>&nbsp;<\/p>\n<p>Il prossimo appuntamento sinfonico della Stagione \u00e8 in programma il\u00a010 marzo con il doppio debutto del direttore Ido Arad e della violinista Veriko Tchumburidze con l\u2019Orchestra del Teatro Comunale.<\/p>\n<p>&nbsp;<\/p>\n<p>03.03.2022<\/p>\n<p>&nbsp;<\/p>\n<p>&nbsp;<\/p>\n<p>Ufficio Stampa &#8211; Skill &amp; Music<br \/>\nFondazione Teatro Comunale di Bologna<br \/>\nLargo Respighi, 1 &#8211; 40126 Bologna<br \/>\nT. +39.051.529947<br \/>\ne-mail:\u00a0<a href=\"mailto:ufficiostampa@comunalebologna.it\">ufficiostampa@comunalebologna.it<\/a><br \/>\n<a href=\"http:\/\/www.tcbo.it\/\">www.tcbo.it<\/a><\/p>\n<p><strong>STAGIONE SINFONICA 2022 DEL TEATRO COMUNALE DI BOLOGNA<\/strong><\/p>\n<p><strong>Domenica 6 marzo, ore 20.30<\/strong><\/p>\n<p><strong>Auditorium Manzoni<\/strong><\/p>\n<p>&nbsp;<\/p>\n<p>Martijn Dendievel\u00a0<em>direttore<\/em><\/p>\n<p>Steven Isserlis\u00a0<em>violoncello<\/em><\/p>\n<p>Orchestra del Teatro Comunale di Bologna<\/p>\n<p>&nbsp;<\/p>\n<p>Maurice Ravel<\/p>\n<p><em>Ma M\u00e8re l\u2019Oye<\/em><\/p>\n<p>&nbsp;<\/p>\n<p>Camille Saint-Sa\u00ebns<\/p>\n<p>Concerto per violoncello e orchestra n. 1 in la minore op. 33<\/p>\n<p>&nbsp;<\/p>\n<p>P\u00ebtr Il\u2019i\u010d\u00a0\u010cajkovskij<\/p>\n<p>Sinfonia n. 1 in sol minore op. 13 \u201cSogni d\u2019inverno\u201d<\/p>\n<p><br style=\"font-weight: 400;\" \/><\/p>\n<table>\n<tbody>\n<tr>\n<td><strong>Ufficio Stampa<\/strong><\/p>\n<p><strong>telefono: 051-529947<\/strong><\/td>\n<td><em>\u00a0 \u00a0 \u00a0 \u00a0 \u00a0 \u00a0 \u00a0 \u00a0<\/em><\/td>\n<td>Fondazione Teatro Comunale di Bologna<br \/>\nLargo Respighi, 1 &#8211; 40126 Bologna<br \/>\n<a href=\"http:\/\/www.tcbo.it\/\"><em>www.tcbo.it<\/em><\/a><\/td>\n<\/tr>\n<\/tbody>\n<\/table>\n<p><a href=\"http:\/\/www.ecoitaliano.com.ar\/wp-content\/uploads\/2022\/03\/xcgvbjm.jpg\"><img decoding=\"async\" class=\"alignnone size-full wp-image-20850\" src=\"http:\/\/www.ecoitaliano.com.ar\/wp-content\/uploads\/2022\/03\/xcgvbjm.jpg\" alt=\"\" width=\"819\" height=\"1228\" srcset=\"https:\/\/www.ecoitaliano.com.ar\/wp-content\/uploads\/2022\/03\/xcgvbjm.jpg 819w, https:\/\/www.ecoitaliano.com.ar\/wp-content\/uploads\/2022\/03\/xcgvbjm-200x300.jpg 200w, https:\/\/www.ecoitaliano.com.ar\/wp-content\/uploads\/2022\/03\/xcgvbjm-768x1152.jpg 768w, https:\/\/www.ecoitaliano.com.ar\/wp-content\/uploads\/2022\/03\/xcgvbjm-683x1024.jpg 683w, https:\/\/www.ecoitaliano.com.ar\/wp-content\/uploads\/2022\/03\/xcgvbjm-100x150.jpg 100w\" sizes=\"(max-width: 819px) 100vw, 819px\" \/><\/a> <a href=\"http:\/\/www.ecoitaliano.com.ar\/wp-content\/uploads\/2022\/03\/c-vbn.jpg\"><img decoding=\"async\" class=\"alignnone size-full wp-image-20851\" src=\"http:\/\/www.ecoitaliano.com.ar\/wp-content\/uploads\/2022\/03\/c-vbn.jpg\" alt=\"\" width=\"1228\" height=\"819\" srcset=\"https:\/\/www.ecoitaliano.com.ar\/wp-content\/uploads\/2022\/03\/c-vbn.jpg 1228w, https:\/\/www.ecoitaliano.com.ar\/wp-content\/uploads\/2022\/03\/c-vbn-300x200.jpg 300w, https:\/\/www.ecoitaliano.com.ar\/wp-content\/uploads\/2022\/03\/c-vbn-768x512.jpg 768w, https:\/\/www.ecoitaliano.com.ar\/wp-content\/uploads\/2022\/03\/c-vbn-1024x683.jpg 1024w, https:\/\/www.ecoitaliano.com.ar\/wp-content\/uploads\/2022\/03\/c-vbn-150x100.jpg 150w\" sizes=\"(max-width: 1228px) 100vw, 1228px\" \/><\/a><\/p>\n","protected":false},"excerpt":{"rendered":"<p>Comunicato stampa &nbsp; TCBO: IL VIOLONCELLISTA STEVEN ISSERLIS INTERPRETA IL PRIMO CONCERTO DI SAINT-SA\u00cbNS &nbsp; Sul podio\u00a0Martijn Dendievel propone anche\u00a0Ma [&hellip;]<\/p>\n","protected":false},"author":1,"featured_media":0,"comment_status":"open","ping_status":"open","sticky":false,"template":"","format":"standard","meta":{"footnotes":""},"categories":[1],"tags":[],"class_list":["post-20849","post","type-post","status-publish","format-standard","hentry","category-sin-categoria"],"_links":{"self":[{"href":"https:\/\/www.ecoitaliano.com.ar\/index.php?rest_route=\/wp\/v2\/posts\/20849","targetHints":{"allow":["GET"]}}],"collection":[{"href":"https:\/\/www.ecoitaliano.com.ar\/index.php?rest_route=\/wp\/v2\/posts"}],"about":[{"href":"https:\/\/www.ecoitaliano.com.ar\/index.php?rest_route=\/wp\/v2\/types\/post"}],"author":[{"embeddable":true,"href":"https:\/\/www.ecoitaliano.com.ar\/index.php?rest_route=\/wp\/v2\/users\/1"}],"replies":[{"embeddable":true,"href":"https:\/\/www.ecoitaliano.com.ar\/index.php?rest_route=%2Fwp%2Fv2%2Fcomments&post=20849"}],"version-history":[{"count":0,"href":"https:\/\/www.ecoitaliano.com.ar\/index.php?rest_route=\/wp\/v2\/posts\/20849\/revisions"}],"wp:attachment":[{"href":"https:\/\/www.ecoitaliano.com.ar\/index.php?rest_route=%2Fwp%2Fv2%2Fmedia&parent=20849"}],"wp:term":[{"taxonomy":"category","embeddable":true,"href":"https:\/\/www.ecoitaliano.com.ar\/index.php?rest_route=%2Fwp%2Fv2%2Fcategories&post=20849"},{"taxonomy":"post_tag","embeddable":true,"href":"https:\/\/www.ecoitaliano.com.ar\/index.php?rest_route=%2Fwp%2Fv2%2Ftags&post=20849"}],"curies":[{"name":"wp","href":"https:\/\/api.w.org\/{rel}","templated":true}]}}