{"id":20880,"date":"2022-03-04T21:56:17","date_gmt":"2022-03-04T21:56:17","guid":{"rendered":"http:\/\/www.ecoitaliano.com.ar\/?p=20880"},"modified":"2022-03-04T21:56:17","modified_gmt":"2022-03-04T21:56:17","slug":"serena-conduce-operaclassica-eco-italiano-1321","status":"publish","type":"post","link":"https:\/\/www.ecoitaliano.com.ar\/?p=20880","title":{"rendered":"Serena conduce operaclassica eco italiano."},"content":{"rendered":"<p style=\"text-align: center;\"><a href=\"http:\/\/www.ecoitaliano.com.ar\/wp-content\/uploads\/2022\/02\/image002-2.png\"><img decoding=\"async\" class=\"alignnone size-full wp-image-20711\" src=\"http:\/\/www.ecoitaliano.com.ar\/wp-content\/uploads\/2022\/02\/image002-2.png\" alt=\"\" width=\"142\" height=\"89\" \/><\/a> <a href=\"http:\/\/www.ecoitaliano.com.ar\/wp-content\/uploads\/2022\/02\/image001.png\"><img decoding=\"async\" class=\"alignnone size-full wp-image-20710\" src=\"http:\/\/www.ecoitaliano.com.ar\/wp-content\/uploads\/2022\/02\/image001.png\" alt=\"\" width=\"130\" height=\"95\" \/><\/a><\/p>\n<p>Concerto straordinario al Teatro Filarmonico<\/p>\n<p>Marted\u00ec 8 marzo \u00b7 ore 20.00<\/p>\n<p>Teatro Filarmonico di Verona<\/p>\n<p><a href=\"http:\/\/www.ecoitaliano.com.ar\/wp-content\/uploads\/2022\/03\/dxcfbhjnm.jpg\"><img decoding=\"async\" class=\"alignnone size-full wp-image-20881\" src=\"http:\/\/www.ecoitaliano.com.ar\/wp-content\/uploads\/2022\/03\/dxcfbhjnm.jpg\" alt=\"\" width=\"1228\" height=\"819\" srcset=\"https:\/\/www.ecoitaliano.com.ar\/wp-content\/uploads\/2022\/03\/dxcfbhjnm.jpg 1228w, https:\/\/www.ecoitaliano.com.ar\/wp-content\/uploads\/2022\/03\/dxcfbhjnm-300x200.jpg 300w, https:\/\/www.ecoitaliano.com.ar\/wp-content\/uploads\/2022\/03\/dxcfbhjnm-768x512.jpg 768w, https:\/\/www.ecoitaliano.com.ar\/wp-content\/uploads\/2022\/03\/dxcfbhjnm-1024x683.jpg 1024w, https:\/\/www.ecoitaliano.com.ar\/wp-content\/uploads\/2022\/03\/dxcfbhjnm-150x100.jpg 150w\" sizes=\"(max-width: 1228px) 100vw, 1228px\" \/><\/a><\/p>\n<p>&nbsp;<\/p>\n<p>&nbsp;<\/p>\n<p>A cento anni esatti dall\u2019istituzione in Italia della Giornata dei diritti della donna, Fondazione Arena presenta un concerto straordinario realizzato dai complessi artistici areniani.<\/p>\n<p>Il concerto, diretto dalla giovanissima esordiente Chiara Casarotto, propone un programma elegante e vario che spazia dall\u2019elegia romantica tedesca alla musica vocale inglese del \u2018900 passando per raffinate pagine francesi.<\/p>\n<p>Soliste e voci femminili del Coro della Fondazione Arena saranno accompagnate dal quartetto d\u2019archi dell\u2019Orchestra areniana e al pianoforte dal Maestro del Coro Ulisse Trabacchin.<\/p>\n<p>Nell\u2019ottica di offrire i tratti pi\u00f9 efficaci e le atmosfere pi\u00f9 rappresentative delle diverse culture musicali d\u2019Europa di fine \u2018800, si va infatti dal delicato salmo di Rheinberger ai seducenti colori dei coevi Francesi: la notte misteriosa di Saint-Sa\u00ebns, i maliosi fiori di Massenet, il Madrigale di Faur\u00e9. Si conclude con la natura vista dal tardo-romantico inglese Elgar e con un\u2019autentica chicca di rarissima esecuzione: le Part Songs in cui l\u2019originalissimo Holst esplora sonorit\u00e0 non tradizionali, artifici espressivi inusuali, dissonanze e armonie innovative ma mantenendo sempre una cantabilit\u00e0 tipicamente britannica. Ad incorniciare il programma vi sono alcuni brani pi\u00f9 noti e amati dal grande pubblico: l\u2019apice tardoromantico di Brahms con la trascrizione del terzo movimento dalla Sinfonia n. 3, il duo per violoncello e pianoforte Apr\u00e8s un r\u00eave di Faur\u00e9 e la celeberrima Meditation di Massenet dall\u2019opera Tha\u00efs per violino e pianoforte.<\/p>\n<p>Sono ancora disponibili posti con prezzi da 10 a 26 euro.<\/p>\n<p>* * *<\/p>\n<p>L\u20198 marzo saranno ospiti al Teatro Filarmonico le \u201ccicliste afgane\u201d fuggite dal loro paese grazie ad una straordinaria catena di solidariet\u00e0 che ha fatto il giro di tutto il mondo, insieme all\u2019Associazione Road to Equality che ha consentito loro di iniziare una nuova vita, e assisteranno al concerto straordinario realizzato da Fondazione Arena con le artiste del Coro e dell\u2019Orchestra areniane dirette da Chiara Casarotto.<\/p>\n<p>La valenza educativa di questa storia \u00e8 divenuta uno spunto per intraprendere un percorso di condivisione e sensibilizzazione sul tema, affinch\u00e9 quell\u2019esperienza possa diventare stimolo all\u2019azione, all\u2019essere aperti all\u2019inclusione e all\u2019integrazione. La vicenda delle cicliste afgane e dei loro familiari, esempio di coraggio e carica di voglia di riscatto, vuole essere un messaggio di speranza ancor pi\u00f9 forte in questi giorni nei quali l\u2019attenzione internazionale ci testimonia la crisi della pace e il fallimento della convivenza pacifica tra popoli.<\/p>\n<p>Fondazione Arena intende sostenere attraverso la musica e i suoi valori universali la propria ferma contrariet\u00e0 ad ogni forma di violenza.<\/p>\n<p>&nbsp;<\/p>\n<p>* * *<\/p>\n<p>&nbsp;<\/p>\n<p>Per legge, l\u2019accesso agli spettacoli \u00e8 consentito esclusivamente agli spettatori muniti di certificazione verde Covid-19 di avvenuta vaccinazione o guarigione, \u201cGreen Pass rafforzato\u201d.\u00a0Inoltre, resta in vigore l\u2019obbligo di\u00a0maschera Ffp2. Ulteriori informazioni sul sito web alla pagina https:\/\/www.arena.it\/it\/teatro-filarmonico\/info-covid<\/p>\n<p>&nbsp;<\/p>\n<p>PREZZI BIGLIETTI\u00a0\u00a0\u00a0\u00a0\u00a0\u00a0\u00a0\u00a0\u00a0\u00a0\u00a0\u00a0 Posto unico numerato<\/p>\n<p>INTERO\u00a0\u00a0\u00a0\u00a0\u00a0\u00a0\u00a0\u00a0\u00a0\u00a0\u00a0\u00a0\u00a0\u00a0\u00a0\u00a0\u00a0\u00a0\u00a0\u00a0\u00a0\u00a0\u00a0\u00a0\u00a0\u00a0\u00a0\u00a0\u00a0 \u20ac 26<\/p>\n<p>RIDOTTO \u00a0\u00a0\u00a0\u00a0\u00a0\u00a0\u00a0\u00a0\u00a0\u00a0\u00a0\u00a0\u00a0\u00a0\u00a0\u00a0\u00a0\u00a0\u00a0\u00a0\u00a0\u00a0\u00a0\u00a0\u00a0 \u20ac 22<\/p>\n<p>RIDOTTO OVER 65\u00a0\u00a0\u00a0\u00a0\u00a0\u00a0\u00a0\u00a0\u00a0 \u20ac 17<\/p>\n<p>RIDOTTO UNDER 30\u00a0\u00a0\u00a0\u00a0\u00a0\u00a0 \u20ac 10<\/p>\n<p>&nbsp;<\/p>\n<p>&nbsp;<\/p>\n<p>Informazioni<\/p>\n<p>Ufficio Stampa Fondazione Arena di Verona \u2013 Via Roma 7\/D, 37121 Verona<\/p>\n<p>tel. (+39) 045 805.1861-1905-1891-1939 &#8211; fax (+39) 045 803.1443<\/p>\n<p>ufficio.stampa@arenadiverona.it \u2013 www.arena.it<\/p>\n<p>&nbsp;<\/p>\n<p>BIGLIETTERIA ARENA DI VERONA Via Dietro Anfiteatro 6\/b, 37121 Verona<\/p>\n<p>Aperta da luned\u00ec a venerd\u00ec 10.30 &#8211; 16.00 | sabato 9.15 &#8211; 12.45<\/p>\n<p>Tel. 045 596517 \u2219 Fax 045 8013287<\/p>\n<p>BIGLIETTERIA TEATRO FILARMONICO Via dei Mutilati 4\/k, 37121 Verona<\/p>\n<p>Aperta due ore prima dello spettacolo<\/p>\n<p>Tel 045 8002880 \u2219 Fax 045 8013266<\/p>\n<p>Punti vendita TicketOne.it<\/p>\n<p>biglietteria@arenadiverona.it<\/p>\n<p>Call center (+39) 045 8005151 \u2219 www.arena.it<\/p>\n<p>&nbsp;<\/p>\n<p>&nbsp;<\/p>\n<p>Ufficio Stampa<\/p>\n<p>_________________________________________________<\/p>\n<p>&nbsp;<\/p>\n<p>Fondazione Arena di Verona<\/p>\n<p>&nbsp;<\/p>\n<p>Via Roma 7\/D, 37121 Verona &#8211; Italy<\/p>\n<p>(ingresso da Via Manin 5 \u2013 37122 Verona)<\/p>\n<p>Phone: +39 045 8051861-1905-1891-1939<\/p>\n<p>ufficio.stampa@arenadiverona.it<\/p>\n<p>www.arena.it<\/p>\n<p>&nbsp;<\/p>\n<p>&nbsp;<\/p>\n<p>Ufficio Stampa 4\/03\/2022<\/p>\n<p>Concerto straordinario al Teatro Filarmonico<br \/>\nMarted\u00ec 8 marzo \u00b7 ore 20.00<br \/>\nTeatro Filarmonico di Verona<\/p>\n<p>A cento anni esatti dall\u2019istituzione in Italia della Giornata dei diritti della donna, Fondazione Arena presenta un concerto straordinario realizzato dai complessi artistici areniani.<br \/>\nIl concerto, diretto dalla giovanissima esordiente Chiara Casarotto, propone un programma elegante e vario che spazia dall\u2019elegia romantica tedesca alla musica vocale inglese del \u2018900 passando per raffinate pagine francesi.<br \/>\nSoliste e voci femminili del Coro della Fondazione Arena saranno accompagnate dal quartetto d\u2019archi dell\u2019Orchestra areniana e al pianoforte dal Maestro del Coro Ulisse Trabacchin.<br \/>\nNell\u2019ottica di offrire i tratti pi\u00f9 efficaci e le atmosfere pi\u00f9 rappresentative delle diverse culture musicali d\u2019Europa di fine \u2018800, si va infatti dal delicato salmo di Rheinberger ai seducenti colori dei coevi Francesi: la notte misteriosa di Saint-Sa\u00ebns, i maliosi fiori di Massenet, il Madrigale di Faur\u00e9. Si conclude con la natura vista dal tardo-romantico inglese Elgar e con un\u2019autentica chicca di rarissima esecuzione: le Part Songs in cui l\u2019originalissimo Holst esplora sonorit\u00e0 non tradizionali, artifici espressivi inusuali, dissonanze e armonie innovative ma mantenendo sempre una cantabilit\u00e0 tipicamente britannica. Ad incorniciare il programma vi sono alcuni brani pi\u00f9 noti e amati dal grande pubblico: l\u2019apice tardoromantico di Brahms con la trascrizione del terzo movimento dalla Sinfonia n. 3, il duo per violoncello e pianoforte Apr\u00e8s un r\u00eave di Faur\u00e9 e la celeberrima Meditation di Massenet dall\u2019opera Tha\u00efs per violino e pianoforte.<br \/>\nSono ancora disponibili posti con prezzi da 10 a 26 euro.<br \/>\n* * *<br \/>\nL\u20198 marzo saranno ospiti al Teatro Filarmonico le \u201ccicliste afgane\u201d fuggite dal loro paese grazie ad una straordinaria catena di solidariet\u00e0 che ha fatto il giro di tutto il mondo, insieme all\u2019Associazione Road to Equality che ha consentito loro di iniziare una nuova vita, e assisteranno al concerto straordinario realizzato da Fondazione Arena con le artiste del Coro e dell\u2019Orchestra areniane dirette da Chiara Casarotto.<br \/>\nLa valenza educativa di questa storia \u00e8 divenuta uno spunto per intraprendere un percorso di condivisione e sensibilizzazione sul tema, affinch\u00e9 quell\u2019esperienza possa diventare stimolo all\u2019azione, all\u2019essere aperti all\u2019inclusione e all\u2019integrazione. La vicenda delle cicliste afgane e dei loro familiari, esempio di coraggio e carica di voglia di riscatto, vuole essere un messaggio di speranza ancor pi\u00f9 forte in questi giorni nei quali l\u2019attenzione internazionale ci testimonia la crisi della pace e il fallimento della convivenza pacifica tra popoli.<br \/>\nFondazione Arena intende sostenere attraverso la musica e i suoi valori universali la propria ferma contrariet\u00e0 ad ogni forma di violenza.<br \/>\n.<br \/>\n* * *<\/p>\n<p>PREZZI BIGLIETTI Posto unico numerato<br \/>\nINTERO \u20ac 26<br \/>\nRIDOTTO \u20ac 22<br \/>\nRIDOTTO OVER 65 \u20ac 17<br \/>\nRIDOTTO UNDER 30 \u20ac 10<\/p>\n<p>Per legge, l\u2019accesso agli spettacoli \u00e8 consentito esclusivamente agli spettatori muniti di certificazione verde Covid-19 di avvenuta vaccinazione o guarigione, \u201cGreen Pass rafforzato\u201d.\u00a0Inoltre, resta in vigore l\u2019obbligo di\u00a0maschera Ffp2. Ulteriori informazioni sul sito web alla pagina https:\/\/www.arena.it\/it\/teatro-filarmonico\/info-covid<\/p>\n<p>Informazioni<br \/>\nUfficio Stampa Fondazione Arena di Verona \u2013 Via Roma 7\/D, 37121 Verona<br \/>\ntel. (+39) 045 805.1861-1905-1891-1939 &#8211; fax (+39) 045 803.1443<br \/>\nufficio.stampa@arenadiverona.it \u2013 www.arena.it<\/p>\n<p>BIGLIETTERIA ARENA DI VERONA Via Dietro Anfiteatro 6\/b, 37121 Verona<br \/>\nAperta da luned\u00ec a venerd\u00ec 10.30 &#8211; 16.00 | sabato 9.15 &#8211; 12.45<br \/>\nTel. 045 596517 \u2219 Fax 045 8013287<br \/>\nBIGLIETTERIA TEATRO FILARMONICO Via dei Mutilati 4\/k, 37121 Verona<br \/>\nAperta due ore prima dello spettacolo<br \/>\nTel 045 8002880 \u2219 Fax 045 8013266<br \/>\nPunti vendita TicketOne.it<br \/>\nbiglietteria@arenadiverona.it<br \/>\nCall center (+39) 045 8005151 \u2219 www.arena.it<\/p>\n<p>Marted\u00ec 8 marzo \u00b7 ore 20.00 fuori abbonamento<\/p>\n<p>Concerto straordinario<br \/>\nDirettrice Chiara Casarotto<\/p>\n<p>CORO DELLA FONDAZIONE ARENA DI VERONA<\/p>\n<p>Soliste Mirca Molinari, Emanuela Simonetto<\/p>\n<p>Pianoforte Ulisse Trabacchin<br \/>\nViolini Mara Sistino, Giuliana Santi<br \/>\nViola Malgorzata Kulka \u2219 Violoncello Sara Airoldi<\/p>\n<p>Johannes Brahms (1833-1897)<br \/>\nSinfonia n. 3 in Fa maggiore op. 90: III. Poco allegretto (trascrizione per pianoforte a 4 mani)<\/p>\n<p>Josef Rheinberger\u00a0(1839-1901)<br \/>\nWie lieblich sind deine Wohnungen op. 35 per coro e pianoforte<\/p>\n<p>Camille Saint-Sa\u00ebns\u00a0(1835-1891)<br \/>\nLa nuit op. 114 per quartetto d&#8217;archi, coro e pianoforte<\/p>\n<p>Jules Massenet\u00a0(1842-1912)<br \/>\nLe Po\u00e8me des fleurs per coro e pianoforte<br \/>\nPr\u00e9lude<br \/>\nL&#8217;hymne des fleurs<br \/>\nLa danse das rameaux<br \/>\nChanson de mai<br \/>\nTha\u00efs: M\u00e9ditation (trascrizione per violino e pianoforte)<\/p>\n<p>Gabriel Faur\u00e9\u00a0(1845-1924)<br \/>\nMadrigale op. 35 per coro e pianoforte<br \/>\nApr\u00e8s un r\u00eave op. 7 n. 1 per violoncello e pianoforte<\/p>\n<p>Edward Elgar\u00a0(1857-1934)<br \/>\n2 Songs op. 26 per due violini, coro e pianoforte<br \/>\nThe Snow<br \/>\nII. Fly, singing bird<\/p>\n<p>Gustav Holst\u00a0(1874-1934)<br \/>\nda 7 part songs op. 44 per quartetto d&#8217;archi, coro e pianoforte<br \/>\nSay who is this?<br \/>\nO Love, I complain<br \/>\nAngel spirits of sleep<br \/>\nWhen first we met<br \/>\nSorrow and joy<br \/>\nLove on my heart<\/p>\n<p><a href=\"http:\/\/www.ecoitaliano.com.ar\/wp-content\/uploads\/2022\/03\/xfghjkl-1.jpg\"><img decoding=\"async\" class=\"alignnone size-full wp-image-20883\" src=\"http:\/\/www.ecoitaliano.com.ar\/wp-content\/uploads\/2022\/03\/xfghjkl-1.jpg\" alt=\"\" width=\"846\" height=\"1199\" srcset=\"https:\/\/www.ecoitaliano.com.ar\/wp-content\/uploads\/2022\/03\/xfghjkl-1.jpg 846w, https:\/\/www.ecoitaliano.com.ar\/wp-content\/uploads\/2022\/03\/xfghjkl-1-212x300.jpg 212w, https:\/\/www.ecoitaliano.com.ar\/wp-content\/uploads\/2022\/03\/xfghjkl-1-768x1088.jpg 768w, https:\/\/www.ecoitaliano.com.ar\/wp-content\/uploads\/2022\/03\/xfghjkl-1-723x1024.jpg 723w, https:\/\/www.ecoitaliano.com.ar\/wp-content\/uploads\/2022\/03\/xfghjkl-1-106x150.jpg 106w\" sizes=\"(max-width: 846px) 100vw, 846px\" \/><\/a><\/p>\n","protected":false},"excerpt":{"rendered":"<p>Concerto straordinario al Teatro Filarmonico Marted\u00ec 8 marzo \u00b7 ore 20.00 Teatro Filarmonico di Verona &nbsp; &nbsp; A cento anni [&hellip;]<\/p>\n","protected":false},"author":1,"featured_media":0,"comment_status":"open","ping_status":"open","sticky":false,"template":"","format":"standard","meta":{"footnotes":""},"categories":[1],"tags":[],"class_list":["post-20880","post","type-post","status-publish","format-standard","hentry","category-sin-categoria"],"_links":{"self":[{"href":"https:\/\/www.ecoitaliano.com.ar\/index.php?rest_route=\/wp\/v2\/posts\/20880","targetHints":{"allow":["GET"]}}],"collection":[{"href":"https:\/\/www.ecoitaliano.com.ar\/index.php?rest_route=\/wp\/v2\/posts"}],"about":[{"href":"https:\/\/www.ecoitaliano.com.ar\/index.php?rest_route=\/wp\/v2\/types\/post"}],"author":[{"embeddable":true,"href":"https:\/\/www.ecoitaliano.com.ar\/index.php?rest_route=\/wp\/v2\/users\/1"}],"replies":[{"embeddable":true,"href":"https:\/\/www.ecoitaliano.com.ar\/index.php?rest_route=%2Fwp%2Fv2%2Fcomments&post=20880"}],"version-history":[{"count":0,"href":"https:\/\/www.ecoitaliano.com.ar\/index.php?rest_route=\/wp\/v2\/posts\/20880\/revisions"}],"wp:attachment":[{"href":"https:\/\/www.ecoitaliano.com.ar\/index.php?rest_route=%2Fwp%2Fv2%2Fmedia&parent=20880"}],"wp:term":[{"taxonomy":"category","embeddable":true,"href":"https:\/\/www.ecoitaliano.com.ar\/index.php?rest_route=%2Fwp%2Fv2%2Fcategories&post=20880"},{"taxonomy":"post_tag","embeddable":true,"href":"https:\/\/www.ecoitaliano.com.ar\/index.php?rest_route=%2Fwp%2Fv2%2Ftags&post=20880"}],"curies":[{"name":"wp","href":"https:\/\/api.w.org\/{rel}","templated":true}]}}