{"id":20885,"date":"2022-03-04T22:07:04","date_gmt":"2022-03-04T22:07:04","guid":{"rendered":"http:\/\/www.ecoitaliano.com.ar\/?p=20885"},"modified":"2022-03-04T22:07:04","modified_gmt":"2022-03-04T22:07:04","slug":"serena-conduce-operaclassica-eco-italiano-1322","status":"publish","type":"post","link":"https:\/\/www.ecoitaliano.com.ar\/?p=20885","title":{"rendered":"Serena conduce operaclassica eco italiano."},"content":{"rendered":"<p style=\"text-align: center;\"><a href=\"http:\/\/www.ecoitaliano.com.ar\/wp-content\/uploads\/2022\/02\/ghjk.jpg\"><img decoding=\"async\" class=\"alignnone size-full wp-image-20494\" src=\"http:\/\/www.ecoitaliano.com.ar\/wp-content\/uploads\/2022\/02\/ghjk.jpg\" alt=\"\" width=\"244\" height=\"119\" srcset=\"https:\/\/www.ecoitaliano.com.ar\/wp-content\/uploads\/2022\/02\/ghjk.jpg 244w, https:\/\/www.ecoitaliano.com.ar\/wp-content\/uploads\/2022\/02\/ghjk-150x73.jpg 150w\" sizes=\"(max-width: 244px) 100vw, 244px\" \/><\/a><\/p>\n<p>Teatro di San Carlo<\/p>\n<p>I Maestri del XX secolo<\/p>\n<p>concerto di Kenneth MacMillan<br \/>\nTema e Variazioni di George Balanchine<\/p>\n<p>Due capolavori del balletto novecentesco basati sulla musica<br \/>\nDal 5 al 10 marzo<\/p>\n<p>Torna in scena dal 5 al 10 marzo Balletto del Teatro di San Carlo diretto da Clotilde Vayer con un dittico, i Maestri del XX secolo che include due coreografie novecentesche:<br \/>\nConcerto di Kenneth MacMillan, concepita sul Concerto n.2 per pianoforte e Orchestra di Dmitrij \u0160ostak\u00f3vi\u010d e Tema e Variazioni di George Balanchine, ideata sulla Suite per Orchestra n.\u00a03\u00a0in sol maggiore op. 55 di P\u00ebtr Il&#8217;i\u010d\u00a0\u010cajkovskij.<\/p>\n<p>Dirige l\u2019Orchestra del Massimo napoletano Hilari Garc\u00eda. Lo spettacolo sar\u00e0 in scena dal 5 al 10 marzo per otto recite.<br \/>\nLa coreografia di Concerto di Kenneth MacMillan \u00e8 ripresa da Julie Lincoln, i costumi sono di J\u00fcrgen Rose e le luci di John B Read. Pianista solista \u00e8 Sepp Grotenhuis.<\/p>\n<p>Solisti in scena nei tre movimenti in cui \u00e8 suddiviso il Concerto n.2 per pianoforte e Orchestra di Dmitrij \u0160ostak\u00f3vi\u010d saranno: nel primo movimento Claudia D\u2019Antonio e Salvatore Manzo, (Claudia D\u2019Antonio si alterner\u00e0 con Giorgia Pasini nelle recite dell\u20198 marzo, del 9 marzo alle 17 e del 10 marzo alle 21);<br \/>\nNel secondo movimento Luisa Ieluzzi e Stanislao Capissi che si alterneranno con Martina Affaticato e Ertugrel Gjioni (8 marzo ore 21; 10 marzo ore 17).<br \/>\nInfine il terzo movimento vedr\u00e0 protagoniste Chiara Amazio, Annalina Nuzzo (8 marzo ore 17; 9 marzo ore 17; 10 marzo ore 21) e Irene De Rosa (8 marzo ore 21; 9 marzo ore 21;).<br \/>\n\u00abNon so perch\u00e9 Kenneth MacMillan abbia scelto proprio il Secondo concerto per pianoforte e orchestra di \u0160ostakovi\u010d, &#8211; racconta Julie Lincoln &#8211; ma penso semplicemente perch\u00e9 gli piacesse. In realt\u00e0 cercava una musica in tre movimenti per un balletto in tre parti. Poco prima di questa creazione MacMillan si era trasferito a Berlino come direttore della compagnia di balletto della Deutsche Oper, dal 1966 al 1969, prima di assumere la direzione del Royal Ballet di Londra. Aveva portato con s\u00e9 Lynn Symour, la sua musa per tanti anni, che divenne anche a Berlino la prima destinataria delle sue coreografie. Il secondo movimento di concerto \u2013 continua la Lincoln &#8211; nacque nella composizione di MacMillan mentre osservava il riscaldamento alla sbarra di lei: il pas-de-deux \u00e8 in realt\u00e0 la riproduzione di quei movimenti con la mano del compagno di danza che le si offre come una sbarra. Tutto intorno si aggirano molto rapidamente e con passi molto difficili i componenti dell\u2019intero corpo di ballo: una difficolt\u00e0 tecnica voluta per poter far progredire il gruppo di giovani danzatori che gli era stato affidato. Un ruolo fondamentale \u00e8 assegnato naturalmente al pianista solista, che a Napoli sar\u00e0 Sepp Grotenhuis\u00bb.<\/p>\n<p>La seconda parte dello spettacolo prevede l\u2019esecuzione di Tema e Variazioni di George Balanchine, ideata sulla Suite per Orchestra n.\u00a03\u00a0in sol maggiore op. 55 di P\u00ebtr Il&#8217;i\u010d\u00a0\u010cajkovskij.<br \/>\nMa\u00eetre de ballet e\u00a0r\u00e9p\u00e9titeur\u00a0\u00e8\u00a0Sandra Jennings, i costumi sono di Giusi Giustino.<br \/>\nSolisti in palcoscenico Annachiara Amirante, Claudia D\u2019Antonio (nelle recite dell\u20198 marzo alle 21, 9 marzo alle 17 e 10 marzo alle 21) e Luis David Valle Ponce.<\/p>\n<p>\u00abIl balletto \u2013 ricorda Sandra Jennings &#8211; fu creato originariamente negli anni \u201940 del Novecento per i suoi primi interpreti, Alicia Alonso e Igor Yougskevitsch, al Ballet Theatre, pi\u00f9 tardi divenuto l\u2019American Ballet. Quando sono entrata nella compagnia del New York city Ballet,molti anni pi\u00f9 tardi, &#8211; prosegue la Jennings &#8211; Balanchine aveva inserito questo brano in un balletto pi\u00f9 ampio, dedicato all\u2019intera Suite n.3 di \u010cajkovskij, rappresentato per la prima volta nel 1970. L\u2019atmosfera che aveva voluto ricreare era quella imperiale russa della fine dell\u2019Ottocento, all\u2019epoca del compositore ma anche del balletto \u201cclassico\u201d: vesti lunghe, scarpette da danza e tut\u00f9. Balanchine ridisegn\u00f2 i costumi per questo balletto, usando colori come il bianco, l\u2019arancione, un blu scuro e nuovi tut\u00f9. Se i costumi di allora erano molto belli, qui a Napoli sono stati meravigliosamente ripresi da Giusi Giustino\u00bb.<\/p>\n<p>\/Danza<br \/>\nDal 5 al 10 marzo 2022<\/p>\n<p>GEORGE BALANCHINE \/ KENNETH MACMILLAN<br \/>\nI Maestri del XX secolo<\/p>\n<p>Dmitrij \u0160ostakovi\u010d<br \/>\nConcerto<br \/>\nCoreografia\u00a0| Kenneth MacMillan<br \/>\nCoreografo per la ripresa |\u00a0Julie\u00a0Lincoln<br \/>\nPianista |\u00a0Sepp Grotenhuis<br \/>\nRep\u00e9tit\u00e9ur |\u00a0Robert Tewsley<br \/>\nCostumi |J\u00fcrgen Rose<br \/>\nLuci |John B Read<\/p>\n<p>1\u00b0 Movimento | Donna CLAUDIA D\u2019ANTONIO (5, 6, 9 ore 21, 10 ore 17) \/ GIORGIA PASINI (8, 9 ore 17, 10 ore 21)<br \/>\n1\u00b0 Movimento | Uomo SALVATORE MANZO<br \/>\n2\u00b0 Movimento | Donna LUISA IELUZZI (5, 6, 8 ore 17, 9, 10 ore 21) \/ MARTINA AFFATICATO (8 ore 21, 10 ore 17)<br \/>\n2\u00b0 Movimento | Uomo STANISLAO CAPISSI (5, 6, 8 ore 17, 9, 10 ore 21) \/ ERTUGREL GJONI (8 ore 21, 10 ore 17)<br \/>\n3\u00b0 Movimento | Donna CHIARA AMAZIO (5, 6, 10 ore 17) \/ ANNALINA NUZZO (8 ore 17, 9 ore 17, 10 ore 21) \/ IRENE DE ROSA (8 ore 21, 9 ore 21)<\/p>\n<p>&#8212;&#8212;&#8212;&#8212;&#8212;&#8212;&#8212;&#8212;&#8212;&#8212;&#8212;&#8212;&#8212;&#8212;&#8212;&#8212;&#8212;&#8212;&#8212;&#8212;&#8212;&#8212;&#8212;&#8212;&#8212;&#8212;&#8212;&#8212;&#8212;&#8212;&#8212;&#8212;&#8212;&#8212;&#8212;&#8212;&#8212;&#8212;&#8212;&#8212;&#8212;&#8212;&#8212;&#8212;&#8212;&#8212;&#8212;&#8212;&#8212;&#8212;&#8212;&#8212;&#8212;<\/p>\n<p>P\u00ebtr Il&#8217;i\u010d\u00a0\u010cajkovskij<br \/>\nTema e Variazioni<br \/>\nCoreografia |\u00a0George Balanchine<br \/>\nMa\u00eetre de ballet e\u00a0repetiteur\u00a0|\u00a0Sandra Jennings<br \/>\nCostumi |Giusi Giustino<\/p>\n<p>Luci riprese da Nunzio Perella<\/p>\n<p>Solisti|<br \/>\nDonna ANNA CHIARA AMIRANTE (5, 6, 8 ore 17, 9 ore 21, 10 ore 17) \/ CLAUDIA D\u2019ANTONIO (8 ore 21, 9 ore 17, 10 ore 21)<br \/>\nUomo LUIS DAVID VALLE PONCE<\/p>\n<p>Direttore |\u00a0Hilari Garc\u00eda\u266d<\/p>\n<p>\u266ddebutto al Teatro di San Carlo<\/p>\n<p>Orchestra e Balletto del Teatro di San Carlo<br \/>\nDirettore del Balletto |\u00a0Clotilde Vayer<\/p>\n<p>Teatro di San Carlo | SERIE BLU<br \/>\nsabato 5 marzo 2022, ore 20:00 \u2013 A \u2013 BLU \u2013 VI<br \/>\ndomenica 6 marzo 2022, ore 17:00 \u2013 F \u2013 BLU \u2013 VI<br \/>\nmarted\u00ec 8 marzo 2022, ore 17:00 \u2013 B \u2013 BLU \u2013 VII<br \/>\nmarted\u00ec 8 marzo 2022, ore 21:00 &#8211; F.A. &#8211; BLU \u2013 VII (doppio spettacolo)<br \/>\nmercoled\u00ec 9 marzo 2022, ore 17:00 &#8211; F.A. &#8211; BLU \u2013 VII<br \/>\nmercoled\u00ec 9 marzo 2022, ore 21:00 &#8211; C\/D \u2013 BLU \u2013 VII (doppio spettacolo)<br \/>\ngioved\u00ec 10 marzo 2022, ore 17:00 &#8211; F.A. &#8211; BLU \u2013 VII<br \/>\ngioved\u00ec 10 marzo 2022\u00a0\u00a0 21:00 &#8211; F.A. &#8211; BLU \u2013 VII (doppio spettacolo)<\/p>\n<p>Con gentile preghiera di pubblicazione e\/o diffusione<br \/>\nRossana Russo,<br \/>\nResponsabile della comunicazione creativa e strategica e relazioni con la Stampa<br \/>\nr.russo@teatrosancarlo.it<br \/>\ncell 3357431980<\/p>\n<p>Giulia Romito, Comunicazione e Stampa g.romito@teatrosancarlo.it 0817972301<\/p>\n<p><a href=\"http:\/\/www.ecoitaliano.com.ar\/wp-content\/uploads\/2022\/03\/1.jpg\"><img decoding=\"async\" class=\"alignnone size-full wp-image-20886\" src=\"http:\/\/www.ecoitaliano.com.ar\/wp-content\/uploads\/2022\/03\/1.jpg\" alt=\"\" width=\"910\" height=\"1137\" srcset=\"https:\/\/www.ecoitaliano.com.ar\/wp-content\/uploads\/2022\/03\/1.jpg 910w, https:\/\/www.ecoitaliano.com.ar\/wp-content\/uploads\/2022\/03\/1-240x300.jpg 240w, https:\/\/www.ecoitaliano.com.ar\/wp-content\/uploads\/2022\/03\/1-768x960.jpg 768w, https:\/\/www.ecoitaliano.com.ar\/wp-content\/uploads\/2022\/03\/1-820x1024.jpg 820w, https:\/\/www.ecoitaliano.com.ar\/wp-content\/uploads\/2022\/03\/1-120x150.jpg 120w\" sizes=\"(max-width: 910px) 100vw, 910px\" \/><\/a> <a href=\"http:\/\/www.ecoitaliano.com.ar\/wp-content\/uploads\/2022\/03\/2.jpg\"><img decoding=\"async\" class=\"alignnone size-full wp-image-20887\" src=\"http:\/\/www.ecoitaliano.com.ar\/wp-content\/uploads\/2022\/03\/2.jpg\" alt=\"\" width=\"1000\" height=\"1000\" srcset=\"https:\/\/www.ecoitaliano.com.ar\/wp-content\/uploads\/2022\/03\/2.jpg 1000w, https:\/\/www.ecoitaliano.com.ar\/wp-content\/uploads\/2022\/03\/2-150x150.jpg 150w, https:\/\/www.ecoitaliano.com.ar\/wp-content\/uploads\/2022\/03\/2-300x300.jpg 300w, https:\/\/www.ecoitaliano.com.ar\/wp-content\/uploads\/2022\/03\/2-768x768.jpg 768w\" sizes=\"(max-width: 1000px) 100vw, 1000px\" \/><\/a> <a href=\"http:\/\/www.ecoitaliano.com.ar\/wp-content\/uploads\/2022\/03\/3.jpg\"><img decoding=\"async\" class=\"alignnone size-full wp-image-20888\" src=\"http:\/\/www.ecoitaliano.com.ar\/wp-content\/uploads\/2022\/03\/3.jpg\" alt=\"\" width=\"1228\" height=\"819\" srcset=\"https:\/\/www.ecoitaliano.com.ar\/wp-content\/uploads\/2022\/03\/3.jpg 1228w, https:\/\/www.ecoitaliano.com.ar\/wp-content\/uploads\/2022\/03\/3-300x200.jpg 300w, https:\/\/www.ecoitaliano.com.ar\/wp-content\/uploads\/2022\/03\/3-768x512.jpg 768w, https:\/\/www.ecoitaliano.com.ar\/wp-content\/uploads\/2022\/03\/3-1024x683.jpg 1024w, https:\/\/www.ecoitaliano.com.ar\/wp-content\/uploads\/2022\/03\/3-150x100.jpg 150w\" sizes=\"(max-width: 1228px) 100vw, 1228px\" \/><\/a><\/p>\n","protected":false},"excerpt":{"rendered":"<p>Teatro di San Carlo I Maestri del XX secolo concerto di Kenneth MacMillan Tema e Variazioni di George Balanchine Due [&hellip;]<\/p>\n","protected":false},"author":1,"featured_media":0,"comment_status":"open","ping_status":"open","sticky":false,"template":"","format":"standard","meta":{"footnotes":""},"categories":[1],"tags":[],"class_list":["post-20885","post","type-post","status-publish","format-standard","hentry","category-sin-categoria"],"_links":{"self":[{"href":"https:\/\/www.ecoitaliano.com.ar\/index.php?rest_route=\/wp\/v2\/posts\/20885","targetHints":{"allow":["GET"]}}],"collection":[{"href":"https:\/\/www.ecoitaliano.com.ar\/index.php?rest_route=\/wp\/v2\/posts"}],"about":[{"href":"https:\/\/www.ecoitaliano.com.ar\/index.php?rest_route=\/wp\/v2\/types\/post"}],"author":[{"embeddable":true,"href":"https:\/\/www.ecoitaliano.com.ar\/index.php?rest_route=\/wp\/v2\/users\/1"}],"replies":[{"embeddable":true,"href":"https:\/\/www.ecoitaliano.com.ar\/index.php?rest_route=%2Fwp%2Fv2%2Fcomments&post=20885"}],"version-history":[{"count":0,"href":"https:\/\/www.ecoitaliano.com.ar\/index.php?rest_route=\/wp\/v2\/posts\/20885\/revisions"}],"wp:attachment":[{"href":"https:\/\/www.ecoitaliano.com.ar\/index.php?rest_route=%2Fwp%2Fv2%2Fmedia&parent=20885"}],"wp:term":[{"taxonomy":"category","embeddable":true,"href":"https:\/\/www.ecoitaliano.com.ar\/index.php?rest_route=%2Fwp%2Fv2%2Fcategories&post=20885"},{"taxonomy":"post_tag","embeddable":true,"href":"https:\/\/www.ecoitaliano.com.ar\/index.php?rest_route=%2Fwp%2Fv2%2Ftags&post=20885"}],"curies":[{"name":"wp","href":"https:\/\/api.w.org\/{rel}","templated":true}]}}