{"id":20995,"date":"2022-03-09T21:29:56","date_gmt":"2022-03-09T21:29:56","guid":{"rendered":"http:\/\/www.ecoitaliano.com.ar\/?p=20995"},"modified":"2022-03-09T21:29:56","modified_gmt":"2022-03-09T21:29:56","slug":"serena-conduce-operaclassica-eco-italiano-1335","status":"publish","type":"post","link":"https:\/\/www.ecoitaliano.com.ar\/?p=20995","title":{"rendered":"Serena conduce operaclassica eco italiano."},"content":{"rendered":"<p style=\"text-align: center;\"><a href=\"http:\/\/www.ecoitaliano.com.ar\/wp-content\/uploads\/2022\/01\/ghjk-1.jpg\"><img decoding=\"async\" class=\"alignnone size-full wp-image-20053\" src=\"http:\/\/www.ecoitaliano.com.ar\/wp-content\/uploads\/2022\/01\/ghjk-1.jpg\" alt=\"\" width=\"244\" height=\"119\" srcset=\"https:\/\/www.ecoitaliano.com.ar\/wp-content\/uploads\/2022\/01\/ghjk-1.jpg 244w, https:\/\/www.ecoitaliano.com.ar\/wp-content\/uploads\/2022\/01\/ghjk-1-150x73.jpg 150w\" sizes=\"(max-width: 244px) 100vw, 244px\" \/><\/a><\/p>\n<p>Teatro di San Carlo<\/p>\n<p>Il Teatro di San Carlo per la crisi ucraina:<br \/>\nraccolta fondi per i profughi di guerra giunti a Napoli<\/p>\n<p>L\u2019incasso del balletto di George Balanchine e Kenneth MacMillan<br \/>\nin programma gioved\u00ec 10 marzo alle ore 21<br \/>\nsar\u00e0 devoluto alla Croce rossa Italiana Comitato di Napoli<br \/>\nSar\u00e0 interamente devoluto in favore dei profughi di guerra provenienti dall\u2019Ucraina l\u2019incasso del balletto di George Balanchine e Kenneth MacMillan \u201cI Maestri del XX secolo\u201d in programma gioved\u00ec 10 marzo alle ore 21.00.<br \/>\nL\u2019iniziativa benefica \u00e8 organizzata in collaborazione con il Comune di Napoli, in particolare con l\u2019Assessorato alle Politiche Sociali, la Croce rossa Italiana Comitato di Napoli e il Consolato Generale dell\u2019Ucraina a Napoli.<br \/>\n\u201cIl Teatro di San Carlo come istituzione culturale non pu\u00f2 restare indifferente di fronte alla tragedia della guerra che ha colpito il popolo ucraino \u2013 afferma il sovrintendente St\u00e9phane Lissner &#8211; popolo a noi particolarmente vicino e che ha proprio qui Napoli una delle sue pi\u00f9 grandi comunit\u00e0 in Europa. Il Teatro come luogo d\u2019arte \u00e8 per definizione un crocevia di culture che si incontrano, presidio di pace e fraternit\u00e0\u201d.<br \/>\n\u201cSiamo molto grati al Teatro San Carlo per questa meravigliosa e straordinaria serata \u2013 dichiara in proposito il presidente della Croce rossa Italiana di Napoli Paolo Monorchio &#8211; resa ancora di pi\u00f9 commovente per quanto di drammatico e terribile sta avvenendo in Ucraina. Un ringraziamento particolare al sovrintendente St\u00e9phane Lissner ed al Direttore Generale, Emmanuela Spedaliere per la sensibilit\u00e0 dimostrata e per aver voluto la Croce rossa Italiana di Napoli al proprio fianco. Ancora una volta il Teatro San Carlo e la Citt\u00e0 di Napoli dimostrano la propria umanit\u00e0 oltre ad avere sempre un grande cuore\u201d.<br \/>\nAttraverso i canali social del Teatro inoltre, un appello alla pace e alla solidariet\u00e0 \u00e8 stato lanciato da Karina Samoylenko, ballerina del corpo di ballo del Massimo napoletano, nata da madre ucraina e padre russo:<br \/>\n\u201cSono nata in Italia &#8211; ha affermato &#8211; ma mia madre \u00e8 ucraina e il mio pap\u00e0 \u00e8 russo e per questo mi sono sempre sentita un po\u2019 speciale. In questo momento di conflitto vorrei mandare un messaggio di pace. Io, come tanti, sono la dimostrazione di quanto pu\u00f2 nascere dall\u2019amore di questi due paesi. Ci tengo tantissimo a ringraziare tutto il Teatro per l\u2019iniziativa di solidariet\u00e0 che sta promuovendo, con l\u2019augurio che tutto possa finire presto\u201d.<\/p>\n<p>GEORGE BALANCHINE \/ KENNETH MACMILLAN<br \/>\nI Maestri del XX secolo<\/p>\n<p>Dmitrij \u0160ostakovi\u010d<br \/>\nConcerto<br \/>\nCoreografia\u00a0| Kenneth MacMillan<br \/>\nCoreografo per la ripresa |\u00a0Julie\u00a0Lincoln<br \/>\nPianista |\u00a0Sepp Grotenhuis<br \/>\nRep\u00e9tit\u00e9ur |\u00a0Robert Tewsley<br \/>\nCostumi |J\u00fcrgen Rose<br \/>\nLuci |John B Read<\/p>\n<p>1\u00b0 Movimento | Donna CLAUDIA D\u2019ANTONIO (5, 6, 9 ore 21, 10 ore 17) \/ GIORGIA PASINI (8, 9 ore 17, 10 ore 21)<br \/>\n1\u00b0 Movimento | Uomo SALVATORE MANZO<br \/>\n2\u00b0 Movimento | Donna LUISA IELUZZI (5, 6, 8 ore 17, 9, 10 ore 21) \/ MARTINA AFFATICATO (8 ore 21, 10 ore 17)<br \/>\n2\u00b0 Movimento | Uomo STANISLAO CAPISSI (5, 6, 8 ore 17, 9, 10 ore 21) \/ ERTUGREL GJONI (8 ore 21, 10 ore 17)<br \/>\n3\u00b0 Movimento | Donna CHIARA AMAZIO (5, 6, 10 ore 17) \/ ANNALINA NUZZO (8 ore 17, 9 ore 17, 10 ore 21) \/ IRENE DE ROSA (8 ore 21, 9 ore 21)<\/p>\n<p>P\u00ebtr Il&#8217;i\u010d\u00a0\u010cajkovskij<br \/>\nTema e Variazioni<br \/>\nCoreografia |\u00a0George Balanchine<br \/>\nMa\u00eetre de ballet e\u00a0repetiteur\u00a0|\u00a0Sandra Jennings<br \/>\nCostumi |Giusi Giustino<\/p>\n<p>Luci riprese da Nunzio Perella<\/p>\n<p>Solisti|<br \/>\nDonna ANNA CHIARA AMIRANTE (5, 6, 8 ore 17, 9 ore 21, 10 ore 17) \/ CLAUDIA D\u2019ANTONIO (8 ore 21, 9 ore 17, 10 ore 21)<br \/>\nUomo LUIS DAVID VALLE PONCE<\/p>\n<p>Direttore |\u00a0Hilari Garc\u00eda\u266d<\/p>\n<p>\u266ddebutto al Teatro di San Carlo<\/p>\n<p>Orchestra e Balletto del Teatro di San Carlo<br \/>\nDirettore del Balletto |\u00a0Clotilde Vayer<br \/>\nTeatro di San Carlo<br \/>\nsabato 5 marzo 2022, ore 20:00<br \/>\ndomenica 6 marzo 2022, ore 17:00<br \/>\nmarted\u00ec 8 marzo 2022, ore 17:00<br \/>\nmarted\u00ec 8 marzo 2022, ore 21:00<br \/>\nmercoled\u00ec 9 marzo 2022, ore 17:00<br \/>\nmercoled\u00ec 9 marzo 2022, ore 21:00<br \/>\ngioved\u00ec 10 marzo 2022, ore 17:00<br \/>\ngioved\u00ec 10 marzo 2022\u00a0\u00a0 21:00<\/p>\n<p>Rossana Russo,<br \/>\nResponsabile della comunicazione creativa e strategica e relazioni con la Stampa<br \/>\nr.russo@teatrosancarlo.it<br \/>\ncell 3357431980<\/p>\n<p>Giulia Romito, Comunicazione e Stampa g.romito@teatrosancarlo.it 0817972301<\/p>\n","protected":false},"excerpt":{"rendered":"<p>Teatro di San Carlo Il Teatro di San Carlo per la crisi ucraina: raccolta fondi per i profughi di guerra [&hellip;]<\/p>\n","protected":false},"author":1,"featured_media":0,"comment_status":"open","ping_status":"open","sticky":false,"template":"","format":"standard","meta":{"footnotes":""},"categories":[1],"tags":[],"class_list":["post-20995","post","type-post","status-publish","format-standard","hentry","category-sin-categoria"],"_links":{"self":[{"href":"https:\/\/www.ecoitaliano.com.ar\/index.php?rest_route=\/wp\/v2\/posts\/20995","targetHints":{"allow":["GET"]}}],"collection":[{"href":"https:\/\/www.ecoitaliano.com.ar\/index.php?rest_route=\/wp\/v2\/posts"}],"about":[{"href":"https:\/\/www.ecoitaliano.com.ar\/index.php?rest_route=\/wp\/v2\/types\/post"}],"author":[{"embeddable":true,"href":"https:\/\/www.ecoitaliano.com.ar\/index.php?rest_route=\/wp\/v2\/users\/1"}],"replies":[{"embeddable":true,"href":"https:\/\/www.ecoitaliano.com.ar\/index.php?rest_route=%2Fwp%2Fv2%2Fcomments&post=20995"}],"version-history":[{"count":0,"href":"https:\/\/www.ecoitaliano.com.ar\/index.php?rest_route=\/wp\/v2\/posts\/20995\/revisions"}],"wp:attachment":[{"href":"https:\/\/www.ecoitaliano.com.ar\/index.php?rest_route=%2Fwp%2Fv2%2Fmedia&parent=20995"}],"wp:term":[{"taxonomy":"category","embeddable":true,"href":"https:\/\/www.ecoitaliano.com.ar\/index.php?rest_route=%2Fwp%2Fv2%2Fcategories&post=20995"},{"taxonomy":"post_tag","embeddable":true,"href":"https:\/\/www.ecoitaliano.com.ar\/index.php?rest_route=%2Fwp%2Fv2%2Ftags&post=20995"}],"curies":[{"name":"wp","href":"https:\/\/api.w.org\/{rel}","templated":true}]}}