{"id":20997,"date":"2022-03-09T22:05:15","date_gmt":"2022-03-09T22:05:15","guid":{"rendered":"http:\/\/www.ecoitaliano.com.ar\/?p=20997"},"modified":"2022-03-09T22:05:33","modified_gmt":"2022-03-09T22:05:33","slug":"premio-cultura-club-roma-antropos-rotary-ad-alan-david-baumann","status":"publish","type":"post","link":"https:\/\/www.ecoitaliano.com.ar\/?p=20997","title":{"rendered":"Premio Cultura Club Roma Antropos Rotary ad Alan David Baumann"},"content":{"rendered":"<p>&nbsp;<\/p>\n<p><a href=\"http:\/\/www.ecoitaliano.com.ar\/wp-content\/uploads\/2022\/03\/PHOTO-2022-03-02-21-21-07_opt.jpg\"><img decoding=\"async\" class=\"alignnone size-full wp-image-21003\" src=\"http:\/\/www.ecoitaliano.com.ar\/wp-content\/uploads\/2022\/03\/PHOTO-2022-03-02-21-21-07_opt.jpg\" alt=\"\" width=\"400\" height=\"454\" srcset=\"https:\/\/www.ecoitaliano.com.ar\/wp-content\/uploads\/2022\/03\/PHOTO-2022-03-02-21-21-07_opt.jpg 400w, https:\/\/www.ecoitaliano.com.ar\/wp-content\/uploads\/2022\/03\/PHOTO-2022-03-02-21-21-07_opt-264x300.jpg 264w, https:\/\/www.ecoitaliano.com.ar\/wp-content\/uploads\/2022\/03\/PHOTO-2022-03-02-21-21-07_opt-132x150.jpg 132w\" sizes=\"(max-width: 400px) 100vw, 400px\" \/><\/a><\/p>\n<p>&nbsp;<\/p>\n<p>&nbsp;<\/p>\n<div id='gallery-1' class='gallery galleryid-20997 gallery-columns-3 gallery-size-thumbnail'><figure class='gallery-item'>\n\t\t\t<div class='gallery-icon landscape'>\n\t\t\t\t<a href='https:\/\/www.ecoitaliano.com.ar\/?attachment_id=20999'><img decoding=\"async\" width=\"150\" height=\"97\" src=\"https:\/\/www.ecoitaliano.com.ar\/wp-content\/uploads\/2022\/03\/PHOTO-2022-03-02-21-20-321-150x97.jpg\" class=\"attachment-thumbnail size-thumbnail\" alt=\"\" \/><\/a>\n\t\t\t<\/div><\/figure><figure class='gallery-item'>\n\t\t\t<div class='gallery-icon portrait'>\n\t\t\t\t<a href='https:\/\/www.ecoitaliano.com.ar\/?attachment_id=20998'><img decoding=\"async\" width=\"150\" height=\"150\" src=\"https:\/\/www.ecoitaliano.com.ar\/wp-content\/uploads\/2022\/03\/PHOTO-2022-03-02-21-20-32-150x150.jpg\" class=\"attachment-thumbnail size-thumbnail\" alt=\"\" \/><\/a>\n\t\t\t<\/div><\/figure>\n\t\t<\/div>\n\n<p align=\"justify\"><span style=\"font-size: large;\"><b>Comunicato stampa<\/b><\/span><span style=\"font-size: large;\">: Il <\/span><span style=\"font-size: large;\"><i>Premio alla Cultura Rotary-Antropos<\/i><\/span><span style=\"font-size: large;\"> ad Alan Dav\u00ecd Baumann<\/span><\/p>\n<p>&nbsp;<\/p>\n<p align=\"justify\"><span style=\"font-size: large;\">Dopo essersi dovuta fermare a causa della pandemia, l\u2019assegnazione del \u201cPremio alla Cultura\u201d del Club Roma Antropos (Distretto 2080 del Rotary), riparte l\u201911 marzo p.v. con la consegna per la doppia annualit\u00e0 2021-22.<\/span><\/p>\n<p align=\"justify\"><span style=\"font-size: large;\">La seconda edizione di questo riconoscimento ha scelto lo scrittore giornalista Alan Dav\u00ecd Baumann per il libro storico-familiare \u201cLa Guerra dei 6 Giorni non termin\u00f2 con mio Padre\u201d, pubblicato nel 2021 dall\u2019editore \u201cCitt\u00e0 del Sole\u201d.<\/span><\/p>\n<p align=\"justify\">\u201c<span style=\"font-size: large;\">Il nostro club \u2013 sottolinea il presidente Paolo Dominici &#8211; nasce il 29 aprile 2019 e si consolida in soli 3 anni attraverso una intensa attivit\u00e0 filantropica che vede impegnati ciascun socio, in iniziative a favore dei pi\u00f9 deboli. In ambito a questo per\u00f2, non poteva non essere strutturato un programma di attivit\u00e0 culturali che ci consentono di ritrovarci in progetti di crescita e condivisione tra soci e amici: teatro, cinema, popoli, culture, tradizioni enogastronomiche regionali e tanto altro ancora\u201d. <\/span><\/p>\n<p align=\"justify\"><span style=\"font-size: large;\">In tre anni di vita il club ha sempre ottenuto l\u2019Attestato presidenziale (riconoscimento all\u2019attivit\u00e0 svolta in coerenza ai principi rotariani rilasciato dal Rotary International). In questo anno rotariano in particolare, fino a luglio sotto la presidenza Dominici, l\u2019obiettivo dell\u2019attestato \u00e8 stato raggiunto in anticipo di svariati mesi. <\/span><\/p>\n<p align=\"justify\"><span style=\"font-size: large;\">Viene premiato Baumann, per essere riuscito a trasmettere nel suo libro la storia senza alterazioni. Un ritorno al 1967 visto da chi c\u2019era, completato da chi ha potuto giudicare i fatti anche attraverso gli occhi del padre, per meglio trasmetterlo alle nuove generazioni. Questo libro sembra scritto da due generazioni ed a quattro mani: le ultime due cinquant\u2019anni dopo le prime.<\/span><\/p>\n<p align=\"justify\"><span style=\"font-size: large;\"><b>Rotary Club Roma Antropos<\/b><\/span><\/p>\n<p><span style=\"font-size: medium;\">Segue breve biografia di Alan Dav\u00ecd Baumann<\/span><\/p>\n<p align=\"justify\"><span style=\"font-size: medium;\">Alan Dav\u00ecd Baumann \u00e8 nato a Roma il 15 maggio 1964.<\/span><\/p>\n<p align=\"justify\"><span style=\"font-size: medium;\">Giornalista dagli anni ottanta, dirige la testata on-line \u201cL\u2019ideale\u201d (<\/span><span style=\"color: #0000ff;\"><a href=\"http:\/\/www.lideale.info\/\"><span style=\"color: #000000;\"><span style=\"font-size: medium;\">www.lideale.info<\/span><\/span><\/a><\/span><span style=\"font-size: medium;\">) e collabora con altri periodici. Da oltre un trentennio, nel Giorno della Memoria &#8211; e non solo &#8211; porta la sua testimonianza di \u201cseconda generazione\u201d nelle scuole di ogni ordine e grado. E\u2019stato vicecoordinatore nazionale della \u201c<\/span><span style=\"font-size: medium;\">Survivors of the Shoah Visual History Foundation<\/span><span style=\"font-size: medium;\">\u201d creata da Steven Spielberg.<\/span><\/p>\n<p align=\"justify\"><span style=\"font-size: medium;\">Dai primi anni 90 organizza mostre, cura siti internet, collabora anche graficamente nella stesura di libri d\u2019arte. Da oltre una decina d\u2019anni ha creato \u201cABEF \u2013 archivio baumann e fischer\u201d. \u00c8 presidente della Fondazione Eva Fischer (<\/span><span style=\"color: #0000ff;\"><a href=\"http:\/\/www.evafischer.foundation\/\"><span style=\"color: #000000;\"><span style=\"font-size: medium;\">www.evafischer.foundation<\/span><\/span><\/a><\/span><span style=\"font-size: medium;\">), per lo sviluppo della cultura.<\/span><\/p>\n<p>&nbsp;<\/p>\n","protected":false},"excerpt":{"rendered":"<p>&nbsp; &nbsp; &nbsp; Comunicato stampa: Il Premio alla Cultura Rotary-Antropos ad Alan Dav\u00ecd Baumann &nbsp; Dopo essersi dovuta fermare a [&hellip;]<\/p>\n","protected":false},"author":1,"featured_media":0,"comment_status":"open","ping_status":"open","sticky":false,"template":"","format":"standard","meta":{"footnotes":""},"categories":[10,22],"tags":[],"class_list":["post-20997","post","type-post","status-publish","format-standard","hentry","category-italiano","category-libros-y-revistas-literatura"],"_links":{"self":[{"href":"https:\/\/www.ecoitaliano.com.ar\/index.php?rest_route=\/wp\/v2\/posts\/20997","targetHints":{"allow":["GET"]}}],"collection":[{"href":"https:\/\/www.ecoitaliano.com.ar\/index.php?rest_route=\/wp\/v2\/posts"}],"about":[{"href":"https:\/\/www.ecoitaliano.com.ar\/index.php?rest_route=\/wp\/v2\/types\/post"}],"author":[{"embeddable":true,"href":"https:\/\/www.ecoitaliano.com.ar\/index.php?rest_route=\/wp\/v2\/users\/1"}],"replies":[{"embeddable":true,"href":"https:\/\/www.ecoitaliano.com.ar\/index.php?rest_route=%2Fwp%2Fv2%2Fcomments&post=20997"}],"version-history":[{"count":0,"href":"https:\/\/www.ecoitaliano.com.ar\/index.php?rest_route=\/wp\/v2\/posts\/20997\/revisions"}],"wp:attachment":[{"href":"https:\/\/www.ecoitaliano.com.ar\/index.php?rest_route=%2Fwp%2Fv2%2Fmedia&parent=20997"}],"wp:term":[{"taxonomy":"category","embeddable":true,"href":"https:\/\/www.ecoitaliano.com.ar\/index.php?rest_route=%2Fwp%2Fv2%2Fcategories&post=20997"},{"taxonomy":"post_tag","embeddable":true,"href":"https:\/\/www.ecoitaliano.com.ar\/index.php?rest_route=%2Fwp%2Fv2%2Ftags&post=20997"}],"curies":[{"name":"wp","href":"https:\/\/api.w.org\/{rel}","templated":true}]}}