{"id":21005,"date":"2022-03-10T16:55:45","date_gmt":"2022-03-10T16:55:45","guid":{"rendered":"http:\/\/www.ecoitaliano.com.ar\/?p=21005"},"modified":"2022-03-10T16:55:45","modified_gmt":"2022-03-10T16:55:45","slug":"comunicato-stampa-10-3-2022","status":"publish","type":"post","link":"https:\/\/www.ecoitaliano.com.ar\/?p=21005","title":{"rendered":"COMUNICATO STAMPA 10.3.2022"},"content":{"rendered":"<p><a href=\"http:\/\/www.ecoitaliano.com.ar\/wp-content\/uploads\/2022\/03\/IMG-20220310-WA0023.jpg\"><img decoding=\"async\" class=\"alignnone size-full wp-image-21006\" src=\"http:\/\/www.ecoitaliano.com.ar\/wp-content\/uploads\/2022\/03\/IMG-20220310-WA0023.jpg\" alt=\"\" width=\"561\" height=\"746\" srcset=\"https:\/\/www.ecoitaliano.com.ar\/wp-content\/uploads\/2022\/03\/IMG-20220310-WA0023.jpg 561w, https:\/\/www.ecoitaliano.com.ar\/wp-content\/uploads\/2022\/03\/IMG-20220310-WA0023-226x300.jpg 226w, https:\/\/www.ecoitaliano.com.ar\/wp-content\/uploads\/2022\/03\/IMG-20220310-WA0023-113x150.jpg 113w\" sizes=\"(max-width: 561px) 100vw, 561px\" \/><\/a><\/p>\n<p>&nbsp;<\/p>\n<p class=\"western\" lang=\"it-IT\" align=\"left\"><span style=\"font-size: large;\"><u><b>C<\/b><\/u><\/span><span style=\"font-size: large;\"><u>onsiglio <\/u><\/span><span style=\"font-size: large;\"><u><b>G<\/b><\/u><\/span><span style=\"font-size: large;\"><u>enerale degli <\/u><\/span><span style=\"font-size: large;\"><u><b>I<\/b><\/u><\/span><span style=\"font-size: large;\"><u>taliani all&#8217;<\/u><\/span><span style=\"font-size: large;\"><u><b>E<\/b><\/u><\/span><span style=\"font-size: large;\"><u>stero<\/u><\/span><\/p>\n<p class=\"western\" lang=\"it-IT\" align=\"center\"><span style=\"font-size: large;\"><i>Segretario generale<\/i><\/span><\/p>\n<p class=\"western\" lang=\"it-IT\" align=\"justify\"><span style=\"font-size: large;\"><b>Comunicato stampa<\/b><\/span><\/p>\n<p class=\"western\" lang=\"it-IT\" align=\"justify\"><span style=\"font-size: large;\"><b>Giuseppe Mazzini un italiano all\u2019estero precursore dell\u2019Europa unita<\/b><\/span><\/p>\n<p class=\"western\" lang=\"it-IT\" align=\"justify\"><span style=\"font-size: large;\">Il Consiglio Generale degli Italiani all\u2019Estero nel 150\u00b0 anniversario della morte di Giuseppe Mazzini ricorda le gesta e il profilo politico, filosofico di uno dei precursori dell\u2019Unit\u00e0 d\u2019Italia e del pensiero unitario europeo. Un gigante della storia del nostro Paese la cui opera va inserita a pieno titolo nel Pantheon dell\u2019Italia per la portata degli ideali democratici e liberali, antesignani della storia moderna.<\/span><\/p>\n<p class=\"western\" lang=\"it-IT\" align=\"justify\"><span style=\"font-size: large;\">La sua idea di patria, di democrazia e di libert\u00e0 ha oltrepassato le frontiere del nostro paese e si \u00e8 contaminata con le storie e con le societ\u00e0 europee fino a coinvolgere le genti dell\u2019America latina ispirando il pensiero e l\u2019azione dei patrioti del suo tempo. I suoi ideali e l\u2019attivismo che lo port\u00f2 a costituire all\u2019estero, assieme agli esuli italiani, la \u201cGiovine Italia\u201d continuano a ispirare i moderni movimenti europei impegnati nella ricerca e per l\u2019affermazione della democrazia attraverso la forma repubblicana dello Stato.<\/span><\/p>\n<p class=\"western\" lang=\"it-IT\" align=\"justify\"><span style=\"font-size: large;\">Il suo peregrinare per il mondo lo rese e lo riconosce come un insostituibile punto di riferimento per la costruzione dell\u2019Europa moderna, libera dai nazionalismi e dalle limitazioni territoriali, che purtroppo continuano a generare guerre. Giuseppe Mazzini \u00e8 stato un italiano all\u2019estero e in questo senso, come i nostri connazionali che vivono fuori dall\u2019Italia, lo ricordiamo come un cittadino del mondo. Il suo lascito costituisce un patrimonio di inestimabile valore.<\/span><\/p>\n<p class=\"western\" lang=\"it-IT\" align=\"justify\"><span style=\"font-size: large;\"><i><b>Roma, 10 marzo 2022<\/b><\/i><\/span><\/p>\n<p lang=\"it-IT\" align=\"left\"><span style=\"color: #202122;\"><span style=\"font-family: Arial, sans-serif;\"><span style=\"font-size: small;\">.<\/span><\/span><\/span><\/p>\n","protected":false},"excerpt":{"rendered":"<p>&nbsp; Consiglio Generale degli Italiani all&#8217;Estero Segretario generale Comunicato stampa Giuseppe Mazzini un italiano all\u2019estero precursore dell\u2019Europa unita Il Consiglio [&hellip;]<\/p>\n","protected":false},"author":1,"featured_media":0,"comment_status":"open","ping_status":"open","sticky":false,"template":"","format":"standard","meta":{"footnotes":""},"categories":[10,15],"tags":[],"class_list":["post-21005","post","type-post","status-publish","format-standard","hentry","category-italiano","category-italiani-allestero"],"_links":{"self":[{"href":"https:\/\/www.ecoitaliano.com.ar\/index.php?rest_route=\/wp\/v2\/posts\/21005","targetHints":{"allow":["GET"]}}],"collection":[{"href":"https:\/\/www.ecoitaliano.com.ar\/index.php?rest_route=\/wp\/v2\/posts"}],"about":[{"href":"https:\/\/www.ecoitaliano.com.ar\/index.php?rest_route=\/wp\/v2\/types\/post"}],"author":[{"embeddable":true,"href":"https:\/\/www.ecoitaliano.com.ar\/index.php?rest_route=\/wp\/v2\/users\/1"}],"replies":[{"embeddable":true,"href":"https:\/\/www.ecoitaliano.com.ar\/index.php?rest_route=%2Fwp%2Fv2%2Fcomments&post=21005"}],"version-history":[{"count":0,"href":"https:\/\/www.ecoitaliano.com.ar\/index.php?rest_route=\/wp\/v2\/posts\/21005\/revisions"}],"wp:attachment":[{"href":"https:\/\/www.ecoitaliano.com.ar\/index.php?rest_route=%2Fwp%2Fv2%2Fmedia&parent=21005"}],"wp:term":[{"taxonomy":"category","embeddable":true,"href":"https:\/\/www.ecoitaliano.com.ar\/index.php?rest_route=%2Fwp%2Fv2%2Fcategories&post=21005"},{"taxonomy":"post_tag","embeddable":true,"href":"https:\/\/www.ecoitaliano.com.ar\/index.php?rest_route=%2Fwp%2Fv2%2Ftags&post=21005"}],"curies":[{"name":"wp","href":"https:\/\/api.w.org\/{rel}","templated":true}]}}