{"id":21343,"date":"2022-03-24T14:38:39","date_gmt":"2022-03-24T14:38:39","guid":{"rendered":"http:\/\/www.ecoitaliano.com.ar\/?p=21343"},"modified":"2022-03-24T14:38:39","modified_gmt":"2022-03-24T14:38:39","slug":"galleria-del-cembalo-presenta-mare-omnis-di-francesco-zizola-e-epifanie-03-lab-per-un-laboratorio-irregolare-a-cura-di-antonio-biasiucci-dal-27-aprile-2022-roma-2","status":"publish","type":"post","link":"https:\/\/www.ecoitaliano.com.ar\/?p=21343","title":{"rendered":"Galleria del Cembalo presenta: Mare Omnis di Francesco Zizola e Epifanie\/03 &#8211; LAB\/per un laboratorio irregolare a cura di Antonio Biasiucci | dal 27 aprile 2022, Roma"},"content":{"rendered":"<p><a href=\"https:\/\/culturaliart.musvc2.net\/e\/r?q=Nu%3d8wNvI_uuYp_65_xqVt_86_uuYp_50oQfXh.CdCrKs7r9hHz.3rG_xqVt_86i_LWsS_VlHqF.gIsR_xqVt_86_uuYp_60t4h_LWsS_WjH1_LWsS_VlM1_-6j7_uuYp_68wOi8E_HTwV_SgQ4S1agRe_LWsS_Wg_HTwV_SgaB1e99.ZB_LWsS_VBN_uuYp_68vL_uuYp_5Zh_HTwV_R9R_xqVt_94sJ_xqVt_8VwR.-9_HTwV_Sd-b92dShTi_LWsS_WjGrQwLQgRm%26f%3dc7S7V%26j%3dCxM235.HkJ%26lM%3d7Q5XC%26B%3d4%26H%3dCZC5g1d%26I%3d8Z0dE%26J%3d-5dBU7VDZ5W&amp;mupckp=mupAtu4m8OiX0wt\" target=\"_blank\" rel=\"noopener\" name=\"m_-8140489000615563696_showInBrowser\" data-saferedirecturl=\"https:\/\/www.google.com\/url?q=https:\/\/culturaliart.musvc2.net\/e\/r?q%3DNu%253d8wNvI_uuYp_65_xqVt_86_uuYp_50oQfXh.CdCrKs7r9hHz.3rG_xqVt_86i_LWsS_VlHqF.gIsR_xqVt_86_uuYp_60t4h_LWsS_WjH1_LWsS_VlM1_-6j7_uuYp_68wOi8E_HTwV_SgQ4S1agRe_LWsS_Wg_HTwV_SgaB1e99.ZB_LWsS_VBN_uuYp_68vL_uuYp_5Zh_HTwV_R9R_xqVt_94sJ_xqVt_8VwR.-9_HTwV_Sd-b92dShTi_LWsS_WjGrQwLQgRm%2526f%253dc7S7V%2526j%253dCxM235.HkJ%2526lM%253d7Q5XC%2526B%253d4%2526H%253dCZC5g1d%2526I%253d8Z0dE%2526J%253d-5dBU7VDZ5W%26mupckp%3DmupAtu4m8OiX0wt&amp;source=gmail&amp;ust=1648218816322000&amp;usg=AOvVaw2h7s-Ag4-LbPzMoPPEA_Ga\"><\/a><\/p>\n<table role=\"presentation\" border=\"0\" width=\"100%\" cellspacing=\"0\" cellpadding=\"0\">\n<tbody>\n<tr>\n<td>\n<table role=\"presentation\" border=\"0\" width=\"100%\" cellspacing=\"0\" cellpadding=\"0\" align=\"center\">\n<tbody>\n<tr>\n<td>\n<table class=\"m_-8140489000615563696row-content m_-8140489000615563696stack\" role=\"presentation\" border=\"0\" width=\"600\" cellspacing=\"0\" cellpadding=\"0\" align=\"center\">\n<tbody>\n<tr>\n<td class=\"m_-8140489000615563696column\" width=\"100%\">\n<table class=\"m_-8140489000615563696image_block\" role=\"presentation\" border=\"0\" width=\"100%\" cellspacing=\"0\" cellpadding=\"0\">\n<tbody>\n<tr>\n<td>\n<div align=\"center\"><img decoding=\"async\" class=\"CToWUd\" src=\"https:\/\/ci6.googleusercontent.com\/proxy\/XBVcHVvLjC9ASWC4yFcPniztaRMrp71lKxDdTI2Hbi2X2A3wvBHtJgiVR3HrQFr8kC9f3tEFJSiw_UgkAacjx2fyBHEkyoUOmxjO4SbVTCp-hBS_4Ajb_sVYIgk=s0-d-e1-ft#https:\/\/culturaliart.img.musvc2.net\/static\/91342\/images\/1\/cembalologo.png\" width=\"360\" \/><\/div>\n<\/td>\n<\/tr>\n<\/tbody>\n<\/table>\n<table role=\"presentation\" border=\"0\" width=\"100%\" cellspacing=\"0\" cellpadding=\"10\">\n<tbody>\n<tr>\n<td>\n<div>\n<div>\n<p>presenta<\/p>\n<p>&nbsp;<\/p>\n<p><strong>Mare Omnis di Francesco Zizola <\/strong><\/p>\n<p>e<\/p>\n<p><strong>Epifanie\/03 \u2013 LAB\/per un laboratorio irregolare <\/strong><\/p>\n<p><strong>a cura di Antonio Biasiucci<\/strong><\/p>\n<p>con opere di Paolo Covino, Alessandro Gattuso, Valeria Laureano, Laura Nemes-Jeles, Claire Power, Ilaria Sagaria, Giuseppe Vitale e Tommaso Vitiello<\/p>\n<p>&nbsp;<\/p>\n<p><strong>Due mostre dedicate alla fotografia<\/strong><\/p>\n<\/div>\n<\/div>\n<\/td>\n<\/tr>\n<\/tbody>\n<\/table>\n<\/td>\n<\/tr>\n<\/tbody>\n<\/table>\n<\/td>\n<\/tr>\n<\/tbody>\n<\/table>\n<table role=\"presentation\" border=\"0\" width=\"100%\" cellspacing=\"0\" cellpadding=\"0\" align=\"center\">\n<tbody>\n<tr>\n<td>\n<table class=\"m_-8140489000615563696row-content m_-8140489000615563696stack\" role=\"presentation\" border=\"0\" width=\"600\" cellspacing=\"0\" cellpadding=\"0\" align=\"center\">\n<tbody>\n<tr>\n<td class=\"m_-8140489000615563696column\" width=\"50%\">\n<table class=\"m_-8140489000615563696image_block\" role=\"presentation\" border=\"0\" width=\"100%\" cellspacing=\"0\" cellpadding=\"0\">\n<tbody>\n<tr>\n<td>\n<div align=\"center\"><img decoding=\"async\" class=\"CToWUd a6T\" tabindex=\"0\" src=\"https:\/\/ci5.googleusercontent.com\/proxy\/trh7Sbx2MCnyDQg3fWUGxQeeF_E_ULOX8n83OL16x3KEHmFxPyM0Mxog_5DUnfMEgrw9kr4GpLLjwKKXY93d1ZhbUmVFK_QqzOYBF_QhdNm8_nBz6F1i=s0-d-e1-ft#https:\/\/culturaliart.img.musvc2.net\/static\/91342\/images\/1\/zizola.png\" width=\"280\" \/><\/div>\n<\/td>\n<\/tr>\n<\/tbody>\n<\/table>\n<\/td>\n<\/tr>\n<\/tbody>\n<\/table>\n<\/td>\n<\/tr>\n<\/tbody>\n<\/table>\n<\/td>\n<\/tr>\n<\/tbody>\n<\/table>\n<table class=\"m_-8140489000615563696image_block\" role=\"presentation\" border=\"0\" width=\"100%\" cellspacing=\"0\" cellpadding=\"0\">\n<tbody>\n<tr>\n<td>\n<div align=\"center\"><img decoding=\"async\" class=\"CToWUd a6T\" tabindex=\"0\" src=\"https:\/\/ci4.googleusercontent.com\/proxy\/ual9dJBc6HmHREcHh3pqnHywouC7ShAeib9HGAvm5oxalggjCDA1kYrACszXoygDc7-1BlyOgk3ZYY4fNYYW-XiBiNv0UddAbDt02ZQSe6ykYmQQHdg=s0-d-e1-ft#https:\/\/culturaliart.img.musvc2.net\/static\/91342\/images\/1\/lab03.png\" width=\"255\" \/><\/div>\n<\/td>\n<\/tr>\n<\/tbody>\n<\/table>\n<table role=\"presentation\" border=\"0\" width=\"100%\" cellspacing=\"0\" cellpadding=\"0\" align=\"center\">\n<tbody>\n<tr>\n<td>\n<table class=\"m_-8140489000615563696row-content m_-8140489000615563696stack\" role=\"presentation\" border=\"0\" width=\"600\" cellspacing=\"0\" cellpadding=\"0\" align=\"center\">\n<tbody>\n<tr>\n<td class=\"m_-8140489000615563696column\" width=\"100%\">\n<table role=\"presentation\" border=\"0\" width=\"100%\" cellspacing=\"0\" cellpadding=\"10\">\n<tbody>\n<tr>\n<td>\n<div>\n<div>\n<p><strong>Opening: 27 aprile 2022, ore 18.00<\/strong><\/p>\n<p>&nbsp;<\/p>\n<p><em>Mare Omnis<\/em>: dal 27 aprile al 30 giugno 2022<\/p>\n<p><em>Epifanie\/03<\/em>: dal 27 aprile al 14 maggio 2022<\/p>\n<\/div>\n<\/div>\n<\/td>\n<\/tr>\n<\/tbody>\n<\/table>\n<table role=\"presentation\" border=\"0\" width=\"100%\" cellspacing=\"0\" cellpadding=\"10\">\n<tbody>\n<tr>\n<td>\n<div align=\"center\">\n<table role=\"presentation\" border=\"0\" width=\"100%\" cellspacing=\"0\" cellpadding=\"0\">\n<tbody>\n<tr>\n<td><\/td>\n<\/tr>\n<\/tbody>\n<\/table>\n<\/div>\n<\/td>\n<\/tr>\n<\/tbody>\n<\/table>\n<table role=\"presentation\" border=\"0\" width=\"100%\" cellspacing=\"0\" cellpadding=\"10\">\n<tbody>\n<tr>\n<td>\n<div>\n<div>\n<p><strong>Dal 27 aprile 2022<\/strong>, nell\u2019affascinante cornice del seicentesco <strong>Palazzo Borghese a Roma <\/strong>all\u2019interno delle suggestive sale affrescate della <em>galleria terrena<\/em>, la <strong>Galleria del Cembalo <\/strong>attende i visitatori con <strong>due nuove mostre<\/strong> dedicate alla <strong>fotografia<\/strong>: <strong><em>Mare Omnis<\/em><\/strong> di <strong>Francesco Zizola<\/strong> e <strong><em>Epifanie\/03 \u2013 LAB\/per un laboratorio irregolare<\/em><\/strong>, a cura di <strong>Antonio Biasiucci. <\/strong><\/p>\n<p>&nbsp;<\/p>\n<p>La mostra <strong><em>Mare Omnis<\/em><\/strong> di <strong>Francesco Zizola<\/strong>, visitabile <strong>fino al 30 giugno 2022<\/strong>, presenta una raccolta di <strong>22 fotografie <\/strong>di grande formato che sembrano raffigurare delle<strong> costellazioni lontanissime<\/strong>, ma che in realt\u00e0 sono <strong>tonnare, ossia reti da pesca <\/strong>inserite nel grande mare Mediterraneo <strong>fotografate da<\/strong> <strong>un drone<\/strong>: reti che i<strong> <em>tonnarotti <\/em><\/strong>\u2013 coloro che si occupano della mattanza \u2013installano per catturare i tonni nella loro migrazione verso la costa.<\/p>\n<p>Le immagini sono state tutte realizzate nel mare del Sulcis, nella <strong>Sardegna sud occidentale<\/strong>, presso la <strong>Tonnara di Portoscuso<\/strong>, che in quelle acque opera da secoli. Nelle fotografie i punti bianchi sono boe e i fili argentati sono le cime che assicurano le parti galleggianti ai fondali<strong>.<\/strong> La mostra <strong><em>Mare Omnis<\/em><\/strong> documenta in maniera antropologica la vita vissuta in mare attraverso <strong>forme di pesca ancora manuali, locali, sostenibili, secondo tradizioni centenarie<\/strong>, indagando il <strong>rapporto dell\u2019uomo con la natura e della sua influenza sul mare<\/strong> declinato attraverso un linguaggio visivo articolato e complesso. Costruire i propri strumenti di lavoro, gettare le reti in mare, trascorrere giorni e mesi in attesa della <strong>pesca,<\/strong> essere soggetti alle leggi della natura, compongono quel patrimonio di sapere legato alla prossimit\u00e0 con il mare e ad una vita in rapporto con esso che oggi \u00e8 sostituito da metodi di pesca intensivi e industriali. Le immagini presentate ci restituiscono &#8211; attraverso un <strong>quadro visivo potentissimo<\/strong> &#8211; il sentimento di una relazione simbiotica che ricuce quella separazione tra uomo e natura adottata dalla societ\u00e0 contemporanee: acqua che diventa paesaggio astratto, pesci colti nelle fitte reti immerse nel mare.<\/p>\n<\/div>\n<\/div>\n<\/td>\n<\/tr>\n<\/tbody>\n<\/table>\n<table class=\"m_-8140489000615563696image_block\" role=\"presentation\" border=\"0\" width=\"100%\" cellspacing=\"0\" cellpadding=\"10\">\n<tbody>\n<tr>\n<td>\n<div align=\"center\"><img decoding=\"async\" class=\"m_-8140489000615563696big CToWUd a6T\" tabindex=\"0\" src=\"https:\/\/ci6.googleusercontent.com\/proxy\/VvgdC4lxJjYKzGYT6YnPZ00NN2wqhBzL8yg52co_hfsmk9U6kuWeBWZvvnElCqoPsh3PBj31Xm0bo_LadGGRCbu0B4XBh0tctm-6hQwMAeVnyobgXEmgoKvbPPc=s0-d-e1-ft#https:\/\/culturaliart.img.musvc2.net\/static\/91342\/images\/1\/DJI_0026_ok.jpg\" width=\"580\" \/><\/div>\n<\/td>\n<\/tr>\n<\/tbody>\n<\/table>\n<\/td>\n<\/tr>\n<\/tbody>\n<\/table>\n<\/td>\n<\/tr>\n<\/tbody>\n<\/table>\n<table role=\"presentation\" border=\"0\" width=\"100%\" cellspacing=\"0\" cellpadding=\"0\" align=\"center\">\n<tbody>\n<tr>\n<td>\n<table class=\"m_-8140489000615563696row-content m_-8140489000615563696stack\" role=\"presentation\" border=\"0\" width=\"600\" cellspacing=\"0\" cellpadding=\"0\" align=\"center\">\n<tbody>\n<tr>\n<td class=\"m_-8140489000615563696column\" width=\"100%\">\n<table role=\"presentation\" border=\"0\" width=\"100%\" cellspacing=\"0\" cellpadding=\"0\">\n<tbody>\n<tr>\n<td>\n<div>\n<div>\n<p>Ph: Francesco Zizola<\/p>\n<\/div>\n<\/div>\n<\/td>\n<\/tr>\n<\/tbody>\n<\/table>\n<table role=\"presentation\" border=\"0\" width=\"100%\" cellspacing=\"0\" cellpadding=\"10\">\n<tbody>\n<tr>\n<td>\n<div>\n<div>\n<p>La scelta della stampa in <strong>bianco e nero<\/strong> \u00e8 fatta per stimolare l\u2019immaginazione di chi guarda verso uno spaesamento percettivo; il fotografo mette in atto un deliberato inganno semantico per deviare i sensi utilizzando la <strong>memoria istintiva<\/strong>. Cos\u00ec, le grandi reti della tonnara finiscono ad assomigliare a cose diverse; alcuni ci leggono dei <strong>dream catcher etnici<\/strong>, altri dei <strong>graffiti arcaici<\/strong>, altri ancora delle <strong>costellazioni <\/strong>nella notte. La serie si chiama <strong><em>Constellation<\/em><\/strong> perch\u00e9 alcune di queste fotografie sono espressamente organizzate per rimandare ad una <strong>visione notturna delle costellazioni<\/strong>, mentre in altre immagini gi\u00e0 dalla prima inquadratura Zizola ha intravisto nelle forme di luce un quadro di Paul Klee, <em>l\u2019Angelus Novus<\/em>.<\/p>\n<p>\u201c<em>Trovo oggi pi\u00f9 interessante usare la fotografia per invitare la nostra percezione e la nostra mente su un piano immaginifico e simbolico, capace di procedere per metafore narrative. E la narrazione per me \u00e8 quella che riguarda il senso del nostro essere e del nostro agire<\/em>\u201d dice <strong>Francesco Zizola<\/strong>.<\/p>\n<p>Come ricorda Barthes: \u201c<em>Qualunque cosa essa dia a vedere e quale che sia la sua maniera, una foto \u00e8 sempre invisibile: ci\u00f2 che noi vediamo non \u00e8 lei.<\/em>\u201d<\/p>\n<p>&nbsp;<\/p>\n<p>Cosa guardiamo veramente quando vediamo un\u2019immagine? Cosa riconoscono i nostri occhi davanti ad esse?Sono le domande che ci poniamo osservando le fotografie di <strong><em>Mare Omnis<\/em><\/strong>. L\u2019ambiguit\u00e0 \u00e8 totale e Zizola sceglie di ragionare sul <strong>paradigma del fotografico<\/strong> sapendo che le immagini hanno il meraviglioso compito di creare percorsi di significato dando origine a processi di consapevolezza nello spettatore. \u201c<em>C&#8217;\u00e8 una verit\u00e0 estatica, poetica. \u00c8 misteriosa e inafferrabile, e pu\u00f2 essere raggiunta solo attraverso l&#8217;immaginazione e la stilizzazione. La fotografia ha il compito di aprire nuove possibili comprensioni della complessit\u00e0 della realt\u00e0<\/em>\u201d commenta <strong>Francesco Zizola<\/strong>.<\/p>\n<p>&nbsp;<\/p>\n<p>Ad affiancare <em>Mare Omnis<\/em>, dopo il successo dell\u2019edizione 2017, il <strong>LAB\/per un laboratorio irregolare<\/strong> a cura di <strong>Antonio Biasiucci<\/strong> torna negli affascinanti spazi della Galleria del Cembalo con la mostra <strong>Epifanie\/03<\/strong>, la <strong>terza edizione del progetto<\/strong>, visitabile <strong>fino al 14 maggio 2022<\/strong>. LAB\/per un laboratorio irregolare nasce nel 2012 per rispondere all\u2019esigenza di creare <strong>un percorso<\/strong>, di circa due anni completamente gratuito, rivolto a <strong>giovani artisti<\/strong> a cui trasmettere un metodo costante di approfondimento e critica del proprio lavoro. Anche nel difficile periodo della pandemia, il fotografo Antonio Biasiucci ha seguito gli allievi, in un costante confronto, guidando ognuno di loro nella <strong>produzione di un progetto di ricerca personale <\/strong>per assimilare un processo, un criterio, per arrivare a conquistare un proprio sentire, una propria autentica visione delle cose della vita. La mostra <strong>Epifanie\/03<\/strong> proporr\u00e0 <strong>circa 80 opere fotografiche<\/strong> realizzate da <strong>Paolo Covino, Alessandro Gattuso, Valeria Laureano, Laura Nemes-Jeles, Claire Power, Ilaria Sagaria, Giuseppe Vitale e Tommaso Vitiello<\/strong>. Gli autori della terza edizione del LAB hanno raccontato la propria \u201c<strong><em>epifania<\/em><\/strong>\u201d (dal greco \u03b5\u03c0\u03b9\u03c6\u03ac\u03bd\u03b5\u03b9\u03b1, manifestazione, apparizione), realizzando portfolio fortemente diversi tra loro sia per forme che per contenuti. <strong>Otto narrazioni, sguardi autonomi, progetti eterogenei guidati da un unico metodo.<\/strong><\/p>\n<p><em>\u201cOggi restituisco quello che mi \u00e8 stato dato, perch\u00e9 non ha senso che sia io solo a salvarmi. \u2013 <\/em>spiega <strong>Antonio Biasiucci<\/strong><em> \u2013 Metto a disposizione le mie conoscenze, affinch\u00e9 sia dato spazio, tempo e possibilit\u00e0 ad altri di fare fotografia attraverso un Laboratorio ispirato ad Antonio Neiwiller, regista napoletano scomparso venticinque anni fa, che io considero mio maestro. Il Laboratorio produce immagini essenziali, nelle quali l\u2019autore pu\u00f2 trovare una parte di s\u00e9; sono immagini che si aprono all\u2019altro. Dura circa due anni ed \u00e8 composto ogni volta da un gruppo eterogeneo di 8 giovani autori dove il confronto, lo scambio, l\u2019empatia verso l\u2019altro sono una premessa fondamentale affinch\u00e9 ognuno possa trovare un proprio linguaggio. Hanno condiviso, mostrando fotografie di volta in volta, le loro esperienze di vita. Ognuno \u00e8 stato reso partecipe, assistendo al processo artistico dell\u2019altro.\u201d<\/em><\/p>\n<\/div>\n<\/div>\n<\/td>\n<\/tr>\n<\/tbody>\n<\/table>\n<\/td>\n<\/tr>\n<\/tbody>\n<\/table>\n<\/td>\n<\/tr>\n<\/tbody>\n<\/table>\n<table role=\"presentation\" border=\"0\" width=\"100%\" cellspacing=\"0\" cellpadding=\"0\" align=\"center\">\n<tbody>\n<tr>\n<td>\n<table class=\"m_-8140489000615563696row-content m_-8140489000615563696stack\" role=\"presentation\" border=\"0\" width=\"600\" cellspacing=\"0\" cellpadding=\"0\" align=\"center\">\n<tbody>\n<tr>\n<td class=\"m_-8140489000615563696column\" width=\"50%\">\n<table class=\"m_-8140489000615563696image_block\" role=\"presentation\" border=\"0\" width=\"100%\" cellspacing=\"0\" cellpadding=\"0\">\n<tbody>\n<tr>\n<td>\n<div align=\"center\"><img decoding=\"async\" class=\"CToWUd a6T\" tabindex=\"0\" src=\"https:\/\/ci3.googleusercontent.com\/proxy\/nhd3X1FAo7MozoRxNMom5zt7CrlDvwZ9IHpKfBYAdJBfP4IA2bZB0iDjzh8piqSzNeqaS6cJuMOPxbwcqD7ArKApE5_esRIRB3tHvQiLT1LTT-vz__U1dLM5L97iKS7gJg=s0-d-e1-ft#https:\/\/culturaliart.img.musvc2.net\/static\/91342\/images\/1\/Gattuso_Cosmi_01.jpg\" width=\"270\" \/><\/div>\n<\/td>\n<\/tr>\n<\/tbody>\n<\/table>\n<\/td>\n<\/tr>\n<\/tbody>\n<\/table>\n<\/td>\n<\/tr>\n<\/tbody>\n<\/table>\n<table class=\"m_-8140489000615563696row-content m_-8140489000615563696stack\" role=\"presentation\" border=\"0\" width=\"600\" cellspacing=\"0\" cellpadding=\"0\" align=\"center\">\n<tbody>\n<tr>\n<td class=\"m_-8140489000615563696column\" width=\"50%\">\n<table role=\"presentation\" border=\"0\" width=\"100%\" cellspacing=\"0\" cellpadding=\"0\">\n<tbody>\n<tr>\n<td>\n<div>\n<div>\n<p>Ph: Alessandro Gattuso<\/p>\n<\/div>\n<\/div>\n<\/td>\n<\/tr>\n<\/tbody>\n<\/table>\n<\/td>\n<td class=\"m_-8140489000615563696column\" width=\"50%\">\n<table class=\"m_-8140489000615563696image_block\" role=\"presentation\" border=\"0\" width=\"100%\" cellspacing=\"0\" cellpadding=\"0\">\n<tbody>\n<tr>\n<td>\n<div align=\"center\"><img decoding=\"async\" class=\"CToWUd a6T\" tabindex=\"0\" src=\"https:\/\/ci5.googleusercontent.com\/proxy\/snZ_Mm3_l3sKOPc3Hv5U3cV6ekKG7v9k9aWLhYBrw1tf0XaIdf4Ptf85q1izxywGTkmJmcdJCIH_7Fdv36feDCKJG9bedhf3jwTOERVoANyjEkYV4o3yRYo7pPgGy8uRLL25Fr_8=s0-d-e1-ft#https:\/\/culturaliart.img.musvc2.net\/static\/91342\/images\/1\/Nemes-Jeles_Grazia_01.jpg\" width=\"280\" \/><\/div>\n<\/td>\n<\/tr>\n<\/tbody>\n<\/table>\n<\/td>\n<\/tr>\n<\/tbody>\n<\/table>\n<table role=\"presentation\" border=\"0\" width=\"100%\" cellspacing=\"0\" cellpadding=\"0\" align=\"center\">\n<tbody>\n<tr>\n<td>\n<table class=\"m_-8140489000615563696row-content m_-8140489000615563696stack\" role=\"presentation\" border=\"0\" width=\"600\" cellspacing=\"0\" cellpadding=\"0\" align=\"center\">\n<tbody>\n<tr>\n<td class=\"m_-8140489000615563696column\" width=\"50%\">\n<table role=\"presentation\" border=\"0\" width=\"100%\" cellspacing=\"0\" cellpadding=\"0\">\n<tbody>\n<tr>\n<td>\n<div>\n<div>\n<p>Ph: Laura Nemes-Jeles<\/p>\n<\/div>\n<\/div>\n<\/td>\n<\/tr>\n<\/tbody>\n<\/table>\n<\/td>\n<\/tr>\n<\/tbody>\n<\/table>\n<\/td>\n<\/tr>\n<\/tbody>\n<\/table>\n<table role=\"presentation\" border=\"0\" width=\"100%\" cellspacing=\"0\" cellpadding=\"0\" align=\"center\">\n<tbody>\n<tr>\n<td>\n<table class=\"m_-8140489000615563696row-content m_-8140489000615563696stack\" role=\"presentation\" border=\"0\" width=\"600\" cellspacing=\"0\" cellpadding=\"0\" align=\"center\">\n<tbody>\n<tr>\n<td class=\"m_-8140489000615563696column\" width=\"100%\">\n<table role=\"presentation\" border=\"0\" width=\"100%\" cellspacing=\"0\" cellpadding=\"10\">\n<tbody>\n<tr>\n<td>\n<div align=\"center\">\n<table role=\"presentation\" border=\"0\" width=\"100%\" cellspacing=\"0\" cellpadding=\"0\">\n<tbody>\n<tr>\n<td><\/td>\n<\/tr>\n<\/tbody>\n<\/table>\n<\/div>\n<\/td>\n<\/tr>\n<\/tbody>\n<\/table>\n<table role=\"presentation\" border=\"0\" width=\"100%\" cellspacing=\"0\" cellpadding=\"10\">\n<tbody>\n<tr>\n<td>\n<div>\n<div>\n<p><strong>FRANCESCO ZIZOLA &#8211; Biografia<\/strong><\/p>\n<p><strong>Francesco Zizola<\/strong> (Roma, 1962) ha fotografato per oltre trent\u2019anni le principali crisi e conflitti che si sono succeduti nel mondo. Un forte impegno etico e una personale cifra stilistica caratterizzano la sua produzione fotografica. Francesco ha ricevuto <strong>numerosi riconoscimenti<\/strong>, tra cui <strong>dieci World Press Photo<\/strong> e <strong>sei Picture of the Year International<\/strong>. Nel 2003 <strong>Henri Cartier Bresson<\/strong> include una fotografia di Francesco tra le sue 100 preferite. Questa collezione \u00e8 stata trasformata in una mostra &#8211; <em>Les Choix d\u2019Henry Cartier Bresson<\/em> &#8211; e in un libro. Tra gli altri volumi ha pubblicato, \u00ab<strong><em>Mare Omnis<\/em><\/strong>\u00bb (Foto-Forum edizioni 2022) con un testo di Claudia Corrent, \u201c<strong><em>Aguanta<\/em><\/strong>\u00bb (Ediuni edizioni 2022), \u00ab<strong><em>Sale Sudore Sangue<\/em><\/strong>\u00bb (Postcart 2020), \u00ab<strong><em>Uno sguardo inadeguato<\/em><\/strong>\u201d (Fiaf 2013), \u201c<strong>Iraq<\/strong>\u201d (Ega 2007) e \u00ab<strong><em>Born Somewhere<\/em><\/strong>\u201d (Delpire 2004).<\/p>\n<p>Nel 2015 Francesco Zizola ha iniziato un nuovo progetto, <strong><em>Hybris<\/em><\/strong>, che esplora con un linguaggio volutamente non documentario il rapporto tra l\u2019uomo e la natura. Oltre alla fotografia ha esteso la sperimentazione narrativa utilizzando l\u2019immagine in movimento realizzando un <strong>cortometraggio<\/strong> che ha vinto il <strong>premio SIAE 2018<\/strong> per il \u00abtalento creativo\u00bb nell\u2019ambito della <strong>Biennale di Venezia, Festival del Cinema<\/strong>. Dal 2007 ha fondato e dirige la <strong>10b Photography<\/strong> <strong>Gallery<\/strong> di Roma. Dal 2016 Zizola \u00e8 anche direttore artistico della mostra <strong><em>World Press Photo<\/em><\/strong> di Roma e di Ferrara e curatore del progetto <strong><em>Collezione Roma 2020-21-22<\/em><\/strong> per il <strong>Museo di arte contemporanea di Roma &#8211; Palazzo delle Esposizioni<\/strong>.<\/p>\n<p>In 27 anni di attivit\u00e0, le sue fotografie sono state esposte in innumerevoli mostre, sia collettive che personali, e sono state acquisite da collezioni di diverse istituzioni francesi, come il Mus\u00e9e Nic\u00e9phore Ni\u00e9pce, Chalon-sur-Saone, la MEP, Maison Europ\u00e9enne de la Photographie, Parigi, e la Biblioth\u00e8que Nationale de France, Parigi.<\/p>\n<p>&nbsp;<\/p>\n<p><strong>ANTONIO BIASIUCCI &#8211; Biografia<\/strong><\/p>\n<p><strong>Antonio Biasiucci<\/strong> nasce a Dragoni (Caserta) nel 1961. Nel 1980 si trasferisce a Napoli, dove comincia un lavoro sugli spazi delle periferie urbane e contemporaneamente una ricerca sulla memoria personale, fotografando riti, ambienti e persone del paese nativo. Nel 1984 inizia una collaborazione con <strong>l\u2019Osservatorio vesuviano,<\/strong> svolgendo un ampio lavoro sui vulcani attivi in Italia. Nel 1987 conosce <strong>Antonio Neiwiller<\/strong>, attore e regista di teatro: con lui nasce un rapporto di collaborazione che durer\u00e0 fino al 1993, anno della sua scomparsa. Fin dagli inizi la sua ricerca si radica nei temi della cultura del Sud e si trasforma, in anni recenti, in un viaggio dentro gli elementi primari dell\u2019esistenza. Ha ottenuto importanti riconoscimenti, tra cui, nel 1992, ad Arles, il premio \u201c<strong><em>European Kodak Panorama<\/em><\/strong>\u201d; nel 2005 il \u201c<strong><em>Kraszna\/Krausz Photography Book Awards<\/em><\/strong>\u201d, per la pubblicazione del volume <em>Res. Lo stato delle cose (2004)<\/em> e, nello stesso anno, il \u201c<strong><em>Premio Bastianelli<\/em><\/strong>\u201d; nel 2016 il \u201c<strong><em>Premio Cultura Sorrento<\/em><\/strong>\u201d. Numerosissime le mostre personali e le partecipazioni a mostre collettive, a festival e rassegne nazionali e internazionali. Ha collaborato inoltre a diversi progetti editoriali e ha partecipato a importanti iniziative culturali di carattere sociale. Biasiucci \u00e8 stato invitato fra gli artisti del <strong>Padiglione Italia alla Biennale di Venezia del 2015<\/strong>. \u00c8 docente di \u201cFotografia come linguaggio artistico\u201d presso l&#8217;Accademia di Belle Arti di Napoli. Nel 2012 fonda il \u201c<strong><em>LAB\/per un laboratorio irregolare<\/em><\/strong>\u201d come azione di volontariato sociale. Molte sue opere fanno parte della collezione permanente di musei e istituzioni, in Italia e all\u2019estero, tra cui: Musei Vaticani; MADRE di Napoli; Fondazione Sandretto Re Rebaudengo per l\u2019Arte Contemporanea; Biblioth\u00e8que nationale de France; Mus\u00e9e de l\u2019Elys\u00e9e (Losanna); Maison Europ\u00e9enne de la Photographie (Parigi); Centre de la Photographie (Ginevra); Departamento de investigaci\u00f3n y documentaci\u00f3n de la Cultura Audiovisual, Puebla (Messico), Istituto nazionale per la grafica (Roma); MAXXI (Roma); PAN Palazzo delle Arti (Napoli); Galleria Civica di Modena; Fondazione Banco di Napoli; MART (Rovereto).<\/p>\n<p>&nbsp;<\/p>\n<p>&nbsp;<\/p>\n<p><strong>GALLERIA DEL CEMBALO<\/strong><\/p>\n<p>La Galleria del Cembalo, un grande spazio espositivo aperto per iniziativa di <strong>Paola Stacchini Cavazza<\/strong> all\u2019interno di <strong>Palazzo Borghese<\/strong>, nel cuore antico di Roma, tra piazza di Spagna e il Tevere, vuole restituire ai collezionisti e agli appassionati d\u2019arte alcune delle sale al pianterreno che Marcantonio IV Borghese fece decorare alla fine del Settecento per ospitarvi la propria collezione di opere d\u2019arte.<\/p>\n<p>L\u2019attivit\u00e0 espositiva, diretta in collaborazione con <strong>Mario Peliti<\/strong>, ha come <strong>elemento centrale la fotografia<\/strong> e il suo dialogo con le altre forme di espressione artistica.<\/p>\n<p>La mostra inaugurale, nel maggio del 2013, si intitolava <em>Passaggi<\/em> ed era a cura di Giovanna Calvenzi. Il tema centrale era la discontinuit\u00e0 di stile e di contenuti nel lavoro di fotografi italiani di tre generazioni. Erano esposte fotografie di Ugo Mulas, Mario Cresci, Olivo Barbieri, Gabriele Basilico, Francesco Radino, Antonio Biasiucci, Paolo Pellegrin, Luca Campigotto, Paolo Ventura, Silvia Camporesi, Alice Pavesi e Moira Ricci. Da allora, nell\u2019arco di nove anni sono state prodotte <strong>cinquantadue mostre<\/strong>, tra monografiche e collettive, talvolta di rilevante impegno curatoriale, presentando sia lavori di autori celebrati sia nuove proposte.<\/p>\n<p>La galleria annovera tra i suoi artisti <strong>Letizia Battaglia, Antonio Biasiucci<\/strong><strong>, Christopher Broadbent, Danila Tkachenko, Alessandro Imbriaco, <\/strong><strong>Luca Campigotto, Lorenzo Castore, Nicol\u00f2 Cecchella, Stefano Cerio, Kathryn Cook, Karmen Corak, Cortis &amp; Sonderegger, John Demos, Giorgia Fiorio, Joan Fontcuberta, Charles Fr\u00e9ger, Michael Kenna, Charles March, Massimo Siragusa, Toni Thorimbert<\/strong>. Grazie alla continuit\u00e0 e costanza nella programmazione, la <strong>Galleria del Cembalo costituisce un punto di riferimento nel panorama culturale romano<\/strong>.<\/p>\n<p>Con regolarit\u00e0 le mostre della galleria sono state recensite da TG 5, RaiNews24, L\u2019Espresso, Internazionale, Io Donna, Sette, Il Giornale dell\u2019Arte, Arte, Artribune, Exibart. Servizi sulla Galleria del Cembalo sono apparsi sul New York Times e Le Figaro. Nelle sale della galleria si ospitano frequentemente presentazioni di libri, incontri di lavoro, eventi privati su richiesta.<\/p>\n<\/div>\n<\/div>\n<\/td>\n<\/tr>\n<\/tbody>\n<\/table>\n<table role=\"presentation\" border=\"0\" width=\"100%\" cellspacing=\"0\" cellpadding=\"10\">\n<tbody>\n<tr>\n<td>\n<div>\n<div>\n<p><strong>INFORMAZIONI UTILI<\/strong><\/p>\n<p>&nbsp;<\/p>\n<p><strong>MOSTRA EPIFANIE\/03 \u2013 LAB\/ PER UN LABORATORIO IRREGOLARE A CURA DI ANTONIO BIASIUCCI, <\/strong>con opere di Paolo Covino, Alessandro Gattuso, Valeria Laureano, Laura Nemes-Jeles, Claire Power, Ilaria Sagaria, Giuseppe Vitale e Tommaso Vitiello<\/p>\n<p><strong>Dal 27 aprile al 14 maggio 2022 <\/strong><\/p>\n<p>&nbsp;<\/p>\n<p><strong>MOSTRA MARE OMNIS DI FRANCESCO ZIZOLA<\/strong><\/p>\n<p><strong>Dal 27 aprile al 30 giugno 2022<\/strong><\/p>\n<p>&nbsp;<\/p>\n<p>OPENING: <strong>Mercoled\u00ec 27 aprile ore 18.00<\/strong><\/p>\n<p>&nbsp;<\/p>\n<p>DOVE: <strong>Galleria del Cembalo, Palazzo Borghese &#8211; Largo della Fontanella di Borghese 19, Roma<\/strong><\/p>\n<p>ORARI: <strong>Da mercoled\u00ec a venerd\u00ec dalle 15.30 alle 19.00 \u2013 sabato dalle 11.00 alle 19.00<\/strong><\/p>\n<p><strong>INGRESSO LIBERO<\/strong><\/p>\n<p>&nbsp;<\/p>\n<p><strong>CONTATTI<\/strong><\/p>\n<p>MAIL: <a title=\"info@galleriadelcembalo.it\" href=\"mailto:info@galleriadelcembalo.it\" target=\"_blank\" rel=\"noopener\">info@galleriadelcembalo.it<\/a> | <a title=\"eventi@galleriadelcembalo.it\" href=\"mailto:eventi@galleriadelcembalo.it\" target=\"_blank\" rel=\"noopener\">eventi@galleriadelcembalo.it<\/a><\/p>\n<p>TELEFONO:\u00a0+39 06 83796619 (attivo durante gli orari d\u2019apertura)<\/p>\n<p>SITO: <a href=\"https:\/\/culturaliart.musvc2.net\/e\/t?q=7%3dBWLX5%26H%3dJ%26H%3d0fS%26I%3d5fPdB%26Q%3d1NwL_AuVv_L5_uwlt_5B_AuVv_K0zSF.AdH59uEt8hHv9p8tFr.EC_LTyi_Vi_NjwS_YyOwI_BIxNv9_uwlt_60795d7tzO59wPxL_uwlt_5bDNp_Ix8lQ6_LTyi_WgA65lH_AuVv_KZxP6_7dI95lC7_LTyi_WgItCoQ9%268%3dpQBPfX.79w%26EB%3dU4XMa&amp;mupckp=mupAtu4m8OiX0wt\" target=\"_blank\" rel=\"noopener\" data-saferedirecturl=\"https:\/\/www.google.com\/url?q=https:\/\/culturaliart.musvc2.net\/e\/t?q%3D7%253dBWLX5%2526H%253dJ%2526H%253d0fS%2526I%253d5fPdB%2526Q%253d1NwL_AuVv_L5_uwlt_5B_AuVv_K0zSF.AdH59uEt8hHv9p8tFr.EC_LTyi_Vi_NjwS_YyOwI_BIxNv9_uwlt_60795d7tzO59wPxL_uwlt_5bDNp_Ix8lQ6_LTyi_WgA65lH_AuVv_KZxP6_7dI95lC7_LTyi_WgItCoQ9%25268%253dpQBPfX.79w%2526EB%253dU4XMa%26mupckp%3DmupAtu4m8OiX0wt&amp;source=gmail&amp;ust=1648218816323000&amp;usg=AOvVaw3BsJ7ENx3P5jZZeXvvToXY\">www.galleriadelcembalo.it\/<\/a><\/p>\n<p>FACEBOOK: <a href=\"https:\/\/culturaliart.musvc2.net\/e\/t?q=3%3dQWMTJ%26H%3dK%26D%3dOfT%26E%3dJfQZQ%26Q%3d2JBL_Bqkv_M1_0wmp_JB_Bqkv_L6ESG.6s9y27K5.37I_Bqkv_L6y76BwN31vA63wIv14K_Bqkv_M6CP7_I7QB3w_Nksh_YxDwSCBwPD50_Nksh_XPKBI_75vEEC_0wmp_K0yCsE6_Hiyj_RNQDC_u77FsE1D_0wmp_K0711HEF%26v%3dIEID9L.DwP%263I%3dIWL1s7uTO&amp;mupckp=mupAtu4m8OiX0wt\" target=\"_blank\" rel=\"noopener\" data-saferedirecturl=\"https:\/\/www.google.com\/url?q=https:\/\/culturaliart.musvc2.net\/e\/t?q%3D3%253dQWMTJ%2526H%253dK%2526D%253dOfT%2526E%253dJfQZQ%2526Q%253d2JBL_Bqkv_M1_0wmp_JB_Bqkv_L6ESG.6s9y27K5.37I_Bqkv_L6y76BwN31vA63wIv14K_Bqkv_M6CP7_I7QB3w_Nksh_YxDwSCBwPD50_Nksh_XPKBI_75vEEC_0wmp_K0yCsE6_Hiyj_RNQDC_u77FsE1D_0wmp_K0711HEF%2526v%253dIEID9L.DwP%25263I%253dIWL1s7uTO%26mupckp%3DmupAtu4m8OiX0wt&amp;source=gmail&amp;ust=1648218816323000&amp;usg=AOvVaw2Yowte3tiCF9zo3mBvcjTA\">www.facebook.com\/<wbr \/>galleriadelcembalo<\/a><\/p>\n<p>INSTAGRAM: <a href=\"https:\/\/culturaliart.musvc2.net\/e\/t?q=7%3dPSKXI%26D%3dI%26H%3dNbR%26I%3dIbOdP%26M%3dzNAH_0ujr_K5_9skt_I8_0ujr_J0DOE.C5KB5xJsG.tG5_Lhuh_Vw9sF370Cr6wFt756rD7_Lhuh_Vw_Jiwg_UxOAE_AIBJu9_9skt_J669DK49ALwL_9skt_IXCN4_Ew8zM5_Lhuh_Wu755zD_0ujr_JZBL5_7rE85z96_Lhuh_WuEsC3M8%268%3d4MAPtT.65r3s9A%26AA%3dUHTLa&amp;mupckp=mupAtu4m8OiX0wt\" target=\"_blank\" rel=\"noopener\" data-saferedirecturl=\"https:\/\/www.google.com\/url?q=https:\/\/culturaliart.musvc2.net\/e\/t?q%3D7%253dPSKXI%2526D%253dI%2526H%253dNbR%2526I%253dIbOdP%2526M%253dzNAH_0ujr_K5_9skt_I8_0ujr_J0DOE.C5KB5xJsG.tG5_Lhuh_Vw9sF370Cr6wFt756rD7_Lhuh_Vw_Jiwg_UxOAE_AIBJu9_9skt_J669DK49ALwL_9skt_IXCN4_Ew8zM5_Lhuh_Wu755zD_0ujr_JZBL5_7rE85z96_Lhuh_WuEsC3M8%25268%253d4MAPtT.65r3s9A%2526AA%253dUHTLa%26mupckp%3DmupAtu4m8OiX0wt&amp;source=gmail&amp;ust=1648218816323000&amp;usg=AOvVaw2-T2jr_MLFi_bFClUE-rhn\">www.instagram.com\/<wbr \/>galleriadelcembalo\/<\/a><\/p>\n<\/div>\n<\/div>\n<\/td>\n<\/tr>\n<\/tbody>\n<\/table>\n<\/td>\n<\/tr>\n<\/tbody>\n<\/table>\n<\/td>\n<\/tr>\n<\/tbody>\n<\/table>\n","protected":false},"excerpt":{"rendered":"<p>presenta &nbsp; Mare Omnis di Francesco Zizola e Epifanie\/03 \u2013 LAB\/per un laboratorio irregolare a cura di Antonio Biasiucci con [&hellip;]<\/p>\n","protected":false},"author":1,"featured_media":0,"comment_status":"open","ping_status":"open","sticky":false,"template":"","format":"standard","meta":{"footnotes":""},"categories":[4,10],"tags":[],"class_list":["post-21343","post","type-post","status-publish","format-standard","hentry","category-cultura","category-italiano"],"_links":{"self":[{"href":"https:\/\/www.ecoitaliano.com.ar\/index.php?rest_route=\/wp\/v2\/posts\/21343","targetHints":{"allow":["GET"]}}],"collection":[{"href":"https:\/\/www.ecoitaliano.com.ar\/index.php?rest_route=\/wp\/v2\/posts"}],"about":[{"href":"https:\/\/www.ecoitaliano.com.ar\/index.php?rest_route=\/wp\/v2\/types\/post"}],"author":[{"embeddable":true,"href":"https:\/\/www.ecoitaliano.com.ar\/index.php?rest_route=\/wp\/v2\/users\/1"}],"replies":[{"embeddable":true,"href":"https:\/\/www.ecoitaliano.com.ar\/index.php?rest_route=%2Fwp%2Fv2%2Fcomments&post=21343"}],"version-history":[{"count":0,"href":"https:\/\/www.ecoitaliano.com.ar\/index.php?rest_route=\/wp\/v2\/posts\/21343\/revisions"}],"wp:attachment":[{"href":"https:\/\/www.ecoitaliano.com.ar\/index.php?rest_route=%2Fwp%2Fv2%2Fmedia&parent=21343"}],"wp:term":[{"taxonomy":"category","embeddable":true,"href":"https:\/\/www.ecoitaliano.com.ar\/index.php?rest_route=%2Fwp%2Fv2%2Fcategories&post=21343"},{"taxonomy":"post_tag","embeddable":true,"href":"https:\/\/www.ecoitaliano.com.ar\/index.php?rest_route=%2Fwp%2Fv2%2Ftags&post=21343"}],"curies":[{"name":"wp","href":"https:\/\/api.w.org\/{rel}","templated":true}]}}